{"id":109,"date":"2024-10-07T15:53:02","date_gmt":"2024-10-07T18:53:02","guid":{"rendered":"https:\/\/departamentos.ufrrj.br\/dce\/?p=109"},"modified":"2026-03-19T19:54:47","modified_gmt":"2026-03-19T22:54:47","slug":"alexandre-jeronimo-de-freitas","status":"publish","type":"post","link":"https:\/\/departamentos.ufrrj.br\/dce\/2024\/10\/07\/alexandre-jeronimo-de-freitas\/","title":{"rendered":"Alexandre Jer\u00f4nimo de Freitas"},"content":{"rendered":"\n<p>Graduado em Ci\u00eancias Econ\u00f4micas pela Universidade Federal Rural do Rio de Janeiro (1999), mestre em Economia pela Universidade Federal Fluminense (2005) e Doutor pela UFRJ (2012). Professor Associado do Departamento de Ci\u00eancias Econ\u00f4micas.<\/p>\n\n\n\n<p><strong>\u00c1reas de Orienta\u00e7\u00e3o em monografia\/trabalho de conclus\u00e3o de curso (TCC)<\/strong><\/p>\n\n\n\n<p>Hist\u00f3ria Econ\u00f4mica e Desenvolvimento Econ\u00f4mico, Economia do Rio de Janeiro.<\/p>\n\n\n\n<p><strong>Disciplinas recentes de leciona\u00e7\u00e3o em curso de gradua\u00e7\u00e3o<\/strong><\/p>\n\n\n\n<p>IS215 Desenvolvimento Econ\u00f4mico<\/p>\n\n\n\n<p>IS219 Forma\u00e7\u00e3o Econ\u00f4mica do Brasil<\/p>\n\n\n\n<p>IS227 Economia do Meio Ambiente<\/p>\n\n\n\n<p><strong>Produ\u00e7\u00e3o bibliogr\u00e1fica recente<\/strong><\/p>\n\n\n\n<p>FREITAS, Alexandre Jeronimo de; MARQUES, I. R. . A Dimens\u00e3o Econ\u00f4mica da Amaz\u00f4nia azul: Mensurando o Valor da Economia do Mar do Brasil. PESQUISA &amp; DEBATE (PUCSP. 1985. IMPRESSO), v. 37, p. 58-76, 2025. (<a href=\"https:\/\/revistas.pucsp.br\/index.php\/rpe\/article\/view\/71950\">Aqui<\/a>)<\/p>\n\n\n\n<p>Alexandre Jeronimo de;\u00a0FERNANDES, M. P<a href=\"https:\/\/lattes.cnpq.br\/5921961325644555\" target=\"_blank\" rel=\"noreferrer noopener\">.<\/a>\u00a0. Regional monetary agreements: prospects and limits for Mercosur. Brazilian Journal of Political Economy (Online), v. 45, p. 535-550, 2025. (<a href=\"https:\/\/www.scielo.br\/j\/rep\/a\/jBCrHrsyRrBSgqx8x53Crky\/\">Aqui<\/a>)<\/p>\n\n\n\n<p>FREITAS, Alexandre Jeronimo de; SILVA, D. V. R. Portos e desenvolvimento regional. Import\u00e2ncia do porto de Itagua\u00ed para o Estado do Rio de Janeiro. Revista Estado y Pol\u00edticas P\u00fablicas, v. 22, p. 29-43, 2024. (<a href=\"http:\/\/chrome-extension:\/\/efaidnbmnnnibpcajpcglclefindmkaj\/https:\/\/revistaeypp.flacso.org.ar\/files\/revistas\/1717208199_29-43.pdf\">Aqui<\/a>)<br><\/p>\n\n\n\n<p>FREITAS, Alexandre Jeronimo de; FERREIRA, H. M. . ?Buen Vivir? e ?Extrativismo?: transforma\u00e7\u00e3o produtiva no Equador durante o Governo de Rafael Correa. Desenvolvimento em Debate (INCT\/PPED), v. 11, p. 167, 2023.&nbsp;(<a href=\"https:\/\/cursos.ufrrj.br\/grad\/cienciaseconomicas\/files\/2018\/01\/1324_1647002247_Artigo_Equador_com_nomes_pdf_ide.pdf\">Aqui<\/a>)<\/p>\n\n\n\n<p>FREITAS, Alexandre Jeronimo de; FERNANDES, M. P. ; WEGNER, R. C. . LA LONGUE HISTOIRE DES CONFLITS ENTRE L?ARGENTINE ET LE FMI. ALTERNATIVES SUD, v. 29, p. 1, 2022.<\/p>\n\n\n\n<p>FERNANDES, M. P. ; ALVES JUNIOR, A. J. ; FREITAS, Alexandre Jeronimo de ; WEGNER, R. C. . O NOVO ACORDO DA ARGENTINA COM O FMI. BRAZILIAN KEYNESIAN REVIEW, v. 8, p. 248-257, 2022.&nbsp;(<a href=\"https:\/\/cursos.ufrrj.br\/grad\/cienciaseconomicas\/files\/2018\/01\/Acordo-FMI.pdf\">Aqui<\/a>)<\/p>\n\n\n\n<p><\/p>\n","protected":false},"excerpt":{"rendered":"<p>Graduado em Ci\u00eancias Econ\u00f4micas pela Universidade Federal Rural do Rio de Janeiro (1999), mestre em Economia pela Universidade Federal Fluminense (2005) e [&hellip;]<\/p>\n","protected":false},"author":3,"featured_media":167,"comment_status":"open","ping_status":"open","sticky":false,"template":"","format":"standard","meta":{"_acf_changed":false,"footnotes":""},"categories":[6],"tags":[],"class_list":["post-109","post","type-post","status-publish","format-standard","has-post-thumbnail","hentry","category-corpo-docente"],"acf":[],"yoast_head":"<!-- This site is optimized with the Yoast SEO plugin v23.4 - https:\/\/yoast.com\/wordpress\/plugins\/seo\/ -->\n<title>Alexandre Jer\u00f4nimo de Freitas - Departamento Ci\u00eancias Econ\u00f4micas<\/title>\n<meta name=\"robots\" content=\"index, follow, max-snippet:-1, max-image-preview:large, max-video-preview:-1\" \/>\n<link rel=\"canonical\" href=\"https:\/\/departamentos.ufrrj.br\/dce\/2024\/10\/07\/alexandre-jeronimo-de-freitas\/\" \/>\n<meta property=\"og:locale\" content=\"pt_BR\" \/>\n<meta property=\"og:type\" content=\"article\" \/>\n<meta property=\"og:title\" content=\"Alexandre Jer\u00f4nimo de Freitas - Departamento Ci\u00eancias Econ\u00f4micas\" \/>\n<meta property=\"og:description\" content=\"Graduado em Ci\u00eancias Econ\u00f4micas pela Universidade Federal Rural do Rio de Janeiro (1999), mestre em Economia pela Universidade Federal Fluminense (2005) e [&hellip;]\" \/>\n<meta property=\"og:url\" content=\"https:\/\/departamentos.ufrrj.br\/dce\/2024\/10\/07\/alexandre-jeronimo-de-freitas\/\" \/>\n<meta property=\"og:site_name\" content=\"Departamento Ci\u00eancias Econ\u00f4micas\" \/>\n<meta property=\"article:published_time\" content=\"2024-10-07T18:53:02+00:00\" \/>\n<meta property=\"article:modified_time\" content=\"2026-03-19T22:54:47+00:00\" \/>\n<meta property=\"og:image\" content=\"https:\/\/departamentos.ufrrj.br\/dce\/wp-content\/uploads\/sites\/2\/2024\/10\/Alexandre-F.jpg\" \/>\n\t<meta property=\"og:image:width\" content=\"100\" \/>\n\t<meta property=\"og:image:height\" content=\"100\" \/>\n\t<meta property=\"og:image:type\" content=\"image\/jpeg\" \/>\n<meta name=\"author\" content=\"rubiawegner\" \/>\n<meta name=\"twitter:card\" content=\"summary_large_image\" \/>\n<meta name=\"twitter:label1\" content=\"Escrito por\" \/>\n\t<meta name=\"twitter:data1\" content=\"rubiawegner\" \/>\n\t<meta name=\"twitter:label2\" content=\"Est. tempo de leitura\" \/>\n\t<meta name=\"twitter:data2\" content=\"2 minutos\" \/>\n<script type=\"application\/ld+json\" class=\"yoast-schema-graph\">{\"@context\":\"https:\/\/schema.org\",\"@graph\":[{\"@type\":\"WebPage\",\"@id\":\"https:\/\/departamentos.ufrrj.br\/dce\/2024\/10\/07\/alexandre-jeronimo-de-freitas\/\",\"url\":\"https:\/\/departamentos.ufrrj.br\/dce\/2024\/10\/07\/alexandre-jeronimo-de-freitas\/\",\"name\":\"Alexandre Jer\u00f4nimo de Freitas - Departamento Ci\u00eancias Econ\u00f4micas\",\"isPartOf\":{\"@id\":\"https:\/\/departamentos.ufrrj.br\/dce\/#website\"},\"primaryImageOfPage\":{\"@id\":\"https:\/\/departamentos.ufrrj.br\/dce\/2024\/10\/07\/alexandre-jeronimo-de-freitas\/#primaryimage\"},\"image\":{\"@id\":\"https:\/\/departamentos.ufrrj.br\/dce\/2024\/10\/07\/alexandre-jeronimo-de-freitas\/#primaryimage\"},\"thumbnailUrl\":\"https:\/\/departamentos.ufrrj.br\/dce\/wp-content\/uploads\/sites\/2\/2024\/10\/Alexandre-F.jpg\",\"datePublished\":\"2024-10-07T18:53:02+00:00\",\"dateModified\":\"2026-03-19T22:54:47+00:00\",\"author\":{\"@id\":\"https:\/\/departamentos.ufrrj.br\/dce\/#\/schema\/person\/ea797dda83392661c7762d9702b68b5c\"},\"breadcrumb\":{\"@id\":\"https:\/\/departamentos.ufrrj.br\/dce\/2024\/10\/07\/alexandre-jeronimo-de-freitas\/#breadcrumb\"},\"inLanguage\":\"pt-BR\",\"potentialAction\":[{\"@type\":\"ReadAction\",\"target\":[\"https:\/\/departamentos.ufrrj.br\/dce\/2024\/10\/07\/alexandre-jeronimo-de-freitas\/\"]}]},{\"@type\":\"ImageObject\",\"inLanguage\":\"pt-BR\",\"@id\":\"https:\/\/departamentos.ufrrj.br\/dce\/2024\/10\/07\/alexandre-jeronimo-de-freitas\/#primaryimage\",\"url\":\"https:\/\/departamentos.ufrrj.br\/dce\/wp-content\/uploads\/sites\/2\/2024\/10\/Alexandre-F.jpg\",\"contentUrl\":\"https:\/\/departamentos.ufrrj.br\/dce\/wp-content\/uploads\/sites\/2\/2024\/10\/Alexandre-F.jpg\",\"width\":100,\"height\":100},{\"@type\":\"BreadcrumbList\",\"@id\":\"https:\/\/departamentos.ufrrj.br\/dce\/2024\/10\/07\/alexandre-jeronimo-de-freitas\/#breadcrumb\",\"itemListElement\":[{\"@type\":\"ListItem\",\"position\":1,\"name\":\"In\u00edcio\",\"item\":\"https:\/\/departamentos.ufrrj.br\/dce\/\"},{\"@type\":\"ListItem\",\"position\":2,\"name\":\"Alexandre Jer\u00f4nimo de Freitas\"}]},{\"@type\":\"WebSite\",\"@id\":\"https:\/\/departamentos.ufrrj.br\/dce\/#website\",\"url\":\"https:\/\/departamentos.ufrrj.br\/dce\/\",\"name\":\"Departamento Ci\u00eancias Econ\u00f4micas\",\"description\":\"\",\"potentialAction\":[{\"@type\":\"SearchAction\",\"target\":{\"@type\":\"EntryPoint\",\"urlTemplate\":\"https:\/\/departamentos.ufrrj.br\/dce\/?s={search_term_string}\"},\"query-input\":{\"@type\":\"PropertyValueSpecification\",\"valueRequired\":true,\"valueName\":\"search_term_string\"}}],\"inLanguage\":\"pt-BR\"},{\"@type\":\"Person\",\"@id\":\"https:\/\/departamentos.ufrrj.br\/dce\/#\/schema\/person\/ea797dda83392661c7762d9702b68b5c\",\"name\":\"rubiawegner\",\"image\":{\"@type\":\"ImageObject\",\"inLanguage\":\"pt-BR\",\"@id\":\"https:\/\/departamentos.ufrrj.br\/dce\/#\/schema\/person\/image\/\",\"url\":\"https:\/\/secure.gravatar.com\/avatar\/6455c6d67b946febd7bd31bb2c0d585f?s=96&d=mm&r=g\",\"contentUrl\":\"https:\/\/secure.gravatar.com\/avatar\/6455c6d67b946febd7bd31bb2c0d585f?s=96&d=mm&r=g\",\"caption\":\"rubiawegner\"},\"description\":\"Chamado - ID: 35423 (Rural - Seropedica)\",\"url\":\"https:\/\/departamentos.ufrrj.br\/dce\/author\/rubiawegner\/\"}]}<\/script>\n<!-- \/ Yoast SEO plugin. -->","yoast_head_json":{"title":"Alexandre Jer\u00f4nimo de Freitas - Departamento Ci\u00eancias Econ\u00f4micas","robots":{"index":"index","follow":"follow","max-snippet":"max-snippet:-1","max-image-preview":"max-image-preview:large","max-video-preview":"max-video-preview:-1"},"canonical":"https:\/\/departamentos.ufrrj.br\/dce\/2024\/10\/07\/alexandre-jeronimo-de-freitas\/","og_locale":"pt_BR","og_type":"article","og_title":"Alexandre Jer\u00f4nimo de Freitas - Departamento Ci\u00eancias Econ\u00f4micas","og_description":"Graduado em Ci\u00eancias Econ\u00f4micas pela Universidade Federal Rural do Rio de Janeiro (1999), mestre em Economia pela Universidade Federal Fluminense (2005) e [&hellip;]","og_url":"https:\/\/departamentos.ufrrj.br\/dce\/2024\/10\/07\/alexandre-jeronimo-de-freitas\/","og_site_name":"Departamento Ci\u00eancias Econ\u00f4micas","article_published_time":"2024-10-07T18:53:02+00:00","article_modified_time":"2026-03-19T22:54:47+00:00","og_image":[{"width":100,"height":100,"url":"https:\/\/departamentos.ufrrj.br\/dce\/wp-content\/uploads\/sites\/2\/2024\/10\/Alexandre-F.jpg","type":"image\/jpeg"}],"author":"rubiawegner","twitter_card":"summary_large_image","twitter_misc":{"Escrito por":"rubiawegner","Est. tempo de leitura":"2 minutos"},"schema":{"@context":"https:\/\/schema.org","@graph":[{"@type":"WebPage","@id":"https:\/\/departamentos.ufrrj.br\/dce\/2024\/10\/07\/alexandre-jeronimo-de-freitas\/","url":"https:\/\/departamentos.ufrrj.br\/dce\/2024\/10\/07\/alexandre-jeronimo-de-freitas\/","name":"Alexandre Jer\u00f4nimo de Freitas - Departamento Ci\u00eancias Econ\u00f4micas","isPartOf":{"@id":"https:\/\/departamentos.ufrrj.br\/dce\/#website"},"primaryImageOfPage":{"@id":"https:\/\/departamentos.ufrrj.br\/dce\/2024\/10\/07\/alexandre-jeronimo-de-freitas\/#primaryimage"},"image":{"@id":"https:\/\/departamentos.ufrrj.br\/dce\/2024\/10\/07\/alexandre-jeronimo-de-freitas\/#primaryimage"},"thumbnailUrl":"https:\/\/departamentos.ufrrj.br\/dce\/wp-content\/uploads\/sites\/2\/2024\/10\/Alexandre-F.jpg","datePublished":"2024-10-07T18:53:02+00:00","dateModified":"2026-03-19T22:54:47+00:00","author":{"@id":"https:\/\/departamentos.ufrrj.br\/dce\/#\/schema\/person\/ea797dda83392661c7762d9702b68b5c"},"breadcrumb":{"@id":"https:\/\/departamentos.ufrrj.br\/dce\/2024\/10\/07\/alexandre-jeronimo-de-freitas\/#breadcrumb"},"inLanguage":"pt-BR","potentialAction":[{"@type":"ReadAction","target":["https:\/\/departamentos.ufrrj.br\/dce\/2024\/10\/07\/alexandre-jeronimo-de-freitas\/"]}]},{"@type":"ImageObject","inLanguage":"pt-BR","@id":"https:\/\/departamentos.ufrrj.br\/dce\/2024\/10\/07\/alexandre-jeronimo-de-freitas\/#primaryimage","url":"https:\/\/departamentos.ufrrj.br\/dce\/wp-content\/uploads\/sites\/2\/2024\/10\/Alexandre-F.jpg","contentUrl":"https:\/\/departamentos.ufrrj.br\/dce\/wp-content\/uploads\/sites\/2\/2024\/10\/Alexandre-F.jpg","width":100,"height":100},{"@type":"BreadcrumbList","@id":"https:\/\/departamentos.ufrrj.br\/dce\/2024\/10\/07\/alexandre-jeronimo-de-freitas\/#breadcrumb","itemListElement":[{"@type":"ListItem","position":1,"name":"In\u00edcio","item":"https:\/\/departamentos.ufrrj.br\/dce\/"},{"@type":"ListItem","position":2,"name":"Alexandre Jer\u00f4nimo de Freitas"}]},{"@type":"WebSite","@id":"https:\/\/departamentos.ufrrj.br\/dce\/#website","url":"https:\/\/departamentos.ufrrj.br\/dce\/","name":"Departamento Ci\u00eancias Econ\u00f4micas","description":"","potentialAction":[{"@type":"SearchAction","target":{"@type":"EntryPoint","urlTemplate":"https:\/\/departamentos.ufrrj.br\/dce\/?s={search_term_string}"},"query-input":{"@type":"PropertyValueSpecification","valueRequired":true,"valueName":"search_term_string"}}],"inLanguage":"pt-BR"},{"@type":"Person","@id":"https:\/\/departamentos.ufrrj.br\/dce\/#\/schema\/person\/ea797dda83392661c7762d9702b68b5c","name":"rubiawegner","image":{"@type":"ImageObject","inLanguage":"pt-BR","@id":"https:\/\/departamentos.ufrrj.br\/dce\/#\/schema\/person\/image\/","url":"https:\/\/secure.gravatar.com\/avatar\/6455c6d67b946febd7bd31bb2c0d585f?s=96&d=mm&r=g","contentUrl":"https:\/\/secure.gravatar.com\/avatar\/6455c6d67b946febd7bd31bb2c0d585f?s=96&d=mm&r=g","caption":"rubiawegner"},"description":"Chamado - ID: 35423 (Rural - Seropedica)","url":"https:\/\/departamentos.ufrrj.br\/dce\/author\/rubiawegner\/"}]}},"_links":{"self":[{"href":"https:\/\/departamentos.ufrrj.br\/dce\/wp-json\/wp\/v2\/posts\/109"}],"collection":[{"href":"https:\/\/departamentos.ufrrj.br\/dce\/wp-json\/wp\/v2\/posts"}],"about":[{"href":"https:\/\/departamentos.ufrrj.br\/dce\/wp-json\/wp\/v2\/types\/post"}],"author":[{"embeddable":true,"href":"https:\/\/departamentos.ufrrj.br\/dce\/wp-json\/wp\/v2\/users\/3"}],"replies":[{"embeddable":true,"href":"https:\/\/departamentos.ufrrj.br\/dce\/wp-json\/wp\/v2\/comments?post=109"}],"version-history":[{"count":8,"href":"https:\/\/departamentos.ufrrj.br\/dce\/wp-json\/wp\/v2\/posts\/109\/revisions"}],"predecessor-version":[{"id":719,"href":"https:\/\/departamentos.ufrrj.br\/dce\/wp-json\/wp\/v2\/posts\/109\/revisions\/719"}],"wp:featuredmedia":[{"embeddable":true,"href":"https:\/\/departamentos.ufrrj.br\/dce\/wp-json\/wp\/v2\/media\/167"}],"wp:attachment":[{"href":"https:\/\/departamentos.ufrrj.br\/dce\/wp-json\/wp\/v2\/media?parent=109"}],"wp:term":[{"taxonomy":"category","embeddable":true,"href":"https:\/\/departamentos.ufrrj.br\/dce\/wp-json\/wp\/v2\/categories?post=109"},{"taxonomy":"post_tag","embeddable":true,"href":"https:\/\/departamentos.ufrrj.br\/dce\/wp-json\/wp\/v2\/tags?post=109"}],"curies":[{"name":"wp","href":"https:\/\/api.w.org\/{rel}","templated":true}]}}