{"id":111,"date":"2024-10-07T15:53:36","date_gmt":"2024-10-07T18:53:36","guid":{"rendered":"https:\/\/departamentos.ufrrj.br\/dce\/?p=111"},"modified":"2026-03-19T19:37:03","modified_gmt":"2026-03-19T22:37:03","slug":"antonio-jose-alves-junior","status":"publish","type":"post","link":"https:\/\/departamentos.ufrrj.br\/dce\/2024\/10\/07\/antonio-jose-alves-junior\/","title":{"rendered":"Ant\u00f4nio Jos\u00e9 Alves Junior"},"content":{"rendered":"\n<p>Graduado Ci\u00eancias Econ\u00f4micas pela Universidade Federal do Rio de Janeiro (1986), mestre em Economia da Industria e da Tecnologia pela Universidade Federal do Rio de Janeiro (1993) e doutor em Economia da Industria e da Tecnologia pela Universidade Federal do Rio de Janeiro (2001). Atualmente, \u00e9 professor Titular do Departamento de Ci\u00eancias Econ\u00f4micas.<\/p>\n\n\n\n<p><strong>\u00c1reas de Orienta\u00e7\u00e3o em monografia\/Trabalho de conclus\u00e3o de curso (TCC)<\/strong><\/p>\n\n\n\n<p>Sistema financeiro. Pol\u00edtica monet\u00e1ria. Pol\u00edtica fiscal. Inova\u00e7\u00e3o.<\/p>\n\n\n\n<p><strong>Disciplinas recentes de leciona\u00e7\u00e3o em curso de gradua\u00e7\u00e3o<\/strong><\/p>\n\n\n\n<p>IS201 Introdu\u00e7\u00e3o \u00e0 Teoria Econ\u00f4mica<\/p>\n\n\n\n<p>IS202 Macroeconomia I<\/p>\n\n\n\n<p>IS221 Economia do Setor P\u00fablico<\/p>\n\n\n\n<p><strong>Produ\u00e7\u00e3o bibliogr\u00e1fica recente<\/strong><\/p>\n\n\n\n<p>ALVES JR., Antonio Jos\u00e9. 2026: a expans\u00e3o n\u00e3o est\u00e1 assegurada. JORNAL DOS ECONOMISTAS, v. 437, p. 3-4, 2026. (<a href=\"https:\/\/www.corecon-rj.org.br\/anexos\/01DBBF14B5838F556B186966B84E0833.pdf\">Aqui<\/a>)<\/p>\n\n\n\n<p>PAULA, Luiz Fernando Rodrigues de\u00a0;\u00a0ALVES JR., Antonio Jos\u00e9\u00a0. Rentismo e especula\u00e7\u00e3o no capitalismo determinado pelas finan\u00e7as: uma abordagem p\u00f3s-keynesiana*. Economia e Sociedade (UNICAMP), v. 34, p. 1-20, 2025.<\/p>\n\n\n\n<p>ALVES JR., Antonio Jos\u00e9;\u00a0Pimentel, D.M.\u00a0. Uma pol\u00edtica monet\u00e1ria para o desenvolvimento \u00e9 poss\u00edvel?. JORNAL DOS ECONOMISTAS, v. 431, p. 12-13, 2025. (<a href=\"https:\/\/www.corecon-rj.org.br\/anexos\/01DBBF14B5838F556B186966B84E0833.pdf\">Aqui<\/a>)<\/p>\n\n\n\n<p>LIMA, C. H.\u00a0;\u00a0<strong>ALVES JR., Antonio Jos\u00e9<\/strong>\u00a0; MATHIAS, B. D. ; MOURA, F. L. M. Metaf\u00edsica da liberdade e melancoliza\u00e7\u00e3ocomo forma de gest\u00e3o da subjetividade no neoliberalismo. SIMBI\u00d3TICA, v. 11, p. 18-33, 2024. (<a href=\"https:\/\/periodicos.ufes.br\/simbiotica\/article\/view\/44753\">Aqui<\/a>)<\/p>\n\n\n\n<p><strong>ALVES JR., Antonio Jos\u00e9<\/strong>;&nbsp;Pimentel, D.M.&nbsp;Ainda h\u00e1 espa\u00e7o para o aumento da concess\u00e3o de cr\u00e9dito \u00e0s fam\u00edlias no Brasil? ECONOMIA POL\u00cdTICA DO DESENVOLVIMENTO, v. 1533, p. 03-26, 2024. (<a href=\"https:\/\/dialnet.unirioja.es\/servlet\/articulo?codigo=9300542\">Aqui<\/a>)<\/p>\n\n\n\n<p>FERNANDES, M. P. ; dantas, alexis toribio ;&nbsp;<strong>ALVES JR., Antonio Jos\u00e9<\/strong>&nbsp;. A nova Ind\u00fastria Brasil e o cr\u00e9dito oficial \u00e0s exporta\u00e7\u00f5es. JORNAL DOS ECONOMISTAS, v. 416, p. 24-30, 2024.<\/p>\n\n\n\n<p><strong>ALVES JR., Antonio Jos\u00e9<\/strong>. Desafios de pol\u00edtica monet\u00e1ria para o novo governo: fazer o Bacen colaborar com o desenvolvimento. JORNAL DOS ECONOMISTAS, v. 401, p. 17-18, 2023.<\/p>\n\n\n\n<p>ALVES JR., Antonio Jos\u00e9; Lacerda, Guilherme Narciso . Duas rea\u00e7\u00f5es instant\u00e2neas \u00e0 \u2018Carta Aberta\u2019 de Fraga, Malan e Bacha. REVISTA DO N\u00daCLEO DE ESTUDOS DE ECONOMIA CATARINENSE, v. 11, p. 47-53, 2023.&nbsp;(<a href=\"https:\/\/cursos.ufrrj.br\/grad\/cienciaseconomicas\/files\/2018\/01\/5906-Texto-do-artigo-21407-1-10-20230307.pdf\">Aqui<\/a>)<\/p>\n\n\n\n<p>LIMA, C. H. ; ALVES JR., Antonio Jos\u00e9 . \u2018CAPITALISMO DE DESASTRE \u00c0 BRASILEIRA: REVOLU\u00c7\u00c3O CULTURAL, MELANCOLIZA\u00c7\u00c3O E APOIO POPULAR \u00c0 JAIR BOLSONARO\u2019. GEOSUL (UFSC), v. 38, p. 586-605, 2023.&nbsp;(<a href=\"https:\/\/cursos.ufrrj.br\/grad\/cienciaseconomicas\/files\/2018\/01\/92429-Texto-do-Artigo-365615-1-10-20230802.pdf\">Aqui<\/a>)<\/p>\n\n\n\n<p>FERNANDES, M. P. ; Wegner, R.C, ; ALVES JUNIOR, A. J. . Assertividade da China no Sistema Financeiro Internacional: a reforma das agencias de classifica\u00e7\u00e3o de risco de cr\u00e9dito. An\u00e1lise Econ\u00f4mica (UFRGS) on line, v. 40, p. 1-28, 2022.&nbsp;(<a href=\"https:\/\/cursos.ufrrj.br\/grad\/cienciaseconomicas\/files\/2018\/01\/RAE_94825.pdf\">Aqui<\/a>)<\/p>\n\n\n\n<p><\/p>\n","protected":false},"excerpt":{"rendered":"<p>Graduado Ci\u00eancias Econ\u00f4micas pela Universidade Federal do Rio de Janeiro (1986), mestre em Economia da Industria e da Tecnologia pela Universidade Federal [&hellip;]<\/p>\n","protected":false},"author":3,"featured_media":169,"comment_status":"open","ping_status":"open","sticky":false,"template":"","format":"standard","meta":{"_acf_changed":false,"footnotes":""},"categories":[6],"tags":[],"class_list":["post-111","post","type-post","status-publish","format-standard","has-post-thumbnail","hentry","category-corpo-docente"],"acf":[],"yoast_head":"<!-- This site is optimized with the Yoast SEO plugin v23.4 - https:\/\/yoast.com\/wordpress\/plugins\/seo\/ -->\n<title>Ant\u00f4nio Jos\u00e9 Alves Junior - Departamento Ci\u00eancias Econ\u00f4micas<\/title>\n<meta name=\"robots\" content=\"index, follow, max-snippet:-1, max-image-preview:large, max-video-preview:-1\" \/>\n<link rel=\"canonical\" href=\"https:\/\/departamentos.ufrrj.br\/dce\/2024\/10\/07\/antonio-jose-alves-junior\/\" \/>\n<meta property=\"og:locale\" content=\"pt_BR\" \/>\n<meta property=\"og:type\" content=\"article\" \/>\n<meta property=\"og:title\" content=\"Ant\u00f4nio Jos\u00e9 Alves Junior - Departamento Ci\u00eancias Econ\u00f4micas\" \/>\n<meta property=\"og:description\" content=\"Graduado Ci\u00eancias Econ\u00f4micas pela Universidade Federal do Rio de Janeiro (1986), mestre em Economia da Industria e da Tecnologia pela Universidade Federal [&hellip;]\" \/>\n<meta property=\"og:url\" content=\"https:\/\/departamentos.ufrrj.br\/dce\/2024\/10\/07\/antonio-jose-alves-junior\/\" \/>\n<meta property=\"og:site_name\" content=\"Departamento Ci\u00eancias Econ\u00f4micas\" \/>\n<meta property=\"article:published_time\" content=\"2024-10-07T18:53:36+00:00\" \/>\n<meta property=\"article:modified_time\" content=\"2026-03-19T22:37:03+00:00\" \/>\n<meta property=\"og:image\" content=\"https:\/\/departamentos.ufrrj.br\/dce\/wp-content\/uploads\/sites\/2\/2024\/10\/Antonio-Jose.jpg\" \/>\n\t<meta property=\"og:image:width\" content=\"100\" \/>\n\t<meta property=\"og:image:height\" content=\"100\" \/>\n\t<meta property=\"og:image:type\" content=\"image\/jpeg\" \/>\n<meta name=\"author\" content=\"rubiawegner\" \/>\n<meta name=\"twitter:card\" content=\"summary_large_image\" \/>\n<meta name=\"twitter:label1\" content=\"Escrito por\" \/>\n\t<meta name=\"twitter:data1\" content=\"rubiawegner\" \/>\n\t<meta name=\"twitter:label2\" content=\"Est. tempo de leitura\" \/>\n\t<meta name=\"twitter:data2\" content=\"3 minutos\" \/>\n<script type=\"application\/ld+json\" class=\"yoast-schema-graph\">{\"@context\":\"https:\/\/schema.org\",\"@graph\":[{\"@type\":\"WebPage\",\"@id\":\"https:\/\/departamentos.ufrrj.br\/dce\/2024\/10\/07\/antonio-jose-alves-junior\/\",\"url\":\"https:\/\/departamentos.ufrrj.br\/dce\/2024\/10\/07\/antonio-jose-alves-junior\/\",\"name\":\"Ant\u00f4nio Jos\u00e9 Alves Junior - Departamento Ci\u00eancias Econ\u00f4micas\",\"isPartOf\":{\"@id\":\"https:\/\/departamentos.ufrrj.br\/dce\/#website\"},\"primaryImageOfPage\":{\"@id\":\"https:\/\/departamentos.ufrrj.br\/dce\/2024\/10\/07\/antonio-jose-alves-junior\/#primaryimage\"},\"image\":{\"@id\":\"https:\/\/departamentos.ufrrj.br\/dce\/2024\/10\/07\/antonio-jose-alves-junior\/#primaryimage\"},\"thumbnailUrl\":\"https:\/\/departamentos.ufrrj.br\/dce\/wp-content\/uploads\/sites\/2\/2024\/10\/Antonio-Jose.jpg\",\"datePublished\":\"2024-10-07T18:53:36+00:00\",\"dateModified\":\"2026-03-19T22:37:03+00:00\",\"author\":{\"@id\":\"https:\/\/departamentos.ufrrj.br\/dce\/#\/schema\/person\/ea797dda83392661c7762d9702b68b5c\"},\"breadcrumb\":{\"@id\":\"https:\/\/departamentos.ufrrj.br\/dce\/2024\/10\/07\/antonio-jose-alves-junior\/#breadcrumb\"},\"inLanguage\":\"pt-BR\",\"potentialAction\":[{\"@type\":\"ReadAction\",\"target\":[\"https:\/\/departamentos.ufrrj.br\/dce\/2024\/10\/07\/antonio-jose-alves-junior\/\"]}]},{\"@type\":\"ImageObject\",\"inLanguage\":\"pt-BR\",\"@id\":\"https:\/\/departamentos.ufrrj.br\/dce\/2024\/10\/07\/antonio-jose-alves-junior\/#primaryimage\",\"url\":\"https:\/\/departamentos.ufrrj.br\/dce\/wp-content\/uploads\/sites\/2\/2024\/10\/Antonio-Jose.jpg\",\"contentUrl\":\"https:\/\/departamentos.ufrrj.br\/dce\/wp-content\/uploads\/sites\/2\/2024\/10\/Antonio-Jose.jpg\",\"width\":100,\"height\":100},{\"@type\":\"BreadcrumbList\",\"@id\":\"https:\/\/departamentos.ufrrj.br\/dce\/2024\/10\/07\/antonio-jose-alves-junior\/#breadcrumb\",\"itemListElement\":[{\"@type\":\"ListItem\",\"position\":1,\"name\":\"In\u00edcio\",\"item\":\"https:\/\/departamentos.ufrrj.br\/dce\/\"},{\"@type\":\"ListItem\",\"position\":2,\"name\":\"Ant\u00f4nio Jos\u00e9 Alves Junior\"}]},{\"@type\":\"WebSite\",\"@id\":\"https:\/\/departamentos.ufrrj.br\/dce\/#website\",\"url\":\"https:\/\/departamentos.ufrrj.br\/dce\/\",\"name\":\"Departamento Ci\u00eancias Econ\u00f4micas\",\"description\":\"\",\"potentialAction\":[{\"@type\":\"SearchAction\",\"target\":{\"@type\":\"EntryPoint\",\"urlTemplate\":\"https:\/\/departamentos.ufrrj.br\/dce\/?s={search_term_string}\"},\"query-input\":{\"@type\":\"PropertyValueSpecification\",\"valueRequired\":true,\"valueName\":\"search_term_string\"}}],\"inLanguage\":\"pt-BR\"},{\"@type\":\"Person\",\"@id\":\"https:\/\/departamentos.ufrrj.br\/dce\/#\/schema\/person\/ea797dda83392661c7762d9702b68b5c\",\"name\":\"rubiawegner\",\"image\":{\"@type\":\"ImageObject\",\"inLanguage\":\"pt-BR\",\"@id\":\"https:\/\/departamentos.ufrrj.br\/dce\/#\/schema\/person\/image\/\",\"url\":\"https:\/\/secure.gravatar.com\/avatar\/6455c6d67b946febd7bd31bb2c0d585f?s=96&d=mm&r=g\",\"contentUrl\":\"https:\/\/secure.gravatar.com\/avatar\/6455c6d67b946febd7bd31bb2c0d585f?s=96&d=mm&r=g\",\"caption\":\"rubiawegner\"},\"description\":\"Chamado - ID: 35423 (Rural - Seropedica)\",\"url\":\"https:\/\/departamentos.ufrrj.br\/dce\/author\/rubiawegner\/\"}]}<\/script>\n<!-- \/ Yoast SEO plugin. -->","yoast_head_json":{"title":"Ant\u00f4nio Jos\u00e9 Alves Junior - Departamento Ci\u00eancias Econ\u00f4micas","robots":{"index":"index","follow":"follow","max-snippet":"max-snippet:-1","max-image-preview":"max-image-preview:large","max-video-preview":"max-video-preview:-1"},"canonical":"https:\/\/departamentos.ufrrj.br\/dce\/2024\/10\/07\/antonio-jose-alves-junior\/","og_locale":"pt_BR","og_type":"article","og_title":"Ant\u00f4nio Jos\u00e9 Alves Junior - Departamento Ci\u00eancias Econ\u00f4micas","og_description":"Graduado Ci\u00eancias Econ\u00f4micas pela Universidade Federal do Rio de Janeiro (1986), mestre em Economia da Industria e da Tecnologia pela Universidade Federal [&hellip;]","og_url":"https:\/\/departamentos.ufrrj.br\/dce\/2024\/10\/07\/antonio-jose-alves-junior\/","og_site_name":"Departamento Ci\u00eancias Econ\u00f4micas","article_published_time":"2024-10-07T18:53:36+00:00","article_modified_time":"2026-03-19T22:37:03+00:00","og_image":[{"width":100,"height":100,"url":"https:\/\/departamentos.ufrrj.br\/dce\/wp-content\/uploads\/sites\/2\/2024\/10\/Antonio-Jose.jpg","type":"image\/jpeg"}],"author":"rubiawegner","twitter_card":"summary_large_image","twitter_misc":{"Escrito por":"rubiawegner","Est. tempo de leitura":"3 minutos"},"schema":{"@context":"https:\/\/schema.org","@graph":[{"@type":"WebPage","@id":"https:\/\/departamentos.ufrrj.br\/dce\/2024\/10\/07\/antonio-jose-alves-junior\/","url":"https:\/\/departamentos.ufrrj.br\/dce\/2024\/10\/07\/antonio-jose-alves-junior\/","name":"Ant\u00f4nio Jos\u00e9 Alves Junior - Departamento Ci\u00eancias Econ\u00f4micas","isPartOf":{"@id":"https:\/\/departamentos.ufrrj.br\/dce\/#website"},"primaryImageOfPage":{"@id":"https:\/\/departamentos.ufrrj.br\/dce\/2024\/10\/07\/antonio-jose-alves-junior\/#primaryimage"},"image":{"@id":"https:\/\/departamentos.ufrrj.br\/dce\/2024\/10\/07\/antonio-jose-alves-junior\/#primaryimage"},"thumbnailUrl":"https:\/\/departamentos.ufrrj.br\/dce\/wp-content\/uploads\/sites\/2\/2024\/10\/Antonio-Jose.jpg","datePublished":"2024-10-07T18:53:36+00:00","dateModified":"2026-03-19T22:37:03+00:00","author":{"@id":"https:\/\/departamentos.ufrrj.br\/dce\/#\/schema\/person\/ea797dda83392661c7762d9702b68b5c"},"breadcrumb":{"@id":"https:\/\/departamentos.ufrrj.br\/dce\/2024\/10\/07\/antonio-jose-alves-junior\/#breadcrumb"},"inLanguage":"pt-BR","potentialAction":[{"@type":"ReadAction","target":["https:\/\/departamentos.ufrrj.br\/dce\/2024\/10\/07\/antonio-jose-alves-junior\/"]}]},{"@type":"ImageObject","inLanguage":"pt-BR","@id":"https:\/\/departamentos.ufrrj.br\/dce\/2024\/10\/07\/antonio-jose-alves-junior\/#primaryimage","url":"https:\/\/departamentos.ufrrj.br\/dce\/wp-content\/uploads\/sites\/2\/2024\/10\/Antonio-Jose.jpg","contentUrl":"https:\/\/departamentos.ufrrj.br\/dce\/wp-content\/uploads\/sites\/2\/2024\/10\/Antonio-Jose.jpg","width":100,"height":100},{"@type":"BreadcrumbList","@id":"https:\/\/departamentos.ufrrj.br\/dce\/2024\/10\/07\/antonio-jose-alves-junior\/#breadcrumb","itemListElement":[{"@type":"ListItem","position":1,"name":"In\u00edcio","item":"https:\/\/departamentos.ufrrj.br\/dce\/"},{"@type":"ListItem","position":2,"name":"Ant\u00f4nio Jos\u00e9 Alves Junior"}]},{"@type":"WebSite","@id":"https:\/\/departamentos.ufrrj.br\/dce\/#website","url":"https:\/\/departamentos.ufrrj.br\/dce\/","name":"Departamento Ci\u00eancias Econ\u00f4micas","description":"","potentialAction":[{"@type":"SearchAction","target":{"@type":"EntryPoint","urlTemplate":"https:\/\/departamentos.ufrrj.br\/dce\/?s={search_term_string}"},"query-input":{"@type":"PropertyValueSpecification","valueRequired":true,"valueName":"search_term_string"}}],"inLanguage":"pt-BR"},{"@type":"Person","@id":"https:\/\/departamentos.ufrrj.br\/dce\/#\/schema\/person\/ea797dda83392661c7762d9702b68b5c","name":"rubiawegner","image":{"@type":"ImageObject","inLanguage":"pt-BR","@id":"https:\/\/departamentos.ufrrj.br\/dce\/#\/schema\/person\/image\/","url":"https:\/\/secure.gravatar.com\/avatar\/6455c6d67b946febd7bd31bb2c0d585f?s=96&d=mm&r=g","contentUrl":"https:\/\/secure.gravatar.com\/avatar\/6455c6d67b946febd7bd31bb2c0d585f?s=96&d=mm&r=g","caption":"rubiawegner"},"description":"Chamado - ID: 35423 (Rural - Seropedica)","url":"https:\/\/departamentos.ufrrj.br\/dce\/author\/rubiawegner\/"}]}},"_links":{"self":[{"href":"https:\/\/departamentos.ufrrj.br\/dce\/wp-json\/wp\/v2\/posts\/111"}],"collection":[{"href":"https:\/\/departamentos.ufrrj.br\/dce\/wp-json\/wp\/v2\/posts"}],"about":[{"href":"https:\/\/departamentos.ufrrj.br\/dce\/wp-json\/wp\/v2\/types\/post"}],"author":[{"embeddable":true,"href":"https:\/\/departamentos.ufrrj.br\/dce\/wp-json\/wp\/v2\/users\/3"}],"replies":[{"embeddable":true,"href":"https:\/\/departamentos.ufrrj.br\/dce\/wp-json\/wp\/v2\/comments?post=111"}],"version-history":[{"count":9,"href":"https:\/\/departamentos.ufrrj.br\/dce\/wp-json\/wp\/v2\/posts\/111\/revisions"}],"predecessor-version":[{"id":697,"href":"https:\/\/departamentos.ufrrj.br\/dce\/wp-json\/wp\/v2\/posts\/111\/revisions\/697"}],"wp:featuredmedia":[{"embeddable":true,"href":"https:\/\/departamentos.ufrrj.br\/dce\/wp-json\/wp\/v2\/media\/169"}],"wp:attachment":[{"href":"https:\/\/departamentos.ufrrj.br\/dce\/wp-json\/wp\/v2\/media?parent=111"}],"wp:term":[{"taxonomy":"category","embeddable":true,"href":"https:\/\/departamentos.ufrrj.br\/dce\/wp-json\/wp\/v2\/categories?post=111"},{"taxonomy":"post_tag","embeddable":true,"href":"https:\/\/departamentos.ufrrj.br\/dce\/wp-json\/wp\/v2\/tags?post=111"}],"curies":[{"name":"wp","href":"https:\/\/api.w.org\/{rel}","templated":true}]}}