{"id":118,"date":"2024-10-08T16:20:45","date_gmt":"2024-10-08T19:20:45","guid":{"rendered":"https:\/\/departamentos.ufrrj.br\/dce\/?p=118"},"modified":"2024-11-18T15:08:41","modified_gmt":"2024-11-18T18:08:41","slug":"beatriz-barros","status":"publish","type":"post","link":"https:\/\/departamentos.ufrrj.br\/dce\/2024\/10\/08\/beatriz-barros\/","title":{"rendered":"Beatriz Cavalcante de Oliveira Barros"},"content":{"rendered":"\n<p>Doutoranda em Economia no CEDEPLAR- Universidade Federal de Minas Gerais (UFMG). Mestra em Economia Aplicada pelo Programa de P\u00f3s-Gradua\u00e7\u00e3o em Economia da Universidade Federal de Alfenas, em Minas Gerais (PPGE\/ UNIFAL). Bacharel em Economia pela Universidade Federal Rural do Rio de Janeiro (UFRRJ). Participa do Grupo de Estudos em Economia da Sa\u00fade e Criminalidade (GEESC &#8211; UFMG). A pesquisa acad\u00eamica concentra-se em economia aplicada, principalmente nas sub-\u00e1reas: economia da sa\u00fade, avalia\u00e7\u00e3o tecnologias em sa\u00fade, desenvolvimento econ\u00f4mico, economia industrial, avalia\u00e7\u00e3o de pol\u00edticas publicas e desigualdades sociais.<\/p>\n\n\n\n<p><strong>\u00c1reas de orienta\u00e7\u00e3o em monografia\/Trabalhos de conclus\u00e3o de curso (TCC)<\/strong><\/p>\n\n\n\n<p><strong>Disciplinas recentes de leciona\u00e7\u00e3o em curso de gradua\u00e7\u00e3o<\/strong><\/p>\n\n\n\n<p>IH210 Economia Agr\u00e1ria<\/p>\n\n\n\n<p>IH297 Fundamentos de Macroeconomia<\/p>\n\n\n\n<p>IH299 Economia Pol\u00edtica<\/p>\n\n\n\n<p>IH207 Contabilidade Nacional<\/p>\n\n\n\n<p><strong>Produ\u00e7\u00e3o recente<\/strong><\/p>\n\n\n\n<p>BARROS, B. C. O.; LOPES, C. G. ; FIGUEIREDO, E. T. ; LIMA, D. B. ; REZENDE, M. L. . Custo de doen\u00e7as associadas \u00e0 obesidade no sistema \u00fanico de sa\u00fade em Alfenas, Minas Gerais. REVISTA OBSERVATORIO DE LA ECONOMIA LATINOAMERICANA, Curitiba &#8211; PR, p. 24060 &#8211; 24079, 01 dez. 2023.<\/p>\n","protected":false},"excerpt":{"rendered":"<p>Doutoranda em Economia no CEDEPLAR- Universidade Federal de Minas Gerais (UFMG). Mestra em Economia Aplicada pelo Programa de P\u00f3s-Gradua\u00e7\u00e3o em Economia da [&hellip;]<\/p>\n","protected":false},"author":3,"featured_media":505,"comment_status":"open","ping_status":"open","sticky":false,"template":"","format":"standard","meta":{"_acf_changed":false,"footnotes":""},"categories":[6],"tags":[],"class_list":["post-118","post","type-post","status-publish","format-standard","has-post-thumbnail","hentry","category-corpo-docente"],"acf":[],"yoast_head":"<!-- This site is optimized with the Yoast SEO plugin v23.4 - https:\/\/yoast.com\/wordpress\/plugins\/seo\/ -->\n<title>Beatriz Cavalcante de Oliveira Barros - Departamento Ci\u00eancias Econ\u00f4micas<\/title>\n<meta name=\"robots\" content=\"index, follow, max-snippet:-1, max-image-preview:large, max-video-preview:-1\" \/>\n<link rel=\"canonical\" href=\"https:\/\/departamentos.ufrrj.br\/dce\/2024\/10\/08\/beatriz-barros\/\" \/>\n<meta property=\"og:locale\" content=\"pt_BR\" \/>\n<meta property=\"og:type\" content=\"article\" \/>\n<meta property=\"og:title\" content=\"Beatriz Cavalcante de Oliveira Barros - Departamento Ci\u00eancias Econ\u00f4micas\" \/>\n<meta property=\"og:description\" content=\"Doutoranda em Economia no CEDEPLAR- Universidade Federal de Minas Gerais (UFMG). Mestra em Economia Aplicada pelo Programa de P\u00f3s-Gradua\u00e7\u00e3o em Economia da [&hellip;]\" \/>\n<meta property=\"og:url\" content=\"https:\/\/departamentos.ufrrj.br\/dce\/2024\/10\/08\/beatriz-barros\/\" \/>\n<meta property=\"og:site_name\" content=\"Departamento Ci\u00eancias Econ\u00f4micas\" \/>\n<meta property=\"article:published_time\" content=\"2024-10-08T19:20:45+00:00\" \/>\n<meta property=\"article:modified_time\" content=\"2024-11-18T18:08:41+00:00\" \/>\n<meta property=\"og:image\" content=\"https:\/\/departamentos.ufrrj.br\/dce\/wp-content\/uploads\/sites\/2\/2024\/10\/WhatsApp-Image-2024-11-16-at-15.51.53.jpeg\" \/>\n\t<meta property=\"og:image:width\" content=\"626\" \/>\n\t<meta property=\"og:image:height\" content=\"626\" \/>\n\t<meta property=\"og:image:type\" content=\"image\/jpeg\" \/>\n<meta name=\"author\" content=\"rubiawegner\" \/>\n<meta name=\"twitter:card\" content=\"summary_large_image\" \/>\n<meta name=\"twitter:label1\" content=\"Escrito por\" \/>\n\t<meta name=\"twitter:data1\" content=\"rubiawegner\" \/>\n\t<meta name=\"twitter:label2\" content=\"Est. tempo de leitura\" \/>\n\t<meta name=\"twitter:data2\" content=\"1 minuto\" \/>\n<script type=\"application\/ld+json\" class=\"yoast-schema-graph\">{\"@context\":\"https:\/\/schema.org\",\"@graph\":[{\"@type\":\"WebPage\",\"@id\":\"https:\/\/departamentos.ufrrj.br\/dce\/2024\/10\/08\/beatriz-barros\/\",\"url\":\"https:\/\/departamentos.ufrrj.br\/dce\/2024\/10\/08\/beatriz-barros\/\",\"name\":\"Beatriz Cavalcante de Oliveira Barros - Departamento Ci\u00eancias Econ\u00f4micas\",\"isPartOf\":{\"@id\":\"https:\/\/departamentos.ufrrj.br\/dce\/#website\"},\"primaryImageOfPage\":{\"@id\":\"https:\/\/departamentos.ufrrj.br\/dce\/2024\/10\/08\/beatriz-barros\/#primaryimage\"},\"image\":{\"@id\":\"https:\/\/departamentos.ufrrj.br\/dce\/2024\/10\/08\/beatriz-barros\/#primaryimage\"},\"thumbnailUrl\":\"https:\/\/departamentos.ufrrj.br\/dce\/wp-content\/uploads\/sites\/2\/2024\/10\/WhatsApp-Image-2024-11-16-at-15.51.53.jpeg\",\"datePublished\":\"2024-10-08T19:20:45+00:00\",\"dateModified\":\"2024-11-18T18:08:41+00:00\",\"author\":{\"@id\":\"https:\/\/departamentos.ufrrj.br\/dce\/#\/schema\/person\/ea797dda83392661c7762d9702b68b5c\"},\"breadcrumb\":{\"@id\":\"https:\/\/departamentos.ufrrj.br\/dce\/2024\/10\/08\/beatriz-barros\/#breadcrumb\"},\"inLanguage\":\"pt-BR\",\"potentialAction\":[{\"@type\":\"ReadAction\",\"target\":[\"https:\/\/departamentos.ufrrj.br\/dce\/2024\/10\/08\/beatriz-barros\/\"]}]},{\"@type\":\"ImageObject\",\"inLanguage\":\"pt-BR\",\"@id\":\"https:\/\/departamentos.ufrrj.br\/dce\/2024\/10\/08\/beatriz-barros\/#primaryimage\",\"url\":\"https:\/\/departamentos.ufrrj.br\/dce\/wp-content\/uploads\/sites\/2\/2024\/10\/WhatsApp-Image-2024-11-16-at-15.51.53.jpeg\",\"contentUrl\":\"https:\/\/departamentos.ufrrj.br\/dce\/wp-content\/uploads\/sites\/2\/2024\/10\/WhatsApp-Image-2024-11-16-at-15.51.53.jpeg\",\"width\":626,\"height\":626},{\"@type\":\"BreadcrumbList\",\"@id\":\"https:\/\/departamentos.ufrrj.br\/dce\/2024\/10\/08\/beatriz-barros\/#breadcrumb\",\"itemListElement\":[{\"@type\":\"ListItem\",\"position\":1,\"name\":\"In\u00edcio\",\"item\":\"https:\/\/departamentos.ufrrj.br\/dce\/\"},{\"@type\":\"ListItem\",\"position\":2,\"name\":\"Beatriz Cavalcante de Oliveira Barros\"}]},{\"@type\":\"WebSite\",\"@id\":\"https:\/\/departamentos.ufrrj.br\/dce\/#website\",\"url\":\"https:\/\/departamentos.ufrrj.br\/dce\/\",\"name\":\"Departamento Ci\u00eancias Econ\u00f4micas\",\"description\":\"\",\"potentialAction\":[{\"@type\":\"SearchAction\",\"target\":{\"@type\":\"EntryPoint\",\"urlTemplate\":\"https:\/\/departamentos.ufrrj.br\/dce\/?s={search_term_string}\"},\"query-input\":{\"@type\":\"PropertyValueSpecification\",\"valueRequired\":true,\"valueName\":\"search_term_string\"}}],\"inLanguage\":\"pt-BR\"},{\"@type\":\"Person\",\"@id\":\"https:\/\/departamentos.ufrrj.br\/dce\/#\/schema\/person\/ea797dda83392661c7762d9702b68b5c\",\"name\":\"rubiawegner\",\"image\":{\"@type\":\"ImageObject\",\"inLanguage\":\"pt-BR\",\"@id\":\"https:\/\/departamentos.ufrrj.br\/dce\/#\/schema\/person\/image\/\",\"url\":\"https:\/\/secure.gravatar.com\/avatar\/6455c6d67b946febd7bd31bb2c0d585f?s=96&d=mm&r=g\",\"contentUrl\":\"https:\/\/secure.gravatar.com\/avatar\/6455c6d67b946febd7bd31bb2c0d585f?s=96&d=mm&r=g\",\"caption\":\"rubiawegner\"},\"description\":\"Chamado - ID: 35423 (Rural - Seropedica)\",\"url\":\"https:\/\/departamentos.ufrrj.br\/dce\/author\/rubiawegner\/\"}]}<\/script>\n<!-- \/ Yoast SEO plugin. -->","yoast_head_json":{"title":"Beatriz Cavalcante de Oliveira Barros - Departamento Ci\u00eancias Econ\u00f4micas","robots":{"index":"index","follow":"follow","max-snippet":"max-snippet:-1","max-image-preview":"max-image-preview:large","max-video-preview":"max-video-preview:-1"},"canonical":"https:\/\/departamentos.ufrrj.br\/dce\/2024\/10\/08\/beatriz-barros\/","og_locale":"pt_BR","og_type":"article","og_title":"Beatriz Cavalcante de Oliveira Barros - Departamento Ci\u00eancias Econ\u00f4micas","og_description":"Doutoranda em Economia no CEDEPLAR- Universidade Federal de Minas Gerais (UFMG). Mestra em Economia Aplicada pelo Programa de P\u00f3s-Gradua\u00e7\u00e3o em Economia da [&hellip;]","og_url":"https:\/\/departamentos.ufrrj.br\/dce\/2024\/10\/08\/beatriz-barros\/","og_site_name":"Departamento Ci\u00eancias Econ\u00f4micas","article_published_time":"2024-10-08T19:20:45+00:00","article_modified_time":"2024-11-18T18:08:41+00:00","og_image":[{"width":626,"height":626,"url":"https:\/\/departamentos.ufrrj.br\/dce\/wp-content\/uploads\/sites\/2\/2024\/10\/WhatsApp-Image-2024-11-16-at-15.51.53.jpeg","type":"image\/jpeg"}],"author":"rubiawegner","twitter_card":"summary_large_image","twitter_misc":{"Escrito por":"rubiawegner","Est. tempo de leitura":"1 minuto"},"schema":{"@context":"https:\/\/schema.org","@graph":[{"@type":"WebPage","@id":"https:\/\/departamentos.ufrrj.br\/dce\/2024\/10\/08\/beatriz-barros\/","url":"https:\/\/departamentos.ufrrj.br\/dce\/2024\/10\/08\/beatriz-barros\/","name":"Beatriz Cavalcante de Oliveira Barros - Departamento Ci\u00eancias Econ\u00f4micas","isPartOf":{"@id":"https:\/\/departamentos.ufrrj.br\/dce\/#website"},"primaryImageOfPage":{"@id":"https:\/\/departamentos.ufrrj.br\/dce\/2024\/10\/08\/beatriz-barros\/#primaryimage"},"image":{"@id":"https:\/\/departamentos.ufrrj.br\/dce\/2024\/10\/08\/beatriz-barros\/#primaryimage"},"thumbnailUrl":"https:\/\/departamentos.ufrrj.br\/dce\/wp-content\/uploads\/sites\/2\/2024\/10\/WhatsApp-Image-2024-11-16-at-15.51.53.jpeg","datePublished":"2024-10-08T19:20:45+00:00","dateModified":"2024-11-18T18:08:41+00:00","author":{"@id":"https:\/\/departamentos.ufrrj.br\/dce\/#\/schema\/person\/ea797dda83392661c7762d9702b68b5c"},"breadcrumb":{"@id":"https:\/\/departamentos.ufrrj.br\/dce\/2024\/10\/08\/beatriz-barros\/#breadcrumb"},"inLanguage":"pt-BR","potentialAction":[{"@type":"ReadAction","target":["https:\/\/departamentos.ufrrj.br\/dce\/2024\/10\/08\/beatriz-barros\/"]}]},{"@type":"ImageObject","inLanguage":"pt-BR","@id":"https:\/\/departamentos.ufrrj.br\/dce\/2024\/10\/08\/beatriz-barros\/#primaryimage","url":"https:\/\/departamentos.ufrrj.br\/dce\/wp-content\/uploads\/sites\/2\/2024\/10\/WhatsApp-Image-2024-11-16-at-15.51.53.jpeg","contentUrl":"https:\/\/departamentos.ufrrj.br\/dce\/wp-content\/uploads\/sites\/2\/2024\/10\/WhatsApp-Image-2024-11-16-at-15.51.53.jpeg","width":626,"height":626},{"@type":"BreadcrumbList","@id":"https:\/\/departamentos.ufrrj.br\/dce\/2024\/10\/08\/beatriz-barros\/#breadcrumb","itemListElement":[{"@type":"ListItem","position":1,"name":"In\u00edcio","item":"https:\/\/departamentos.ufrrj.br\/dce\/"},{"@type":"ListItem","position":2,"name":"Beatriz Cavalcante de Oliveira Barros"}]},{"@type":"WebSite","@id":"https:\/\/departamentos.ufrrj.br\/dce\/#website","url":"https:\/\/departamentos.ufrrj.br\/dce\/","name":"Departamento Ci\u00eancias Econ\u00f4micas","description":"","potentialAction":[{"@type":"SearchAction","target":{"@type":"EntryPoint","urlTemplate":"https:\/\/departamentos.ufrrj.br\/dce\/?s={search_term_string}"},"query-input":{"@type":"PropertyValueSpecification","valueRequired":true,"valueName":"search_term_string"}}],"inLanguage":"pt-BR"},{"@type":"Person","@id":"https:\/\/departamentos.ufrrj.br\/dce\/#\/schema\/person\/ea797dda83392661c7762d9702b68b5c","name":"rubiawegner","image":{"@type":"ImageObject","inLanguage":"pt-BR","@id":"https:\/\/departamentos.ufrrj.br\/dce\/#\/schema\/person\/image\/","url":"https:\/\/secure.gravatar.com\/avatar\/6455c6d67b946febd7bd31bb2c0d585f?s=96&d=mm&r=g","contentUrl":"https:\/\/secure.gravatar.com\/avatar\/6455c6d67b946febd7bd31bb2c0d585f?s=96&d=mm&r=g","caption":"rubiawegner"},"description":"Chamado - ID: 35423 (Rural - Seropedica)","url":"https:\/\/departamentos.ufrrj.br\/dce\/author\/rubiawegner\/"}]}},"_links":{"self":[{"href":"https:\/\/departamentos.ufrrj.br\/dce\/wp-json\/wp\/v2\/posts\/118"}],"collection":[{"href":"https:\/\/departamentos.ufrrj.br\/dce\/wp-json\/wp\/v2\/posts"}],"about":[{"href":"https:\/\/departamentos.ufrrj.br\/dce\/wp-json\/wp\/v2\/types\/post"}],"author":[{"embeddable":true,"href":"https:\/\/departamentos.ufrrj.br\/dce\/wp-json\/wp\/v2\/users\/3"}],"replies":[{"embeddable":true,"href":"https:\/\/departamentos.ufrrj.br\/dce\/wp-json\/wp\/v2\/comments?post=118"}],"version-history":[{"count":7,"href":"https:\/\/departamentos.ufrrj.br\/dce\/wp-json\/wp\/v2\/posts\/118\/revisions"}],"predecessor-version":[{"id":428,"href":"https:\/\/departamentos.ufrrj.br\/dce\/wp-json\/wp\/v2\/posts\/118\/revisions\/428"}],"wp:featuredmedia":[{"embeddable":true,"href":"https:\/\/departamentos.ufrrj.br\/dce\/wp-json\/wp\/v2\/media\/505"}],"wp:attachment":[{"href":"https:\/\/departamentos.ufrrj.br\/dce\/wp-json\/wp\/v2\/media?parent=118"}],"wp:term":[{"taxonomy":"category","embeddable":true,"href":"https:\/\/departamentos.ufrrj.br\/dce\/wp-json\/wp\/v2\/categories?post=118"},{"taxonomy":"post_tag","embeddable":true,"href":"https:\/\/departamentos.ufrrj.br\/dce\/wp-json\/wp\/v2\/tags?post=118"}],"curies":[{"name":"wp","href":"https:\/\/api.w.org\/{rel}","templated":true}]}}