{"id":120,"date":"2024-10-08T16:21:25","date_gmt":"2024-10-08T19:21:25","guid":{"rendered":"https:\/\/departamentos.ufrrj.br\/dce\/?p=120"},"modified":"2026-03-19T19:33:51","modified_gmt":"2026-03-19T22:33:51","slug":"cleber-ferrer-barbosa","status":"publish","type":"post","link":"https:\/\/departamentos.ufrrj.br\/dce\/2024\/10\/08\/cleber-ferrer-barbosa\/","title":{"rendered":"Cleber Ferrer Barbosa"},"content":{"rendered":"\n<p>Graduado em Ci\u00eancias Econ\u00f4micas pela Universidade Federal Rural do Rio de Janeiro (1984), mestre em Economia Rural pela Universidade Federal de Vi\u00e7osa (1996) e doutor em Ci\u00eancias (Economia Aplicada) pela Universidade de S\u00e3o Paulo (2006). Em 2012, concluiu o bacharelado em Direito e \u00e9 advogado. Professor Titular do departamento de Ci\u00eancias Econ\u00f4micas.<\/p>\n\n\n\n<p><strong>\u00c1reas de Orienta\u00e7\u00e3o em monografia\/Trabalho de conclus\u00e3o de curso<\/strong><\/p>\n\n\n\n<p>Empresas: associa\u00e7\u00f5es empresariais, fal\u00eancias,&nbsp; microempresas. Tributos e fontes de arrecada\u00e7\u00e3o p\u00fablica: Tributos incidentes \u00e0s empresas, receitas municipais.<\/p>\n\n\n\n<p><strong>Disciplinas recentes de leciona\u00e7\u00e3o em curso de gradua\u00e7\u00e3o<\/strong><\/p>\n\n\n\n<p>IS201 Introdu\u00e7\u00e3o \u00e0 Teoria Econ\u00f4mica<\/p>\n\n\n\n<p>IS206 Microeconomia I<\/p>\n\n\n\n<p>IH720 An\u00e1lise Econ\u00f4mica e Tribut\u00e1ria<\/p>\n\n\n\n<p><strong>Produ\u00e7\u00e3o bibliogr\u00e1fica recente<\/strong><\/p>\n\n\n\n<p>CASTRO, F. T. ; Tabai, K.C. ; PENHA, E. M. ; MATTA, V.M. ; MENDES, L.L. ; BARBOSA, Ferrer Cleber . Fruits and Vegetable Commercialization: Actions in Points-of-Sale of the West Zone of Rio de Janeiro City, Brazil. Acta Horticulture, v. 1040, p. 49-52-52, 2014.<\/p>\n\n\n\n<p>BARBOSA, Ferrer Cleber; Tabai, K.C. ; OLIVEIRA, S. P. ; CASTRO, F. T. ; GOES, H. A. ; PENHA, E. M. . Manual para comerciantes e manipuladores de frutas, legumes e verduras: tr\u00eas passos para o sucesso das vendas. DOCUMENTOS\/EMBRAPA AGROINDUSTRIA DE ALIMENTOS, v. 1, p. 1-28, 2008.<\/p>\n\n\n\n<p>BARBOSA, Ferrer Cleber. An\u00e1lise Macroecon\u00f4mica volume 2. 1. ed. RIo de Janeiro: Funda\u00e7\u00e3o Cecierj, 2018. v. 4. 182p .<\/p>\n","protected":false},"excerpt":{"rendered":"<p>Graduado em Ci\u00eancias Econ\u00f4micas pela Universidade Federal Rural do Rio de Janeiro (1984), mestre em Economia Rural pela Universidade Federal de Vi\u00e7osa [&hellip;]<\/p>\n","protected":false},"author":3,"featured_media":178,"comment_status":"open","ping_status":"open","sticky":false,"template":"","format":"standard","meta":{"_acf_changed":false,"footnotes":""},"categories":[6],"tags":[],"class_list":["post-120","post","type-post","status-publish","format-standard","has-post-thumbnail","hentry","category-corpo-docente"],"acf":[],"yoast_head":"<!-- This site is optimized with the Yoast SEO plugin v23.4 - https:\/\/yoast.com\/wordpress\/plugins\/seo\/ -->\n<title>Cleber Ferrer Barbosa - Departamento Ci\u00eancias Econ\u00f4micas<\/title>\n<meta name=\"robots\" content=\"index, follow, max-snippet:-1, max-image-preview:large, max-video-preview:-1\" \/>\n<link rel=\"canonical\" href=\"https:\/\/departamentos.ufrrj.br\/dce\/2024\/10\/08\/cleber-ferrer-barbosa\/\" \/>\n<meta property=\"og:locale\" content=\"pt_BR\" \/>\n<meta property=\"og:type\" content=\"article\" \/>\n<meta property=\"og:title\" content=\"Cleber Ferrer Barbosa - Departamento Ci\u00eancias Econ\u00f4micas\" \/>\n<meta property=\"og:description\" content=\"Graduado em Ci\u00eancias Econ\u00f4micas pela Universidade Federal Rural do Rio de Janeiro (1984), mestre em Economia Rural pela Universidade Federal de Vi\u00e7osa [&hellip;]\" \/>\n<meta property=\"og:url\" content=\"https:\/\/departamentos.ufrrj.br\/dce\/2024\/10\/08\/cleber-ferrer-barbosa\/\" \/>\n<meta property=\"og:site_name\" content=\"Departamento Ci\u00eancias Econ\u00f4micas\" \/>\n<meta property=\"article:published_time\" content=\"2024-10-08T19:21:25+00:00\" \/>\n<meta property=\"article:modified_time\" content=\"2026-03-19T22:33:51+00:00\" \/>\n<meta property=\"og:image\" content=\"https:\/\/departamentos.ufrrj.br\/dce\/wp-content\/uploads\/sites\/2\/2024\/10\/Cleber-Ferrer.jpg\" \/>\n\t<meta property=\"og:image:width\" content=\"100\" \/>\n\t<meta property=\"og:image:height\" content=\"100\" \/>\n\t<meta property=\"og:image:type\" content=\"image\/jpeg\" \/>\n<meta name=\"author\" content=\"rubiawegner\" \/>\n<meta name=\"twitter:card\" content=\"summary_large_image\" \/>\n<meta name=\"twitter:label1\" content=\"Escrito por\" \/>\n\t<meta name=\"twitter:data1\" content=\"rubiawegner\" \/>\n\t<meta name=\"twitter:label2\" content=\"Est. tempo de leitura\" \/>\n\t<meta name=\"twitter:data2\" content=\"2 minutos\" \/>\n<script type=\"application\/ld+json\" class=\"yoast-schema-graph\">{\"@context\":\"https:\/\/schema.org\",\"@graph\":[{\"@type\":\"WebPage\",\"@id\":\"https:\/\/departamentos.ufrrj.br\/dce\/2024\/10\/08\/cleber-ferrer-barbosa\/\",\"url\":\"https:\/\/departamentos.ufrrj.br\/dce\/2024\/10\/08\/cleber-ferrer-barbosa\/\",\"name\":\"Cleber Ferrer Barbosa - Departamento Ci\u00eancias Econ\u00f4micas\",\"isPartOf\":{\"@id\":\"https:\/\/departamentos.ufrrj.br\/dce\/#website\"},\"primaryImageOfPage\":{\"@id\":\"https:\/\/departamentos.ufrrj.br\/dce\/2024\/10\/08\/cleber-ferrer-barbosa\/#primaryimage\"},\"image\":{\"@id\":\"https:\/\/departamentos.ufrrj.br\/dce\/2024\/10\/08\/cleber-ferrer-barbosa\/#primaryimage\"},\"thumbnailUrl\":\"https:\/\/departamentos.ufrrj.br\/dce\/wp-content\/uploads\/sites\/2\/2024\/10\/Cleber-Ferrer.jpg\",\"datePublished\":\"2024-10-08T19:21:25+00:00\",\"dateModified\":\"2026-03-19T22:33:51+00:00\",\"author\":{\"@id\":\"https:\/\/departamentos.ufrrj.br\/dce\/#\/schema\/person\/ea797dda83392661c7762d9702b68b5c\"},\"breadcrumb\":{\"@id\":\"https:\/\/departamentos.ufrrj.br\/dce\/2024\/10\/08\/cleber-ferrer-barbosa\/#breadcrumb\"},\"inLanguage\":\"pt-BR\",\"potentialAction\":[{\"@type\":\"ReadAction\",\"target\":[\"https:\/\/departamentos.ufrrj.br\/dce\/2024\/10\/08\/cleber-ferrer-barbosa\/\"]}]},{\"@type\":\"ImageObject\",\"inLanguage\":\"pt-BR\",\"@id\":\"https:\/\/departamentos.ufrrj.br\/dce\/2024\/10\/08\/cleber-ferrer-barbosa\/#primaryimage\",\"url\":\"https:\/\/departamentos.ufrrj.br\/dce\/wp-content\/uploads\/sites\/2\/2024\/10\/Cleber-Ferrer.jpg\",\"contentUrl\":\"https:\/\/departamentos.ufrrj.br\/dce\/wp-content\/uploads\/sites\/2\/2024\/10\/Cleber-Ferrer.jpg\",\"width\":100,\"height\":100},{\"@type\":\"BreadcrumbList\",\"@id\":\"https:\/\/departamentos.ufrrj.br\/dce\/2024\/10\/08\/cleber-ferrer-barbosa\/#breadcrumb\",\"itemListElement\":[{\"@type\":\"ListItem\",\"position\":1,\"name\":\"In\u00edcio\",\"item\":\"https:\/\/departamentos.ufrrj.br\/dce\/\"},{\"@type\":\"ListItem\",\"position\":2,\"name\":\"Cleber Ferrer Barbosa\"}]},{\"@type\":\"WebSite\",\"@id\":\"https:\/\/departamentos.ufrrj.br\/dce\/#website\",\"url\":\"https:\/\/departamentos.ufrrj.br\/dce\/\",\"name\":\"Departamento Ci\u00eancias Econ\u00f4micas\",\"description\":\"\",\"potentialAction\":[{\"@type\":\"SearchAction\",\"target\":{\"@type\":\"EntryPoint\",\"urlTemplate\":\"https:\/\/departamentos.ufrrj.br\/dce\/?s={search_term_string}\"},\"query-input\":{\"@type\":\"PropertyValueSpecification\",\"valueRequired\":true,\"valueName\":\"search_term_string\"}}],\"inLanguage\":\"pt-BR\"},{\"@type\":\"Person\",\"@id\":\"https:\/\/departamentos.ufrrj.br\/dce\/#\/schema\/person\/ea797dda83392661c7762d9702b68b5c\",\"name\":\"rubiawegner\",\"image\":{\"@type\":\"ImageObject\",\"inLanguage\":\"pt-BR\",\"@id\":\"https:\/\/departamentos.ufrrj.br\/dce\/#\/schema\/person\/image\/\",\"url\":\"https:\/\/secure.gravatar.com\/avatar\/6455c6d67b946febd7bd31bb2c0d585f?s=96&d=mm&r=g\",\"contentUrl\":\"https:\/\/secure.gravatar.com\/avatar\/6455c6d67b946febd7bd31bb2c0d585f?s=96&d=mm&r=g\",\"caption\":\"rubiawegner\"},\"description\":\"Chamado - ID: 35423 (Rural - Seropedica)\",\"url\":\"https:\/\/departamentos.ufrrj.br\/dce\/author\/rubiawegner\/\"}]}<\/script>\n<!-- \/ Yoast SEO plugin. -->","yoast_head_json":{"title":"Cleber Ferrer Barbosa - Departamento Ci\u00eancias Econ\u00f4micas","robots":{"index":"index","follow":"follow","max-snippet":"max-snippet:-1","max-image-preview":"max-image-preview:large","max-video-preview":"max-video-preview:-1"},"canonical":"https:\/\/departamentos.ufrrj.br\/dce\/2024\/10\/08\/cleber-ferrer-barbosa\/","og_locale":"pt_BR","og_type":"article","og_title":"Cleber Ferrer Barbosa - Departamento Ci\u00eancias Econ\u00f4micas","og_description":"Graduado em Ci\u00eancias Econ\u00f4micas pela Universidade Federal Rural do Rio de Janeiro (1984), mestre em Economia Rural pela Universidade Federal de Vi\u00e7osa [&hellip;]","og_url":"https:\/\/departamentos.ufrrj.br\/dce\/2024\/10\/08\/cleber-ferrer-barbosa\/","og_site_name":"Departamento Ci\u00eancias Econ\u00f4micas","article_published_time":"2024-10-08T19:21:25+00:00","article_modified_time":"2026-03-19T22:33:51+00:00","og_image":[{"width":100,"height":100,"url":"https:\/\/departamentos.ufrrj.br\/dce\/wp-content\/uploads\/sites\/2\/2024\/10\/Cleber-Ferrer.jpg","type":"image\/jpeg"}],"author":"rubiawegner","twitter_card":"summary_large_image","twitter_misc":{"Escrito por":"rubiawegner","Est. tempo de leitura":"2 minutos"},"schema":{"@context":"https:\/\/schema.org","@graph":[{"@type":"WebPage","@id":"https:\/\/departamentos.ufrrj.br\/dce\/2024\/10\/08\/cleber-ferrer-barbosa\/","url":"https:\/\/departamentos.ufrrj.br\/dce\/2024\/10\/08\/cleber-ferrer-barbosa\/","name":"Cleber Ferrer Barbosa - Departamento Ci\u00eancias Econ\u00f4micas","isPartOf":{"@id":"https:\/\/departamentos.ufrrj.br\/dce\/#website"},"primaryImageOfPage":{"@id":"https:\/\/departamentos.ufrrj.br\/dce\/2024\/10\/08\/cleber-ferrer-barbosa\/#primaryimage"},"image":{"@id":"https:\/\/departamentos.ufrrj.br\/dce\/2024\/10\/08\/cleber-ferrer-barbosa\/#primaryimage"},"thumbnailUrl":"https:\/\/departamentos.ufrrj.br\/dce\/wp-content\/uploads\/sites\/2\/2024\/10\/Cleber-Ferrer.jpg","datePublished":"2024-10-08T19:21:25+00:00","dateModified":"2026-03-19T22:33:51+00:00","author":{"@id":"https:\/\/departamentos.ufrrj.br\/dce\/#\/schema\/person\/ea797dda83392661c7762d9702b68b5c"},"breadcrumb":{"@id":"https:\/\/departamentos.ufrrj.br\/dce\/2024\/10\/08\/cleber-ferrer-barbosa\/#breadcrumb"},"inLanguage":"pt-BR","potentialAction":[{"@type":"ReadAction","target":["https:\/\/departamentos.ufrrj.br\/dce\/2024\/10\/08\/cleber-ferrer-barbosa\/"]}]},{"@type":"ImageObject","inLanguage":"pt-BR","@id":"https:\/\/departamentos.ufrrj.br\/dce\/2024\/10\/08\/cleber-ferrer-barbosa\/#primaryimage","url":"https:\/\/departamentos.ufrrj.br\/dce\/wp-content\/uploads\/sites\/2\/2024\/10\/Cleber-Ferrer.jpg","contentUrl":"https:\/\/departamentos.ufrrj.br\/dce\/wp-content\/uploads\/sites\/2\/2024\/10\/Cleber-Ferrer.jpg","width":100,"height":100},{"@type":"BreadcrumbList","@id":"https:\/\/departamentos.ufrrj.br\/dce\/2024\/10\/08\/cleber-ferrer-barbosa\/#breadcrumb","itemListElement":[{"@type":"ListItem","position":1,"name":"In\u00edcio","item":"https:\/\/departamentos.ufrrj.br\/dce\/"},{"@type":"ListItem","position":2,"name":"Cleber Ferrer Barbosa"}]},{"@type":"WebSite","@id":"https:\/\/departamentos.ufrrj.br\/dce\/#website","url":"https:\/\/departamentos.ufrrj.br\/dce\/","name":"Departamento Ci\u00eancias Econ\u00f4micas","description":"","potentialAction":[{"@type":"SearchAction","target":{"@type":"EntryPoint","urlTemplate":"https:\/\/departamentos.ufrrj.br\/dce\/?s={search_term_string}"},"query-input":{"@type":"PropertyValueSpecification","valueRequired":true,"valueName":"search_term_string"}}],"inLanguage":"pt-BR"},{"@type":"Person","@id":"https:\/\/departamentos.ufrrj.br\/dce\/#\/schema\/person\/ea797dda83392661c7762d9702b68b5c","name":"rubiawegner","image":{"@type":"ImageObject","inLanguage":"pt-BR","@id":"https:\/\/departamentos.ufrrj.br\/dce\/#\/schema\/person\/image\/","url":"https:\/\/secure.gravatar.com\/avatar\/6455c6d67b946febd7bd31bb2c0d585f?s=96&d=mm&r=g","contentUrl":"https:\/\/secure.gravatar.com\/avatar\/6455c6d67b946febd7bd31bb2c0d585f?s=96&d=mm&r=g","caption":"rubiawegner"},"description":"Chamado - ID: 35423 (Rural - Seropedica)","url":"https:\/\/departamentos.ufrrj.br\/dce\/author\/rubiawegner\/"}]}},"_links":{"self":[{"href":"https:\/\/departamentos.ufrrj.br\/dce\/wp-json\/wp\/v2\/posts\/120"}],"collection":[{"href":"https:\/\/departamentos.ufrrj.br\/dce\/wp-json\/wp\/v2\/posts"}],"about":[{"href":"https:\/\/departamentos.ufrrj.br\/dce\/wp-json\/wp\/v2\/types\/post"}],"author":[{"embeddable":true,"href":"https:\/\/departamentos.ufrrj.br\/dce\/wp-json\/wp\/v2\/users\/3"}],"replies":[{"embeddable":true,"href":"https:\/\/departamentos.ufrrj.br\/dce\/wp-json\/wp\/v2\/comments?post=120"}],"version-history":[{"count":9,"href":"https:\/\/departamentos.ufrrj.br\/dce\/wp-json\/wp\/v2\/posts\/120\/revisions"}],"predecessor-version":[{"id":694,"href":"https:\/\/departamentos.ufrrj.br\/dce\/wp-json\/wp\/v2\/posts\/120\/revisions\/694"}],"wp:featuredmedia":[{"embeddable":true,"href":"https:\/\/departamentos.ufrrj.br\/dce\/wp-json\/wp\/v2\/media\/178"}],"wp:attachment":[{"href":"https:\/\/departamentos.ufrrj.br\/dce\/wp-json\/wp\/v2\/media?parent=120"}],"wp:term":[{"taxonomy":"category","embeddable":true,"href":"https:\/\/departamentos.ufrrj.br\/dce\/wp-json\/wp\/v2\/categories?post=120"},{"taxonomy":"post_tag","embeddable":true,"href":"https:\/\/departamentos.ufrrj.br\/dce\/wp-json\/wp\/v2\/tags?post=120"}],"curies":[{"name":"wp","href":"https:\/\/api.w.org\/{rel}","templated":true}]}}