{"id":122,"date":"2024-10-08T16:22:11","date_gmt":"2024-10-08T19:22:11","guid":{"rendered":"https:\/\/departamentos.ufrrj.br\/dce\/?p=122"},"modified":"2026-03-19T19:33:13","modified_gmt":"2026-03-19T22:33:13","slug":"daniel-ribeiro-de-oliveira","status":"publish","type":"post","link":"https:\/\/departamentos.ufrrj.br\/dce\/2024\/10\/08\/daniel-ribeiro-de-oliveira\/","title":{"rendered":"Daniel Ribeiro de Oliveira"},"content":{"rendered":"\n<p>Bacharel em Ci\u00eancias Econ\u00f4micas (2004) pela Universidade Federal Rural do Rio de Janeiro \u2013 UFRRJ, mestre (2007) e doutor (2011) em Economia pela Universidade Federal Fluminense \u2013 UFF.  Foi diretor do Instituto de Ci\u00eancias Sociais Aplicadas. Professor do magist\u00e9rio superior em regime de dedica\u00e7\u00e3o exclusiva desde 2009 na UFRRJ, onde atualmente \u00e9 Professor Associado D 2, lotado no Departamento de Ci\u00eancias Econ\u00f4micas \u2013 DeCE.<\/p>\n\n\n\n<p><strong>\u00c1reas de Orienta\u00e7\u00e3o em monografia\/Trabalho de conclus\u00e3o de curso (TCC)<\/strong><\/p>\n\n\n\n<p>Desenvolvimento econ\u00f4mico regional, com\u00e9rcio exterior, An\u00e1lise de fluxos de capitais \u2013 investimento direto estrangeiro, mercado de trabalho, modelos de crescimento restrito pelo balan\u00e7o de pagamentos.<\/p>\n\n\n\n<p><strong>Disciplinas recentes de leciona\u00e7\u00e3o em curso de gradua\u00e7\u00e3o<\/strong><\/p>\n\n\n\n<p>IS203 Macroeconomia II<\/p>\n\n\n\n<p>IH297 Fundamentos de Macroeconomia<\/p>\n\n\n\n<p><strong>Produ\u00e7\u00e3o bibliogr\u00e1fica recente<\/strong><\/p>\n\n\n\n<p>RODRIGUES, T. F. N. ;&nbsp;<strong>OLIVEIRA, D. R.<\/strong>&nbsp;. GOVERNAN\u00c7A E GEST\u00c3O NAS CONTRATA\u00c7\u00d5ES P\u00daBLICAS: Uma an\u00e1lise do caso IFAM. IGAP\u00d3 &#8211; Revista de Educa\u00e7\u00e3o Ci\u00eancia e Tecnologia do IFAM, v. 18, p. 237-260, 2024.<\/p>\n\n\n\n<p>RAMOS, R. B. ;&nbsp;<strong>OLIVEIRA, D. R.<\/strong>&nbsp;AN\u00c1LISE DA EFICI\u00caNCIA RELATIVA DE COMPRAS P\u00daBLICAS NA MODALIDADE PREG\u00c3O NO INSTITUTO FEDERAL DE EDUCA\u00c7\u00c3O, CI\u00caNCIA E TECNOLOGIA DO AMAZONAS. IGAP\u00d3 &#8211; Revista de Educa\u00e7\u00e3o Ci\u00eancia e Tecnologia do IFAM, v. 18, p. 23-44, 2024.<\/p>\n\n\n\n<p>MARIA DE CARVALHO NEGR\u00c3O, ANT\u00d4NIO ;&nbsp;<strong>RIBEIRO DE OLIVEIRA, DANIEL<\/strong>&nbsp;; MOLICA DE MENDON\u00c7A, FABR\u00cdCIO ; BARBARA DE OLIVEIRA, SAULO ; MICHEL SANTOS DE SALES, GEFERSON . Desenvolvimento e aplica\u00e7\u00e3o de uma m\u00e9trica de avalia\u00e7\u00e3o da presta\u00e7\u00e3o de servi\u00e7o de um \u00f3rg\u00e3o p\u00fablico federal. NAVUS Revista de Gest\u00e3o e Tecnologia<sup><img decoding=\"async\" src=\"http:\/\/buscatextual.cnpq.br\/buscatextual\/images\/curriculo\/jcr.gif\"><\/sup>, v. 13, p. 1-23, 2023. (<a href=\"https:\/\/navus.sc.senac.br\/navus\/article\/view\/1800\">Aqui<\/a>)<\/p>\n\n\n\n<p>FERREIRA, MARILAINE APARECIDA ; OLIVEIRA, DANIEL RIBEIRO DE . PR\u00c1TICAS COLABORATIVAS EM COMPRAS P\u00daBLICAS: OS BENEF\u00cdCIOS DA INTEGRA\u00c7\u00c3O PARA O APRIMORAMENTO DOS RESULTADOS. GESTAO E PLANEJAMENTO, v. 23, p. 693-710, 2022.&nbsp;(<a href=\"https:\/\/cursos.ufrrj.br\/grad\/cienciaseconomicas\/files\/2018\/01\/6956-31741-1-PB.pdf\">Aqui<\/a>)<\/p>\n\n\n\n<p>CABRAL, JOILSON DE ASSIS ; SILVA, FILIPE DA ; FEIJO, CARMEM APARECIDA ; CABRAL, MARIA VIVIANA DE FREITAS ; OLIVEIRA, DANIEL RIBEIRO DE . An\u00e1lise das exporta\u00e7\u00f5es brasileiras desagregadas por parceiros comerciais: uma contribui\u00e7\u00e3o \u00e0 l\u00f3gica estruturalista-kaldoriana. Economia e Sociedade (UNICAMP), v. 31, p. 109-128, 2022.&nbsp;(<a href=\"https:\/\/cursos.ufrrj.br\/grad\/cienciaseconomicas\/files\/2018\/01\/Arquivo-1.pdf\">Aqui<\/a>)<\/p>\n\n\n\n<p>CORDEIRO, DANIEL RODRIGUES ; MONTIBELER, EVERLAM ELIAS ; De Oliveira, Daniel Ribeiro . O impacto da bitributa\u00e7\u00e3o na arrecada\u00e7\u00e3o tribut\u00e1ria brasileira. Geosul, v. 37, p. 128-152, 2022.&nbsp;(<a href=\"https:\/\/cursos.ufrrj.br\/grad\/cienciaseconomicas\/files\/2018\/01\/67003-Texto-do-Artigo-346723-1-10-20221207.pdf\">Aqui<\/a>)<\/p>\n","protected":false},"excerpt":{"rendered":"<p>Bacharel em Ci\u00eancias Econ\u00f4micas (2004) pela Universidade Federal Rural do Rio de Janeiro \u2013 UFRRJ, mestre (2007) e doutor (2011) em Economia [&hellip;]<\/p>\n","protected":false},"author":3,"featured_media":181,"comment_status":"open","ping_status":"open","sticky":false,"template":"","format":"standard","meta":{"_acf_changed":false,"footnotes":""},"categories":[6],"tags":[],"class_list":["post-122","post","type-post","status-publish","format-standard","has-post-thumbnail","hentry","category-corpo-docente"],"acf":[],"yoast_head":"<!-- This site is optimized with the Yoast SEO plugin v23.4 - https:\/\/yoast.com\/wordpress\/plugins\/seo\/ -->\n<title>Daniel Ribeiro de Oliveira - Departamento Ci\u00eancias Econ\u00f4micas<\/title>\n<meta name=\"robots\" content=\"index, follow, max-snippet:-1, max-image-preview:large, max-video-preview:-1\" \/>\n<link rel=\"canonical\" href=\"https:\/\/departamentos.ufrrj.br\/dce\/2024\/10\/08\/daniel-ribeiro-de-oliveira\/\" \/>\n<meta property=\"og:locale\" content=\"pt_BR\" \/>\n<meta property=\"og:type\" content=\"article\" \/>\n<meta property=\"og:title\" content=\"Daniel Ribeiro de Oliveira - Departamento Ci\u00eancias Econ\u00f4micas\" \/>\n<meta property=\"og:description\" content=\"Bacharel em Ci\u00eancias Econ\u00f4micas (2004) pela Universidade Federal Rural do Rio de Janeiro \u2013 UFRRJ, mestre (2007) e doutor (2011) em Economia [&hellip;]\" \/>\n<meta property=\"og:url\" content=\"https:\/\/departamentos.ufrrj.br\/dce\/2024\/10\/08\/daniel-ribeiro-de-oliveira\/\" \/>\n<meta property=\"og:site_name\" content=\"Departamento Ci\u00eancias Econ\u00f4micas\" \/>\n<meta property=\"article:published_time\" content=\"2024-10-08T19:22:11+00:00\" \/>\n<meta property=\"article:modified_time\" content=\"2026-03-19T22:33:13+00:00\" \/>\n<meta property=\"og:image\" content=\"https:\/\/departamentos.ufrrj.br\/dce\/wp-content\/uploads\/sites\/2\/2024\/10\/Daniel-Ribeiro.jpeg\" \/>\n\t<meta property=\"og:image:width\" content=\"100\" \/>\n\t<meta property=\"og:image:height\" content=\"100\" \/>\n\t<meta property=\"og:image:type\" content=\"image\/jpeg\" \/>\n<meta name=\"author\" content=\"rubiawegner\" \/>\n<meta name=\"twitter:card\" content=\"summary_large_image\" \/>\n<meta name=\"twitter:label1\" content=\"Escrito por\" \/>\n\t<meta name=\"twitter:data1\" content=\"rubiawegner\" \/>\n\t<meta name=\"twitter:label2\" content=\"Est. tempo de leitura\" \/>\n\t<meta name=\"twitter:data2\" content=\"3 minutos\" \/>\n<script type=\"application\/ld+json\" class=\"yoast-schema-graph\">{\"@context\":\"https:\/\/schema.org\",\"@graph\":[{\"@type\":\"WebPage\",\"@id\":\"https:\/\/departamentos.ufrrj.br\/dce\/2024\/10\/08\/daniel-ribeiro-de-oliveira\/\",\"url\":\"https:\/\/departamentos.ufrrj.br\/dce\/2024\/10\/08\/daniel-ribeiro-de-oliveira\/\",\"name\":\"Daniel Ribeiro de Oliveira - Departamento Ci\u00eancias Econ\u00f4micas\",\"isPartOf\":{\"@id\":\"https:\/\/departamentos.ufrrj.br\/dce\/#website\"},\"primaryImageOfPage\":{\"@id\":\"https:\/\/departamentos.ufrrj.br\/dce\/2024\/10\/08\/daniel-ribeiro-de-oliveira\/#primaryimage\"},\"image\":{\"@id\":\"https:\/\/departamentos.ufrrj.br\/dce\/2024\/10\/08\/daniel-ribeiro-de-oliveira\/#primaryimage\"},\"thumbnailUrl\":\"https:\/\/departamentos.ufrrj.br\/dce\/wp-content\/uploads\/sites\/2\/2024\/10\/Daniel-Ribeiro.jpeg\",\"datePublished\":\"2024-10-08T19:22:11+00:00\",\"dateModified\":\"2026-03-19T22:33:13+00:00\",\"author\":{\"@id\":\"https:\/\/departamentos.ufrrj.br\/dce\/#\/schema\/person\/ea797dda83392661c7762d9702b68b5c\"},\"breadcrumb\":{\"@id\":\"https:\/\/departamentos.ufrrj.br\/dce\/2024\/10\/08\/daniel-ribeiro-de-oliveira\/#breadcrumb\"},\"inLanguage\":\"pt-BR\",\"potentialAction\":[{\"@type\":\"ReadAction\",\"target\":[\"https:\/\/departamentos.ufrrj.br\/dce\/2024\/10\/08\/daniel-ribeiro-de-oliveira\/\"]}]},{\"@type\":\"ImageObject\",\"inLanguage\":\"pt-BR\",\"@id\":\"https:\/\/departamentos.ufrrj.br\/dce\/2024\/10\/08\/daniel-ribeiro-de-oliveira\/#primaryimage\",\"url\":\"https:\/\/departamentos.ufrrj.br\/dce\/wp-content\/uploads\/sites\/2\/2024\/10\/Daniel-Ribeiro.jpeg\",\"contentUrl\":\"https:\/\/departamentos.ufrrj.br\/dce\/wp-content\/uploads\/sites\/2\/2024\/10\/Daniel-Ribeiro.jpeg\",\"width\":100,\"height\":100},{\"@type\":\"BreadcrumbList\",\"@id\":\"https:\/\/departamentos.ufrrj.br\/dce\/2024\/10\/08\/daniel-ribeiro-de-oliveira\/#breadcrumb\",\"itemListElement\":[{\"@type\":\"ListItem\",\"position\":1,\"name\":\"In\u00edcio\",\"item\":\"https:\/\/departamentos.ufrrj.br\/dce\/\"},{\"@type\":\"ListItem\",\"position\":2,\"name\":\"Daniel Ribeiro de Oliveira\"}]},{\"@type\":\"WebSite\",\"@id\":\"https:\/\/departamentos.ufrrj.br\/dce\/#website\",\"url\":\"https:\/\/departamentos.ufrrj.br\/dce\/\",\"name\":\"Departamento Ci\u00eancias Econ\u00f4micas\",\"description\":\"\",\"potentialAction\":[{\"@type\":\"SearchAction\",\"target\":{\"@type\":\"EntryPoint\",\"urlTemplate\":\"https:\/\/departamentos.ufrrj.br\/dce\/?s={search_term_string}\"},\"query-input\":{\"@type\":\"PropertyValueSpecification\",\"valueRequired\":true,\"valueName\":\"search_term_string\"}}],\"inLanguage\":\"pt-BR\"},{\"@type\":\"Person\",\"@id\":\"https:\/\/departamentos.ufrrj.br\/dce\/#\/schema\/person\/ea797dda83392661c7762d9702b68b5c\",\"name\":\"rubiawegner\",\"image\":{\"@type\":\"ImageObject\",\"inLanguage\":\"pt-BR\",\"@id\":\"https:\/\/departamentos.ufrrj.br\/dce\/#\/schema\/person\/image\/\",\"url\":\"https:\/\/secure.gravatar.com\/avatar\/6455c6d67b946febd7bd31bb2c0d585f?s=96&d=mm&r=g\",\"contentUrl\":\"https:\/\/secure.gravatar.com\/avatar\/6455c6d67b946febd7bd31bb2c0d585f?s=96&d=mm&r=g\",\"caption\":\"rubiawegner\"},\"description\":\"Chamado - ID: 35423 (Rural - Seropedica)\",\"url\":\"https:\/\/departamentos.ufrrj.br\/dce\/author\/rubiawegner\/\"}]}<\/script>\n<!-- \/ Yoast SEO plugin. -->","yoast_head_json":{"title":"Daniel Ribeiro de Oliveira - Departamento Ci\u00eancias Econ\u00f4micas","robots":{"index":"index","follow":"follow","max-snippet":"max-snippet:-1","max-image-preview":"max-image-preview:large","max-video-preview":"max-video-preview:-1"},"canonical":"https:\/\/departamentos.ufrrj.br\/dce\/2024\/10\/08\/daniel-ribeiro-de-oliveira\/","og_locale":"pt_BR","og_type":"article","og_title":"Daniel Ribeiro de Oliveira - Departamento Ci\u00eancias Econ\u00f4micas","og_description":"Bacharel em Ci\u00eancias Econ\u00f4micas (2004) pela Universidade Federal Rural do Rio de Janeiro \u2013 UFRRJ, mestre (2007) e doutor (2011) em Economia [&hellip;]","og_url":"https:\/\/departamentos.ufrrj.br\/dce\/2024\/10\/08\/daniel-ribeiro-de-oliveira\/","og_site_name":"Departamento Ci\u00eancias Econ\u00f4micas","article_published_time":"2024-10-08T19:22:11+00:00","article_modified_time":"2026-03-19T22:33:13+00:00","og_image":[{"width":100,"height":100,"url":"https:\/\/departamentos.ufrrj.br\/dce\/wp-content\/uploads\/sites\/2\/2024\/10\/Daniel-Ribeiro.jpeg","type":"image\/jpeg"}],"author":"rubiawegner","twitter_card":"summary_large_image","twitter_misc":{"Escrito por":"rubiawegner","Est. tempo de leitura":"3 minutos"},"schema":{"@context":"https:\/\/schema.org","@graph":[{"@type":"WebPage","@id":"https:\/\/departamentos.ufrrj.br\/dce\/2024\/10\/08\/daniel-ribeiro-de-oliveira\/","url":"https:\/\/departamentos.ufrrj.br\/dce\/2024\/10\/08\/daniel-ribeiro-de-oliveira\/","name":"Daniel Ribeiro de Oliveira - Departamento Ci\u00eancias Econ\u00f4micas","isPartOf":{"@id":"https:\/\/departamentos.ufrrj.br\/dce\/#website"},"primaryImageOfPage":{"@id":"https:\/\/departamentos.ufrrj.br\/dce\/2024\/10\/08\/daniel-ribeiro-de-oliveira\/#primaryimage"},"image":{"@id":"https:\/\/departamentos.ufrrj.br\/dce\/2024\/10\/08\/daniel-ribeiro-de-oliveira\/#primaryimage"},"thumbnailUrl":"https:\/\/departamentos.ufrrj.br\/dce\/wp-content\/uploads\/sites\/2\/2024\/10\/Daniel-Ribeiro.jpeg","datePublished":"2024-10-08T19:22:11+00:00","dateModified":"2026-03-19T22:33:13+00:00","author":{"@id":"https:\/\/departamentos.ufrrj.br\/dce\/#\/schema\/person\/ea797dda83392661c7762d9702b68b5c"},"breadcrumb":{"@id":"https:\/\/departamentos.ufrrj.br\/dce\/2024\/10\/08\/daniel-ribeiro-de-oliveira\/#breadcrumb"},"inLanguage":"pt-BR","potentialAction":[{"@type":"ReadAction","target":["https:\/\/departamentos.ufrrj.br\/dce\/2024\/10\/08\/daniel-ribeiro-de-oliveira\/"]}]},{"@type":"ImageObject","inLanguage":"pt-BR","@id":"https:\/\/departamentos.ufrrj.br\/dce\/2024\/10\/08\/daniel-ribeiro-de-oliveira\/#primaryimage","url":"https:\/\/departamentos.ufrrj.br\/dce\/wp-content\/uploads\/sites\/2\/2024\/10\/Daniel-Ribeiro.jpeg","contentUrl":"https:\/\/departamentos.ufrrj.br\/dce\/wp-content\/uploads\/sites\/2\/2024\/10\/Daniel-Ribeiro.jpeg","width":100,"height":100},{"@type":"BreadcrumbList","@id":"https:\/\/departamentos.ufrrj.br\/dce\/2024\/10\/08\/daniel-ribeiro-de-oliveira\/#breadcrumb","itemListElement":[{"@type":"ListItem","position":1,"name":"In\u00edcio","item":"https:\/\/departamentos.ufrrj.br\/dce\/"},{"@type":"ListItem","position":2,"name":"Daniel Ribeiro de Oliveira"}]},{"@type":"WebSite","@id":"https:\/\/departamentos.ufrrj.br\/dce\/#website","url":"https:\/\/departamentos.ufrrj.br\/dce\/","name":"Departamento Ci\u00eancias Econ\u00f4micas","description":"","potentialAction":[{"@type":"SearchAction","target":{"@type":"EntryPoint","urlTemplate":"https:\/\/departamentos.ufrrj.br\/dce\/?s={search_term_string}"},"query-input":{"@type":"PropertyValueSpecification","valueRequired":true,"valueName":"search_term_string"}}],"inLanguage":"pt-BR"},{"@type":"Person","@id":"https:\/\/departamentos.ufrrj.br\/dce\/#\/schema\/person\/ea797dda83392661c7762d9702b68b5c","name":"rubiawegner","image":{"@type":"ImageObject","inLanguage":"pt-BR","@id":"https:\/\/departamentos.ufrrj.br\/dce\/#\/schema\/person\/image\/","url":"https:\/\/secure.gravatar.com\/avatar\/6455c6d67b946febd7bd31bb2c0d585f?s=96&d=mm&r=g","contentUrl":"https:\/\/secure.gravatar.com\/avatar\/6455c6d67b946febd7bd31bb2c0d585f?s=96&d=mm&r=g","caption":"rubiawegner"},"description":"Chamado - ID: 35423 (Rural - Seropedica)","url":"https:\/\/departamentos.ufrrj.br\/dce\/author\/rubiawegner\/"}]}},"_links":{"self":[{"href":"https:\/\/departamentos.ufrrj.br\/dce\/wp-json\/wp\/v2\/posts\/122"}],"collection":[{"href":"https:\/\/departamentos.ufrrj.br\/dce\/wp-json\/wp\/v2\/posts"}],"about":[{"href":"https:\/\/departamentos.ufrrj.br\/dce\/wp-json\/wp\/v2\/types\/post"}],"author":[{"embeddable":true,"href":"https:\/\/departamentos.ufrrj.br\/dce\/wp-json\/wp\/v2\/users\/3"}],"replies":[{"embeddable":true,"href":"https:\/\/departamentos.ufrrj.br\/dce\/wp-json\/wp\/v2\/comments?post=122"}],"version-history":[{"count":9,"href":"https:\/\/departamentos.ufrrj.br\/dce\/wp-json\/wp\/v2\/posts\/122\/revisions"}],"predecessor-version":[{"id":693,"href":"https:\/\/departamentos.ufrrj.br\/dce\/wp-json\/wp\/v2\/posts\/122\/revisions\/693"}],"wp:featuredmedia":[{"embeddable":true,"href":"https:\/\/departamentos.ufrrj.br\/dce\/wp-json\/wp\/v2\/media\/181"}],"wp:attachment":[{"href":"https:\/\/departamentos.ufrrj.br\/dce\/wp-json\/wp\/v2\/media?parent=122"}],"wp:term":[{"taxonomy":"category","embeddable":true,"href":"https:\/\/departamentos.ufrrj.br\/dce\/wp-json\/wp\/v2\/categories?post=122"},{"taxonomy":"post_tag","embeddable":true,"href":"https:\/\/departamentos.ufrrj.br\/dce\/wp-json\/wp\/v2\/tags?post=122"}],"curies":[{"name":"wp","href":"https:\/\/api.w.org\/{rel}","templated":true}]}}