{"id":124,"date":"2024-10-08T16:22:43","date_gmt":"2024-10-08T19:22:43","guid":{"rendered":"https:\/\/departamentos.ufrrj.br\/dce\/?p=124"},"modified":"2026-03-19T19:31:58","modified_gmt":"2026-03-19T22:31:58","slug":"debora-mesquita-pimentel","status":"publish","type":"post","link":"https:\/\/departamentos.ufrrj.br\/dce\/2024\/10\/08\/debora-mesquita-pimentel\/","title":{"rendered":"D\u00e9bora Mesquita Pimentel"},"content":{"rendered":"\n<p>Professora Adjunta do Departamento de Ci\u00eancias Econ\u00f4micas da UFRRJ. Graduada em Ci\u00eancias Econ\u00f4micas pela UERJ (2005), Mestre em Estudos Populacionais e Pesquisas Sociais pela Escola Nacional de Ci\u00eancias Estat\u00edsticas (ENCE\/IBGE) (2009), Mestre em Economia pela UFRJ (2013) e Doutora em Economia pela UFRJ (2017). <\/p>\n\n\n\n<p><strong>\u00c1reas de Orienta\u00e7\u00e3o em monografia\/Trabalho de conclus\u00e3o de curso (TCC)<\/strong><\/p>\n\n\n\n<p>Macroeconomia\/Macroeconometria. Temas: pol\u00edtica monet\u00e1ria, pol\u00edtica cambial, infla\u00e7\u00e3o.<\/p>\n\n\n\n<p><strong>Disciplinas recentes de leciona\u00e7\u00e3o em curso de gradua\u00e7\u00e3o<\/strong><\/p>\n\n\n\n<p>IS204 Macroeconomia IV<\/p>\n\n\n\n<p>IS211 Econometria II<\/p>\n\n\n\n<p>IS238 Estudos em Teoria Macroecon\u00f4mica I<\/p>\n\n\n\n<p><strong>Produ\u00e7\u00e3o bibliogr\u00e1fica recente<\/strong><\/p>\n\n\n\n<p>ALVES JUNIOR, ANTONIO JOS\u00c9 ;&nbsp;<strong>PIMENTEL, DEBORA MESQUITA<\/strong>&nbsp;. Ainda h\u00e1 espa\u00e7o para o aumento da concess\u00e3o de cr\u00e9dito \u00e0s fam\u00edlias no Brasil?Is there still room for increasing loans to households in Brazil?. ECONOMIA POL\u00cdTICA DO DESENVOLVIMENTO, v. 15, p. 03-26, 2024. (<a href=\"https:\/\/dialnet.unirioja.es\/servlet\/articulo?codigo=9300542\">Aqui<\/a>)<\/p>\n\n\n\n<p>PIMENTEL, D\u00c9BORA; MODENESI, ANDRE DE MELO . TRANSMISS\u00c3O ASSIM\u00c9TRICA DE CHOQUES DE CUSTOS: UMA AN\u00c1LISE SVAR PARA O BRASIL DURANTE AS METAS DE INFLA\u00c7\u00c3O (1999-2016). REVISTA DE ECONOMIA CONTEMPOR\u00c2NEA, v. 27, p. 1-33, 2023.&nbsp;(<a href=\"https:\/\/cursos.ufrrj.br\/grad\/cienciaseconomicas\/files\/2019\/10\/document.pdf\">Aqui<\/a>)<\/p>\n\n\n\n<p>LEITE, KARLA VANESSA B. S. ; PIMENTEL, D\u00c9BORA MESQUITA . VOLATILIDADE CAMBIAL, EXPECTATIVAS E INFLA\u00c7\u00c3O: UMA AN\u00c1LISE PARA A ECONOMIA BRASILEIRA NO PER\u00cdODO 2001-2017 USANDO A ABORDAGEM SVAR. REVISTA DE ECONOMIA CONTEMPOR\u00c2NEA, v. 25, p. 1, 2021.&nbsp;(<a href=\"https:\/\/cursos.ufrrj.br\/grad\/cienciaseconomicas\/files\/2019\/10\/document2.pdf\">Aqui<\/a>)<\/p>\n\n\n\n<p>SICS\u00da, JO\u00c3O ; de Melo Modenesi, Andre ; PIMENTEL, D\u00c9BORA . Severe recession with inflation: the case of Brazil. JOURNAL OF POST KEYNESIAN ECONOMICS, v. ., p. 1-23, 2020.&nbsp;(<a href=\"https:\/\/cursos.ufrrj.br\/grad\/cienciaseconomicas\/files\/2019\/10\/Sicsu-et-al.pdf\">Aqui<\/a>)<\/p>\n\n\n\n<p><\/p>\n","protected":false},"excerpt":{"rendered":"<p>Professora Adjunta do Departamento de Ci\u00eancias Econ\u00f4micas da UFRRJ. Graduada em Ci\u00eancias Econ\u00f4micas pela UERJ (2005), Mestre em Estudos Populacionais e Pesquisas [&hellip;]<\/p>\n","protected":false},"author":3,"featured_media":185,"comment_status":"open","ping_status":"open","sticky":false,"template":"","format":"standard","meta":{"_acf_changed":false,"footnotes":""},"categories":[6],"tags":[],"class_list":["post-124","post","type-post","status-publish","format-standard","has-post-thumbnail","hentry","category-corpo-docente"],"acf":[],"yoast_head":"<!-- This site is optimized with the Yoast SEO plugin v23.4 - https:\/\/yoast.com\/wordpress\/plugins\/seo\/ -->\n<title>D\u00e9bora Mesquita Pimentel - Departamento Ci\u00eancias Econ\u00f4micas<\/title>\n<meta name=\"robots\" content=\"index, follow, max-snippet:-1, max-image-preview:large, max-video-preview:-1\" \/>\n<link rel=\"canonical\" href=\"https:\/\/departamentos.ufrrj.br\/dce\/2024\/10\/08\/debora-mesquita-pimentel\/\" \/>\n<meta property=\"og:locale\" content=\"pt_BR\" \/>\n<meta property=\"og:type\" content=\"article\" \/>\n<meta property=\"og:title\" content=\"D\u00e9bora Mesquita Pimentel - Departamento Ci\u00eancias Econ\u00f4micas\" \/>\n<meta property=\"og:description\" content=\"Professora Adjunta do Departamento de Ci\u00eancias Econ\u00f4micas da UFRRJ. Graduada em Ci\u00eancias Econ\u00f4micas pela UERJ (2005), Mestre em Estudos Populacionais e Pesquisas [&hellip;]\" \/>\n<meta property=\"og:url\" content=\"https:\/\/departamentos.ufrrj.br\/dce\/2024\/10\/08\/debora-mesquita-pimentel\/\" \/>\n<meta property=\"og:site_name\" content=\"Departamento Ci\u00eancias Econ\u00f4micas\" \/>\n<meta property=\"article:published_time\" content=\"2024-10-08T19:22:43+00:00\" \/>\n<meta property=\"article:modified_time\" content=\"2026-03-19T22:31:58+00:00\" \/>\n<meta property=\"og:image\" content=\"https:\/\/departamentos.ufrrj.br\/dce\/wp-content\/uploads\/sites\/2\/2024\/10\/Debora-Pimentel.jpg\" \/>\n\t<meta property=\"og:image:width\" content=\"100\" \/>\n\t<meta property=\"og:image:height\" content=\"100\" \/>\n\t<meta property=\"og:image:type\" content=\"image\/jpeg\" \/>\n<meta name=\"author\" content=\"rubiawegner\" \/>\n<meta name=\"twitter:card\" content=\"summary_large_image\" \/>\n<meta name=\"twitter:label1\" content=\"Escrito por\" \/>\n\t<meta name=\"twitter:data1\" content=\"rubiawegner\" \/>\n\t<meta name=\"twitter:label2\" content=\"Est. tempo de leitura\" \/>\n\t<meta name=\"twitter:data2\" content=\"2 minutos\" \/>\n<script type=\"application\/ld+json\" class=\"yoast-schema-graph\">{\"@context\":\"https:\/\/schema.org\",\"@graph\":[{\"@type\":\"WebPage\",\"@id\":\"https:\/\/departamentos.ufrrj.br\/dce\/2024\/10\/08\/debora-mesquita-pimentel\/\",\"url\":\"https:\/\/departamentos.ufrrj.br\/dce\/2024\/10\/08\/debora-mesquita-pimentel\/\",\"name\":\"D\u00e9bora Mesquita Pimentel - Departamento Ci\u00eancias Econ\u00f4micas\",\"isPartOf\":{\"@id\":\"https:\/\/departamentos.ufrrj.br\/dce\/#website\"},\"primaryImageOfPage\":{\"@id\":\"https:\/\/departamentos.ufrrj.br\/dce\/2024\/10\/08\/debora-mesquita-pimentel\/#primaryimage\"},\"image\":{\"@id\":\"https:\/\/departamentos.ufrrj.br\/dce\/2024\/10\/08\/debora-mesquita-pimentel\/#primaryimage\"},\"thumbnailUrl\":\"https:\/\/departamentos.ufrrj.br\/dce\/wp-content\/uploads\/sites\/2\/2024\/10\/Debora-Pimentel.jpg\",\"datePublished\":\"2024-10-08T19:22:43+00:00\",\"dateModified\":\"2026-03-19T22:31:58+00:00\",\"author\":{\"@id\":\"https:\/\/departamentos.ufrrj.br\/dce\/#\/schema\/person\/ea797dda83392661c7762d9702b68b5c\"},\"breadcrumb\":{\"@id\":\"https:\/\/departamentos.ufrrj.br\/dce\/2024\/10\/08\/debora-mesquita-pimentel\/#breadcrumb\"},\"inLanguage\":\"pt-BR\",\"potentialAction\":[{\"@type\":\"ReadAction\",\"target\":[\"https:\/\/departamentos.ufrrj.br\/dce\/2024\/10\/08\/debora-mesquita-pimentel\/\"]}]},{\"@type\":\"ImageObject\",\"inLanguage\":\"pt-BR\",\"@id\":\"https:\/\/departamentos.ufrrj.br\/dce\/2024\/10\/08\/debora-mesquita-pimentel\/#primaryimage\",\"url\":\"https:\/\/departamentos.ufrrj.br\/dce\/wp-content\/uploads\/sites\/2\/2024\/10\/Debora-Pimentel.jpg\",\"contentUrl\":\"https:\/\/departamentos.ufrrj.br\/dce\/wp-content\/uploads\/sites\/2\/2024\/10\/Debora-Pimentel.jpg\",\"width\":100,\"height\":100},{\"@type\":\"BreadcrumbList\",\"@id\":\"https:\/\/departamentos.ufrrj.br\/dce\/2024\/10\/08\/debora-mesquita-pimentel\/#breadcrumb\",\"itemListElement\":[{\"@type\":\"ListItem\",\"position\":1,\"name\":\"In\u00edcio\",\"item\":\"https:\/\/departamentos.ufrrj.br\/dce\/\"},{\"@type\":\"ListItem\",\"position\":2,\"name\":\"D\u00e9bora Mesquita Pimentel\"}]},{\"@type\":\"WebSite\",\"@id\":\"https:\/\/departamentos.ufrrj.br\/dce\/#website\",\"url\":\"https:\/\/departamentos.ufrrj.br\/dce\/\",\"name\":\"Departamento Ci\u00eancias Econ\u00f4micas\",\"description\":\"\",\"potentialAction\":[{\"@type\":\"SearchAction\",\"target\":{\"@type\":\"EntryPoint\",\"urlTemplate\":\"https:\/\/departamentos.ufrrj.br\/dce\/?s={search_term_string}\"},\"query-input\":{\"@type\":\"PropertyValueSpecification\",\"valueRequired\":true,\"valueName\":\"search_term_string\"}}],\"inLanguage\":\"pt-BR\"},{\"@type\":\"Person\",\"@id\":\"https:\/\/departamentos.ufrrj.br\/dce\/#\/schema\/person\/ea797dda83392661c7762d9702b68b5c\",\"name\":\"rubiawegner\",\"image\":{\"@type\":\"ImageObject\",\"inLanguage\":\"pt-BR\",\"@id\":\"https:\/\/departamentos.ufrrj.br\/dce\/#\/schema\/person\/image\/\",\"url\":\"https:\/\/secure.gravatar.com\/avatar\/6455c6d67b946febd7bd31bb2c0d585f?s=96&d=mm&r=g\",\"contentUrl\":\"https:\/\/secure.gravatar.com\/avatar\/6455c6d67b946febd7bd31bb2c0d585f?s=96&d=mm&r=g\",\"caption\":\"rubiawegner\"},\"description\":\"Chamado - ID: 35423 (Rural - Seropedica)\",\"url\":\"https:\/\/departamentos.ufrrj.br\/dce\/author\/rubiawegner\/\"}]}<\/script>\n<!-- \/ Yoast SEO plugin. -->","yoast_head_json":{"title":"D\u00e9bora Mesquita Pimentel - Departamento Ci\u00eancias Econ\u00f4micas","robots":{"index":"index","follow":"follow","max-snippet":"max-snippet:-1","max-image-preview":"max-image-preview:large","max-video-preview":"max-video-preview:-1"},"canonical":"https:\/\/departamentos.ufrrj.br\/dce\/2024\/10\/08\/debora-mesquita-pimentel\/","og_locale":"pt_BR","og_type":"article","og_title":"D\u00e9bora Mesquita Pimentel - Departamento Ci\u00eancias Econ\u00f4micas","og_description":"Professora Adjunta do Departamento de Ci\u00eancias Econ\u00f4micas da UFRRJ. Graduada em Ci\u00eancias Econ\u00f4micas pela UERJ (2005), Mestre em Estudos Populacionais e Pesquisas [&hellip;]","og_url":"https:\/\/departamentos.ufrrj.br\/dce\/2024\/10\/08\/debora-mesquita-pimentel\/","og_site_name":"Departamento Ci\u00eancias Econ\u00f4micas","article_published_time":"2024-10-08T19:22:43+00:00","article_modified_time":"2026-03-19T22:31:58+00:00","og_image":[{"width":100,"height":100,"url":"https:\/\/departamentos.ufrrj.br\/dce\/wp-content\/uploads\/sites\/2\/2024\/10\/Debora-Pimentel.jpg","type":"image\/jpeg"}],"author":"rubiawegner","twitter_card":"summary_large_image","twitter_misc":{"Escrito por":"rubiawegner","Est. tempo de leitura":"2 minutos"},"schema":{"@context":"https:\/\/schema.org","@graph":[{"@type":"WebPage","@id":"https:\/\/departamentos.ufrrj.br\/dce\/2024\/10\/08\/debora-mesquita-pimentel\/","url":"https:\/\/departamentos.ufrrj.br\/dce\/2024\/10\/08\/debora-mesquita-pimentel\/","name":"D\u00e9bora Mesquita Pimentel - Departamento Ci\u00eancias Econ\u00f4micas","isPartOf":{"@id":"https:\/\/departamentos.ufrrj.br\/dce\/#website"},"primaryImageOfPage":{"@id":"https:\/\/departamentos.ufrrj.br\/dce\/2024\/10\/08\/debora-mesquita-pimentel\/#primaryimage"},"image":{"@id":"https:\/\/departamentos.ufrrj.br\/dce\/2024\/10\/08\/debora-mesquita-pimentel\/#primaryimage"},"thumbnailUrl":"https:\/\/departamentos.ufrrj.br\/dce\/wp-content\/uploads\/sites\/2\/2024\/10\/Debora-Pimentel.jpg","datePublished":"2024-10-08T19:22:43+00:00","dateModified":"2026-03-19T22:31:58+00:00","author":{"@id":"https:\/\/departamentos.ufrrj.br\/dce\/#\/schema\/person\/ea797dda83392661c7762d9702b68b5c"},"breadcrumb":{"@id":"https:\/\/departamentos.ufrrj.br\/dce\/2024\/10\/08\/debora-mesquita-pimentel\/#breadcrumb"},"inLanguage":"pt-BR","potentialAction":[{"@type":"ReadAction","target":["https:\/\/departamentos.ufrrj.br\/dce\/2024\/10\/08\/debora-mesquita-pimentel\/"]}]},{"@type":"ImageObject","inLanguage":"pt-BR","@id":"https:\/\/departamentos.ufrrj.br\/dce\/2024\/10\/08\/debora-mesquita-pimentel\/#primaryimage","url":"https:\/\/departamentos.ufrrj.br\/dce\/wp-content\/uploads\/sites\/2\/2024\/10\/Debora-Pimentel.jpg","contentUrl":"https:\/\/departamentos.ufrrj.br\/dce\/wp-content\/uploads\/sites\/2\/2024\/10\/Debora-Pimentel.jpg","width":100,"height":100},{"@type":"BreadcrumbList","@id":"https:\/\/departamentos.ufrrj.br\/dce\/2024\/10\/08\/debora-mesquita-pimentel\/#breadcrumb","itemListElement":[{"@type":"ListItem","position":1,"name":"In\u00edcio","item":"https:\/\/departamentos.ufrrj.br\/dce\/"},{"@type":"ListItem","position":2,"name":"D\u00e9bora Mesquita Pimentel"}]},{"@type":"WebSite","@id":"https:\/\/departamentos.ufrrj.br\/dce\/#website","url":"https:\/\/departamentos.ufrrj.br\/dce\/","name":"Departamento Ci\u00eancias Econ\u00f4micas","description":"","potentialAction":[{"@type":"SearchAction","target":{"@type":"EntryPoint","urlTemplate":"https:\/\/departamentos.ufrrj.br\/dce\/?s={search_term_string}"},"query-input":{"@type":"PropertyValueSpecification","valueRequired":true,"valueName":"search_term_string"}}],"inLanguage":"pt-BR"},{"@type":"Person","@id":"https:\/\/departamentos.ufrrj.br\/dce\/#\/schema\/person\/ea797dda83392661c7762d9702b68b5c","name":"rubiawegner","image":{"@type":"ImageObject","inLanguage":"pt-BR","@id":"https:\/\/departamentos.ufrrj.br\/dce\/#\/schema\/person\/image\/","url":"https:\/\/secure.gravatar.com\/avatar\/6455c6d67b946febd7bd31bb2c0d585f?s=96&d=mm&r=g","contentUrl":"https:\/\/secure.gravatar.com\/avatar\/6455c6d67b946febd7bd31bb2c0d585f?s=96&d=mm&r=g","caption":"rubiawegner"},"description":"Chamado - ID: 35423 (Rural - Seropedica)","url":"https:\/\/departamentos.ufrrj.br\/dce\/author\/rubiawegner\/"}]}},"_links":{"self":[{"href":"https:\/\/departamentos.ufrrj.br\/dce\/wp-json\/wp\/v2\/posts\/124"}],"collection":[{"href":"https:\/\/departamentos.ufrrj.br\/dce\/wp-json\/wp\/v2\/posts"}],"about":[{"href":"https:\/\/departamentos.ufrrj.br\/dce\/wp-json\/wp\/v2\/types\/post"}],"author":[{"embeddable":true,"href":"https:\/\/departamentos.ufrrj.br\/dce\/wp-json\/wp\/v2\/users\/3"}],"replies":[{"embeddable":true,"href":"https:\/\/departamentos.ufrrj.br\/dce\/wp-json\/wp\/v2\/comments?post=124"}],"version-history":[{"count":9,"href":"https:\/\/departamentos.ufrrj.br\/dce\/wp-json\/wp\/v2\/posts\/124\/revisions"}],"predecessor-version":[{"id":692,"href":"https:\/\/departamentos.ufrrj.br\/dce\/wp-json\/wp\/v2\/posts\/124\/revisions\/692"}],"wp:featuredmedia":[{"embeddable":true,"href":"https:\/\/departamentos.ufrrj.br\/dce\/wp-json\/wp\/v2\/media\/185"}],"wp:attachment":[{"href":"https:\/\/departamentos.ufrrj.br\/dce\/wp-json\/wp\/v2\/media?parent=124"}],"wp:term":[{"taxonomy":"category","embeddable":true,"href":"https:\/\/departamentos.ufrrj.br\/dce\/wp-json\/wp\/v2\/categories?post=124"},{"taxonomy":"post_tag","embeddable":true,"href":"https:\/\/departamentos.ufrrj.br\/dce\/wp-json\/wp\/v2\/tags?post=124"}],"curies":[{"name":"wp","href":"https:\/\/api.w.org\/{rel}","templated":true}]}}