{"id":132,"date":"2024-10-08T16:25:36","date_gmt":"2024-10-08T19:25:36","guid":{"rendered":"https:\/\/departamentos.ufrrj.br\/dce\/?p=132"},"modified":"2026-03-19T19:26:29","modified_gmt":"2026-03-19T22:26:29","slug":"joilson-de-assis-cabral","status":"publish","type":"post","link":"https:\/\/departamentos.ufrrj.br\/dce\/2024\/10\/08\/joilson-de-assis-cabral\/","title":{"rendered":"Joilson de Assis Cabral"},"content":{"rendered":"\n<p>Graduado em Ci\u00eancias Econ\u00f4micas pela Universidade Federal Rural do Rio de Janeiro (2009), Mestre em Economia Aplicada pela Universidade Federal de Juiz de Fora (2010) e Doutor e P\u00f3s-doutor na \u00e1rea de M\u00e9todos Quantitativos no Programa de Planejamento Energ\u00e9tico da COPPE\/UFRJ (2017 e 2020). \u00c9 professor Associado do departamento de Ci\u00eancias Econ\u00f4micas.<\/p>\n\n\n\n<p><strong>\u00c1reas de Orienta\u00e7\u00e3o em monografia\/Trabalho de Conclus\u00e3o de curso<\/strong><\/p>\n\n\n\n<p>Economia da energia; avalia\u00e7\u00e3o de pol\u00edticas p\u00fablicas; economia regional e urbana; economia da sa\u00fade.<\/p>\n\n\n\n<p><strong>Disciplinas em leciona\u00e7\u00e3o em curso de gradua\u00e7\u00e3o<\/strong><\/p>\n\n\n\n<p>IH713 M\u00e9todos de An\u00e1lise Regional<\/p>\n\n\n\n<p>IS211 Econometria I<\/p>\n\n\n\n<p><strong>Produ\u00e7\u00e3o bibliogr\u00e1fica recente<\/strong><\/p>\n\n\n\n<p>INVERNICI, M. M. A. ; LEAL, D. C. A. N. ; SILVA, M. L. ;\u00a0<strong>CABRAL, JOILSON DE ASSIS<\/strong>\u00a0. AN\u00c1LISE DA CONCENTRA\u00c7\u00c3O PRODUTIVA DO SUDESTE BRASILEIRO. CADERNOS DO DESENVOLVIMENTO FLUMINENSE, v. 29, p. 301-319, 2025. (<a href=\"https:\/\/www.e-publicacoes.uerj.br\/cdf\/article\/view\/89520\">Aqui<\/a>)<\/p>\n\n\n\n<p>SANTOS, T. ;\u00a0<strong>CABRAL, JOILSON DE ASSIS<\/strong>\u00a0; SANTOS, M. A. ; LIMA, P. V. S. Rio de Janeiro\u2019s ocean economy as a key vector for sustainable development in Brazil. MARINE POLICY<sup><img decoding=\"async\" src=\"http:\/\/buscatextual.cnpq.br\/buscatextual\/images\/curriculo\/jcr.gif\"><\/sup>, v. 159, p. 105876, 2024. (<a href=\"https:\/\/www.sciencedirect.com\/science\/article\/abs\/pii\/S0308597X23004098\">Aqui<\/a>)<\/p>\n\n\n\n<p>CARDOSO DE MENDON\u00c7A, M\u00c1RIO JORGE ; PEREIRA JR, AMARO OLIMPIO ; GOMES T\u00c1VORA MAIA, RODRIGO ;&nbsp;<strong>De Assis Cabral, Joilson<\/strong>&nbsp;. Electricity consumption forecasting in Brazil: A structural Bayesian dynamic approach. Energy Sources Part B-Economics Planning and Policy<sup><img decoding=\"async\" src=\"http:\/\/buscatextual.cnpq.br\/buscatextual\/images\/curriculo\/jcr.gif\"><\/sup>, v. 19, p. 2422514, 2024. (<a href=\"https:\/\/www.tandfonline.com\/doi\/full\/10.1080\/15567249.2024.2422514\">Aqui<\/a>)<\/p>\n\n\n\n<p>CUNHA, G. C. ; SOUZA, G. J. G. E. ; TESSMANN, M. S. ; CABRAL, JOILSON DE ASSIS ; MAGALHAES, L. A. F. . Estimating the Importance of Civil Construction for the Brazilian Economy Through Hypothetical Extraction of the Input-Output Matrix. Applied Economics and Finance, v. 10, p. 1, 2023.&nbsp;(<a href=\"https:\/\/cursos.ufrrj.br\/grad\/cienciaseconomicas\/files\/2018\/01\/6241-24316-1-PB.pdf\">Aqui<\/a>)<\/p>\n\n\n\n<p>SANTOS, T. ; CABRAL, JOILSON DE ASSIS ; SANTOS, M. A. ; LIMA, P. V. S. . Economia do Mar como Vetor de Desenvolvimento Socioecon\u00f4mico do Estado do Rio de Janeiro. CADERNOS DO DESENVOLVIMENTO FLUMINENSE, v. X, p. 15, 2023.&nbsp;(<a href=\"https:\/\/cursos.ufrrj.br\/grad\/cienciaseconomicas\/files\/2018\/01\/eco-mar-joilson.pdf\">Aqui<\/a>)<\/p>\n\n\n\n<p>CABRAL, JOILSON DE ASSIS; NESTOR, MELQUISEDEC ; CABRAL, MARIA VIVIANA ; SANTOS, MATHEUS ; LIMA, PAULO VITOR DOS SANTOS . Tax incentives and regional development: the case of the Fluminense Metal-Mechanical Pole. CONCILIUM (ENGLISH LANGUAGE EDITION), v. 23, p. 753-780, 2023.&nbsp;(<a href=\"https:\/\/cursos.ufrrj.br\/grad\/cienciaseconomicas\/files\/2018\/01\/incentivos-fiscais-melk-joilson.pdf\">Aqui<\/a>)<\/p>\n","protected":false},"excerpt":{"rendered":"<p>Graduado em Ci\u00eancias Econ\u00f4micas pela Universidade Federal Rural do Rio de Janeiro (2009), Mestre em Economia Aplicada pela Universidade Federal de Juiz [&hellip;]<\/p>\n","protected":false},"author":3,"featured_media":193,"comment_status":"open","ping_status":"open","sticky":false,"template":"","format":"standard","meta":{"_acf_changed":false,"footnotes":""},"categories":[6],"tags":[],"class_list":["post-132","post","type-post","status-publish","format-standard","has-post-thumbnail","hentry","category-corpo-docente"],"acf":[],"yoast_head":"<!-- This site is optimized with the Yoast SEO plugin v23.4 - https:\/\/yoast.com\/wordpress\/plugins\/seo\/ -->\n<title>Joilson de Assis Cabral - Departamento Ci\u00eancias Econ\u00f4micas<\/title>\n<meta name=\"robots\" content=\"index, follow, max-snippet:-1, max-image-preview:large, max-video-preview:-1\" \/>\n<link rel=\"canonical\" href=\"https:\/\/departamentos.ufrrj.br\/dce\/2024\/10\/08\/joilson-de-assis-cabral\/\" \/>\n<meta property=\"og:locale\" content=\"pt_BR\" \/>\n<meta property=\"og:type\" content=\"article\" \/>\n<meta property=\"og:title\" content=\"Joilson de Assis Cabral - Departamento Ci\u00eancias Econ\u00f4micas\" \/>\n<meta property=\"og:description\" content=\"Graduado em Ci\u00eancias Econ\u00f4micas pela Universidade Federal Rural do Rio de Janeiro (2009), Mestre em Economia Aplicada pela Universidade Federal de Juiz [&hellip;]\" \/>\n<meta property=\"og:url\" content=\"https:\/\/departamentos.ufrrj.br\/dce\/2024\/10\/08\/joilson-de-assis-cabral\/\" \/>\n<meta property=\"og:site_name\" content=\"Departamento Ci\u00eancias Econ\u00f4micas\" \/>\n<meta property=\"article:published_time\" content=\"2024-10-08T19:25:36+00:00\" \/>\n<meta property=\"article:modified_time\" content=\"2026-03-19T22:26:29+00:00\" \/>\n<meta property=\"og:image\" content=\"https:\/\/departamentos.ufrrj.br\/dce\/wp-content\/uploads\/sites\/2\/2024\/10\/Joilson-Cabral.jpg\" \/>\n\t<meta property=\"og:image:width\" content=\"100\" \/>\n\t<meta property=\"og:image:height\" content=\"100\" \/>\n\t<meta property=\"og:image:type\" content=\"image\/jpeg\" \/>\n<meta name=\"author\" content=\"rubiawegner\" \/>\n<meta name=\"twitter:card\" content=\"summary_large_image\" \/>\n<meta name=\"twitter:label1\" content=\"Escrito por\" \/>\n\t<meta name=\"twitter:data1\" content=\"rubiawegner\" \/>\n\t<meta name=\"twitter:label2\" content=\"Est. tempo de leitura\" \/>\n\t<meta name=\"twitter:data2\" content=\"3 minutos\" \/>\n<script type=\"application\/ld+json\" class=\"yoast-schema-graph\">{\"@context\":\"https:\/\/schema.org\",\"@graph\":[{\"@type\":\"WebPage\",\"@id\":\"https:\/\/departamentos.ufrrj.br\/dce\/2024\/10\/08\/joilson-de-assis-cabral\/\",\"url\":\"https:\/\/departamentos.ufrrj.br\/dce\/2024\/10\/08\/joilson-de-assis-cabral\/\",\"name\":\"Joilson de Assis Cabral - Departamento Ci\u00eancias Econ\u00f4micas\",\"isPartOf\":{\"@id\":\"https:\/\/departamentos.ufrrj.br\/dce\/#website\"},\"primaryImageOfPage\":{\"@id\":\"https:\/\/departamentos.ufrrj.br\/dce\/2024\/10\/08\/joilson-de-assis-cabral\/#primaryimage\"},\"image\":{\"@id\":\"https:\/\/departamentos.ufrrj.br\/dce\/2024\/10\/08\/joilson-de-assis-cabral\/#primaryimage\"},\"thumbnailUrl\":\"https:\/\/departamentos.ufrrj.br\/dce\/wp-content\/uploads\/sites\/2\/2024\/10\/Joilson-Cabral.jpg\",\"datePublished\":\"2024-10-08T19:25:36+00:00\",\"dateModified\":\"2026-03-19T22:26:29+00:00\",\"author\":{\"@id\":\"https:\/\/departamentos.ufrrj.br\/dce\/#\/schema\/person\/ea797dda83392661c7762d9702b68b5c\"},\"breadcrumb\":{\"@id\":\"https:\/\/departamentos.ufrrj.br\/dce\/2024\/10\/08\/joilson-de-assis-cabral\/#breadcrumb\"},\"inLanguage\":\"pt-BR\",\"potentialAction\":[{\"@type\":\"ReadAction\",\"target\":[\"https:\/\/departamentos.ufrrj.br\/dce\/2024\/10\/08\/joilson-de-assis-cabral\/\"]}]},{\"@type\":\"ImageObject\",\"inLanguage\":\"pt-BR\",\"@id\":\"https:\/\/departamentos.ufrrj.br\/dce\/2024\/10\/08\/joilson-de-assis-cabral\/#primaryimage\",\"url\":\"https:\/\/departamentos.ufrrj.br\/dce\/wp-content\/uploads\/sites\/2\/2024\/10\/Joilson-Cabral.jpg\",\"contentUrl\":\"https:\/\/departamentos.ufrrj.br\/dce\/wp-content\/uploads\/sites\/2\/2024\/10\/Joilson-Cabral.jpg\",\"width\":100,\"height\":100},{\"@type\":\"BreadcrumbList\",\"@id\":\"https:\/\/departamentos.ufrrj.br\/dce\/2024\/10\/08\/joilson-de-assis-cabral\/#breadcrumb\",\"itemListElement\":[{\"@type\":\"ListItem\",\"position\":1,\"name\":\"In\u00edcio\",\"item\":\"https:\/\/departamentos.ufrrj.br\/dce\/\"},{\"@type\":\"ListItem\",\"position\":2,\"name\":\"Joilson de Assis Cabral\"}]},{\"@type\":\"WebSite\",\"@id\":\"https:\/\/departamentos.ufrrj.br\/dce\/#website\",\"url\":\"https:\/\/departamentos.ufrrj.br\/dce\/\",\"name\":\"Departamento Ci\u00eancias Econ\u00f4micas\",\"description\":\"\",\"potentialAction\":[{\"@type\":\"SearchAction\",\"target\":{\"@type\":\"EntryPoint\",\"urlTemplate\":\"https:\/\/departamentos.ufrrj.br\/dce\/?s={search_term_string}\"},\"query-input\":{\"@type\":\"PropertyValueSpecification\",\"valueRequired\":true,\"valueName\":\"search_term_string\"}}],\"inLanguage\":\"pt-BR\"},{\"@type\":\"Person\",\"@id\":\"https:\/\/departamentos.ufrrj.br\/dce\/#\/schema\/person\/ea797dda83392661c7762d9702b68b5c\",\"name\":\"rubiawegner\",\"image\":{\"@type\":\"ImageObject\",\"inLanguage\":\"pt-BR\",\"@id\":\"https:\/\/departamentos.ufrrj.br\/dce\/#\/schema\/person\/image\/\",\"url\":\"https:\/\/secure.gravatar.com\/avatar\/6455c6d67b946febd7bd31bb2c0d585f?s=96&d=mm&r=g\",\"contentUrl\":\"https:\/\/secure.gravatar.com\/avatar\/6455c6d67b946febd7bd31bb2c0d585f?s=96&d=mm&r=g\",\"caption\":\"rubiawegner\"},\"description\":\"Chamado - ID: 35423 (Rural - Seropedica)\",\"url\":\"https:\/\/departamentos.ufrrj.br\/dce\/author\/rubiawegner\/\"}]}<\/script>\n<!-- \/ Yoast SEO plugin. -->","yoast_head_json":{"title":"Joilson de Assis Cabral - Departamento Ci\u00eancias Econ\u00f4micas","robots":{"index":"index","follow":"follow","max-snippet":"max-snippet:-1","max-image-preview":"max-image-preview:large","max-video-preview":"max-video-preview:-1"},"canonical":"https:\/\/departamentos.ufrrj.br\/dce\/2024\/10\/08\/joilson-de-assis-cabral\/","og_locale":"pt_BR","og_type":"article","og_title":"Joilson de Assis Cabral - Departamento Ci\u00eancias Econ\u00f4micas","og_description":"Graduado em Ci\u00eancias Econ\u00f4micas pela Universidade Federal Rural do Rio de Janeiro (2009), Mestre em Economia Aplicada pela Universidade Federal de Juiz [&hellip;]","og_url":"https:\/\/departamentos.ufrrj.br\/dce\/2024\/10\/08\/joilson-de-assis-cabral\/","og_site_name":"Departamento Ci\u00eancias Econ\u00f4micas","article_published_time":"2024-10-08T19:25:36+00:00","article_modified_time":"2026-03-19T22:26:29+00:00","og_image":[{"width":100,"height":100,"url":"https:\/\/departamentos.ufrrj.br\/dce\/wp-content\/uploads\/sites\/2\/2024\/10\/Joilson-Cabral.jpg","type":"image\/jpeg"}],"author":"rubiawegner","twitter_card":"summary_large_image","twitter_misc":{"Escrito por":"rubiawegner","Est. tempo de leitura":"3 minutos"},"schema":{"@context":"https:\/\/schema.org","@graph":[{"@type":"WebPage","@id":"https:\/\/departamentos.ufrrj.br\/dce\/2024\/10\/08\/joilson-de-assis-cabral\/","url":"https:\/\/departamentos.ufrrj.br\/dce\/2024\/10\/08\/joilson-de-assis-cabral\/","name":"Joilson de Assis Cabral - Departamento Ci\u00eancias Econ\u00f4micas","isPartOf":{"@id":"https:\/\/departamentos.ufrrj.br\/dce\/#website"},"primaryImageOfPage":{"@id":"https:\/\/departamentos.ufrrj.br\/dce\/2024\/10\/08\/joilson-de-assis-cabral\/#primaryimage"},"image":{"@id":"https:\/\/departamentos.ufrrj.br\/dce\/2024\/10\/08\/joilson-de-assis-cabral\/#primaryimage"},"thumbnailUrl":"https:\/\/departamentos.ufrrj.br\/dce\/wp-content\/uploads\/sites\/2\/2024\/10\/Joilson-Cabral.jpg","datePublished":"2024-10-08T19:25:36+00:00","dateModified":"2026-03-19T22:26:29+00:00","author":{"@id":"https:\/\/departamentos.ufrrj.br\/dce\/#\/schema\/person\/ea797dda83392661c7762d9702b68b5c"},"breadcrumb":{"@id":"https:\/\/departamentos.ufrrj.br\/dce\/2024\/10\/08\/joilson-de-assis-cabral\/#breadcrumb"},"inLanguage":"pt-BR","potentialAction":[{"@type":"ReadAction","target":["https:\/\/departamentos.ufrrj.br\/dce\/2024\/10\/08\/joilson-de-assis-cabral\/"]}]},{"@type":"ImageObject","inLanguage":"pt-BR","@id":"https:\/\/departamentos.ufrrj.br\/dce\/2024\/10\/08\/joilson-de-assis-cabral\/#primaryimage","url":"https:\/\/departamentos.ufrrj.br\/dce\/wp-content\/uploads\/sites\/2\/2024\/10\/Joilson-Cabral.jpg","contentUrl":"https:\/\/departamentos.ufrrj.br\/dce\/wp-content\/uploads\/sites\/2\/2024\/10\/Joilson-Cabral.jpg","width":100,"height":100},{"@type":"BreadcrumbList","@id":"https:\/\/departamentos.ufrrj.br\/dce\/2024\/10\/08\/joilson-de-assis-cabral\/#breadcrumb","itemListElement":[{"@type":"ListItem","position":1,"name":"In\u00edcio","item":"https:\/\/departamentos.ufrrj.br\/dce\/"},{"@type":"ListItem","position":2,"name":"Joilson de Assis Cabral"}]},{"@type":"WebSite","@id":"https:\/\/departamentos.ufrrj.br\/dce\/#website","url":"https:\/\/departamentos.ufrrj.br\/dce\/","name":"Departamento Ci\u00eancias Econ\u00f4micas","description":"","potentialAction":[{"@type":"SearchAction","target":{"@type":"EntryPoint","urlTemplate":"https:\/\/departamentos.ufrrj.br\/dce\/?s={search_term_string}"},"query-input":{"@type":"PropertyValueSpecification","valueRequired":true,"valueName":"search_term_string"}}],"inLanguage":"pt-BR"},{"@type":"Person","@id":"https:\/\/departamentos.ufrrj.br\/dce\/#\/schema\/person\/ea797dda83392661c7762d9702b68b5c","name":"rubiawegner","image":{"@type":"ImageObject","inLanguage":"pt-BR","@id":"https:\/\/departamentos.ufrrj.br\/dce\/#\/schema\/person\/image\/","url":"https:\/\/secure.gravatar.com\/avatar\/6455c6d67b946febd7bd31bb2c0d585f?s=96&d=mm&r=g","contentUrl":"https:\/\/secure.gravatar.com\/avatar\/6455c6d67b946febd7bd31bb2c0d585f?s=96&d=mm&r=g","caption":"rubiawegner"},"description":"Chamado - ID: 35423 (Rural - Seropedica)","url":"https:\/\/departamentos.ufrrj.br\/dce\/author\/rubiawegner\/"}]}},"_links":{"self":[{"href":"https:\/\/departamentos.ufrrj.br\/dce\/wp-json\/wp\/v2\/posts\/132"}],"collection":[{"href":"https:\/\/departamentos.ufrrj.br\/dce\/wp-json\/wp\/v2\/posts"}],"about":[{"href":"https:\/\/departamentos.ufrrj.br\/dce\/wp-json\/wp\/v2\/types\/post"}],"author":[{"embeddable":true,"href":"https:\/\/departamentos.ufrrj.br\/dce\/wp-json\/wp\/v2\/users\/3"}],"replies":[{"embeddable":true,"href":"https:\/\/departamentos.ufrrj.br\/dce\/wp-json\/wp\/v2\/comments?post=132"}],"version-history":[{"count":7,"href":"https:\/\/departamentos.ufrrj.br\/dce\/wp-json\/wp\/v2\/posts\/132\/revisions"}],"predecessor-version":[{"id":686,"href":"https:\/\/departamentos.ufrrj.br\/dce\/wp-json\/wp\/v2\/posts\/132\/revisions\/686"}],"wp:featuredmedia":[{"embeddable":true,"href":"https:\/\/departamentos.ufrrj.br\/dce\/wp-json\/wp\/v2\/media\/193"}],"wp:attachment":[{"href":"https:\/\/departamentos.ufrrj.br\/dce\/wp-json\/wp\/v2\/media?parent=132"}],"wp:term":[{"taxonomy":"category","embeddable":true,"href":"https:\/\/departamentos.ufrrj.br\/dce\/wp-json\/wp\/v2\/categories?post=132"},{"taxonomy":"post_tag","embeddable":true,"href":"https:\/\/departamentos.ufrrj.br\/dce\/wp-json\/wp\/v2\/tags?post=132"}],"curies":[{"name":"wp","href":"https:\/\/api.w.org\/{rel}","templated":true}]}}