{"id":134,"date":"2024-10-08T16:26:36","date_gmt":"2024-10-08T19:26:36","guid":{"rendered":"https:\/\/departamentos.ufrrj.br\/dce\/?p=134"},"modified":"2026-03-19T19:24:45","modified_gmt":"2026-03-19T22:24:45","slug":"jose-antonio-de-souza-veiga","status":"publish","type":"post","link":"https:\/\/departamentos.ufrrj.br\/dce\/2024\/10\/08\/jose-antonio-de-souza-veiga\/","title":{"rendered":"Jos\u00e9 Ant\u00f4nio de Souza Veiga"},"content":{"rendered":"\n<p>Graduado em Ci\u00eancias Econ\u00f4micas pela Universidade Federal Rural do Rio de Janeiro (1976), graduado em Administra\u00e7\u00e3o pelo Centro Universit\u00e1rio Moacyr Sreder Bastos (1979), mestre em Economia Empresarial pela Universidade C\u00e2ndido Mendes (1995) e doutor em Educa\u00e7\u00e3o pela Universidade Metodista de Piracicaba (2012). Foi Reitor da Universidade Federal Rural do Rio de Janeiro por dois mandatos consecutivos (1997 a 2005). \u00c9 professor titular do departamento de Ci\u00eancias Econ\u00f4micas.<\/p>\n\n\n\n<p><strong>\u00c1reas de Orienta\u00e7\u00e3o em monografia\/Trabalho de conclus\u00e3o de curso (TCC)<\/strong><\/p>\n\n\n\n<p>Mercado financeiro. Economia Brasileira. Assuntos econ\u00f4micos de Serop\u00e9dica. Cadeias produtivas agr\u00edcolas. Pol\u00edticas p\u00fablicas educacionais.<\/p>\n\n\n\n<p><strong>Disciplinas recentes de leciona\u00e7\u00e3o em curso de gradua\u00e7\u00e3o<\/strong><\/p>\n\n\n\n<p>IH 222 Introdu\u00e7\u00e3o \u00e0 Economia I<\/p>\n\n\n\n<p>IH296 Fundamentos de Microeconomia<\/p>\n\n\n\n<p><strong>Produ\u00e7\u00e3o bibliogr\u00e1fica recente<\/strong><\/p>\n\n\n\n<p>VEIGA, J. A. S.. O Ensino Superior Agr\u00edcola Subordinado ao Minist\u00e9rio da Agricultura: Legisla\u00e7\u00e3o Espec\u00edfica e Aspectos Relevantes. 1. ed. Serop\u00e9dica: EDUR \u2013 Editora da Universidade Federal Rural do Rio de Janeiro, 2015. v. 1. 118p .<\/p>\n\n\n\n<p>VEIGA, J.A.S.. A Origem do Ensino Superior Agr\u00edcola Subordinado ao Minist\u00e9rio da Agricultura. REVISTA COMUNICA\u00c7\u00d5ES, v. 17, p. 7-20, 2010.<\/p>\n\n\n\n<p>VEIGA, J. L. B. C. ; VEIGA, J. A. S. ; VEIGA, A. L. B. C. . COMPORTAMENTO DAS A\u00c7\u00d5ES DAS COMPANHIAS SIDER\u00daRGICAS DESESTATIZADAS: PER\u00cdODO 2000 A 2002. In: Encontro Nacional de Engenharia de Produ\u00e7\u00e3o, 2008, Rio de Janeiro. Anais do XXVIII Encontro Nacional de Engenharia de Produ\u00e7\u00e3o, 2008. v. 28.<\/p>\n","protected":false},"excerpt":{"rendered":"<p>Graduado em Ci\u00eancias Econ\u00f4micas pela Universidade Federal Rural do Rio de Janeiro (1976), graduado em Administra\u00e7\u00e3o pelo Centro Universit\u00e1rio Moacyr Sreder Bastos [&hellip;]<\/p>\n","protected":false},"author":3,"featured_media":0,"comment_status":"open","ping_status":"open","sticky":false,"template":"","format":"standard","meta":{"_acf_changed":false,"footnotes":""},"categories":[6],"tags":[],"class_list":["post-134","post","type-post","status-publish","format-standard","hentry","category-corpo-docente"],"acf":[],"yoast_head":"<!-- This site is optimized with the Yoast SEO plugin v23.4 - https:\/\/yoast.com\/wordpress\/plugins\/seo\/ -->\n<title>Jos\u00e9 Ant\u00f4nio de Souza Veiga - Departamento Ci\u00eancias Econ\u00f4micas<\/title>\n<meta name=\"robots\" content=\"index, follow, max-snippet:-1, max-image-preview:large, max-video-preview:-1\" \/>\n<link rel=\"canonical\" href=\"https:\/\/departamentos.ufrrj.br\/dce\/2024\/10\/08\/jose-antonio-de-souza-veiga\/\" \/>\n<meta property=\"og:locale\" content=\"pt_BR\" \/>\n<meta property=\"og:type\" content=\"article\" \/>\n<meta property=\"og:title\" content=\"Jos\u00e9 Ant\u00f4nio de Souza Veiga - Departamento Ci\u00eancias Econ\u00f4micas\" \/>\n<meta property=\"og:description\" content=\"Graduado em Ci\u00eancias Econ\u00f4micas pela Universidade Federal Rural do Rio de Janeiro (1976), graduado em Administra\u00e7\u00e3o pelo Centro Universit\u00e1rio Moacyr Sreder Bastos [&hellip;]\" \/>\n<meta property=\"og:url\" content=\"https:\/\/departamentos.ufrrj.br\/dce\/2024\/10\/08\/jose-antonio-de-souza-veiga\/\" \/>\n<meta property=\"og:site_name\" content=\"Departamento Ci\u00eancias Econ\u00f4micas\" \/>\n<meta property=\"article:published_time\" content=\"2024-10-08T19:26:36+00:00\" \/>\n<meta property=\"article:modified_time\" content=\"2026-03-19T22:24:45+00:00\" \/>\n<meta name=\"author\" content=\"rubiawegner\" \/>\n<meta name=\"twitter:card\" content=\"summary_large_image\" \/>\n<meta name=\"twitter:label1\" content=\"Escrito por\" \/>\n\t<meta name=\"twitter:data1\" content=\"rubiawegner\" \/>\n\t<meta name=\"twitter:label2\" content=\"Est. tempo de leitura\" \/>\n\t<meta name=\"twitter:data2\" content=\"2 minutos\" \/>\n<script type=\"application\/ld+json\" class=\"yoast-schema-graph\">{\"@context\":\"https:\/\/schema.org\",\"@graph\":[{\"@type\":\"WebPage\",\"@id\":\"https:\/\/departamentos.ufrrj.br\/dce\/2024\/10\/08\/jose-antonio-de-souza-veiga\/\",\"url\":\"https:\/\/departamentos.ufrrj.br\/dce\/2024\/10\/08\/jose-antonio-de-souza-veiga\/\",\"name\":\"Jos\u00e9 Ant\u00f4nio de Souza Veiga - Departamento Ci\u00eancias Econ\u00f4micas\",\"isPartOf\":{\"@id\":\"https:\/\/departamentos.ufrrj.br\/dce\/#website\"},\"datePublished\":\"2024-10-08T19:26:36+00:00\",\"dateModified\":\"2026-03-19T22:24:45+00:00\",\"author\":{\"@id\":\"https:\/\/departamentos.ufrrj.br\/dce\/#\/schema\/person\/ea797dda83392661c7762d9702b68b5c\"},\"breadcrumb\":{\"@id\":\"https:\/\/departamentos.ufrrj.br\/dce\/2024\/10\/08\/jose-antonio-de-souza-veiga\/#breadcrumb\"},\"inLanguage\":\"pt-BR\",\"potentialAction\":[{\"@type\":\"ReadAction\",\"target\":[\"https:\/\/departamentos.ufrrj.br\/dce\/2024\/10\/08\/jose-antonio-de-souza-veiga\/\"]}]},{\"@type\":\"BreadcrumbList\",\"@id\":\"https:\/\/departamentos.ufrrj.br\/dce\/2024\/10\/08\/jose-antonio-de-souza-veiga\/#breadcrumb\",\"itemListElement\":[{\"@type\":\"ListItem\",\"position\":1,\"name\":\"In\u00edcio\",\"item\":\"https:\/\/departamentos.ufrrj.br\/dce\/\"},{\"@type\":\"ListItem\",\"position\":2,\"name\":\"Jos\u00e9 Ant\u00f4nio de Souza Veiga\"}]},{\"@type\":\"WebSite\",\"@id\":\"https:\/\/departamentos.ufrrj.br\/dce\/#website\",\"url\":\"https:\/\/departamentos.ufrrj.br\/dce\/\",\"name\":\"Departamento Ci\u00eancias Econ\u00f4micas\",\"description\":\"\",\"potentialAction\":[{\"@type\":\"SearchAction\",\"target\":{\"@type\":\"EntryPoint\",\"urlTemplate\":\"https:\/\/departamentos.ufrrj.br\/dce\/?s={search_term_string}\"},\"query-input\":{\"@type\":\"PropertyValueSpecification\",\"valueRequired\":true,\"valueName\":\"search_term_string\"}}],\"inLanguage\":\"pt-BR\"},{\"@type\":\"Person\",\"@id\":\"https:\/\/departamentos.ufrrj.br\/dce\/#\/schema\/person\/ea797dda83392661c7762d9702b68b5c\",\"name\":\"rubiawegner\",\"image\":{\"@type\":\"ImageObject\",\"inLanguage\":\"pt-BR\",\"@id\":\"https:\/\/departamentos.ufrrj.br\/dce\/#\/schema\/person\/image\/\",\"url\":\"https:\/\/secure.gravatar.com\/avatar\/6455c6d67b946febd7bd31bb2c0d585f?s=96&d=mm&r=g\",\"contentUrl\":\"https:\/\/secure.gravatar.com\/avatar\/6455c6d67b946febd7bd31bb2c0d585f?s=96&d=mm&r=g\",\"caption\":\"rubiawegner\"},\"description\":\"Chamado - ID: 35423 (Rural - Seropedica)\",\"url\":\"https:\/\/departamentos.ufrrj.br\/dce\/author\/rubiawegner\/\"}]}<\/script>\n<!-- \/ Yoast SEO plugin. -->","yoast_head_json":{"title":"Jos\u00e9 Ant\u00f4nio de Souza Veiga - Departamento Ci\u00eancias Econ\u00f4micas","robots":{"index":"index","follow":"follow","max-snippet":"max-snippet:-1","max-image-preview":"max-image-preview:large","max-video-preview":"max-video-preview:-1"},"canonical":"https:\/\/departamentos.ufrrj.br\/dce\/2024\/10\/08\/jose-antonio-de-souza-veiga\/","og_locale":"pt_BR","og_type":"article","og_title":"Jos\u00e9 Ant\u00f4nio de Souza Veiga - Departamento Ci\u00eancias Econ\u00f4micas","og_description":"Graduado em Ci\u00eancias Econ\u00f4micas pela Universidade Federal Rural do Rio de Janeiro (1976), graduado em Administra\u00e7\u00e3o pelo Centro Universit\u00e1rio Moacyr Sreder Bastos [&hellip;]","og_url":"https:\/\/departamentos.ufrrj.br\/dce\/2024\/10\/08\/jose-antonio-de-souza-veiga\/","og_site_name":"Departamento Ci\u00eancias Econ\u00f4micas","article_published_time":"2024-10-08T19:26:36+00:00","article_modified_time":"2026-03-19T22:24:45+00:00","author":"rubiawegner","twitter_card":"summary_large_image","twitter_misc":{"Escrito por":"rubiawegner","Est. tempo de leitura":"2 minutos"},"schema":{"@context":"https:\/\/schema.org","@graph":[{"@type":"WebPage","@id":"https:\/\/departamentos.ufrrj.br\/dce\/2024\/10\/08\/jose-antonio-de-souza-veiga\/","url":"https:\/\/departamentos.ufrrj.br\/dce\/2024\/10\/08\/jose-antonio-de-souza-veiga\/","name":"Jos\u00e9 Ant\u00f4nio de Souza Veiga - Departamento Ci\u00eancias Econ\u00f4micas","isPartOf":{"@id":"https:\/\/departamentos.ufrrj.br\/dce\/#website"},"datePublished":"2024-10-08T19:26:36+00:00","dateModified":"2026-03-19T22:24:45+00:00","author":{"@id":"https:\/\/departamentos.ufrrj.br\/dce\/#\/schema\/person\/ea797dda83392661c7762d9702b68b5c"},"breadcrumb":{"@id":"https:\/\/departamentos.ufrrj.br\/dce\/2024\/10\/08\/jose-antonio-de-souza-veiga\/#breadcrumb"},"inLanguage":"pt-BR","potentialAction":[{"@type":"ReadAction","target":["https:\/\/departamentos.ufrrj.br\/dce\/2024\/10\/08\/jose-antonio-de-souza-veiga\/"]}]},{"@type":"BreadcrumbList","@id":"https:\/\/departamentos.ufrrj.br\/dce\/2024\/10\/08\/jose-antonio-de-souza-veiga\/#breadcrumb","itemListElement":[{"@type":"ListItem","position":1,"name":"In\u00edcio","item":"https:\/\/departamentos.ufrrj.br\/dce\/"},{"@type":"ListItem","position":2,"name":"Jos\u00e9 Ant\u00f4nio de Souza Veiga"}]},{"@type":"WebSite","@id":"https:\/\/departamentos.ufrrj.br\/dce\/#website","url":"https:\/\/departamentos.ufrrj.br\/dce\/","name":"Departamento Ci\u00eancias Econ\u00f4micas","description":"","potentialAction":[{"@type":"SearchAction","target":{"@type":"EntryPoint","urlTemplate":"https:\/\/departamentos.ufrrj.br\/dce\/?s={search_term_string}"},"query-input":{"@type":"PropertyValueSpecification","valueRequired":true,"valueName":"search_term_string"}}],"inLanguage":"pt-BR"},{"@type":"Person","@id":"https:\/\/departamentos.ufrrj.br\/dce\/#\/schema\/person\/ea797dda83392661c7762d9702b68b5c","name":"rubiawegner","image":{"@type":"ImageObject","inLanguage":"pt-BR","@id":"https:\/\/departamentos.ufrrj.br\/dce\/#\/schema\/person\/image\/","url":"https:\/\/secure.gravatar.com\/avatar\/6455c6d67b946febd7bd31bb2c0d585f?s=96&d=mm&r=g","contentUrl":"https:\/\/secure.gravatar.com\/avatar\/6455c6d67b946febd7bd31bb2c0d585f?s=96&d=mm&r=g","caption":"rubiawegner"},"description":"Chamado - ID: 35423 (Rural - Seropedica)","url":"https:\/\/departamentos.ufrrj.br\/dce\/author\/rubiawegner\/"}]}},"_links":{"self":[{"href":"https:\/\/departamentos.ufrrj.br\/dce\/wp-json\/wp\/v2\/posts\/134"}],"collection":[{"href":"https:\/\/departamentos.ufrrj.br\/dce\/wp-json\/wp\/v2\/posts"}],"about":[{"href":"https:\/\/departamentos.ufrrj.br\/dce\/wp-json\/wp\/v2\/types\/post"}],"author":[{"embeddable":true,"href":"https:\/\/departamentos.ufrrj.br\/dce\/wp-json\/wp\/v2\/users\/3"}],"replies":[{"embeddable":true,"href":"https:\/\/departamentos.ufrrj.br\/dce\/wp-json\/wp\/v2\/comments?post=134"}],"version-history":[{"count":8,"href":"https:\/\/departamentos.ufrrj.br\/dce\/wp-json\/wp\/v2\/posts\/134\/revisions"}],"predecessor-version":[{"id":684,"href":"https:\/\/departamentos.ufrrj.br\/dce\/wp-json\/wp\/v2\/posts\/134\/revisions\/684"}],"wp:attachment":[{"href":"https:\/\/departamentos.ufrrj.br\/dce\/wp-json\/wp\/v2\/media?parent=134"}],"wp:term":[{"taxonomy":"category","embeddable":true,"href":"https:\/\/departamentos.ufrrj.br\/dce\/wp-json\/wp\/v2\/categories?post=134"},{"taxonomy":"post_tag","embeddable":true,"href":"https:\/\/departamentos.ufrrj.br\/dce\/wp-json\/wp\/v2\/tags?post=134"}],"curies":[{"name":"wp","href":"https:\/\/api.w.org\/{rel}","templated":true}]}}