{"id":136,"date":"2024-10-08T16:27:13","date_gmt":"2024-10-08T19:27:13","guid":{"rendered":"https:\/\/departamentos.ufrrj.br\/dce\/?p=136"},"modified":"2026-03-19T19:24:01","modified_gmt":"2026-03-19T22:24:01","slug":"lamounier-erthal-villela","status":"publish","type":"post","link":"https:\/\/departamentos.ufrrj.br\/dce\/2024\/10\/08\/lamounier-erthal-villela\/","title":{"rendered":"Lamounier Erthal Villela"},"content":{"rendered":"\n<p>P\u00f3s-doutor em Administra\u00e7\u00e3o P\u00fablica \u2013 EBAPE\/FGV, 2011, Doutor em Economia Aplicada pela Universit\u00e9 Paris III (Sorbonne Nouvelle), 1999, Mestre em Planejamento Energ\u00e9tico pela COPPE\/UFRJ, DEA pela Universit\u00e9 de Grenoble II. Professor Associado do Departamento de Ci\u00eancias Econ\u00f4micas.<\/p>\n\n\n\n<p><strong>\u00c1reas de Orienta\u00e7\u00e3o em monografia\/Trabalho de conclus\u00e3o de curso (TCC)<\/strong><\/p>\n\n\n\n<p>Economia Agr\u00e1ria, Economia Regional e urbana. Foco em desenvolvimento territorial, redes e aglomera\u00e7\u00f5es produtivas.<\/p>\n\n\n\n<p><strong>Disciplinas recentes de leciona\u00e7\u00e3o em curso de gradua\u00e7\u00e3o<\/strong><\/p>\n\n\n\n<p>IH210 Economia Agr\u00e1ria<\/p>\n\n\n\n<p>IH718 Arranjos produtivos locais e desenvolvimento territorial sustent\u00e1vel<\/p>\n\n\n\n<p><strong>Produ\u00e7\u00e3o bibliogr\u00e1fica recente<\/strong><\/p>\n\n\n\n<p>MUNIZ, R. C. R. ;\u00a0CABRERA, J. R. A.\u00a0;\u00a0Villela, Lamounier Erthal\u00a0. Influencia del turismo educativo en el desarrollo local: Un estudio de caso de la Universidad Estatal de Milagro. https:\/\/doi.org\/10.5281\/zenodo.17614055, v. 1, p. 1-1, 2025. (<a href=\"https:\/\/www.cienciayeducacion.com\/index.php\/journal\/article\/view\/zenodo.17614055\">Aqui<\/a>)<\/p>\n\n\n\n<p>CARDOSO, R. R. C. ;\u00a0MAURY, P. M.\u00a0;\u00a0CARVALHO, I. D.\u00a0; LISBOA, V. S. ;\u00a0VILLELA, L. E<strong>.<\/strong>\u00a0. A TRANSPAR\u00caNCIA DOS INVESTIMENTOS PARA A SUSTENTABILIDADE E A SUA INFLU\u00caNCIA NO PACTO PELA BIG: O CASO DE ABASTECIMENTO DE \u00c1GUA DE ANGRA DOS REIS\/RJ. Revista Controle Social e Desenvolvimento Territorial, v. 10, p. 97-120, 2024.<\/p>\n\n\n\n<p>MAURY, P. M.\u00a0;\u00a0VILLELA, L. E.\u00a0; CARDOSO, R. R. C. ;\u00a0CARVALHO, I. D.\u00a0;\u00a0LIMA, N. A. M. R.\u00a0. PENSAR A GEST\u00c3O SOCIAL NA PR\u00c1TICA, O OBSERVAT\u00d3RIO TERRITORIAL DO COLEGIADO BIG. Revista Controle Social e Desenvolvimento Territorial, v. 10, p. 136-156, 2024.<br><\/p>\n\n\n\n<p>CARDOSO, R. R. C. ; CELESTINO, E. A. ; Villela, Lamounier Erthal . PESQUISA E EXTENS\u00c3O UNIVERSIT\u00c1RIA NA VALORIZA\u00c7\u00c3O DE COMUNIDADES TRADICIONAIS. CSDT, v. 12, p. 31, 2022.\u00a0<a href=\"https:\/\/sistemas.uft.edu.br\/periodicos\/index.php\/csdt\">(Aqui<\/a>)<\/p>\n\n\n\n<p>MAURY, P. M. ; Villela, Lamounier Erthal ; CARDOSO, R. R. C. . DEVIR DA RELA\u00c7\u00c3O ENTRE EXTENS\u00c3O UNIVERSIT\u00c1RIA E PARTICIPA\u00c7\u00c3O SOCIAL. CSDT, v. 8, p. 19, 2022.<\/p>\n\n\n\n<p>RAMOS, Din\u00e1 Andrade Lima ; VILLELA, L. E. ; MAURY, P. M. . Extens\u00e3o universit\u00e1ria: apoio \u00e0 participa\u00e7\u00e3o social para o desenvolvimento dos territ\u00f3rios rurais. NAU \u2013 A REVISTA ELETR\u00d4NICA DA RESID\u00caNCIA SOCIAL, v. 12, p. 564-577, 2021.<\/p>\n","protected":false},"excerpt":{"rendered":"<p>P\u00f3s-doutor em Administra\u00e7\u00e3o P\u00fablica \u2013 EBAPE\/FGV, 2011, Doutor em Economia Aplicada pela Universit\u00e9 Paris III (Sorbonne Nouvelle), 1999, Mestre em Planejamento Energ\u00e9tico [&hellip;]<\/p>\n","protected":false},"author":3,"featured_media":198,"comment_status":"open","ping_status":"open","sticky":false,"template":"","format":"standard","meta":{"_acf_changed":false,"footnotes":""},"categories":[6],"tags":[],"class_list":["post-136","post","type-post","status-publish","format-standard","has-post-thumbnail","hentry","category-corpo-docente"],"acf":[],"yoast_head":"<!-- This site is optimized with the Yoast SEO plugin v23.4 - https:\/\/yoast.com\/wordpress\/plugins\/seo\/ -->\n<title>Lamounier Erthal Villela - Departamento Ci\u00eancias Econ\u00f4micas<\/title>\n<meta name=\"robots\" content=\"index, follow, max-snippet:-1, max-image-preview:large, max-video-preview:-1\" \/>\n<link rel=\"canonical\" href=\"https:\/\/departamentos.ufrrj.br\/dce\/2024\/10\/08\/lamounier-erthal-villela\/\" \/>\n<meta property=\"og:locale\" content=\"pt_BR\" \/>\n<meta property=\"og:type\" content=\"article\" \/>\n<meta property=\"og:title\" content=\"Lamounier Erthal Villela - Departamento Ci\u00eancias Econ\u00f4micas\" \/>\n<meta property=\"og:description\" content=\"P\u00f3s-doutor em Administra\u00e7\u00e3o P\u00fablica \u2013 EBAPE\/FGV, 2011, Doutor em Economia Aplicada pela Universit\u00e9 Paris III (Sorbonne Nouvelle), 1999, Mestre em Planejamento Energ\u00e9tico [&hellip;]\" \/>\n<meta property=\"og:url\" content=\"https:\/\/departamentos.ufrrj.br\/dce\/2024\/10\/08\/lamounier-erthal-villela\/\" \/>\n<meta property=\"og:site_name\" content=\"Departamento Ci\u00eancias Econ\u00f4micas\" \/>\n<meta property=\"article:published_time\" content=\"2024-10-08T19:27:13+00:00\" \/>\n<meta property=\"article:modified_time\" content=\"2026-03-19T22:24:01+00:00\" \/>\n<meta property=\"og:image\" content=\"https:\/\/departamentos.ufrrj.br\/dce\/wp-content\/uploads\/sites\/2\/2024\/10\/Lamounier-Villela.jpg\" \/>\n\t<meta property=\"og:image:width\" content=\"100\" \/>\n\t<meta property=\"og:image:height\" content=\"100\" \/>\n\t<meta property=\"og:image:type\" content=\"image\/jpeg\" \/>\n<meta name=\"author\" content=\"rubiawegner\" \/>\n<meta name=\"twitter:card\" content=\"summary_large_image\" \/>\n<meta name=\"twitter:label1\" content=\"Escrito por\" \/>\n\t<meta name=\"twitter:data1\" content=\"rubiawegner\" \/>\n\t<meta name=\"twitter:label2\" content=\"Est. tempo de leitura\" \/>\n\t<meta name=\"twitter:data2\" content=\"2 minutos\" \/>\n<script type=\"application\/ld+json\" class=\"yoast-schema-graph\">{\"@context\":\"https:\/\/schema.org\",\"@graph\":[{\"@type\":\"WebPage\",\"@id\":\"https:\/\/departamentos.ufrrj.br\/dce\/2024\/10\/08\/lamounier-erthal-villela\/\",\"url\":\"https:\/\/departamentos.ufrrj.br\/dce\/2024\/10\/08\/lamounier-erthal-villela\/\",\"name\":\"Lamounier Erthal Villela - Departamento Ci\u00eancias Econ\u00f4micas\",\"isPartOf\":{\"@id\":\"https:\/\/departamentos.ufrrj.br\/dce\/#website\"},\"primaryImageOfPage\":{\"@id\":\"https:\/\/departamentos.ufrrj.br\/dce\/2024\/10\/08\/lamounier-erthal-villela\/#primaryimage\"},\"image\":{\"@id\":\"https:\/\/departamentos.ufrrj.br\/dce\/2024\/10\/08\/lamounier-erthal-villela\/#primaryimage\"},\"thumbnailUrl\":\"https:\/\/departamentos.ufrrj.br\/dce\/wp-content\/uploads\/sites\/2\/2024\/10\/Lamounier-Villela.jpg\",\"datePublished\":\"2024-10-08T19:27:13+00:00\",\"dateModified\":\"2026-03-19T22:24:01+00:00\",\"author\":{\"@id\":\"https:\/\/departamentos.ufrrj.br\/dce\/#\/schema\/person\/ea797dda83392661c7762d9702b68b5c\"},\"breadcrumb\":{\"@id\":\"https:\/\/departamentos.ufrrj.br\/dce\/2024\/10\/08\/lamounier-erthal-villela\/#breadcrumb\"},\"inLanguage\":\"pt-BR\",\"potentialAction\":[{\"@type\":\"ReadAction\",\"target\":[\"https:\/\/departamentos.ufrrj.br\/dce\/2024\/10\/08\/lamounier-erthal-villela\/\"]}]},{\"@type\":\"ImageObject\",\"inLanguage\":\"pt-BR\",\"@id\":\"https:\/\/departamentos.ufrrj.br\/dce\/2024\/10\/08\/lamounier-erthal-villela\/#primaryimage\",\"url\":\"https:\/\/departamentos.ufrrj.br\/dce\/wp-content\/uploads\/sites\/2\/2024\/10\/Lamounier-Villela.jpg\",\"contentUrl\":\"https:\/\/departamentos.ufrrj.br\/dce\/wp-content\/uploads\/sites\/2\/2024\/10\/Lamounier-Villela.jpg\",\"width\":100,\"height\":100},{\"@type\":\"BreadcrumbList\",\"@id\":\"https:\/\/departamentos.ufrrj.br\/dce\/2024\/10\/08\/lamounier-erthal-villela\/#breadcrumb\",\"itemListElement\":[{\"@type\":\"ListItem\",\"position\":1,\"name\":\"In\u00edcio\",\"item\":\"https:\/\/departamentos.ufrrj.br\/dce\/\"},{\"@type\":\"ListItem\",\"position\":2,\"name\":\"Lamounier Erthal Villela\"}]},{\"@type\":\"WebSite\",\"@id\":\"https:\/\/departamentos.ufrrj.br\/dce\/#website\",\"url\":\"https:\/\/departamentos.ufrrj.br\/dce\/\",\"name\":\"Departamento Ci\u00eancias Econ\u00f4micas\",\"description\":\"\",\"potentialAction\":[{\"@type\":\"SearchAction\",\"target\":{\"@type\":\"EntryPoint\",\"urlTemplate\":\"https:\/\/departamentos.ufrrj.br\/dce\/?s={search_term_string}\"},\"query-input\":{\"@type\":\"PropertyValueSpecification\",\"valueRequired\":true,\"valueName\":\"search_term_string\"}}],\"inLanguage\":\"pt-BR\"},{\"@type\":\"Person\",\"@id\":\"https:\/\/departamentos.ufrrj.br\/dce\/#\/schema\/person\/ea797dda83392661c7762d9702b68b5c\",\"name\":\"rubiawegner\",\"image\":{\"@type\":\"ImageObject\",\"inLanguage\":\"pt-BR\",\"@id\":\"https:\/\/departamentos.ufrrj.br\/dce\/#\/schema\/person\/image\/\",\"url\":\"https:\/\/secure.gravatar.com\/avatar\/6455c6d67b946febd7bd31bb2c0d585f?s=96&d=mm&r=g\",\"contentUrl\":\"https:\/\/secure.gravatar.com\/avatar\/6455c6d67b946febd7bd31bb2c0d585f?s=96&d=mm&r=g\",\"caption\":\"rubiawegner\"},\"description\":\"Chamado - ID: 35423 (Rural - Seropedica)\",\"url\":\"https:\/\/departamentos.ufrrj.br\/dce\/author\/rubiawegner\/\"}]}<\/script>\n<!-- \/ Yoast SEO plugin. -->","yoast_head_json":{"title":"Lamounier Erthal Villela - Departamento Ci\u00eancias Econ\u00f4micas","robots":{"index":"index","follow":"follow","max-snippet":"max-snippet:-1","max-image-preview":"max-image-preview:large","max-video-preview":"max-video-preview:-1"},"canonical":"https:\/\/departamentos.ufrrj.br\/dce\/2024\/10\/08\/lamounier-erthal-villela\/","og_locale":"pt_BR","og_type":"article","og_title":"Lamounier Erthal Villela - Departamento Ci\u00eancias Econ\u00f4micas","og_description":"P\u00f3s-doutor em Administra\u00e7\u00e3o P\u00fablica \u2013 EBAPE\/FGV, 2011, Doutor em Economia Aplicada pela Universit\u00e9 Paris III (Sorbonne Nouvelle), 1999, Mestre em Planejamento Energ\u00e9tico [&hellip;]","og_url":"https:\/\/departamentos.ufrrj.br\/dce\/2024\/10\/08\/lamounier-erthal-villela\/","og_site_name":"Departamento Ci\u00eancias Econ\u00f4micas","article_published_time":"2024-10-08T19:27:13+00:00","article_modified_time":"2026-03-19T22:24:01+00:00","og_image":[{"width":100,"height":100,"url":"https:\/\/departamentos.ufrrj.br\/dce\/wp-content\/uploads\/sites\/2\/2024\/10\/Lamounier-Villela.jpg","type":"image\/jpeg"}],"author":"rubiawegner","twitter_card":"summary_large_image","twitter_misc":{"Escrito por":"rubiawegner","Est. tempo de leitura":"2 minutos"},"schema":{"@context":"https:\/\/schema.org","@graph":[{"@type":"WebPage","@id":"https:\/\/departamentos.ufrrj.br\/dce\/2024\/10\/08\/lamounier-erthal-villela\/","url":"https:\/\/departamentos.ufrrj.br\/dce\/2024\/10\/08\/lamounier-erthal-villela\/","name":"Lamounier Erthal Villela - Departamento Ci\u00eancias Econ\u00f4micas","isPartOf":{"@id":"https:\/\/departamentos.ufrrj.br\/dce\/#website"},"primaryImageOfPage":{"@id":"https:\/\/departamentos.ufrrj.br\/dce\/2024\/10\/08\/lamounier-erthal-villela\/#primaryimage"},"image":{"@id":"https:\/\/departamentos.ufrrj.br\/dce\/2024\/10\/08\/lamounier-erthal-villela\/#primaryimage"},"thumbnailUrl":"https:\/\/departamentos.ufrrj.br\/dce\/wp-content\/uploads\/sites\/2\/2024\/10\/Lamounier-Villela.jpg","datePublished":"2024-10-08T19:27:13+00:00","dateModified":"2026-03-19T22:24:01+00:00","author":{"@id":"https:\/\/departamentos.ufrrj.br\/dce\/#\/schema\/person\/ea797dda83392661c7762d9702b68b5c"},"breadcrumb":{"@id":"https:\/\/departamentos.ufrrj.br\/dce\/2024\/10\/08\/lamounier-erthal-villela\/#breadcrumb"},"inLanguage":"pt-BR","potentialAction":[{"@type":"ReadAction","target":["https:\/\/departamentos.ufrrj.br\/dce\/2024\/10\/08\/lamounier-erthal-villela\/"]}]},{"@type":"ImageObject","inLanguage":"pt-BR","@id":"https:\/\/departamentos.ufrrj.br\/dce\/2024\/10\/08\/lamounier-erthal-villela\/#primaryimage","url":"https:\/\/departamentos.ufrrj.br\/dce\/wp-content\/uploads\/sites\/2\/2024\/10\/Lamounier-Villela.jpg","contentUrl":"https:\/\/departamentos.ufrrj.br\/dce\/wp-content\/uploads\/sites\/2\/2024\/10\/Lamounier-Villela.jpg","width":100,"height":100},{"@type":"BreadcrumbList","@id":"https:\/\/departamentos.ufrrj.br\/dce\/2024\/10\/08\/lamounier-erthal-villela\/#breadcrumb","itemListElement":[{"@type":"ListItem","position":1,"name":"In\u00edcio","item":"https:\/\/departamentos.ufrrj.br\/dce\/"},{"@type":"ListItem","position":2,"name":"Lamounier Erthal Villela"}]},{"@type":"WebSite","@id":"https:\/\/departamentos.ufrrj.br\/dce\/#website","url":"https:\/\/departamentos.ufrrj.br\/dce\/","name":"Departamento Ci\u00eancias Econ\u00f4micas","description":"","potentialAction":[{"@type":"SearchAction","target":{"@type":"EntryPoint","urlTemplate":"https:\/\/departamentos.ufrrj.br\/dce\/?s={search_term_string}"},"query-input":{"@type":"PropertyValueSpecification","valueRequired":true,"valueName":"search_term_string"}}],"inLanguage":"pt-BR"},{"@type":"Person","@id":"https:\/\/departamentos.ufrrj.br\/dce\/#\/schema\/person\/ea797dda83392661c7762d9702b68b5c","name":"rubiawegner","image":{"@type":"ImageObject","inLanguage":"pt-BR","@id":"https:\/\/departamentos.ufrrj.br\/dce\/#\/schema\/person\/image\/","url":"https:\/\/secure.gravatar.com\/avatar\/6455c6d67b946febd7bd31bb2c0d585f?s=96&d=mm&r=g","contentUrl":"https:\/\/secure.gravatar.com\/avatar\/6455c6d67b946febd7bd31bb2c0d585f?s=96&d=mm&r=g","caption":"rubiawegner"},"description":"Chamado - ID: 35423 (Rural - Seropedica)","url":"https:\/\/departamentos.ufrrj.br\/dce\/author\/rubiawegner\/"}]}},"_links":{"self":[{"href":"https:\/\/departamentos.ufrrj.br\/dce\/wp-json\/wp\/v2\/posts\/136"}],"collection":[{"href":"https:\/\/departamentos.ufrrj.br\/dce\/wp-json\/wp\/v2\/posts"}],"about":[{"href":"https:\/\/departamentos.ufrrj.br\/dce\/wp-json\/wp\/v2\/types\/post"}],"author":[{"embeddable":true,"href":"https:\/\/departamentos.ufrrj.br\/dce\/wp-json\/wp\/v2\/users\/3"}],"replies":[{"embeddable":true,"href":"https:\/\/departamentos.ufrrj.br\/dce\/wp-json\/wp\/v2\/comments?post=136"}],"version-history":[{"count":10,"href":"https:\/\/departamentos.ufrrj.br\/dce\/wp-json\/wp\/v2\/posts\/136\/revisions"}],"predecessor-version":[{"id":683,"href":"https:\/\/departamentos.ufrrj.br\/dce\/wp-json\/wp\/v2\/posts\/136\/revisions\/683"}],"wp:featuredmedia":[{"embeddable":true,"href":"https:\/\/departamentos.ufrrj.br\/dce\/wp-json\/wp\/v2\/media\/198"}],"wp:attachment":[{"href":"https:\/\/departamentos.ufrrj.br\/dce\/wp-json\/wp\/v2\/media?parent=136"}],"wp:term":[{"taxonomy":"category","embeddable":true,"href":"https:\/\/departamentos.ufrrj.br\/dce\/wp-json\/wp\/v2\/categories?post=136"},{"taxonomy":"post_tag","embeddable":true,"href":"https:\/\/departamentos.ufrrj.br\/dce\/wp-json\/wp\/v2\/tags?post=136"}],"curies":[{"name":"wp","href":"https:\/\/api.w.org\/{rel}","templated":true}]}}