{"id":142,"date":"2024-10-08T16:29:37","date_gmt":"2024-10-08T19:29:37","guid":{"rendered":"https:\/\/departamentos.ufrrj.br\/dce\/?p=142"},"modified":"2026-03-19T19:18:59","modified_gmt":"2026-03-19T22:18:59","slug":"luiz-jorge-vasconcellos-pessoa-de-mendonca","status":"publish","type":"post","link":"https:\/\/departamentos.ufrrj.br\/dce\/2024\/10\/08\/luiz-jorge-vasconcellos-pessoa-de-mendonca\/","title":{"rendered":"Luiz Jorge Vasconcellos Pessoa de Mendon\u00e7a"},"content":{"rendered":"\n<p>Graduado em Economia pelo Instituto Metodista Bennett (1986), mestre em Economia pela Universidade Federal Fluminense (1992), doutor pela Universit\u00e9 de Paris X, Nanterre (1999) e p\u00f3s-doutorado realizado na Universidad de Artes y Ci\u00eancias Sociales, ARCIS. Professor Titular na Universidade Federal do Esp\u00edrito Santo (1993-2023), atualmente Professor da Universidade Federal Rural do Rio de Janeiro..<\/p>\n\n\n\n<p><strong>\u00c1reas de orienta\u00e7\u00e3o para monografia e trabalhos de conclus\u00e3o de curso (TCC)<\/strong><\/p>\n\n\n\n<p>Economia monet\u00e1ria, economia internacional, Am\u00e9rica latina e a Teoria da depend\u00eancia<\/p>\n\n\n\n<p><strong>Disciplinas recentes de leciona\u00e7\u00e3o em curso de gradua\u00e7\u00e3o<\/strong><\/p>\n\n\n\n<p>IH207 Contabilidade Nacional<\/p>\n\n\n\n<p>IH295 Economia Brasileira Contempor\u00e2nea<\/p>\n\n\n\n<p>IH222 Introdu\u00e7\u00e3o \u00e0 Economia I<\/p>\n\n\n\n<p>IS247 Economia Agr\u00e1ria<\/p>\n\n\n\n<p><strong>Produ\u00e7\u00e3o bibliogr\u00e1fica recente<\/strong><\/p>\n\n\n\n<p>MENDON\u00c7A, L. J. V. P. \u201cDepend\u00eancia, quest\u00e3o agr\u00e1ria e mudan\u00e7as sociais na Am\u00e9rica Latina.\u201d Ed. Express\u00e3o popular, 2022.<\/p>\n\n\n\n<p>MENDON\u00c7A, L. J. V. P.. A renova\u00e7\u00e3o zapatista na Am\u00e9rica Latina. Argumentum (Vit\u00f3ria), v. 5, p. 46-49, 2013.<\/p>\n\n\n\n<p>MENDON\u00c7A, L. J. V. P.. Pol\u00edticas sociais e luta de classes: uma cr\u00edtica a Amartya Sen. Textos &amp; Contextos (Porto Alegre), v. 11, p. 65-73, 2012.<\/p>\n","protected":false},"excerpt":{"rendered":"<p>Graduado em Economia pelo Instituto Metodista Bennett (1986), mestre em Economia pela Universidade Federal Fluminense (1992), doutor pela Universit\u00e9 de Paris X, [&hellip;]<\/p>\n","protected":false},"author":3,"featured_media":0,"comment_status":"open","ping_status":"open","sticky":false,"template":"","format":"standard","meta":{"_acf_changed":false,"footnotes":""},"categories":[6],"tags":[],"class_list":["post-142","post","type-post","status-publish","format-standard","hentry","category-corpo-docente"],"acf":[],"yoast_head":"<!-- This site is optimized with the Yoast SEO plugin v23.4 - https:\/\/yoast.com\/wordpress\/plugins\/seo\/ -->\n<title>Luiz Jorge Vasconcellos Pessoa de Mendon\u00e7a - Departamento Ci\u00eancias Econ\u00f4micas<\/title>\n<meta name=\"robots\" content=\"index, follow, max-snippet:-1, max-image-preview:large, max-video-preview:-1\" \/>\n<link rel=\"canonical\" href=\"https:\/\/departamentos.ufrrj.br\/dce\/2024\/10\/08\/luiz-jorge-vasconcellos-pessoa-de-mendonca\/\" \/>\n<meta property=\"og:locale\" content=\"pt_BR\" \/>\n<meta property=\"og:type\" content=\"article\" \/>\n<meta property=\"og:title\" content=\"Luiz Jorge Vasconcellos Pessoa de Mendon\u00e7a - Departamento Ci\u00eancias Econ\u00f4micas\" \/>\n<meta property=\"og:description\" content=\"Graduado em Economia pelo Instituto Metodista Bennett (1986), mestre em Economia pela Universidade Federal Fluminense (1992), doutor pela Universit\u00e9 de Paris X, [&hellip;]\" \/>\n<meta property=\"og:url\" content=\"https:\/\/departamentos.ufrrj.br\/dce\/2024\/10\/08\/luiz-jorge-vasconcellos-pessoa-de-mendonca\/\" \/>\n<meta property=\"og:site_name\" content=\"Departamento Ci\u00eancias Econ\u00f4micas\" \/>\n<meta property=\"article:published_time\" content=\"2024-10-08T19:29:37+00:00\" \/>\n<meta property=\"article:modified_time\" content=\"2026-03-19T22:18:59+00:00\" \/>\n<meta name=\"author\" content=\"rubiawegner\" \/>\n<meta name=\"twitter:card\" content=\"summary_large_image\" \/>\n<meta name=\"twitter:label1\" content=\"Escrito por\" \/>\n\t<meta name=\"twitter:data1\" content=\"rubiawegner\" \/>\n\t<meta name=\"twitter:label2\" content=\"Est. tempo de leitura\" \/>\n\t<meta name=\"twitter:data2\" content=\"1 minuto\" \/>\n<script type=\"application\/ld+json\" class=\"yoast-schema-graph\">{\"@context\":\"https:\/\/schema.org\",\"@graph\":[{\"@type\":\"WebPage\",\"@id\":\"https:\/\/departamentos.ufrrj.br\/dce\/2024\/10\/08\/luiz-jorge-vasconcellos-pessoa-de-mendonca\/\",\"url\":\"https:\/\/departamentos.ufrrj.br\/dce\/2024\/10\/08\/luiz-jorge-vasconcellos-pessoa-de-mendonca\/\",\"name\":\"Luiz Jorge Vasconcellos Pessoa de Mendon\u00e7a - Departamento Ci\u00eancias Econ\u00f4micas\",\"isPartOf\":{\"@id\":\"https:\/\/departamentos.ufrrj.br\/dce\/#website\"},\"datePublished\":\"2024-10-08T19:29:37+00:00\",\"dateModified\":\"2026-03-19T22:18:59+00:00\",\"author\":{\"@id\":\"https:\/\/departamentos.ufrrj.br\/dce\/#\/schema\/person\/ea797dda83392661c7762d9702b68b5c\"},\"breadcrumb\":{\"@id\":\"https:\/\/departamentos.ufrrj.br\/dce\/2024\/10\/08\/luiz-jorge-vasconcellos-pessoa-de-mendonca\/#breadcrumb\"},\"inLanguage\":\"pt-BR\",\"potentialAction\":[{\"@type\":\"ReadAction\",\"target\":[\"https:\/\/departamentos.ufrrj.br\/dce\/2024\/10\/08\/luiz-jorge-vasconcellos-pessoa-de-mendonca\/\"]}]},{\"@type\":\"BreadcrumbList\",\"@id\":\"https:\/\/departamentos.ufrrj.br\/dce\/2024\/10\/08\/luiz-jorge-vasconcellos-pessoa-de-mendonca\/#breadcrumb\",\"itemListElement\":[{\"@type\":\"ListItem\",\"position\":1,\"name\":\"In\u00edcio\",\"item\":\"https:\/\/departamentos.ufrrj.br\/dce\/\"},{\"@type\":\"ListItem\",\"position\":2,\"name\":\"Luiz Jorge Vasconcellos Pessoa de Mendon\u00e7a\"}]},{\"@type\":\"WebSite\",\"@id\":\"https:\/\/departamentos.ufrrj.br\/dce\/#website\",\"url\":\"https:\/\/departamentos.ufrrj.br\/dce\/\",\"name\":\"Departamento Ci\u00eancias Econ\u00f4micas\",\"description\":\"\",\"potentialAction\":[{\"@type\":\"SearchAction\",\"target\":{\"@type\":\"EntryPoint\",\"urlTemplate\":\"https:\/\/departamentos.ufrrj.br\/dce\/?s={search_term_string}\"},\"query-input\":{\"@type\":\"PropertyValueSpecification\",\"valueRequired\":true,\"valueName\":\"search_term_string\"}}],\"inLanguage\":\"pt-BR\"},{\"@type\":\"Person\",\"@id\":\"https:\/\/departamentos.ufrrj.br\/dce\/#\/schema\/person\/ea797dda83392661c7762d9702b68b5c\",\"name\":\"rubiawegner\",\"image\":{\"@type\":\"ImageObject\",\"inLanguage\":\"pt-BR\",\"@id\":\"https:\/\/departamentos.ufrrj.br\/dce\/#\/schema\/person\/image\/\",\"url\":\"https:\/\/secure.gravatar.com\/avatar\/6455c6d67b946febd7bd31bb2c0d585f?s=96&d=mm&r=g\",\"contentUrl\":\"https:\/\/secure.gravatar.com\/avatar\/6455c6d67b946febd7bd31bb2c0d585f?s=96&d=mm&r=g\",\"caption\":\"rubiawegner\"},\"description\":\"Chamado - ID: 35423 (Rural - Seropedica)\",\"url\":\"https:\/\/departamentos.ufrrj.br\/dce\/author\/rubiawegner\/\"}]}<\/script>\n<!-- \/ Yoast SEO plugin. -->","yoast_head_json":{"title":"Luiz Jorge Vasconcellos Pessoa de Mendon\u00e7a - Departamento Ci\u00eancias Econ\u00f4micas","robots":{"index":"index","follow":"follow","max-snippet":"max-snippet:-1","max-image-preview":"max-image-preview:large","max-video-preview":"max-video-preview:-1"},"canonical":"https:\/\/departamentos.ufrrj.br\/dce\/2024\/10\/08\/luiz-jorge-vasconcellos-pessoa-de-mendonca\/","og_locale":"pt_BR","og_type":"article","og_title":"Luiz Jorge Vasconcellos Pessoa de Mendon\u00e7a - Departamento Ci\u00eancias Econ\u00f4micas","og_description":"Graduado em Economia pelo Instituto Metodista Bennett (1986), mestre em Economia pela Universidade Federal Fluminense (1992), doutor pela Universit\u00e9 de Paris X, [&hellip;]","og_url":"https:\/\/departamentos.ufrrj.br\/dce\/2024\/10\/08\/luiz-jorge-vasconcellos-pessoa-de-mendonca\/","og_site_name":"Departamento Ci\u00eancias Econ\u00f4micas","article_published_time":"2024-10-08T19:29:37+00:00","article_modified_time":"2026-03-19T22:18:59+00:00","author":"rubiawegner","twitter_card":"summary_large_image","twitter_misc":{"Escrito por":"rubiawegner","Est. tempo de leitura":"1 minuto"},"schema":{"@context":"https:\/\/schema.org","@graph":[{"@type":"WebPage","@id":"https:\/\/departamentos.ufrrj.br\/dce\/2024\/10\/08\/luiz-jorge-vasconcellos-pessoa-de-mendonca\/","url":"https:\/\/departamentos.ufrrj.br\/dce\/2024\/10\/08\/luiz-jorge-vasconcellos-pessoa-de-mendonca\/","name":"Luiz Jorge Vasconcellos Pessoa de Mendon\u00e7a - Departamento Ci\u00eancias Econ\u00f4micas","isPartOf":{"@id":"https:\/\/departamentos.ufrrj.br\/dce\/#website"},"datePublished":"2024-10-08T19:29:37+00:00","dateModified":"2026-03-19T22:18:59+00:00","author":{"@id":"https:\/\/departamentos.ufrrj.br\/dce\/#\/schema\/person\/ea797dda83392661c7762d9702b68b5c"},"breadcrumb":{"@id":"https:\/\/departamentos.ufrrj.br\/dce\/2024\/10\/08\/luiz-jorge-vasconcellos-pessoa-de-mendonca\/#breadcrumb"},"inLanguage":"pt-BR","potentialAction":[{"@type":"ReadAction","target":["https:\/\/departamentos.ufrrj.br\/dce\/2024\/10\/08\/luiz-jorge-vasconcellos-pessoa-de-mendonca\/"]}]},{"@type":"BreadcrumbList","@id":"https:\/\/departamentos.ufrrj.br\/dce\/2024\/10\/08\/luiz-jorge-vasconcellos-pessoa-de-mendonca\/#breadcrumb","itemListElement":[{"@type":"ListItem","position":1,"name":"In\u00edcio","item":"https:\/\/departamentos.ufrrj.br\/dce\/"},{"@type":"ListItem","position":2,"name":"Luiz Jorge Vasconcellos Pessoa de Mendon\u00e7a"}]},{"@type":"WebSite","@id":"https:\/\/departamentos.ufrrj.br\/dce\/#website","url":"https:\/\/departamentos.ufrrj.br\/dce\/","name":"Departamento Ci\u00eancias Econ\u00f4micas","description":"","potentialAction":[{"@type":"SearchAction","target":{"@type":"EntryPoint","urlTemplate":"https:\/\/departamentos.ufrrj.br\/dce\/?s={search_term_string}"},"query-input":{"@type":"PropertyValueSpecification","valueRequired":true,"valueName":"search_term_string"}}],"inLanguage":"pt-BR"},{"@type":"Person","@id":"https:\/\/departamentos.ufrrj.br\/dce\/#\/schema\/person\/ea797dda83392661c7762d9702b68b5c","name":"rubiawegner","image":{"@type":"ImageObject","inLanguage":"pt-BR","@id":"https:\/\/departamentos.ufrrj.br\/dce\/#\/schema\/person\/image\/","url":"https:\/\/secure.gravatar.com\/avatar\/6455c6d67b946febd7bd31bb2c0d585f?s=96&d=mm&r=g","contentUrl":"https:\/\/secure.gravatar.com\/avatar\/6455c6d67b946febd7bd31bb2c0d585f?s=96&d=mm&r=g","caption":"rubiawegner"},"description":"Chamado - ID: 35423 (Rural - Seropedica)","url":"https:\/\/departamentos.ufrrj.br\/dce\/author\/rubiawegner\/"}]}},"_links":{"self":[{"href":"https:\/\/departamentos.ufrrj.br\/dce\/wp-json\/wp\/v2\/posts\/142"}],"collection":[{"href":"https:\/\/departamentos.ufrrj.br\/dce\/wp-json\/wp\/v2\/posts"}],"about":[{"href":"https:\/\/departamentos.ufrrj.br\/dce\/wp-json\/wp\/v2\/types\/post"}],"author":[{"embeddable":true,"href":"https:\/\/departamentos.ufrrj.br\/dce\/wp-json\/wp\/v2\/users\/3"}],"replies":[{"embeddable":true,"href":"https:\/\/departamentos.ufrrj.br\/dce\/wp-json\/wp\/v2\/comments?post=142"}],"version-history":[{"count":9,"href":"https:\/\/departamentos.ufrrj.br\/dce\/wp-json\/wp\/v2\/posts\/142\/revisions"}],"predecessor-version":[{"id":678,"href":"https:\/\/departamentos.ufrrj.br\/dce\/wp-json\/wp\/v2\/posts\/142\/revisions\/678"}],"wp:attachment":[{"href":"https:\/\/departamentos.ufrrj.br\/dce\/wp-json\/wp\/v2\/media?parent=142"}],"wp:term":[{"taxonomy":"category","embeddable":true,"href":"https:\/\/departamentos.ufrrj.br\/dce\/wp-json\/wp\/v2\/categories?post=142"},{"taxonomy":"post_tag","embeddable":true,"href":"https:\/\/departamentos.ufrrj.br\/dce\/wp-json\/wp\/v2\/tags?post=142"}],"curies":[{"name":"wp","href":"https:\/\/api.w.org\/{rel}","templated":true}]}}