{"id":144,"date":"2024-10-08T16:30:24","date_gmt":"2024-10-08T19:30:24","guid":{"rendered":"https:\/\/departamentos.ufrrj.br\/dce\/?p=144"},"modified":"2026-03-19T19:16:39","modified_gmt":"2026-03-19T22:16:39","slug":"marcelo-pereira-fernandes","status":"publish","type":"post","link":"https:\/\/departamentos.ufrrj.br\/dce\/2024\/10\/08\/marcelo-pereira-fernandes\/","title":{"rendered":"Marcelo Pereira Fernandes"},"content":{"rendered":"\n<p>Professor Associado IV do Departamento de Ci\u00eancias Econ\u00f4micas. Mestre em Economia pela Pontif\u00edcia Universidade Cat\u00f3lica de S\u00e3o Paulo (PUC\/SP) e doutor pela Universidade Federal Fluminense (UFF\/RJ). <\/p>\n\n\n\n<p><strong>\u00c1reas de Orienta\u00e7\u00e3o em monografia\/trabalho de conclus\u00e3o de curso (TCC)<\/strong><\/p>\n\n\n\n<p>Desenvolvimento Econ\u00f4mico, Economia Internacional, HPE, Economia Pol\u00edtica, Economia Pol\u00edtica Internacional, Economia Brasileira.<\/p>\n\n\n\n<p><strong>Disciplinas recentes de leciona\u00e7\u00e3o em curso de gradua\u00e7\u00e3o<\/strong><\/p>\n\n\n\n<p>IS227 Economia Chinesa<\/p>\n\n\n\n<p>IH291 Economia Brasileira II<\/p>\n\n\n\n<p><strong>Produ\u00e7\u00e3o bibliogr\u00e1fica recente<\/strong><\/p>\n\n\n\n<p>FREITAS, Alexandre Jeronimo de\u00a0;\u00a0FERNANDES, MARCELO PEREIRA\u00a0. Acordos Monet\u00e1rios Regionais: Perspectivas e Limites para o Mercosul. Brazilian Journal of Political Economy (Impresso), v. 45, p. 535-550, 2025. (<a href=\"https:\/\/enep.sep.org.br\/uploads\/1324_1678731585_ACORDOS_MONET%C3%81RIOS_REGIONAIS_-_SEP_pdf_ide.pdf\">Aqui<\/a>)<a href=\"http:\/\/dx.doi.org\/10.4322\/principios.2675-6609.2024.169.014\" target=\"_blank\" rel=\"noreferrer noopener\"><\/a><\/p>\n\n\n\n<p>ESPINDOLA, S. K. ;\u00a0FERNANDES, M. P.\u00a0. A Regi\u00e3o do Oceano \u00cdndico: as estrat\u00e9gias chinesas e indianas na disputa por influ\u00eancia. REVISTA DE ESTUDOS INTERNACIONAIS, v. 16, p. 97-119, 2025. (<a href=\"https:\/\/revista.uepb.edu.br\/REI\/pt_BR\/article\/view\/3773\">Aqui<\/a>)<\/p>\n\n\n\n<p><strong>FERNANDES, M. P.<\/strong>. Sobre o sentido econ\u00f4mico do desenvolvimentoOn the economic meaning of developmentSobre el sentido econ\u00f3mico del desarrollo. Cole\u00e7\u00e3o Estudos Cariocas, v. 13, p. 1-6, 2025. (<a href=\"https:\/\/estudoscariocas.rio\/ojs\/article\/view\/192\">Aqui<\/a>)<\/p>\n\n\n\n<p>FERNANDES, M. P.. A arte de isolar o inimigo principal. PRINCIPIOS, v. 43, p. 259-267, 2024.<\/p>\n\n\n\n<p>FERNANDES, M. P.. Oriente M\u00e9dio a caminho da ?desdolariza\u00e7\u00e3o? MUNDORAMA, v. 18, p. 1, 2024.<\/p>\n\n\n\n<p>FERNANDES, MARCELO PEREIRA. Le Moyen-Orient sur le chemin de la \u00ab d\u00e9dollarisation \u00bb ?. Economie et politique : revue marxiste d&#8217;\u00e9conomie, v. 1, p. 12, 2024. (<a href=\"http:\/\/FERNANDES, MARCELO PEREIRA. Le Moyen-Orient sur le chemin de la \u00ab d\u00e9dollarisation \u00bb ?. Economie et politique : revue marxiste d'\u00e9conomie, v. 1, p. 12, 2024.\">Aqui<\/a>)<\/p>\n\n\n\n<p>FERNANDES, M. P.; ALVES JUNIOR, A. J. ; WEGNER, R. C. . Assertividade da China no sistema financeiro internacional: a reforma das ag\u00eancias de classifica\u00e7\u00e3o de risco de cr\u00e9dito. AN\u00c1LISE ECON\u00d4MICA (UFRGS), v. 40, p. 1-38, 2023.\u00a0<a href=\"https:\/\/cursos.ufrrj.br\/grad\/cienciaseconomicas\/files\/2018\/01\/RAE_94825-1.pdf\">(Aqui<\/a>)<\/p>\n\n\n\n<p>FERNANDES, M. P.. Sam King Imperialism and the development myth: how rich countries dominate in the twenty- first century. ESTUDOS INTERNACIONAIS, v. 10, p. 104-110, 2023.<\/p>\n\n\n\n<p>FERNANDES, M. P.. \u4e2d\u56fd\u5c06\u7ee7\u7eed\u4e3a\u4e16\u754c\u7ecf\u6d4e\u53d1\u5c55 \u53ca\u5176\u683c\u5c40\u6f14\u8fdb\u8d21\u732e\u52a8\u80fd \u57fa\u4e8e\u4e2d\u7f8e\u5173\u7cfb\u7684\u89c6\u89d2. Journal of Wuhan University of Technology(Social Sciences Edition), v. 36, p. 1-6, 2023.<\/p>\n\n\n\n<p><\/p>\n","protected":false},"excerpt":{"rendered":"<p>Professor Associado IV do Departamento de Ci\u00eancias Econ\u00f4micas. Mestre em Economia pela Pontif\u00edcia Universidade Cat\u00f3lica de S\u00e3o Paulo (PUC\/SP) e doutor pela [&hellip;]<\/p>\n","protected":false},"author":3,"featured_media":235,"comment_status":"open","ping_status":"open","sticky":false,"template":"","format":"standard","meta":{"_acf_changed":false,"footnotes":""},"categories":[6],"tags":[],"class_list":["post-144","post","type-post","status-publish","format-standard","has-post-thumbnail","hentry","category-corpo-docente"],"acf":[],"yoast_head":"<!-- This site is optimized with the Yoast SEO plugin v23.4 - https:\/\/yoast.com\/wordpress\/plugins\/seo\/ -->\n<title>Marcelo Pereira Fernandes - Departamento Ci\u00eancias Econ\u00f4micas<\/title>\n<meta name=\"robots\" content=\"index, follow, max-snippet:-1, max-image-preview:large, max-video-preview:-1\" \/>\n<link rel=\"canonical\" href=\"https:\/\/departamentos.ufrrj.br\/dce\/2024\/10\/08\/marcelo-pereira-fernandes\/\" \/>\n<meta property=\"og:locale\" content=\"pt_BR\" \/>\n<meta property=\"og:type\" content=\"article\" \/>\n<meta property=\"og:title\" content=\"Marcelo Pereira Fernandes - Departamento Ci\u00eancias Econ\u00f4micas\" \/>\n<meta property=\"og:description\" content=\"Professor Associado IV do Departamento de Ci\u00eancias Econ\u00f4micas. Mestre em Economia pela Pontif\u00edcia Universidade Cat\u00f3lica de S\u00e3o Paulo (PUC\/SP) e doutor pela [&hellip;]\" \/>\n<meta property=\"og:url\" content=\"https:\/\/departamentos.ufrrj.br\/dce\/2024\/10\/08\/marcelo-pereira-fernandes\/\" \/>\n<meta property=\"og:site_name\" content=\"Departamento Ci\u00eancias Econ\u00f4micas\" \/>\n<meta property=\"article:published_time\" content=\"2024-10-08T19:30:24+00:00\" \/>\n<meta property=\"article:modified_time\" content=\"2026-03-19T22:16:39+00:00\" \/>\n<meta property=\"og:image\" content=\"https:\/\/departamentos.ufrrj.br\/dce\/wp-content\/uploads\/sites\/2\/2024\/10\/Captura-de-tela-2024-10-24-095638.png\" \/>\n\t<meta property=\"og:image:width\" content=\"635\" \/>\n\t<meta property=\"og:image:height\" content=\"640\" \/>\n\t<meta property=\"og:image:type\" content=\"image\/png\" \/>\n<meta name=\"author\" content=\"rubiawegner\" \/>\n<meta name=\"twitter:card\" content=\"summary_large_image\" \/>\n<meta name=\"twitter:label1\" content=\"Escrito por\" \/>\n\t<meta name=\"twitter:data1\" content=\"rubiawegner\" \/>\n\t<meta name=\"twitter:label2\" content=\"Est. tempo de leitura\" \/>\n\t<meta name=\"twitter:data2\" content=\"2 minutos\" \/>\n<script type=\"application\/ld+json\" class=\"yoast-schema-graph\">{\"@context\":\"https:\/\/schema.org\",\"@graph\":[{\"@type\":\"WebPage\",\"@id\":\"https:\/\/departamentos.ufrrj.br\/dce\/2024\/10\/08\/marcelo-pereira-fernandes\/\",\"url\":\"https:\/\/departamentos.ufrrj.br\/dce\/2024\/10\/08\/marcelo-pereira-fernandes\/\",\"name\":\"Marcelo Pereira Fernandes - Departamento Ci\u00eancias Econ\u00f4micas\",\"isPartOf\":{\"@id\":\"https:\/\/departamentos.ufrrj.br\/dce\/#website\"},\"primaryImageOfPage\":{\"@id\":\"https:\/\/departamentos.ufrrj.br\/dce\/2024\/10\/08\/marcelo-pereira-fernandes\/#primaryimage\"},\"image\":{\"@id\":\"https:\/\/departamentos.ufrrj.br\/dce\/2024\/10\/08\/marcelo-pereira-fernandes\/#primaryimage\"},\"thumbnailUrl\":\"https:\/\/departamentos.ufrrj.br\/dce\/wp-content\/uploads\/sites\/2\/2024\/10\/Captura-de-tela-2024-10-24-095638.png\",\"datePublished\":\"2024-10-08T19:30:24+00:00\",\"dateModified\":\"2026-03-19T22:16:39+00:00\",\"author\":{\"@id\":\"https:\/\/departamentos.ufrrj.br\/dce\/#\/schema\/person\/ea797dda83392661c7762d9702b68b5c\"},\"breadcrumb\":{\"@id\":\"https:\/\/departamentos.ufrrj.br\/dce\/2024\/10\/08\/marcelo-pereira-fernandes\/#breadcrumb\"},\"inLanguage\":\"pt-BR\",\"potentialAction\":[{\"@type\":\"ReadAction\",\"target\":[\"https:\/\/departamentos.ufrrj.br\/dce\/2024\/10\/08\/marcelo-pereira-fernandes\/\"]}]},{\"@type\":\"ImageObject\",\"inLanguage\":\"pt-BR\",\"@id\":\"https:\/\/departamentos.ufrrj.br\/dce\/2024\/10\/08\/marcelo-pereira-fernandes\/#primaryimage\",\"url\":\"https:\/\/departamentos.ufrrj.br\/dce\/wp-content\/uploads\/sites\/2\/2024\/10\/Captura-de-tela-2024-10-24-095638.png\",\"contentUrl\":\"https:\/\/departamentos.ufrrj.br\/dce\/wp-content\/uploads\/sites\/2\/2024\/10\/Captura-de-tela-2024-10-24-095638.png\",\"width\":635,\"height\":640},{\"@type\":\"BreadcrumbList\",\"@id\":\"https:\/\/departamentos.ufrrj.br\/dce\/2024\/10\/08\/marcelo-pereira-fernandes\/#breadcrumb\",\"itemListElement\":[{\"@type\":\"ListItem\",\"position\":1,\"name\":\"In\u00edcio\",\"item\":\"https:\/\/departamentos.ufrrj.br\/dce\/\"},{\"@type\":\"ListItem\",\"position\":2,\"name\":\"Marcelo Pereira Fernandes\"}]},{\"@type\":\"WebSite\",\"@id\":\"https:\/\/departamentos.ufrrj.br\/dce\/#website\",\"url\":\"https:\/\/departamentos.ufrrj.br\/dce\/\",\"name\":\"Departamento Ci\u00eancias Econ\u00f4micas\",\"description\":\"\",\"potentialAction\":[{\"@type\":\"SearchAction\",\"target\":{\"@type\":\"EntryPoint\",\"urlTemplate\":\"https:\/\/departamentos.ufrrj.br\/dce\/?s={search_term_string}\"},\"query-input\":{\"@type\":\"PropertyValueSpecification\",\"valueRequired\":true,\"valueName\":\"search_term_string\"}}],\"inLanguage\":\"pt-BR\"},{\"@type\":\"Person\",\"@id\":\"https:\/\/departamentos.ufrrj.br\/dce\/#\/schema\/person\/ea797dda83392661c7762d9702b68b5c\",\"name\":\"rubiawegner\",\"image\":{\"@type\":\"ImageObject\",\"inLanguage\":\"pt-BR\",\"@id\":\"https:\/\/departamentos.ufrrj.br\/dce\/#\/schema\/person\/image\/\",\"url\":\"https:\/\/secure.gravatar.com\/avatar\/6455c6d67b946febd7bd31bb2c0d585f?s=96&d=mm&r=g\",\"contentUrl\":\"https:\/\/secure.gravatar.com\/avatar\/6455c6d67b946febd7bd31bb2c0d585f?s=96&d=mm&r=g\",\"caption\":\"rubiawegner\"},\"description\":\"Chamado - ID: 35423 (Rural - Seropedica)\",\"url\":\"https:\/\/departamentos.ufrrj.br\/dce\/author\/rubiawegner\/\"}]}<\/script>\n<!-- \/ Yoast SEO plugin. -->","yoast_head_json":{"title":"Marcelo Pereira Fernandes - Departamento Ci\u00eancias Econ\u00f4micas","robots":{"index":"index","follow":"follow","max-snippet":"max-snippet:-1","max-image-preview":"max-image-preview:large","max-video-preview":"max-video-preview:-1"},"canonical":"https:\/\/departamentos.ufrrj.br\/dce\/2024\/10\/08\/marcelo-pereira-fernandes\/","og_locale":"pt_BR","og_type":"article","og_title":"Marcelo Pereira Fernandes - Departamento Ci\u00eancias Econ\u00f4micas","og_description":"Professor Associado IV do Departamento de Ci\u00eancias Econ\u00f4micas. Mestre em Economia pela Pontif\u00edcia Universidade Cat\u00f3lica de S\u00e3o Paulo (PUC\/SP) e doutor pela [&hellip;]","og_url":"https:\/\/departamentos.ufrrj.br\/dce\/2024\/10\/08\/marcelo-pereira-fernandes\/","og_site_name":"Departamento Ci\u00eancias Econ\u00f4micas","article_published_time":"2024-10-08T19:30:24+00:00","article_modified_time":"2026-03-19T22:16:39+00:00","og_image":[{"width":635,"height":640,"url":"https:\/\/departamentos.ufrrj.br\/dce\/wp-content\/uploads\/sites\/2\/2024\/10\/Captura-de-tela-2024-10-24-095638.png","type":"image\/png"}],"author":"rubiawegner","twitter_card":"summary_large_image","twitter_misc":{"Escrito por":"rubiawegner","Est. tempo de leitura":"2 minutos"},"schema":{"@context":"https:\/\/schema.org","@graph":[{"@type":"WebPage","@id":"https:\/\/departamentos.ufrrj.br\/dce\/2024\/10\/08\/marcelo-pereira-fernandes\/","url":"https:\/\/departamentos.ufrrj.br\/dce\/2024\/10\/08\/marcelo-pereira-fernandes\/","name":"Marcelo Pereira Fernandes - Departamento Ci\u00eancias Econ\u00f4micas","isPartOf":{"@id":"https:\/\/departamentos.ufrrj.br\/dce\/#website"},"primaryImageOfPage":{"@id":"https:\/\/departamentos.ufrrj.br\/dce\/2024\/10\/08\/marcelo-pereira-fernandes\/#primaryimage"},"image":{"@id":"https:\/\/departamentos.ufrrj.br\/dce\/2024\/10\/08\/marcelo-pereira-fernandes\/#primaryimage"},"thumbnailUrl":"https:\/\/departamentos.ufrrj.br\/dce\/wp-content\/uploads\/sites\/2\/2024\/10\/Captura-de-tela-2024-10-24-095638.png","datePublished":"2024-10-08T19:30:24+00:00","dateModified":"2026-03-19T22:16:39+00:00","author":{"@id":"https:\/\/departamentos.ufrrj.br\/dce\/#\/schema\/person\/ea797dda83392661c7762d9702b68b5c"},"breadcrumb":{"@id":"https:\/\/departamentos.ufrrj.br\/dce\/2024\/10\/08\/marcelo-pereira-fernandes\/#breadcrumb"},"inLanguage":"pt-BR","potentialAction":[{"@type":"ReadAction","target":["https:\/\/departamentos.ufrrj.br\/dce\/2024\/10\/08\/marcelo-pereira-fernandes\/"]}]},{"@type":"ImageObject","inLanguage":"pt-BR","@id":"https:\/\/departamentos.ufrrj.br\/dce\/2024\/10\/08\/marcelo-pereira-fernandes\/#primaryimage","url":"https:\/\/departamentos.ufrrj.br\/dce\/wp-content\/uploads\/sites\/2\/2024\/10\/Captura-de-tela-2024-10-24-095638.png","contentUrl":"https:\/\/departamentos.ufrrj.br\/dce\/wp-content\/uploads\/sites\/2\/2024\/10\/Captura-de-tela-2024-10-24-095638.png","width":635,"height":640},{"@type":"BreadcrumbList","@id":"https:\/\/departamentos.ufrrj.br\/dce\/2024\/10\/08\/marcelo-pereira-fernandes\/#breadcrumb","itemListElement":[{"@type":"ListItem","position":1,"name":"In\u00edcio","item":"https:\/\/departamentos.ufrrj.br\/dce\/"},{"@type":"ListItem","position":2,"name":"Marcelo Pereira Fernandes"}]},{"@type":"WebSite","@id":"https:\/\/departamentos.ufrrj.br\/dce\/#website","url":"https:\/\/departamentos.ufrrj.br\/dce\/","name":"Departamento Ci\u00eancias Econ\u00f4micas","description":"","potentialAction":[{"@type":"SearchAction","target":{"@type":"EntryPoint","urlTemplate":"https:\/\/departamentos.ufrrj.br\/dce\/?s={search_term_string}"},"query-input":{"@type":"PropertyValueSpecification","valueRequired":true,"valueName":"search_term_string"}}],"inLanguage":"pt-BR"},{"@type":"Person","@id":"https:\/\/departamentos.ufrrj.br\/dce\/#\/schema\/person\/ea797dda83392661c7762d9702b68b5c","name":"rubiawegner","image":{"@type":"ImageObject","inLanguage":"pt-BR","@id":"https:\/\/departamentos.ufrrj.br\/dce\/#\/schema\/person\/image\/","url":"https:\/\/secure.gravatar.com\/avatar\/6455c6d67b946febd7bd31bb2c0d585f?s=96&d=mm&r=g","contentUrl":"https:\/\/secure.gravatar.com\/avatar\/6455c6d67b946febd7bd31bb2c0d585f?s=96&d=mm&r=g","caption":"rubiawegner"},"description":"Chamado - ID: 35423 (Rural - Seropedica)","url":"https:\/\/departamentos.ufrrj.br\/dce\/author\/rubiawegner\/"}]}},"_links":{"self":[{"href":"https:\/\/departamentos.ufrrj.br\/dce\/wp-json\/wp\/v2\/posts\/144"}],"collection":[{"href":"https:\/\/departamentos.ufrrj.br\/dce\/wp-json\/wp\/v2\/posts"}],"about":[{"href":"https:\/\/departamentos.ufrrj.br\/dce\/wp-json\/wp\/v2\/types\/post"}],"author":[{"embeddable":true,"href":"https:\/\/departamentos.ufrrj.br\/dce\/wp-json\/wp\/v2\/users\/3"}],"replies":[{"embeddable":true,"href":"https:\/\/departamentos.ufrrj.br\/dce\/wp-json\/wp\/v2\/comments?post=144"}],"version-history":[{"count":9,"href":"https:\/\/departamentos.ufrrj.br\/dce\/wp-json\/wp\/v2\/posts\/144\/revisions"}],"predecessor-version":[{"id":674,"href":"https:\/\/departamentos.ufrrj.br\/dce\/wp-json\/wp\/v2\/posts\/144\/revisions\/674"}],"wp:featuredmedia":[{"embeddable":true,"href":"https:\/\/departamentos.ufrrj.br\/dce\/wp-json\/wp\/v2\/media\/235"}],"wp:attachment":[{"href":"https:\/\/departamentos.ufrrj.br\/dce\/wp-json\/wp\/v2\/media?parent=144"}],"wp:term":[{"taxonomy":"category","embeddable":true,"href":"https:\/\/departamentos.ufrrj.br\/dce\/wp-json\/wp\/v2\/categories?post=144"},{"taxonomy":"post_tag","embeddable":true,"href":"https:\/\/departamentos.ufrrj.br\/dce\/wp-json\/wp\/v2\/tags?post=144"}],"curies":[{"name":"wp","href":"https:\/\/api.w.org\/{rel}","templated":true}]}}