{"id":154,"date":"2024-10-08T16:33:37","date_gmt":"2024-10-08T19:33:37","guid":{"rendered":"https:\/\/departamentos.ufrrj.br\/dce\/?p=154"},"modified":"2026-03-19T19:08:07","modified_gmt":"2026-03-19T22:08:07","slug":"rubia-cristina-wegner","status":"publish","type":"post","link":"https:\/\/departamentos.ufrrj.br\/dce\/2024\/10\/08\/rubia-cristina-wegner\/","title":{"rendered":"Rubia Cristina Wegner"},"content":{"rendered":"\n<p>Doutora em Economia pelo programa de p\u00f3s-gradua\u00e7\u00e3o em Economia do Instituto de Economia da UFRJ. Mestre em Desenvolvimento Econ\u00f4mico pelo Instituto de Economia da Unicamp. Professora adjunta do departamento de Ci\u00eancias Econ\u00f4micas. Professora do quadro permanente do Programa de P\u00f3s-Gradua\u00e7\u00e3o em Ci\u00eancia, Tecnologia e Inova\u00e7\u00e3o em Agropecu\u00e1ria (PPGCTIA).<\/p>\n\n\n\n<p><strong>\u00c1rea de orienta\u00e7\u00e3o em monografia\/trabalho de conclus\u00e3o de curso (TCC)<\/strong><\/p>\n\n\n\n<p>Desenvolvimento Econ\u00f4mico. Economia Industrial. Economia Internacional. Temas: fatos estilizados desenvolvimento econ\u00f4mico de pa\u00edses e regi\u00f5es; integra\u00e7\u00e3o econ\u00f4mica regional; com\u00e9rcio e desenvolvimento econ\u00f4mico; trajet\u00f3ria da grande empresa chinesa.<\/p>\n\n\n\n<p><strong>Disciplinas recentes de leciona\u00e7\u00e3o em curso de gradua\u00e7\u00e3o<\/strong><\/p>\n\n\n\n<p>IS216 Economia Internacional<\/p>\n\n\n\n<p><strong>Produ\u00e7\u00e3o Bibliogr\u00e1fica Recente<\/strong><\/p>\n\n\n\n<p><strong>WEGNER, RUBIA CRISTINA<\/strong>. Moderniza\u00e7\u00e3o Da Agricultura E padr\u00e3o Comercial Agroexportador: Considera\u00e7\u00f5es Sobre O com\u00e9rcio De Soja Entre Brasil E China. MERIDIANO 47 (UNB)<sup><img decoding=\"async\" src=\"https:\/\/buscatextual.cnpq.br\/buscatextual\/images\/curriculo\/jcr.gif\"><\/sup>, v. 25, p. 1-28, 2025. (<a href=\"https:\/\/periodicos.unb.br\/index.php\/MED\/article\/view\/51831\">Aqui<\/a>)<\/p>\n\n\n\n<p>WEGNER, R. C.;\u00a0FERNANDES, M. P.\u00a0. DESENVOLVIMENTO DAS FOR\u00c7AS PRODUTIVAS DA AGRICULTURA COMO O CAMINHO DA CONSOLIDA\u00c7\u00c3O DE PREMISSAS E TEORIA DO PARTIDO COMUNISTA DA CHINA. Geosul<span style=\"background-image: none; background-position: 0px 0px; background-size: initial; background-repeat: repeat; background-attachment: scroll; background-origin: initial; background-clip: initial; border: 0px none; font-size: 11px; margin: 0px; padding: 0px; outline: none 0px; vertical-align: baseline; color: rgb(102, 102, 102); font-family: Tahoma, Geneva, sans-serif; white-space-collapse: collapse;\"><\/span>, v. 40, p. 13-39, 2025. (<a href=\"https:\/\/periodicos.ufsc.br\/index.php\/geosul\/article\/view\/99697\">Aqui<\/a>)<\/p>\n\n\n\n<p>WEGNER, R. C. A China e as fazendas estatais. MUNDORAMA, v. 18, p. 1-13, 2024. (<a href=\"https:\/\/medium.com\/mundorama\/a-china-e-as-fazendas-estatais-e4cf79e75b20\">Aqui<\/a>)<\/p>\n\n\n\n<p>MIRANDA, Sueny Pinhel ;&nbsp;&nbsp;WEGNER, R. C.; Dias, Anelise. Comercializa\u00e7\u00e3o nas feiras da agricultura familiar: um estudo de caso sobre a estrutura desses canais. Revista de economia e sociologia rural, v. 62, p. 1-21, 2024.&nbsp;(<a href=\"https:\/\/www.scielo.br\/j\/resr\/a\/qpPgmC8Hqs3n4zWLB8LzPdg\/\">Aqui<\/a>)<\/p>\n\n\n\n<p>WEGNER, R. C. Entre o artesanal e o industrializado: o papel das empresas l\u00edderes da industrializa\u00e7\u00e3o da agricultura na China IZQUIERDAS (SANTIAGO)<sup><img decoding=\"async\" src=\"http:\/\/buscatextual.cnpq.br\/buscatextual\/images\/curriculo\/jcr.gif\"><\/sup>, v. 53, p. 1-29, 2024. (<a href=\"https:\/\/www.scielo.cl\/scielo.php?script=sci_abstract&amp;pid=S0718-50492024000100223&amp;lng=e&amp;nrm=iso&amp;tlng=en\">Aqui<\/a>)<\/p>\n\n\n\n<p>WEGNER, R. C. INTERNACIONALIZACI\u00d3N DE LAS EMPRESAS AGR\u00cdCOLAS Y GANADERAS CHINAS (2006-2021). AGROALIMENTARIA (CARACAS), v. 29, p. 19-38, 2023. (<a href=\"https:\/\/dialnet.unirioja.es\/servlet\/articulo?codigo=9088219\">Aqui<\/a>)<br><\/p>\n\n\n\n<p><b>W<\/b>EGNER, R.C.; FERNANDES, M. F.&nbsp;Expansion of Investments by Chinese Companies in the Brazilian Amazon &#8211; the Case of Agribusiness. CONTEXTO INTERNACIONAL (ON-LINE), v. 45, p. 1-24, 2023. (<a href=\"https:\/\/www.scielo.br\/j\/cint\/a\/rRdHkkYVsypbyM8wCFxLx9b\/\">Aqui<\/a>)<\/p>\n","protected":false},"excerpt":{"rendered":"<p>Doutora em Economia pelo programa de p\u00f3s-gradua\u00e7\u00e3o em Economia do Instituto de Economia da UFRJ. Mestre em Desenvolvimento Econ\u00f4mico pelo Instituto de [&hellip;]<\/p>\n","protected":false},"author":3,"featured_media":440,"comment_status":"open","ping_status":"open","sticky":false,"template":"","format":"standard","meta":{"_acf_changed":false,"footnotes":""},"categories":[6],"tags":[],"class_list":["post-154","post","type-post","status-publish","format-standard","has-post-thumbnail","hentry","category-corpo-docente"],"acf":[],"yoast_head":"<!-- This site is optimized with the Yoast SEO plugin v23.4 - https:\/\/yoast.com\/wordpress\/plugins\/seo\/ -->\n<title>Rubia Cristina Wegner - Departamento Ci\u00eancias Econ\u00f4micas<\/title>\n<meta name=\"robots\" content=\"index, follow, max-snippet:-1, max-image-preview:large, max-video-preview:-1\" \/>\n<link rel=\"canonical\" href=\"https:\/\/departamentos.ufrrj.br\/dce\/2024\/10\/08\/rubia-cristina-wegner\/\" \/>\n<meta property=\"og:locale\" content=\"pt_BR\" \/>\n<meta property=\"og:type\" content=\"article\" \/>\n<meta property=\"og:title\" content=\"Rubia Cristina Wegner - Departamento Ci\u00eancias Econ\u00f4micas\" \/>\n<meta property=\"og:description\" content=\"Doutora em Economia pelo programa de p\u00f3s-gradua\u00e7\u00e3o em Economia do Instituto de Economia da UFRJ. Mestre em Desenvolvimento Econ\u00f4mico pelo Instituto de [&hellip;]\" \/>\n<meta property=\"og:url\" content=\"https:\/\/departamentos.ufrrj.br\/dce\/2024\/10\/08\/rubia-cristina-wegner\/\" \/>\n<meta property=\"og:site_name\" content=\"Departamento Ci\u00eancias Econ\u00f4micas\" \/>\n<meta property=\"article:published_time\" content=\"2024-10-08T19:33:37+00:00\" \/>\n<meta property=\"article:modified_time\" content=\"2026-03-19T22:08:07+00:00\" \/>\n<meta property=\"og:image\" content=\"https:\/\/departamentos.ufrrj.br\/dce\/wp-content\/uploads\/sites\/2\/2024\/10\/Captura-de-tela-2024-11-14-120128.png\" \/>\n\t<meta property=\"og:image:width\" content=\"309\" \/>\n\t<meta property=\"og:image:height\" content=\"420\" \/>\n\t<meta property=\"og:image:type\" content=\"image\/png\" \/>\n<meta name=\"author\" content=\"rubiawegner\" \/>\n<meta name=\"twitter:card\" content=\"summary_large_image\" \/>\n<meta name=\"twitter:label1\" content=\"Escrito por\" \/>\n\t<meta name=\"twitter:data1\" content=\"rubiawegner\" \/>\n\t<meta name=\"twitter:label2\" content=\"Est. tempo de leitura\" \/>\n\t<meta name=\"twitter:data2\" content=\"3 minutos\" \/>\n<script type=\"application\/ld+json\" class=\"yoast-schema-graph\">{\"@context\":\"https:\/\/schema.org\",\"@graph\":[{\"@type\":\"WebPage\",\"@id\":\"https:\/\/departamentos.ufrrj.br\/dce\/2024\/10\/08\/rubia-cristina-wegner\/\",\"url\":\"https:\/\/departamentos.ufrrj.br\/dce\/2024\/10\/08\/rubia-cristina-wegner\/\",\"name\":\"Rubia Cristina Wegner - Departamento Ci\u00eancias Econ\u00f4micas\",\"isPartOf\":{\"@id\":\"https:\/\/departamentos.ufrrj.br\/dce\/#website\"},\"primaryImageOfPage\":{\"@id\":\"https:\/\/departamentos.ufrrj.br\/dce\/2024\/10\/08\/rubia-cristina-wegner\/#primaryimage\"},\"image\":{\"@id\":\"https:\/\/departamentos.ufrrj.br\/dce\/2024\/10\/08\/rubia-cristina-wegner\/#primaryimage\"},\"thumbnailUrl\":\"https:\/\/departamentos.ufrrj.br\/dce\/wp-content\/uploads\/sites\/2\/2024\/10\/Captura-de-tela-2024-11-14-120128.png\",\"datePublished\":\"2024-10-08T19:33:37+00:00\",\"dateModified\":\"2026-03-19T22:08:07+00:00\",\"author\":{\"@id\":\"https:\/\/departamentos.ufrrj.br\/dce\/#\/schema\/person\/ea797dda83392661c7762d9702b68b5c\"},\"breadcrumb\":{\"@id\":\"https:\/\/departamentos.ufrrj.br\/dce\/2024\/10\/08\/rubia-cristina-wegner\/#breadcrumb\"},\"inLanguage\":\"pt-BR\",\"potentialAction\":[{\"@type\":\"ReadAction\",\"target\":[\"https:\/\/departamentos.ufrrj.br\/dce\/2024\/10\/08\/rubia-cristina-wegner\/\"]}]},{\"@type\":\"ImageObject\",\"inLanguage\":\"pt-BR\",\"@id\":\"https:\/\/departamentos.ufrrj.br\/dce\/2024\/10\/08\/rubia-cristina-wegner\/#primaryimage\",\"url\":\"https:\/\/departamentos.ufrrj.br\/dce\/wp-content\/uploads\/sites\/2\/2024\/10\/Captura-de-tela-2024-11-14-120128.png\",\"contentUrl\":\"https:\/\/departamentos.ufrrj.br\/dce\/wp-content\/uploads\/sites\/2\/2024\/10\/Captura-de-tela-2024-11-14-120128.png\",\"width\":309,\"height\":420},{\"@type\":\"BreadcrumbList\",\"@id\":\"https:\/\/departamentos.ufrrj.br\/dce\/2024\/10\/08\/rubia-cristina-wegner\/#breadcrumb\",\"itemListElement\":[{\"@type\":\"ListItem\",\"position\":1,\"name\":\"In\u00edcio\",\"item\":\"https:\/\/departamentos.ufrrj.br\/dce\/\"},{\"@type\":\"ListItem\",\"position\":2,\"name\":\"Rubia Cristina Wegner\"}]},{\"@type\":\"WebSite\",\"@id\":\"https:\/\/departamentos.ufrrj.br\/dce\/#website\",\"url\":\"https:\/\/departamentos.ufrrj.br\/dce\/\",\"name\":\"Departamento Ci\u00eancias Econ\u00f4micas\",\"description\":\"\",\"potentialAction\":[{\"@type\":\"SearchAction\",\"target\":{\"@type\":\"EntryPoint\",\"urlTemplate\":\"https:\/\/departamentos.ufrrj.br\/dce\/?s={search_term_string}\"},\"query-input\":{\"@type\":\"PropertyValueSpecification\",\"valueRequired\":true,\"valueName\":\"search_term_string\"}}],\"inLanguage\":\"pt-BR\"},{\"@type\":\"Person\",\"@id\":\"https:\/\/departamentos.ufrrj.br\/dce\/#\/schema\/person\/ea797dda83392661c7762d9702b68b5c\",\"name\":\"rubiawegner\",\"image\":{\"@type\":\"ImageObject\",\"inLanguage\":\"pt-BR\",\"@id\":\"https:\/\/departamentos.ufrrj.br\/dce\/#\/schema\/person\/image\/\",\"url\":\"https:\/\/secure.gravatar.com\/avatar\/6455c6d67b946febd7bd31bb2c0d585f?s=96&d=mm&r=g\",\"contentUrl\":\"https:\/\/secure.gravatar.com\/avatar\/6455c6d67b946febd7bd31bb2c0d585f?s=96&d=mm&r=g\",\"caption\":\"rubiawegner\"},\"description\":\"Chamado - ID: 35423 (Rural - Seropedica)\",\"url\":\"https:\/\/departamentos.ufrrj.br\/dce\/author\/rubiawegner\/\"}]}<\/script>\n<!-- \/ Yoast SEO plugin. -->","yoast_head_json":{"title":"Rubia Cristina Wegner - Departamento Ci\u00eancias Econ\u00f4micas","robots":{"index":"index","follow":"follow","max-snippet":"max-snippet:-1","max-image-preview":"max-image-preview:large","max-video-preview":"max-video-preview:-1"},"canonical":"https:\/\/departamentos.ufrrj.br\/dce\/2024\/10\/08\/rubia-cristina-wegner\/","og_locale":"pt_BR","og_type":"article","og_title":"Rubia Cristina Wegner - Departamento Ci\u00eancias Econ\u00f4micas","og_description":"Doutora em Economia pelo programa de p\u00f3s-gradua\u00e7\u00e3o em Economia do Instituto de Economia da UFRJ. Mestre em Desenvolvimento Econ\u00f4mico pelo Instituto de [&hellip;]","og_url":"https:\/\/departamentos.ufrrj.br\/dce\/2024\/10\/08\/rubia-cristina-wegner\/","og_site_name":"Departamento Ci\u00eancias Econ\u00f4micas","article_published_time":"2024-10-08T19:33:37+00:00","article_modified_time":"2026-03-19T22:08:07+00:00","og_image":[{"width":309,"height":420,"url":"https:\/\/departamentos.ufrrj.br\/dce\/wp-content\/uploads\/sites\/2\/2024\/10\/Captura-de-tela-2024-11-14-120128.png","type":"image\/png"}],"author":"rubiawegner","twitter_card":"summary_large_image","twitter_misc":{"Escrito por":"rubiawegner","Est. tempo de leitura":"3 minutos"},"schema":{"@context":"https:\/\/schema.org","@graph":[{"@type":"WebPage","@id":"https:\/\/departamentos.ufrrj.br\/dce\/2024\/10\/08\/rubia-cristina-wegner\/","url":"https:\/\/departamentos.ufrrj.br\/dce\/2024\/10\/08\/rubia-cristina-wegner\/","name":"Rubia Cristina Wegner - Departamento Ci\u00eancias Econ\u00f4micas","isPartOf":{"@id":"https:\/\/departamentos.ufrrj.br\/dce\/#website"},"primaryImageOfPage":{"@id":"https:\/\/departamentos.ufrrj.br\/dce\/2024\/10\/08\/rubia-cristina-wegner\/#primaryimage"},"image":{"@id":"https:\/\/departamentos.ufrrj.br\/dce\/2024\/10\/08\/rubia-cristina-wegner\/#primaryimage"},"thumbnailUrl":"https:\/\/departamentos.ufrrj.br\/dce\/wp-content\/uploads\/sites\/2\/2024\/10\/Captura-de-tela-2024-11-14-120128.png","datePublished":"2024-10-08T19:33:37+00:00","dateModified":"2026-03-19T22:08:07+00:00","author":{"@id":"https:\/\/departamentos.ufrrj.br\/dce\/#\/schema\/person\/ea797dda83392661c7762d9702b68b5c"},"breadcrumb":{"@id":"https:\/\/departamentos.ufrrj.br\/dce\/2024\/10\/08\/rubia-cristina-wegner\/#breadcrumb"},"inLanguage":"pt-BR","potentialAction":[{"@type":"ReadAction","target":["https:\/\/departamentos.ufrrj.br\/dce\/2024\/10\/08\/rubia-cristina-wegner\/"]}]},{"@type":"ImageObject","inLanguage":"pt-BR","@id":"https:\/\/departamentos.ufrrj.br\/dce\/2024\/10\/08\/rubia-cristina-wegner\/#primaryimage","url":"https:\/\/departamentos.ufrrj.br\/dce\/wp-content\/uploads\/sites\/2\/2024\/10\/Captura-de-tela-2024-11-14-120128.png","contentUrl":"https:\/\/departamentos.ufrrj.br\/dce\/wp-content\/uploads\/sites\/2\/2024\/10\/Captura-de-tela-2024-11-14-120128.png","width":309,"height":420},{"@type":"BreadcrumbList","@id":"https:\/\/departamentos.ufrrj.br\/dce\/2024\/10\/08\/rubia-cristina-wegner\/#breadcrumb","itemListElement":[{"@type":"ListItem","position":1,"name":"In\u00edcio","item":"https:\/\/departamentos.ufrrj.br\/dce\/"},{"@type":"ListItem","position":2,"name":"Rubia Cristina Wegner"}]},{"@type":"WebSite","@id":"https:\/\/departamentos.ufrrj.br\/dce\/#website","url":"https:\/\/departamentos.ufrrj.br\/dce\/","name":"Departamento Ci\u00eancias Econ\u00f4micas","description":"","potentialAction":[{"@type":"SearchAction","target":{"@type":"EntryPoint","urlTemplate":"https:\/\/departamentos.ufrrj.br\/dce\/?s={search_term_string}"},"query-input":{"@type":"PropertyValueSpecification","valueRequired":true,"valueName":"search_term_string"}}],"inLanguage":"pt-BR"},{"@type":"Person","@id":"https:\/\/departamentos.ufrrj.br\/dce\/#\/schema\/person\/ea797dda83392661c7762d9702b68b5c","name":"rubiawegner","image":{"@type":"ImageObject","inLanguage":"pt-BR","@id":"https:\/\/departamentos.ufrrj.br\/dce\/#\/schema\/person\/image\/","url":"https:\/\/secure.gravatar.com\/avatar\/6455c6d67b946febd7bd31bb2c0d585f?s=96&d=mm&r=g","contentUrl":"https:\/\/secure.gravatar.com\/avatar\/6455c6d67b946febd7bd31bb2c0d585f?s=96&d=mm&r=g","caption":"rubiawegner"},"description":"Chamado - ID: 35423 (Rural - Seropedica)","url":"https:\/\/departamentos.ufrrj.br\/dce\/author\/rubiawegner\/"}]}},"_links":{"self":[{"href":"https:\/\/departamentos.ufrrj.br\/dce\/wp-json\/wp\/v2\/posts\/154"}],"collection":[{"href":"https:\/\/departamentos.ufrrj.br\/dce\/wp-json\/wp\/v2\/posts"}],"about":[{"href":"https:\/\/departamentos.ufrrj.br\/dce\/wp-json\/wp\/v2\/types\/post"}],"author":[{"embeddable":true,"href":"https:\/\/departamentos.ufrrj.br\/dce\/wp-json\/wp\/v2\/users\/3"}],"replies":[{"embeddable":true,"href":"https:\/\/departamentos.ufrrj.br\/dce\/wp-json\/wp\/v2\/comments?post=154"}],"version-history":[{"count":12,"href":"https:\/\/departamentos.ufrrj.br\/dce\/wp-json\/wp\/v2\/posts\/154\/revisions"}],"predecessor-version":[{"id":670,"href":"https:\/\/departamentos.ufrrj.br\/dce\/wp-json\/wp\/v2\/posts\/154\/revisions\/670"}],"wp:featuredmedia":[{"embeddable":true,"href":"https:\/\/departamentos.ufrrj.br\/dce\/wp-json\/wp\/v2\/media\/440"}],"wp:attachment":[{"href":"https:\/\/departamentos.ufrrj.br\/dce\/wp-json\/wp\/v2\/media?parent=154"}],"wp:term":[{"taxonomy":"category","embeddable":true,"href":"https:\/\/departamentos.ufrrj.br\/dce\/wp-json\/wp\/v2\/categories?post=154"},{"taxonomy":"post_tag","embeddable":true,"href":"https:\/\/departamentos.ufrrj.br\/dce\/wp-json\/wp\/v2\/tags?post=154"}],"curies":[{"name":"wp","href":"https:\/\/api.w.org\/{rel}","templated":true}]}}