{"id":55,"date":"2024-09-30T14:59:37","date_gmt":"2024-09-30T17:59:37","guid":{"rendered":"https:\/\/departamentos.ufrrj.br\/dce\/?p=55"},"modified":"2024-10-04T17:13:17","modified_gmt":"2024-10-04T20:13:17","slug":"progressao-docente","status":"publish","type":"post","link":"https:\/\/departamentos.ufrrj.br\/dce\/2024\/09\/30\/progressao-docente\/","title":{"rendered":"Progress\u00e3o docente"},"content":{"rendered":"\n<p>Destacamos a\u00e7\u00f5es que devem ser tomadas para fins de solicita\u00e7\u00e3o da progress\u00e3o\/promo\u00e7\u00e3o funcional docente, conforme as instru\u00e7\u00f5es da CPPD (Comiss\u00e3o Permanente de Pessoal Docente):<\/p>\n\n\n\n<p>O organograma do andamento do processo para as classes A, B, C, D come\u00e7a na p\u00e1gina 4 e para E, p\u00e1gina 10;<\/p>\n\n\n\n<p>Na p\u00e1gina 4, tamb\u00e9m t\u00eam in\u00edcio, para essas classes, as orienta\u00e7\u00f5es de procedimentos que as partes devem seguir no SIPAC e SIGAA:\u00a0(acesso com seu login e senha)<\/p>\n\n\n\n<p>*para abrir o processo (requerimento); recep\u00e7\u00e3o do processo pela chefia e notifica\u00e7\u00e3o do\/a docente para inclua os&nbsp;documentos&nbsp;via mesa virtual;&nbsp;<\/p>\n\n\n\n<p>*obten\u00e7\u00e3o da portaria da \u00faltima progress\u00e3o pelo SIGRH (p. 5) e sua adi\u00e7\u00e3o (p.6);&nbsp;<\/p>\n\n\n\n<p>*relat\u00f3rio das atividades docentes deve ser preenchido no pr\u00f3prio SIPAC com modelo gerado e o passo-a-passo est\u00e1 na p\u00e1gina 6;&nbsp;<\/p>\n\n\n\n<p>*passo a passo para adi\u00e7\u00e3o de&nbsp;documentos&nbsp;comprobat\u00f3rios observado o interst\u00edcio nas p\u00e1ginas 6 e 7;<\/p>\n\n\n\n<p>* procedimentos da chefia para defini\u00e7\u00e3o da comiss\u00e3o de avalia\u00e7\u00e3o (ata e portaria) e passo a passo, nas p\u00e1ginas 7 e 8;<\/p>\n\n\n\n<p>*o passo a passo no SIPAC para comiss\u00e3o (presidente) incluir o parecer, na p\u00e1gina 9 e 10; (inclu\u00eddas as notifica\u00e7\u00f5es da chefia e presid\u00eancia)<\/p>\n\n\n\n<p>Para cada item, h\u00e1 explica\u00e7\u00f5es que merecem aten\u00e7\u00e3o.<\/p>\n\n\n\n<p>As orienta\u00e7\u00f5es de tramita\u00e7\u00e3o dos processos para classe E tamb\u00e9m est\u00e3o em passo-a-passo na p\u00e1gina 10.<\/p>\n\n\n\n<p>Procedimentos a serem observados por dire\u00e7\u00e3o do Instituto e CPPD tamb\u00e9m est\u00e3o explicados.<\/p>\n\n\n\n<p>Vamos mant\u00ea-los atualizados de mudan\u00e7as que possam ocorrer na tramita\u00e7\u00e3o.&nbsp;<\/p>\n\n\n\n<p>Ressaltamos que estejam atentos\/as a seus anivers\u00e1rios para abertura com 60 dias de anteced\u00eancia.&nbsp;<\/p>\n\n\n\n<p>O arquivo com as instru\u00e7\u00f5es pode ser acessado aqui ou na p\u00e1gina da CPPD\/UFRRJ (<a href=\"https:\/\/portal.ufrrj.br\/institucional\/cppd-comissao-permanente-de-pessoal-docente\/\">aqui<\/a>)<\/p>\n\n\n\n<p><\/p>\n","protected":false},"excerpt":{"rendered":"<p>Destacamos a\u00e7\u00f5es que devem ser tomadas para fins de solicita\u00e7\u00e3o da progress\u00e3o\/promo\u00e7\u00e3o funcional docente, conforme as instru\u00e7\u00f5es da CPPD (Comiss\u00e3o Permanente de [&hellip;]<\/p>\n","protected":false},"author":3,"featured_media":0,"comment_status":"open","ping_status":"open","sticky":false,"template":"","format":"standard","meta":{"_acf_changed":false,"footnotes":""},"categories":[1],"tags":[],"class_list":["post-55","post","type-post","status-publish","format-standard","hentry","category-sem-categoria"],"acf":[],"yoast_head":"<!-- This site is optimized with the Yoast SEO plugin v23.4 - https:\/\/yoast.com\/wordpress\/plugins\/seo\/ -->\n<title>Progress\u00e3o docente - Departamento Ci\u00eancias Econ\u00f4micas<\/title>\n<meta name=\"robots\" content=\"index, follow, max-snippet:-1, max-image-preview:large, max-video-preview:-1\" \/>\n<link rel=\"canonical\" href=\"https:\/\/departamentos.ufrrj.br\/dce\/2024\/09\/30\/progressao-docente\/\" \/>\n<meta property=\"og:locale\" content=\"pt_BR\" \/>\n<meta property=\"og:type\" content=\"article\" \/>\n<meta property=\"og:title\" content=\"Progress\u00e3o docente - Departamento Ci\u00eancias Econ\u00f4micas\" \/>\n<meta property=\"og:description\" content=\"Destacamos a\u00e7\u00f5es que devem ser tomadas para fins de solicita\u00e7\u00e3o da progress\u00e3o\/promo\u00e7\u00e3o funcional docente, conforme as instru\u00e7\u00f5es da CPPD (Comiss\u00e3o Permanente de [&hellip;]\" \/>\n<meta property=\"og:url\" content=\"https:\/\/departamentos.ufrrj.br\/dce\/2024\/09\/30\/progressao-docente\/\" \/>\n<meta property=\"og:site_name\" content=\"Departamento Ci\u00eancias Econ\u00f4micas\" \/>\n<meta property=\"article:published_time\" content=\"2024-09-30T17:59:37+00:00\" \/>\n<meta property=\"article:modified_time\" content=\"2024-10-04T20:13:17+00:00\" \/>\n<meta name=\"author\" content=\"rubiawegner\" \/>\n<meta name=\"twitter:card\" content=\"summary_large_image\" \/>\n<meta name=\"twitter:label1\" content=\"Escrito por\" \/>\n\t<meta name=\"twitter:data1\" content=\"rubiawegner\" \/>\n\t<meta name=\"twitter:label2\" content=\"Est. tempo de leitura\" \/>\n\t<meta name=\"twitter:data2\" content=\"2 minutos\" \/>\n<script type=\"application\/ld+json\" class=\"yoast-schema-graph\">{\"@context\":\"https:\/\/schema.org\",\"@graph\":[{\"@type\":\"WebPage\",\"@id\":\"https:\/\/departamentos.ufrrj.br\/dce\/2024\/09\/30\/progressao-docente\/\",\"url\":\"https:\/\/departamentos.ufrrj.br\/dce\/2024\/09\/30\/progressao-docente\/\",\"name\":\"Progress\u00e3o docente - Departamento Ci\u00eancias Econ\u00f4micas\",\"isPartOf\":{\"@id\":\"https:\/\/departamentos.ufrrj.br\/dce\/#website\"},\"datePublished\":\"2024-09-30T17:59:37+00:00\",\"dateModified\":\"2024-10-04T20:13:17+00:00\",\"author\":{\"@id\":\"https:\/\/departamentos.ufrrj.br\/dce\/#\/schema\/person\/ea797dda83392661c7762d9702b68b5c\"},\"breadcrumb\":{\"@id\":\"https:\/\/departamentos.ufrrj.br\/dce\/2024\/09\/30\/progressao-docente\/#breadcrumb\"},\"inLanguage\":\"pt-BR\",\"potentialAction\":[{\"@type\":\"ReadAction\",\"target\":[\"https:\/\/departamentos.ufrrj.br\/dce\/2024\/09\/30\/progressao-docente\/\"]}]},{\"@type\":\"BreadcrumbList\",\"@id\":\"https:\/\/departamentos.ufrrj.br\/dce\/2024\/09\/30\/progressao-docente\/#breadcrumb\",\"itemListElement\":[{\"@type\":\"ListItem\",\"position\":1,\"name\":\"In\u00edcio\",\"item\":\"https:\/\/departamentos.ufrrj.br\/dce\/\"},{\"@type\":\"ListItem\",\"position\":2,\"name\":\"Progress\u00e3o docente\"}]},{\"@type\":\"WebSite\",\"@id\":\"https:\/\/departamentos.ufrrj.br\/dce\/#website\",\"url\":\"https:\/\/departamentos.ufrrj.br\/dce\/\",\"name\":\"Departamento Ci\u00eancias Econ\u00f4micas\",\"description\":\"\",\"potentialAction\":[{\"@type\":\"SearchAction\",\"target\":{\"@type\":\"EntryPoint\",\"urlTemplate\":\"https:\/\/departamentos.ufrrj.br\/dce\/?s={search_term_string}\"},\"query-input\":{\"@type\":\"PropertyValueSpecification\",\"valueRequired\":true,\"valueName\":\"search_term_string\"}}],\"inLanguage\":\"pt-BR\"},{\"@type\":\"Person\",\"@id\":\"https:\/\/departamentos.ufrrj.br\/dce\/#\/schema\/person\/ea797dda83392661c7762d9702b68b5c\",\"name\":\"rubiawegner\",\"image\":{\"@type\":\"ImageObject\",\"inLanguage\":\"pt-BR\",\"@id\":\"https:\/\/departamentos.ufrrj.br\/dce\/#\/schema\/person\/image\/\",\"url\":\"https:\/\/secure.gravatar.com\/avatar\/6455c6d67b946febd7bd31bb2c0d585f?s=96&d=mm&r=g\",\"contentUrl\":\"https:\/\/secure.gravatar.com\/avatar\/6455c6d67b946febd7bd31bb2c0d585f?s=96&d=mm&r=g\",\"caption\":\"rubiawegner\"},\"description\":\"Chamado - ID: 35423 (Rural - Seropedica)\",\"url\":\"https:\/\/departamentos.ufrrj.br\/dce\/author\/rubiawegner\/\"}]}<\/script>\n<!-- \/ Yoast SEO plugin. -->","yoast_head_json":{"title":"Progress\u00e3o docente - Departamento Ci\u00eancias Econ\u00f4micas","robots":{"index":"index","follow":"follow","max-snippet":"max-snippet:-1","max-image-preview":"max-image-preview:large","max-video-preview":"max-video-preview:-1"},"canonical":"https:\/\/departamentos.ufrrj.br\/dce\/2024\/09\/30\/progressao-docente\/","og_locale":"pt_BR","og_type":"article","og_title":"Progress\u00e3o docente - Departamento Ci\u00eancias Econ\u00f4micas","og_description":"Destacamos a\u00e7\u00f5es que devem ser tomadas para fins de solicita\u00e7\u00e3o da progress\u00e3o\/promo\u00e7\u00e3o funcional docente, conforme as instru\u00e7\u00f5es da CPPD (Comiss\u00e3o Permanente de [&hellip;]","og_url":"https:\/\/departamentos.ufrrj.br\/dce\/2024\/09\/30\/progressao-docente\/","og_site_name":"Departamento Ci\u00eancias Econ\u00f4micas","article_published_time":"2024-09-30T17:59:37+00:00","article_modified_time":"2024-10-04T20:13:17+00:00","author":"rubiawegner","twitter_card":"summary_large_image","twitter_misc":{"Escrito por":"rubiawegner","Est. tempo de leitura":"2 minutos"},"schema":{"@context":"https:\/\/schema.org","@graph":[{"@type":"WebPage","@id":"https:\/\/departamentos.ufrrj.br\/dce\/2024\/09\/30\/progressao-docente\/","url":"https:\/\/departamentos.ufrrj.br\/dce\/2024\/09\/30\/progressao-docente\/","name":"Progress\u00e3o docente - Departamento Ci\u00eancias Econ\u00f4micas","isPartOf":{"@id":"https:\/\/departamentos.ufrrj.br\/dce\/#website"},"datePublished":"2024-09-30T17:59:37+00:00","dateModified":"2024-10-04T20:13:17+00:00","author":{"@id":"https:\/\/departamentos.ufrrj.br\/dce\/#\/schema\/person\/ea797dda83392661c7762d9702b68b5c"},"breadcrumb":{"@id":"https:\/\/departamentos.ufrrj.br\/dce\/2024\/09\/30\/progressao-docente\/#breadcrumb"},"inLanguage":"pt-BR","potentialAction":[{"@type":"ReadAction","target":["https:\/\/departamentos.ufrrj.br\/dce\/2024\/09\/30\/progressao-docente\/"]}]},{"@type":"BreadcrumbList","@id":"https:\/\/departamentos.ufrrj.br\/dce\/2024\/09\/30\/progressao-docente\/#breadcrumb","itemListElement":[{"@type":"ListItem","position":1,"name":"In\u00edcio","item":"https:\/\/departamentos.ufrrj.br\/dce\/"},{"@type":"ListItem","position":2,"name":"Progress\u00e3o docente"}]},{"@type":"WebSite","@id":"https:\/\/departamentos.ufrrj.br\/dce\/#website","url":"https:\/\/departamentos.ufrrj.br\/dce\/","name":"Departamento Ci\u00eancias Econ\u00f4micas","description":"","potentialAction":[{"@type":"SearchAction","target":{"@type":"EntryPoint","urlTemplate":"https:\/\/departamentos.ufrrj.br\/dce\/?s={search_term_string}"},"query-input":{"@type":"PropertyValueSpecification","valueRequired":true,"valueName":"search_term_string"}}],"inLanguage":"pt-BR"},{"@type":"Person","@id":"https:\/\/departamentos.ufrrj.br\/dce\/#\/schema\/person\/ea797dda83392661c7762d9702b68b5c","name":"rubiawegner","image":{"@type":"ImageObject","inLanguage":"pt-BR","@id":"https:\/\/departamentos.ufrrj.br\/dce\/#\/schema\/person\/image\/","url":"https:\/\/secure.gravatar.com\/avatar\/6455c6d67b946febd7bd31bb2c0d585f?s=96&d=mm&r=g","contentUrl":"https:\/\/secure.gravatar.com\/avatar\/6455c6d67b946febd7bd31bb2c0d585f?s=96&d=mm&r=g","caption":"rubiawegner"},"description":"Chamado - ID: 35423 (Rural - Seropedica)","url":"https:\/\/departamentos.ufrrj.br\/dce\/author\/rubiawegner\/"}]}},"_links":{"self":[{"href":"https:\/\/departamentos.ufrrj.br\/dce\/wp-json\/wp\/v2\/posts\/55"}],"collection":[{"href":"https:\/\/departamentos.ufrrj.br\/dce\/wp-json\/wp\/v2\/posts"}],"about":[{"href":"https:\/\/departamentos.ufrrj.br\/dce\/wp-json\/wp\/v2\/types\/post"}],"author":[{"embeddable":true,"href":"https:\/\/departamentos.ufrrj.br\/dce\/wp-json\/wp\/v2\/users\/3"}],"replies":[{"embeddable":true,"href":"https:\/\/departamentos.ufrrj.br\/dce\/wp-json\/wp\/v2\/comments?post=55"}],"version-history":[{"count":2,"href":"https:\/\/departamentos.ufrrj.br\/dce\/wp-json\/wp\/v2\/posts\/55\/revisions"}],"predecessor-version":[{"id":101,"href":"https:\/\/departamentos.ufrrj.br\/dce\/wp-json\/wp\/v2\/posts\/55\/revisions\/101"}],"wp:attachment":[{"href":"https:\/\/departamentos.ufrrj.br\/dce\/wp-json\/wp\/v2\/media?parent=55"}],"wp:term":[{"taxonomy":"category","embeddable":true,"href":"https:\/\/departamentos.ufrrj.br\/dce\/wp-json\/wp\/v2\/categories?post=55"},{"taxonomy":"post_tag","embeddable":true,"href":"https:\/\/departamentos.ufrrj.br\/dce\/wp-json\/wp\/v2\/tags?post=55"}],"curies":[{"name":"wp","href":"https:\/\/api.w.org\/{rel}","templated":true}]}}