{"id":570,"date":"2025-04-08T11:35:06","date_gmt":"2025-04-08T14:35:06","guid":{"rendered":"https:\/\/departamentos.ufrrj.br\/dce\/?p=570"},"modified":"2025-04-08T11:35:08","modified_gmt":"2025-04-08T14:35:08","slug":"roda-de-discussao-economia-politica-do-tarifaco","status":"publish","type":"post","link":"https:\/\/departamentos.ufrrj.br\/dce\/2025\/04\/08\/roda-de-discussao-economia-politica-do-tarifaco\/","title":{"rendered":"Roda de Discuss\u00e3o &#8211; Economia Pol\u00edtica do &#8216;tarifa\u00e7o&#8217;"},"content":{"rendered":"\n<p>Nesta quinta-feira, dia 10 de abril, \u00e0s 10h, realizaremos uma roda de discuss\u00e3o sobre os efeitos das medidas de pol\u00edtica comercial anunciadas pelo atual governo americano. Essa Roda de Discuss\u00e3o \u00e9 organizada pela chefia do Departamento e coordena\u00e7\u00e3o do curso de Ci\u00eancias Econ\u00f4micas. E ser\u00e1 conduzida\/organizada por docentes do Departamento.<\/p>\n","protected":false},"excerpt":{"rendered":"<p>Nesta quinta-feira, dia 10 de abril, \u00e0s 10h, realizaremos uma roda de discuss\u00e3o sobre os efeitos das medidas de pol\u00edtica comercial anunciadas [&hellip;]<\/p>\n","protected":false},"author":3,"featured_media":571,"comment_status":"open","ping_status":"open","sticky":false,"template":"","format":"standard","meta":{"_acf_changed":false,"footnotes":""},"categories":[8,3],"tags":[],"class_list":["post-570","post","type-post","status-publish","format-standard","has-post-thumbnail","hentry","category-eventos","category-noticias"],"acf":[],"yoast_head":"<!-- This site is optimized with the Yoast SEO plugin v23.4 - https:\/\/yoast.com\/wordpress\/plugins\/seo\/ -->\n<title>Roda de Discuss\u00e3o - Economia Pol\u00edtica do &#039;tarifa\u00e7o&#039; - Departamento Ci\u00eancias Econ\u00f4micas<\/title>\n<meta name=\"robots\" content=\"index, follow, max-snippet:-1, max-image-preview:large, max-video-preview:-1\" \/>\n<link rel=\"canonical\" href=\"https:\/\/departamentos.ufrrj.br\/dce\/2025\/04\/08\/roda-de-discussao-economia-politica-do-tarifaco\/\" \/>\n<meta property=\"og:locale\" content=\"pt_BR\" \/>\n<meta property=\"og:type\" content=\"article\" \/>\n<meta property=\"og:title\" content=\"Roda de Discuss\u00e3o - Economia Pol\u00edtica do &#039;tarifa\u00e7o&#039; - Departamento Ci\u00eancias Econ\u00f4micas\" \/>\n<meta property=\"og:description\" content=\"Nesta quinta-feira, dia 10 de abril, \u00e0s 10h, realizaremos uma roda de discuss\u00e3o sobre os efeitos das medidas de pol\u00edtica comercial anunciadas [&hellip;]\" \/>\n<meta property=\"og:url\" content=\"https:\/\/departamentos.ufrrj.br\/dce\/2025\/04\/08\/roda-de-discussao-economia-politica-do-tarifaco\/\" \/>\n<meta property=\"og:site_name\" content=\"Departamento Ci\u00eancias Econ\u00f4micas\" \/>\n<meta property=\"article:published_time\" content=\"2025-04-08T14:35:06+00:00\" \/>\n<meta property=\"article:modified_time\" content=\"2025-04-08T14:35:08+00:00\" \/>\n<meta property=\"og:image\" content=\"https:\/\/departamentos.ufrrj.br\/dce\/wp-content\/uploads\/sites\/2\/2025\/04\/Captura-de-tela-2025-04-08-111217.png\" \/>\n\t<meta property=\"og:image:width\" content=\"590\" \/>\n\t<meta property=\"og:image:height\" content=\"591\" \/>\n\t<meta property=\"og:image:type\" content=\"image\/png\" \/>\n<meta name=\"author\" content=\"rubiawegner\" \/>\n<meta name=\"twitter:card\" content=\"summary_large_image\" \/>\n<meta name=\"twitter:label1\" content=\"Escrito por\" \/>\n\t<meta name=\"twitter:data1\" content=\"rubiawegner\" \/>\n\t<meta name=\"twitter:label2\" content=\"Est. tempo de leitura\" \/>\n\t<meta name=\"twitter:data2\" content=\"1 minuto\" \/>\n<script type=\"application\/ld+json\" class=\"yoast-schema-graph\">{\"@context\":\"https:\/\/schema.org\",\"@graph\":[{\"@type\":\"WebPage\",\"@id\":\"https:\/\/departamentos.ufrrj.br\/dce\/2025\/04\/08\/roda-de-discussao-economia-politica-do-tarifaco\/\",\"url\":\"https:\/\/departamentos.ufrrj.br\/dce\/2025\/04\/08\/roda-de-discussao-economia-politica-do-tarifaco\/\",\"name\":\"Roda de Discuss\u00e3o - Economia Pol\u00edtica do 'tarifa\u00e7o' - Departamento Ci\u00eancias Econ\u00f4micas\",\"isPartOf\":{\"@id\":\"https:\/\/departamentos.ufrrj.br\/dce\/#website\"},\"primaryImageOfPage\":{\"@id\":\"https:\/\/departamentos.ufrrj.br\/dce\/2025\/04\/08\/roda-de-discussao-economia-politica-do-tarifaco\/#primaryimage\"},\"image\":{\"@id\":\"https:\/\/departamentos.ufrrj.br\/dce\/2025\/04\/08\/roda-de-discussao-economia-politica-do-tarifaco\/#primaryimage\"},\"thumbnailUrl\":\"https:\/\/departamentos.ufrrj.br\/dce\/wp-content\/uploads\/sites\/2\/2025\/04\/Captura-de-tela-2025-04-08-111217.png\",\"datePublished\":\"2025-04-08T14:35:06+00:00\",\"dateModified\":\"2025-04-08T14:35:08+00:00\",\"author\":{\"@id\":\"https:\/\/departamentos.ufrrj.br\/dce\/#\/schema\/person\/ea797dda83392661c7762d9702b68b5c\"},\"breadcrumb\":{\"@id\":\"https:\/\/departamentos.ufrrj.br\/dce\/2025\/04\/08\/roda-de-discussao-economia-politica-do-tarifaco\/#breadcrumb\"},\"inLanguage\":\"pt-BR\",\"potentialAction\":[{\"@type\":\"ReadAction\",\"target\":[\"https:\/\/departamentos.ufrrj.br\/dce\/2025\/04\/08\/roda-de-discussao-economia-politica-do-tarifaco\/\"]}]},{\"@type\":\"ImageObject\",\"inLanguage\":\"pt-BR\",\"@id\":\"https:\/\/departamentos.ufrrj.br\/dce\/2025\/04\/08\/roda-de-discussao-economia-politica-do-tarifaco\/#primaryimage\",\"url\":\"https:\/\/departamentos.ufrrj.br\/dce\/wp-content\/uploads\/sites\/2\/2025\/04\/Captura-de-tela-2025-04-08-111217.png\",\"contentUrl\":\"https:\/\/departamentos.ufrrj.br\/dce\/wp-content\/uploads\/sites\/2\/2025\/04\/Captura-de-tela-2025-04-08-111217.png\",\"width\":590,\"height\":591},{\"@type\":\"BreadcrumbList\",\"@id\":\"https:\/\/departamentos.ufrrj.br\/dce\/2025\/04\/08\/roda-de-discussao-economia-politica-do-tarifaco\/#breadcrumb\",\"itemListElement\":[{\"@type\":\"ListItem\",\"position\":1,\"name\":\"In\u00edcio\",\"item\":\"https:\/\/departamentos.ufrrj.br\/dce\/\"},{\"@type\":\"ListItem\",\"position\":2,\"name\":\"Roda de Discuss\u00e3o &#8211; Economia Pol\u00edtica do &#8216;tarifa\u00e7o&#8217;\"}]},{\"@type\":\"WebSite\",\"@id\":\"https:\/\/departamentos.ufrrj.br\/dce\/#website\",\"url\":\"https:\/\/departamentos.ufrrj.br\/dce\/\",\"name\":\"Departamento Ci\u00eancias Econ\u00f4micas\",\"description\":\"\",\"potentialAction\":[{\"@type\":\"SearchAction\",\"target\":{\"@type\":\"EntryPoint\",\"urlTemplate\":\"https:\/\/departamentos.ufrrj.br\/dce\/?s={search_term_string}\"},\"query-input\":{\"@type\":\"PropertyValueSpecification\",\"valueRequired\":true,\"valueName\":\"search_term_string\"}}],\"inLanguage\":\"pt-BR\"},{\"@type\":\"Person\",\"@id\":\"https:\/\/departamentos.ufrrj.br\/dce\/#\/schema\/person\/ea797dda83392661c7762d9702b68b5c\",\"name\":\"rubiawegner\",\"image\":{\"@type\":\"ImageObject\",\"inLanguage\":\"pt-BR\",\"@id\":\"https:\/\/departamentos.ufrrj.br\/dce\/#\/schema\/person\/image\/\",\"url\":\"https:\/\/secure.gravatar.com\/avatar\/6455c6d67b946febd7bd31bb2c0d585f?s=96&d=mm&r=g\",\"contentUrl\":\"https:\/\/secure.gravatar.com\/avatar\/6455c6d67b946febd7bd31bb2c0d585f?s=96&d=mm&r=g\",\"caption\":\"rubiawegner\"},\"description\":\"Chamado - ID: 35423 (Rural - Seropedica)\",\"url\":\"https:\/\/departamentos.ufrrj.br\/dce\/author\/rubiawegner\/\"}]}<\/script>\n<!-- \/ Yoast SEO plugin. -->","yoast_head_json":{"title":"Roda de Discuss\u00e3o - Economia Pol\u00edtica do 'tarifa\u00e7o' - Departamento Ci\u00eancias Econ\u00f4micas","robots":{"index":"index","follow":"follow","max-snippet":"max-snippet:-1","max-image-preview":"max-image-preview:large","max-video-preview":"max-video-preview:-1"},"canonical":"https:\/\/departamentos.ufrrj.br\/dce\/2025\/04\/08\/roda-de-discussao-economia-politica-do-tarifaco\/","og_locale":"pt_BR","og_type":"article","og_title":"Roda de Discuss\u00e3o - Economia Pol\u00edtica do 'tarifa\u00e7o' - Departamento Ci\u00eancias Econ\u00f4micas","og_description":"Nesta quinta-feira, dia 10 de abril, \u00e0s 10h, realizaremos uma roda de discuss\u00e3o sobre os efeitos das medidas de pol\u00edtica comercial anunciadas [&hellip;]","og_url":"https:\/\/departamentos.ufrrj.br\/dce\/2025\/04\/08\/roda-de-discussao-economia-politica-do-tarifaco\/","og_site_name":"Departamento Ci\u00eancias Econ\u00f4micas","article_published_time":"2025-04-08T14:35:06+00:00","article_modified_time":"2025-04-08T14:35:08+00:00","og_image":[{"width":590,"height":591,"url":"https:\/\/departamentos.ufrrj.br\/dce\/wp-content\/uploads\/sites\/2\/2025\/04\/Captura-de-tela-2025-04-08-111217.png","type":"image\/png"}],"author":"rubiawegner","twitter_card":"summary_large_image","twitter_misc":{"Escrito por":"rubiawegner","Est. tempo de leitura":"1 minuto"},"schema":{"@context":"https:\/\/schema.org","@graph":[{"@type":"WebPage","@id":"https:\/\/departamentos.ufrrj.br\/dce\/2025\/04\/08\/roda-de-discussao-economia-politica-do-tarifaco\/","url":"https:\/\/departamentos.ufrrj.br\/dce\/2025\/04\/08\/roda-de-discussao-economia-politica-do-tarifaco\/","name":"Roda de Discuss\u00e3o - Economia Pol\u00edtica do 'tarifa\u00e7o' - Departamento Ci\u00eancias Econ\u00f4micas","isPartOf":{"@id":"https:\/\/departamentos.ufrrj.br\/dce\/#website"},"primaryImageOfPage":{"@id":"https:\/\/departamentos.ufrrj.br\/dce\/2025\/04\/08\/roda-de-discussao-economia-politica-do-tarifaco\/#primaryimage"},"image":{"@id":"https:\/\/departamentos.ufrrj.br\/dce\/2025\/04\/08\/roda-de-discussao-economia-politica-do-tarifaco\/#primaryimage"},"thumbnailUrl":"https:\/\/departamentos.ufrrj.br\/dce\/wp-content\/uploads\/sites\/2\/2025\/04\/Captura-de-tela-2025-04-08-111217.png","datePublished":"2025-04-08T14:35:06+00:00","dateModified":"2025-04-08T14:35:08+00:00","author":{"@id":"https:\/\/departamentos.ufrrj.br\/dce\/#\/schema\/person\/ea797dda83392661c7762d9702b68b5c"},"breadcrumb":{"@id":"https:\/\/departamentos.ufrrj.br\/dce\/2025\/04\/08\/roda-de-discussao-economia-politica-do-tarifaco\/#breadcrumb"},"inLanguage":"pt-BR","potentialAction":[{"@type":"ReadAction","target":["https:\/\/departamentos.ufrrj.br\/dce\/2025\/04\/08\/roda-de-discussao-economia-politica-do-tarifaco\/"]}]},{"@type":"ImageObject","inLanguage":"pt-BR","@id":"https:\/\/departamentos.ufrrj.br\/dce\/2025\/04\/08\/roda-de-discussao-economia-politica-do-tarifaco\/#primaryimage","url":"https:\/\/departamentos.ufrrj.br\/dce\/wp-content\/uploads\/sites\/2\/2025\/04\/Captura-de-tela-2025-04-08-111217.png","contentUrl":"https:\/\/departamentos.ufrrj.br\/dce\/wp-content\/uploads\/sites\/2\/2025\/04\/Captura-de-tela-2025-04-08-111217.png","width":590,"height":591},{"@type":"BreadcrumbList","@id":"https:\/\/departamentos.ufrrj.br\/dce\/2025\/04\/08\/roda-de-discussao-economia-politica-do-tarifaco\/#breadcrumb","itemListElement":[{"@type":"ListItem","position":1,"name":"In\u00edcio","item":"https:\/\/departamentos.ufrrj.br\/dce\/"},{"@type":"ListItem","position":2,"name":"Roda de Discuss\u00e3o &#8211; Economia Pol\u00edtica do &#8216;tarifa\u00e7o&#8217;"}]},{"@type":"WebSite","@id":"https:\/\/departamentos.ufrrj.br\/dce\/#website","url":"https:\/\/departamentos.ufrrj.br\/dce\/","name":"Departamento Ci\u00eancias Econ\u00f4micas","description":"","potentialAction":[{"@type":"SearchAction","target":{"@type":"EntryPoint","urlTemplate":"https:\/\/departamentos.ufrrj.br\/dce\/?s={search_term_string}"},"query-input":{"@type":"PropertyValueSpecification","valueRequired":true,"valueName":"search_term_string"}}],"inLanguage":"pt-BR"},{"@type":"Person","@id":"https:\/\/departamentos.ufrrj.br\/dce\/#\/schema\/person\/ea797dda83392661c7762d9702b68b5c","name":"rubiawegner","image":{"@type":"ImageObject","inLanguage":"pt-BR","@id":"https:\/\/departamentos.ufrrj.br\/dce\/#\/schema\/person\/image\/","url":"https:\/\/secure.gravatar.com\/avatar\/6455c6d67b946febd7bd31bb2c0d585f?s=96&d=mm&r=g","contentUrl":"https:\/\/secure.gravatar.com\/avatar\/6455c6d67b946febd7bd31bb2c0d585f?s=96&d=mm&r=g","caption":"rubiawegner"},"description":"Chamado - ID: 35423 (Rural - Seropedica)","url":"https:\/\/departamentos.ufrrj.br\/dce\/author\/rubiawegner\/"}]}},"_links":{"self":[{"href":"https:\/\/departamentos.ufrrj.br\/dce\/wp-json\/wp\/v2\/posts\/570"}],"collection":[{"href":"https:\/\/departamentos.ufrrj.br\/dce\/wp-json\/wp\/v2\/posts"}],"about":[{"href":"https:\/\/departamentos.ufrrj.br\/dce\/wp-json\/wp\/v2\/types\/post"}],"author":[{"embeddable":true,"href":"https:\/\/departamentos.ufrrj.br\/dce\/wp-json\/wp\/v2\/users\/3"}],"replies":[{"embeddable":true,"href":"https:\/\/departamentos.ufrrj.br\/dce\/wp-json\/wp\/v2\/comments?post=570"}],"version-history":[{"count":1,"href":"https:\/\/departamentos.ufrrj.br\/dce\/wp-json\/wp\/v2\/posts\/570\/revisions"}],"predecessor-version":[{"id":572,"href":"https:\/\/departamentos.ufrrj.br\/dce\/wp-json\/wp\/v2\/posts\/570\/revisions\/572"}],"wp:featuredmedia":[{"embeddable":true,"href":"https:\/\/departamentos.ufrrj.br\/dce\/wp-json\/wp\/v2\/media\/571"}],"wp:attachment":[{"href":"https:\/\/departamentos.ufrrj.br\/dce\/wp-json\/wp\/v2\/media?parent=570"}],"wp:term":[{"taxonomy":"category","embeddable":true,"href":"https:\/\/departamentos.ufrrj.br\/dce\/wp-json\/wp\/v2\/categories?post=570"},{"taxonomy":"post_tag","embeddable":true,"href":"https:\/\/departamentos.ufrrj.br\/dce\/wp-json\/wp\/v2\/tags?post=570"}],"curies":[{"name":"wp","href":"https:\/\/api.w.org\/{rel}","templated":true}]}}