{"id":579,"date":"2025-04-10T15:05:23","date_gmt":"2025-04-10T18:05:23","guid":{"rendered":"https:\/\/departamentos.ufrrj.br\/dce\/?p=579"},"modified":"2026-03-19T19:27:44","modified_gmt":"2026-03-19T22:27:44","slug":"henrique-pereira-braga","status":"publish","type":"post","link":"https:\/\/departamentos.ufrrj.br\/dce\/2025\/04\/10\/henrique-pereira-braga\/","title":{"rendered":"Henrique Pereira Braga"},"content":{"rendered":"\n<p>Atualmente \u00e9 professor adjunto do Departamento de Ci\u00eancias Econ\u00f4micas da Universidade Federal Rural do Rio de Janeiro (UFRRJ). Doutor em Ci\u00eancias Econ\u00f4micas, \u00e1rea de Teoria Econ\u00f4mica, pela Universidade Estadual de Campinas (2016). Mestre pela mesma institui\u00e7\u00e3o e \u00e1rea (2011). Graduado em Ci\u00eancias Econ\u00f4micas pela Universidade Federal Fluminense (2008).<\/p>\n\n\n\n<p><strong>\u00c1reas de Orienta\u00e7\u00e3o em monografia\/Trabalho de conclus\u00e3o de curso<\/strong><\/p>\n\n\n\n<p>Economia Pol\u00edtica, Hist\u00f3ria do Pensamento Econ\u00f4mico e Economia Mundial Contempor\u00e2nea.<\/p>\n\n\n\n<p><strong>Disciplinas recentes de leciona\u00e7\u00e3o em curso de gradua\u00e7\u00e3o<\/strong><\/p>\n\n\n\n<p>IS214 Economia Pol\u00edtica I<\/p>\n\n\n\n<p>IS219 Forma\u00e7\u00e3o Econ\u00f4mica do Brasil<\/p>\n\n\n\n<p>IH290 Economia Brasileira I<\/p>\n\n\n\n<p><strong>Produ\u00e7\u00e3o bibliogr\u00e1fica recente<\/strong><\/p>\n\n\n\n<p>Braga, Henrique Pereira. Individualiza\u00e7\u00e3o e neoliberalismo: uma contribui\u00e7\u00e3o \u00e0 investiga\u00e7\u00e3o da emerg\u00eancia do neoliberalismo. Revista Katalysis, v. 27, p. 1-11, 2024. (<a href=\"https:\/\/www.scielo.br\/j\/rk\/a\/m3pvYryGTLcQyNmdxhczxNS\/\">Aqui<\/a>)<\/p>\n\n\n\n<p>Braga, Henrique Pereira; Hesse, Lays . Uma teoria para o seu tempo: neoliberalismo, homem econ\u00f4mico e homem capital. REVISTA DA SOCIEDADE BRASILEIRA DE ECONOMIA POL\u00cdTICA, v. 4, p. 128-162, 2023. (<a href=\"https:\/\/revistasep.org.br\/index.php\/SEP\/article\/view\/972\">Aqui<\/a>)<\/p>\n\n\n\n<p>Mello, G. M. C. ;&nbsp;Braga, Henrique Pereira&nbsp;. Tend\u00eancias da economia pol\u00edtica brasileira. Revista Estudos do Sul Global, v. 2, p. 36-61, 2023. (<a href=\"https:\/\/resg.thetricontinental.org\/index.php\/resg\/article\/view\/91\">Aqui<\/a>)<\/p>\n\n\n\n<p>Braga, Henrique Pereira. Repensando a riqueza e a pobreza na sociedade capitalista. Revista Estudos do Sul Global, v. 2, p. 199-224, 2023. (<a href=\"https:\/\/resg.thetricontinental.org\/index.php\/resg\/article\/view\/99\">Aqui<\/a>)<a href=\"http:\/\/dx.doi.org\/10.4000\/12f3d\" target=\"_blank\" rel=\"noreferrer noopener\"><\/a><\/p>\n\n\n\n<p><\/p>\n","protected":false},"excerpt":{"rendered":"<p>Atualmente \u00e9 professor adjunto do Departamento de Ci\u00eancias Econ\u00f4micas da Universidade Federal Rural do Rio de Janeiro (UFRRJ). Doutor em Ci\u00eancias Econ\u00f4micas, [&hellip;]<\/p>\n","protected":false},"author":3,"featured_media":624,"comment_status":"open","ping_status":"open","sticky":false,"template":"","format":"standard","meta":{"_acf_changed":false,"footnotes":""},"categories":[6],"tags":[],"class_list":["post-579","post","type-post","status-publish","format-standard","has-post-thumbnail","hentry","category-corpo-docente"],"acf":[],"yoast_head":"<!-- This site is optimized with the Yoast SEO plugin v23.4 - https:\/\/yoast.com\/wordpress\/plugins\/seo\/ -->\n<title>Henrique Pereira Braga - Departamento Ci\u00eancias Econ\u00f4micas<\/title>\n<meta name=\"robots\" content=\"index, follow, max-snippet:-1, max-image-preview:large, max-video-preview:-1\" \/>\n<link rel=\"canonical\" href=\"https:\/\/departamentos.ufrrj.br\/dce\/2025\/04\/10\/henrique-pereira-braga\/\" \/>\n<meta property=\"og:locale\" content=\"pt_BR\" \/>\n<meta property=\"og:type\" content=\"article\" \/>\n<meta property=\"og:title\" content=\"Henrique Pereira Braga - Departamento Ci\u00eancias Econ\u00f4micas\" \/>\n<meta property=\"og:description\" content=\"Atualmente \u00e9 professor adjunto do Departamento de Ci\u00eancias Econ\u00f4micas da Universidade Federal Rural do Rio de Janeiro (UFRRJ). Doutor em Ci\u00eancias Econ\u00f4micas, [&hellip;]\" \/>\n<meta property=\"og:url\" content=\"https:\/\/departamentos.ufrrj.br\/dce\/2025\/04\/10\/henrique-pereira-braga\/\" \/>\n<meta property=\"og:site_name\" content=\"Departamento Ci\u00eancias Econ\u00f4micas\" \/>\n<meta property=\"article:published_time\" content=\"2025-04-10T18:05:23+00:00\" \/>\n<meta property=\"article:modified_time\" content=\"2026-03-19T22:27:44+00:00\" \/>\n<meta property=\"og:image\" content=\"https:\/\/departamentos.ufrrj.br\/dce\/wp-content\/uploads\/sites\/2\/2025\/04\/20240627_134759-scaled.jpg\" \/>\n\t<meta property=\"og:image:width\" content=\"1920\" \/>\n\t<meta property=\"og:image:height\" content=\"2560\" \/>\n\t<meta property=\"og:image:type\" content=\"image\/jpeg\" \/>\n<meta name=\"author\" content=\"rubiawegner\" \/>\n<meta name=\"twitter:card\" content=\"summary_large_image\" \/>\n<meta name=\"twitter:label1\" content=\"Escrito por\" \/>\n\t<meta name=\"twitter:data1\" content=\"rubiawegner\" \/>\n\t<meta name=\"twitter:label2\" content=\"Est. tempo de leitura\" \/>\n\t<meta name=\"twitter:data2\" content=\"2 minutos\" \/>\n<script type=\"application\/ld+json\" class=\"yoast-schema-graph\">{\"@context\":\"https:\/\/schema.org\",\"@graph\":[{\"@type\":\"WebPage\",\"@id\":\"https:\/\/departamentos.ufrrj.br\/dce\/2025\/04\/10\/henrique-pereira-braga\/\",\"url\":\"https:\/\/departamentos.ufrrj.br\/dce\/2025\/04\/10\/henrique-pereira-braga\/\",\"name\":\"Henrique Pereira Braga - Departamento Ci\u00eancias Econ\u00f4micas\",\"isPartOf\":{\"@id\":\"https:\/\/departamentos.ufrrj.br\/dce\/#website\"},\"primaryImageOfPage\":{\"@id\":\"https:\/\/departamentos.ufrrj.br\/dce\/2025\/04\/10\/henrique-pereira-braga\/#primaryimage\"},\"image\":{\"@id\":\"https:\/\/departamentos.ufrrj.br\/dce\/2025\/04\/10\/henrique-pereira-braga\/#primaryimage\"},\"thumbnailUrl\":\"https:\/\/departamentos.ufrrj.br\/dce\/wp-content\/uploads\/sites\/2\/2025\/04\/20240627_134759-scaled.jpg\",\"datePublished\":\"2025-04-10T18:05:23+00:00\",\"dateModified\":\"2026-03-19T22:27:44+00:00\",\"author\":{\"@id\":\"https:\/\/departamentos.ufrrj.br\/dce\/#\/schema\/person\/ea797dda83392661c7762d9702b68b5c\"},\"breadcrumb\":{\"@id\":\"https:\/\/departamentos.ufrrj.br\/dce\/2025\/04\/10\/henrique-pereira-braga\/#breadcrumb\"},\"inLanguage\":\"pt-BR\",\"potentialAction\":[{\"@type\":\"ReadAction\",\"target\":[\"https:\/\/departamentos.ufrrj.br\/dce\/2025\/04\/10\/henrique-pereira-braga\/\"]}]},{\"@type\":\"ImageObject\",\"inLanguage\":\"pt-BR\",\"@id\":\"https:\/\/departamentos.ufrrj.br\/dce\/2025\/04\/10\/henrique-pereira-braga\/#primaryimage\",\"url\":\"https:\/\/departamentos.ufrrj.br\/dce\/wp-content\/uploads\/sites\/2\/2025\/04\/20240627_134759-scaled.jpg\",\"contentUrl\":\"https:\/\/departamentos.ufrrj.br\/dce\/wp-content\/uploads\/sites\/2\/2025\/04\/20240627_134759-scaled.jpg\",\"width\":1920,\"height\":2560},{\"@type\":\"BreadcrumbList\",\"@id\":\"https:\/\/departamentos.ufrrj.br\/dce\/2025\/04\/10\/henrique-pereira-braga\/#breadcrumb\",\"itemListElement\":[{\"@type\":\"ListItem\",\"position\":1,\"name\":\"In\u00edcio\",\"item\":\"https:\/\/departamentos.ufrrj.br\/dce\/\"},{\"@type\":\"ListItem\",\"position\":2,\"name\":\"Henrique Pereira Braga\"}]},{\"@type\":\"WebSite\",\"@id\":\"https:\/\/departamentos.ufrrj.br\/dce\/#website\",\"url\":\"https:\/\/departamentos.ufrrj.br\/dce\/\",\"name\":\"Departamento Ci\u00eancias Econ\u00f4micas\",\"description\":\"\",\"potentialAction\":[{\"@type\":\"SearchAction\",\"target\":{\"@type\":\"EntryPoint\",\"urlTemplate\":\"https:\/\/departamentos.ufrrj.br\/dce\/?s={search_term_string}\"},\"query-input\":{\"@type\":\"PropertyValueSpecification\",\"valueRequired\":true,\"valueName\":\"search_term_string\"}}],\"inLanguage\":\"pt-BR\"},{\"@type\":\"Person\",\"@id\":\"https:\/\/departamentos.ufrrj.br\/dce\/#\/schema\/person\/ea797dda83392661c7762d9702b68b5c\",\"name\":\"rubiawegner\",\"image\":{\"@type\":\"ImageObject\",\"inLanguage\":\"pt-BR\",\"@id\":\"https:\/\/departamentos.ufrrj.br\/dce\/#\/schema\/person\/image\/\",\"url\":\"https:\/\/secure.gravatar.com\/avatar\/6455c6d67b946febd7bd31bb2c0d585f?s=96&d=mm&r=g\",\"contentUrl\":\"https:\/\/secure.gravatar.com\/avatar\/6455c6d67b946febd7bd31bb2c0d585f?s=96&d=mm&r=g\",\"caption\":\"rubiawegner\"},\"description\":\"Chamado - ID: 35423 (Rural - Seropedica)\",\"url\":\"https:\/\/departamentos.ufrrj.br\/dce\/author\/rubiawegner\/\"}]}<\/script>\n<!-- \/ Yoast SEO plugin. -->","yoast_head_json":{"title":"Henrique Pereira Braga - Departamento Ci\u00eancias Econ\u00f4micas","robots":{"index":"index","follow":"follow","max-snippet":"max-snippet:-1","max-image-preview":"max-image-preview:large","max-video-preview":"max-video-preview:-1"},"canonical":"https:\/\/departamentos.ufrrj.br\/dce\/2025\/04\/10\/henrique-pereira-braga\/","og_locale":"pt_BR","og_type":"article","og_title":"Henrique Pereira Braga - Departamento Ci\u00eancias Econ\u00f4micas","og_description":"Atualmente \u00e9 professor adjunto do Departamento de Ci\u00eancias Econ\u00f4micas da Universidade Federal Rural do Rio de Janeiro (UFRRJ). Doutor em Ci\u00eancias Econ\u00f4micas, [&hellip;]","og_url":"https:\/\/departamentos.ufrrj.br\/dce\/2025\/04\/10\/henrique-pereira-braga\/","og_site_name":"Departamento Ci\u00eancias Econ\u00f4micas","article_published_time":"2025-04-10T18:05:23+00:00","article_modified_time":"2026-03-19T22:27:44+00:00","og_image":[{"width":1920,"height":2560,"url":"https:\/\/departamentos.ufrrj.br\/dce\/wp-content\/uploads\/sites\/2\/2025\/04\/20240627_134759-scaled.jpg","type":"image\/jpeg"}],"author":"rubiawegner","twitter_card":"summary_large_image","twitter_misc":{"Escrito por":"rubiawegner","Est. tempo de leitura":"2 minutos"},"schema":{"@context":"https:\/\/schema.org","@graph":[{"@type":"WebPage","@id":"https:\/\/departamentos.ufrrj.br\/dce\/2025\/04\/10\/henrique-pereira-braga\/","url":"https:\/\/departamentos.ufrrj.br\/dce\/2025\/04\/10\/henrique-pereira-braga\/","name":"Henrique Pereira Braga - Departamento Ci\u00eancias Econ\u00f4micas","isPartOf":{"@id":"https:\/\/departamentos.ufrrj.br\/dce\/#website"},"primaryImageOfPage":{"@id":"https:\/\/departamentos.ufrrj.br\/dce\/2025\/04\/10\/henrique-pereira-braga\/#primaryimage"},"image":{"@id":"https:\/\/departamentos.ufrrj.br\/dce\/2025\/04\/10\/henrique-pereira-braga\/#primaryimage"},"thumbnailUrl":"https:\/\/departamentos.ufrrj.br\/dce\/wp-content\/uploads\/sites\/2\/2025\/04\/20240627_134759-scaled.jpg","datePublished":"2025-04-10T18:05:23+00:00","dateModified":"2026-03-19T22:27:44+00:00","author":{"@id":"https:\/\/departamentos.ufrrj.br\/dce\/#\/schema\/person\/ea797dda83392661c7762d9702b68b5c"},"breadcrumb":{"@id":"https:\/\/departamentos.ufrrj.br\/dce\/2025\/04\/10\/henrique-pereira-braga\/#breadcrumb"},"inLanguage":"pt-BR","potentialAction":[{"@type":"ReadAction","target":["https:\/\/departamentos.ufrrj.br\/dce\/2025\/04\/10\/henrique-pereira-braga\/"]}]},{"@type":"ImageObject","inLanguage":"pt-BR","@id":"https:\/\/departamentos.ufrrj.br\/dce\/2025\/04\/10\/henrique-pereira-braga\/#primaryimage","url":"https:\/\/departamentos.ufrrj.br\/dce\/wp-content\/uploads\/sites\/2\/2025\/04\/20240627_134759-scaled.jpg","contentUrl":"https:\/\/departamentos.ufrrj.br\/dce\/wp-content\/uploads\/sites\/2\/2025\/04\/20240627_134759-scaled.jpg","width":1920,"height":2560},{"@type":"BreadcrumbList","@id":"https:\/\/departamentos.ufrrj.br\/dce\/2025\/04\/10\/henrique-pereira-braga\/#breadcrumb","itemListElement":[{"@type":"ListItem","position":1,"name":"In\u00edcio","item":"https:\/\/departamentos.ufrrj.br\/dce\/"},{"@type":"ListItem","position":2,"name":"Henrique Pereira Braga"}]},{"@type":"WebSite","@id":"https:\/\/departamentos.ufrrj.br\/dce\/#website","url":"https:\/\/departamentos.ufrrj.br\/dce\/","name":"Departamento Ci\u00eancias Econ\u00f4micas","description":"","potentialAction":[{"@type":"SearchAction","target":{"@type":"EntryPoint","urlTemplate":"https:\/\/departamentos.ufrrj.br\/dce\/?s={search_term_string}"},"query-input":{"@type":"PropertyValueSpecification","valueRequired":true,"valueName":"search_term_string"}}],"inLanguage":"pt-BR"},{"@type":"Person","@id":"https:\/\/departamentos.ufrrj.br\/dce\/#\/schema\/person\/ea797dda83392661c7762d9702b68b5c","name":"rubiawegner","image":{"@type":"ImageObject","inLanguage":"pt-BR","@id":"https:\/\/departamentos.ufrrj.br\/dce\/#\/schema\/person\/image\/","url":"https:\/\/secure.gravatar.com\/avatar\/6455c6d67b946febd7bd31bb2c0d585f?s=96&d=mm&r=g","contentUrl":"https:\/\/secure.gravatar.com\/avatar\/6455c6d67b946febd7bd31bb2c0d585f?s=96&d=mm&r=g","caption":"rubiawegner"},"description":"Chamado - ID: 35423 (Rural - Seropedica)","url":"https:\/\/departamentos.ufrrj.br\/dce\/author\/rubiawegner\/"}]}},"_links":{"self":[{"href":"https:\/\/departamentos.ufrrj.br\/dce\/wp-json\/wp\/v2\/posts\/579"}],"collection":[{"href":"https:\/\/departamentos.ufrrj.br\/dce\/wp-json\/wp\/v2\/posts"}],"about":[{"href":"https:\/\/departamentos.ufrrj.br\/dce\/wp-json\/wp\/v2\/types\/post"}],"author":[{"embeddable":true,"href":"https:\/\/departamentos.ufrrj.br\/dce\/wp-json\/wp\/v2\/users\/3"}],"replies":[{"embeddable":true,"href":"https:\/\/departamentos.ufrrj.br\/dce\/wp-json\/wp\/v2\/comments?post=579"}],"version-history":[{"count":7,"href":"https:\/\/departamentos.ufrrj.br\/dce\/wp-json\/wp\/v2\/posts\/579\/revisions"}],"predecessor-version":[{"id":688,"href":"https:\/\/departamentos.ufrrj.br\/dce\/wp-json\/wp\/v2\/posts\/579\/revisions\/688"}],"wp:featuredmedia":[{"embeddable":true,"href":"https:\/\/departamentos.ufrrj.br\/dce\/wp-json\/wp\/v2\/media\/624"}],"wp:attachment":[{"href":"https:\/\/departamentos.ufrrj.br\/dce\/wp-json\/wp\/v2\/media?parent=579"}],"wp:term":[{"taxonomy":"category","embeddable":true,"href":"https:\/\/departamentos.ufrrj.br\/dce\/wp-json\/wp\/v2\/categories?post=579"},{"taxonomy":"post_tag","embeddable":true,"href":"https:\/\/departamentos.ufrrj.br\/dce\/wp-json\/wp\/v2\/tags?post=579"}],"curies":[{"name":"wp","href":"https:\/\/api.w.org\/{rel}","templated":true}]}}