{"id":612,"date":"2025-08-10T11:11:17","date_gmt":"2025-08-10T14:11:17","guid":{"rendered":"https:\/\/departamentos.ufrrj.br\/dce\/?p=612"},"modified":"2025-08-10T11:11:17","modified_gmt":"2025-08-10T14:11:17","slug":"selecao-de-monitores-do-dece-2025-2","status":"publish","type":"post","link":"https:\/\/departamentos.ufrrj.br\/dce\/2025\/08\/10\/selecao-de-monitores-do-dece-2025-2\/","title":{"rendered":"Sele\u00e7\u00e3o de monitores do DeCE &#8211; 2025.2"},"content":{"rendered":"\n<p>Estudantes! Aten\u00e7\u00e3o para o per\u00edodo de inscri\u00e7\u00f5es no concurso de monitoria remunerada!<\/p>\n\n\n\n<p>Acesse os editais para maiores informa\u00e7\u00f5es!<br>Macroeconomia II &#8211; Link do edital: https:\/\/r1.ufrrj.br\/graduacao\/paginas\/prograd\/monitoria\/monitoria\/2289_IS2.pdf<\/p>\n\n\n\n<p>Economia e Teoria Monet\u00e1ria &#8211; Link do edital: https:\/\/r1.ufrrj.br\/graduacao\/paginas\/prograd\/monitoria\/monitoria\/2326_IS2.pdf<\/p>\n","protected":false},"excerpt":{"rendered":"<p>Estudantes! Aten\u00e7\u00e3o para o per\u00edodo de inscri\u00e7\u00f5es no concurso de monitoria remunerada! Acesse os editais para maiores informa\u00e7\u00f5es!Macroeconomia II &#8211; Link do [&hellip;]<\/p>\n","protected":false},"author":3,"featured_media":613,"comment_status":"open","ping_status":"open","sticky":false,"template":"","format":"standard","meta":{"_acf_changed":false,"footnotes":""},"categories":[3],"tags":[],"class_list":["post-612","post","type-post","status-publish","format-standard","has-post-thumbnail","hentry","category-noticias"],"acf":[],"yoast_head":"<!-- This site is optimized with the Yoast SEO plugin v23.4 - https:\/\/yoast.com\/wordpress\/plugins\/seo\/ -->\n<title>Sele\u00e7\u00e3o de monitores do DeCE - 2025.2 - Departamento Ci\u00eancias Econ\u00f4micas<\/title>\n<meta name=\"robots\" content=\"index, follow, max-snippet:-1, max-image-preview:large, max-video-preview:-1\" \/>\n<link rel=\"canonical\" href=\"https:\/\/departamentos.ufrrj.br\/dce\/2025\/08\/10\/selecao-de-monitores-do-dece-2025-2\/\" \/>\n<meta property=\"og:locale\" content=\"pt_BR\" \/>\n<meta property=\"og:type\" content=\"article\" \/>\n<meta property=\"og:title\" content=\"Sele\u00e7\u00e3o de monitores do DeCE - 2025.2 - Departamento Ci\u00eancias Econ\u00f4micas\" \/>\n<meta property=\"og:description\" content=\"Estudantes! Aten\u00e7\u00e3o para o per\u00edodo de inscri\u00e7\u00f5es no concurso de monitoria remunerada! Acesse os editais para maiores informa\u00e7\u00f5es!Macroeconomia II &#8211; Link do [&hellip;]\" \/>\n<meta property=\"og:url\" content=\"https:\/\/departamentos.ufrrj.br\/dce\/2025\/08\/10\/selecao-de-monitores-do-dece-2025-2\/\" \/>\n<meta property=\"og:site_name\" content=\"Departamento Ci\u00eancias Econ\u00f4micas\" \/>\n<meta property=\"article:published_time\" content=\"2025-08-10T14:11:17+00:00\" \/>\n<meta property=\"og:image\" content=\"https:\/\/departamentos.ufrrj.br\/dce\/wp-content\/uploads\/sites\/2\/2025\/08\/WhatsApp-Image-2025-07-25-at-10.30.27.jpeg\" \/>\n\t<meta property=\"og:image:width\" content=\"673\" \/>\n\t<meta property=\"og:image:height\" content=\"674\" \/>\n\t<meta property=\"og:image:type\" content=\"image\/jpeg\" \/>\n<meta name=\"author\" content=\"rubiawegner\" \/>\n<meta name=\"twitter:card\" content=\"summary_large_image\" \/>\n<meta name=\"twitter:label1\" content=\"Escrito por\" \/>\n\t<meta name=\"twitter:data1\" content=\"rubiawegner\" \/>\n\t<meta name=\"twitter:label2\" content=\"Est. tempo de leitura\" \/>\n\t<meta name=\"twitter:data2\" content=\"1 minuto\" \/>\n<script type=\"application\/ld+json\" class=\"yoast-schema-graph\">{\"@context\":\"https:\/\/schema.org\",\"@graph\":[{\"@type\":\"WebPage\",\"@id\":\"https:\/\/departamentos.ufrrj.br\/dce\/2025\/08\/10\/selecao-de-monitores-do-dece-2025-2\/\",\"url\":\"https:\/\/departamentos.ufrrj.br\/dce\/2025\/08\/10\/selecao-de-monitores-do-dece-2025-2\/\",\"name\":\"Sele\u00e7\u00e3o de monitores do DeCE - 2025.2 - Departamento Ci\u00eancias Econ\u00f4micas\",\"isPartOf\":{\"@id\":\"https:\/\/departamentos.ufrrj.br\/dce\/#website\"},\"primaryImageOfPage\":{\"@id\":\"https:\/\/departamentos.ufrrj.br\/dce\/2025\/08\/10\/selecao-de-monitores-do-dece-2025-2\/#primaryimage\"},\"image\":{\"@id\":\"https:\/\/departamentos.ufrrj.br\/dce\/2025\/08\/10\/selecao-de-monitores-do-dece-2025-2\/#primaryimage\"},\"thumbnailUrl\":\"https:\/\/departamentos.ufrrj.br\/dce\/wp-content\/uploads\/sites\/2\/2025\/08\/WhatsApp-Image-2025-07-25-at-10.30.27.jpeg\",\"datePublished\":\"2025-08-10T14:11:17+00:00\",\"dateModified\":\"2025-08-10T14:11:17+00:00\",\"author\":{\"@id\":\"https:\/\/departamentos.ufrrj.br\/dce\/#\/schema\/person\/ea797dda83392661c7762d9702b68b5c\"},\"breadcrumb\":{\"@id\":\"https:\/\/departamentos.ufrrj.br\/dce\/2025\/08\/10\/selecao-de-monitores-do-dece-2025-2\/#breadcrumb\"},\"inLanguage\":\"pt-BR\",\"potentialAction\":[{\"@type\":\"ReadAction\",\"target\":[\"https:\/\/departamentos.ufrrj.br\/dce\/2025\/08\/10\/selecao-de-monitores-do-dece-2025-2\/\"]}]},{\"@type\":\"ImageObject\",\"inLanguage\":\"pt-BR\",\"@id\":\"https:\/\/departamentos.ufrrj.br\/dce\/2025\/08\/10\/selecao-de-monitores-do-dece-2025-2\/#primaryimage\",\"url\":\"https:\/\/departamentos.ufrrj.br\/dce\/wp-content\/uploads\/sites\/2\/2025\/08\/WhatsApp-Image-2025-07-25-at-10.30.27.jpeg\",\"contentUrl\":\"https:\/\/departamentos.ufrrj.br\/dce\/wp-content\/uploads\/sites\/2\/2025\/08\/WhatsApp-Image-2025-07-25-at-10.30.27.jpeg\",\"width\":673,\"height\":674},{\"@type\":\"BreadcrumbList\",\"@id\":\"https:\/\/departamentos.ufrrj.br\/dce\/2025\/08\/10\/selecao-de-monitores-do-dece-2025-2\/#breadcrumb\",\"itemListElement\":[{\"@type\":\"ListItem\",\"position\":1,\"name\":\"In\u00edcio\",\"item\":\"https:\/\/departamentos.ufrrj.br\/dce\/\"},{\"@type\":\"ListItem\",\"position\":2,\"name\":\"Sele\u00e7\u00e3o de monitores do DeCE &#8211; 2025.2\"}]},{\"@type\":\"WebSite\",\"@id\":\"https:\/\/departamentos.ufrrj.br\/dce\/#website\",\"url\":\"https:\/\/departamentos.ufrrj.br\/dce\/\",\"name\":\"Departamento Ci\u00eancias Econ\u00f4micas\",\"description\":\"\",\"potentialAction\":[{\"@type\":\"SearchAction\",\"target\":{\"@type\":\"EntryPoint\",\"urlTemplate\":\"https:\/\/departamentos.ufrrj.br\/dce\/?s={search_term_string}\"},\"query-input\":{\"@type\":\"PropertyValueSpecification\",\"valueRequired\":true,\"valueName\":\"search_term_string\"}}],\"inLanguage\":\"pt-BR\"},{\"@type\":\"Person\",\"@id\":\"https:\/\/departamentos.ufrrj.br\/dce\/#\/schema\/person\/ea797dda83392661c7762d9702b68b5c\",\"name\":\"rubiawegner\",\"image\":{\"@type\":\"ImageObject\",\"inLanguage\":\"pt-BR\",\"@id\":\"https:\/\/departamentos.ufrrj.br\/dce\/#\/schema\/person\/image\/\",\"url\":\"https:\/\/secure.gravatar.com\/avatar\/6455c6d67b946febd7bd31bb2c0d585f?s=96&d=mm&r=g\",\"contentUrl\":\"https:\/\/secure.gravatar.com\/avatar\/6455c6d67b946febd7bd31bb2c0d585f?s=96&d=mm&r=g\",\"caption\":\"rubiawegner\"},\"description\":\"Chamado - ID: 35423 (Rural - Seropedica)\",\"url\":\"https:\/\/departamentos.ufrrj.br\/dce\/author\/rubiawegner\/\"}]}<\/script>\n<!-- \/ Yoast SEO plugin. -->","yoast_head_json":{"title":"Sele\u00e7\u00e3o de monitores do DeCE - 2025.2 - Departamento Ci\u00eancias Econ\u00f4micas","robots":{"index":"index","follow":"follow","max-snippet":"max-snippet:-1","max-image-preview":"max-image-preview:large","max-video-preview":"max-video-preview:-1"},"canonical":"https:\/\/departamentos.ufrrj.br\/dce\/2025\/08\/10\/selecao-de-monitores-do-dece-2025-2\/","og_locale":"pt_BR","og_type":"article","og_title":"Sele\u00e7\u00e3o de monitores do DeCE - 2025.2 - Departamento Ci\u00eancias Econ\u00f4micas","og_description":"Estudantes! Aten\u00e7\u00e3o para o per\u00edodo de inscri\u00e7\u00f5es no concurso de monitoria remunerada! Acesse os editais para maiores informa\u00e7\u00f5es!Macroeconomia II &#8211; Link do [&hellip;]","og_url":"https:\/\/departamentos.ufrrj.br\/dce\/2025\/08\/10\/selecao-de-monitores-do-dece-2025-2\/","og_site_name":"Departamento Ci\u00eancias Econ\u00f4micas","article_published_time":"2025-08-10T14:11:17+00:00","og_image":[{"width":673,"height":674,"url":"https:\/\/departamentos.ufrrj.br\/dce\/wp-content\/uploads\/sites\/2\/2025\/08\/WhatsApp-Image-2025-07-25-at-10.30.27.jpeg","type":"image\/jpeg"}],"author":"rubiawegner","twitter_card":"summary_large_image","twitter_misc":{"Escrito por":"rubiawegner","Est. tempo de leitura":"1 minuto"},"schema":{"@context":"https:\/\/schema.org","@graph":[{"@type":"WebPage","@id":"https:\/\/departamentos.ufrrj.br\/dce\/2025\/08\/10\/selecao-de-monitores-do-dece-2025-2\/","url":"https:\/\/departamentos.ufrrj.br\/dce\/2025\/08\/10\/selecao-de-monitores-do-dece-2025-2\/","name":"Sele\u00e7\u00e3o de monitores do DeCE - 2025.2 - Departamento Ci\u00eancias Econ\u00f4micas","isPartOf":{"@id":"https:\/\/departamentos.ufrrj.br\/dce\/#website"},"primaryImageOfPage":{"@id":"https:\/\/departamentos.ufrrj.br\/dce\/2025\/08\/10\/selecao-de-monitores-do-dece-2025-2\/#primaryimage"},"image":{"@id":"https:\/\/departamentos.ufrrj.br\/dce\/2025\/08\/10\/selecao-de-monitores-do-dece-2025-2\/#primaryimage"},"thumbnailUrl":"https:\/\/departamentos.ufrrj.br\/dce\/wp-content\/uploads\/sites\/2\/2025\/08\/WhatsApp-Image-2025-07-25-at-10.30.27.jpeg","datePublished":"2025-08-10T14:11:17+00:00","dateModified":"2025-08-10T14:11:17+00:00","author":{"@id":"https:\/\/departamentos.ufrrj.br\/dce\/#\/schema\/person\/ea797dda83392661c7762d9702b68b5c"},"breadcrumb":{"@id":"https:\/\/departamentos.ufrrj.br\/dce\/2025\/08\/10\/selecao-de-monitores-do-dece-2025-2\/#breadcrumb"},"inLanguage":"pt-BR","potentialAction":[{"@type":"ReadAction","target":["https:\/\/departamentos.ufrrj.br\/dce\/2025\/08\/10\/selecao-de-monitores-do-dece-2025-2\/"]}]},{"@type":"ImageObject","inLanguage":"pt-BR","@id":"https:\/\/departamentos.ufrrj.br\/dce\/2025\/08\/10\/selecao-de-monitores-do-dece-2025-2\/#primaryimage","url":"https:\/\/departamentos.ufrrj.br\/dce\/wp-content\/uploads\/sites\/2\/2025\/08\/WhatsApp-Image-2025-07-25-at-10.30.27.jpeg","contentUrl":"https:\/\/departamentos.ufrrj.br\/dce\/wp-content\/uploads\/sites\/2\/2025\/08\/WhatsApp-Image-2025-07-25-at-10.30.27.jpeg","width":673,"height":674},{"@type":"BreadcrumbList","@id":"https:\/\/departamentos.ufrrj.br\/dce\/2025\/08\/10\/selecao-de-monitores-do-dece-2025-2\/#breadcrumb","itemListElement":[{"@type":"ListItem","position":1,"name":"In\u00edcio","item":"https:\/\/departamentos.ufrrj.br\/dce\/"},{"@type":"ListItem","position":2,"name":"Sele\u00e7\u00e3o de monitores do DeCE &#8211; 2025.2"}]},{"@type":"WebSite","@id":"https:\/\/departamentos.ufrrj.br\/dce\/#website","url":"https:\/\/departamentos.ufrrj.br\/dce\/","name":"Departamento Ci\u00eancias Econ\u00f4micas","description":"","potentialAction":[{"@type":"SearchAction","target":{"@type":"EntryPoint","urlTemplate":"https:\/\/departamentos.ufrrj.br\/dce\/?s={search_term_string}"},"query-input":{"@type":"PropertyValueSpecification","valueRequired":true,"valueName":"search_term_string"}}],"inLanguage":"pt-BR"},{"@type":"Person","@id":"https:\/\/departamentos.ufrrj.br\/dce\/#\/schema\/person\/ea797dda83392661c7762d9702b68b5c","name":"rubiawegner","image":{"@type":"ImageObject","inLanguage":"pt-BR","@id":"https:\/\/departamentos.ufrrj.br\/dce\/#\/schema\/person\/image\/","url":"https:\/\/secure.gravatar.com\/avatar\/6455c6d67b946febd7bd31bb2c0d585f?s=96&d=mm&r=g","contentUrl":"https:\/\/secure.gravatar.com\/avatar\/6455c6d67b946febd7bd31bb2c0d585f?s=96&d=mm&r=g","caption":"rubiawegner"},"description":"Chamado - ID: 35423 (Rural - Seropedica)","url":"https:\/\/departamentos.ufrrj.br\/dce\/author\/rubiawegner\/"}]}},"_links":{"self":[{"href":"https:\/\/departamentos.ufrrj.br\/dce\/wp-json\/wp\/v2\/posts\/612"}],"collection":[{"href":"https:\/\/departamentos.ufrrj.br\/dce\/wp-json\/wp\/v2\/posts"}],"about":[{"href":"https:\/\/departamentos.ufrrj.br\/dce\/wp-json\/wp\/v2\/types\/post"}],"author":[{"embeddable":true,"href":"https:\/\/departamentos.ufrrj.br\/dce\/wp-json\/wp\/v2\/users\/3"}],"replies":[{"embeddable":true,"href":"https:\/\/departamentos.ufrrj.br\/dce\/wp-json\/wp\/v2\/comments?post=612"}],"version-history":[{"count":1,"href":"https:\/\/departamentos.ufrrj.br\/dce\/wp-json\/wp\/v2\/posts\/612\/revisions"}],"predecessor-version":[{"id":614,"href":"https:\/\/departamentos.ufrrj.br\/dce\/wp-json\/wp\/v2\/posts\/612\/revisions\/614"}],"wp:featuredmedia":[{"embeddable":true,"href":"https:\/\/departamentos.ufrrj.br\/dce\/wp-json\/wp\/v2\/media\/613"}],"wp:attachment":[{"href":"https:\/\/departamentos.ufrrj.br\/dce\/wp-json\/wp\/v2\/media?parent=612"}],"wp:term":[{"taxonomy":"category","embeddable":true,"href":"https:\/\/departamentos.ufrrj.br\/dce\/wp-json\/wp\/v2\/categories?post=612"},{"taxonomy":"post_tag","embeddable":true,"href":"https:\/\/departamentos.ufrrj.br\/dce\/wp-json\/wp\/v2\/tags?post=612"}],"curies":[{"name":"wp","href":"https:\/\/api.w.org\/{rel}","templated":true}]}}