{"id":63,"date":"2024-09-30T15:02:15","date_gmt":"2024-09-30T18:02:15","guid":{"rendered":"https:\/\/departamentos.ufrrj.br\/dce\/?p=63"},"modified":"2024-11-18T15:32:08","modified_gmt":"2024-11-18T18:32:08","slug":"curricularizacao-da-extensao","status":"publish","type":"post","link":"https:\/\/departamentos.ufrrj.br\/dce\/2024\/09\/30\/curricularizacao-da-extensao\/","title":{"rendered":"Curriculariza\u00e7\u00e3o da extens\u00e3o"},"content":{"rendered":"\n<p>As seguintes atividades integradoras de forma\u00e7\u00e3o extensionista (AIFE) foram criadas voltadas para o curso de Ci\u00eancias Econ\u00f4micas:<\/p>\n\n\n\n<p>AIFE 1 Laborat\u00f3rio em Agregados Macroecon\u00f4micos (30h)<\/p>\n\n\n\n<p>AIFE2 Laborat\u00f3rio de Economia e Escolas do Pensamento Econ\u00f4mico (30h)<\/p>\n\n\n\n<p>AIFE 3 Laborat\u00f3rio de crescimento econ\u00f4mico e distribui\u00e7\u00e3o de renda (30h)<\/p>\n\n\n\n<p>AIFE 4 Laborat\u00f3rio de Microeconomia e mercados (30h)<\/p>\n\n\n\n<p>AIFE 5 Laborat\u00f3rio em concorr\u00eancia, inova\u00e7\u00e3o e empresas (30h)<\/p>\n\n\n\n<p>AIFE6 Laborat\u00f3rio em desenvolvimento econ\u00f4mico e regional (30h)<\/p>\n\n\n\n<p>AIFE7 Laborat\u00f3rio em com\u00e9rcio internacional, investimento e desenvolvimento (30h)<\/p>\n\n\n\n<p><\/p>\n\n\n\n<p><strong>Informa\u00e7\u00f5es gerais sobre curriculariza\u00e7\u00e3o da extens\u00e3o e registro de atividades de extens\u00e3o<\/strong><\/p>\n\n\n\n<p>Cartilha de curriculariza\u00e7\u00e3o da extens\u00e3o UFRRJ &#8211; <a href=\"https:\/\/departamentos.ufrrj.br\/dce\/wp-content\/uploads\/sites\/2\/2024\/09\/manual-basico_curricularizacao-da-extensao_ufrrj.pdf\">aqui<\/a><\/p>\n\n\n\n<p>Projeto Pedag\u00f3gico do curso de Ci\u00eancias Econ\u00f4micas com a pol\u00edtica de extens\u00e3o &#8211; <a href=\"https:\/\/cursos.ufrrj.br\/grad\/cienciaseconomicas\/files\/2023\/06\/PPC_Ciencias_Economicas-19-junho-2023-1.pdf\">aqui<\/a><\/p>\n\n\n\n<p>Material do DeCE para orientar no registro de atividades de extens\u00e3o &#8211; <a href=\"https:\/\/departamentos.ufrrj.br\/dce\/wp-content\/uploads\/sites\/2\/2024\/09\/Extensao.pdf\">aqui<\/a><\/p>\n","protected":false},"excerpt":{"rendered":"<p>As seguintes atividades integradoras de forma\u00e7\u00e3o extensionista (AIFE) foram criadas voltadas para o curso de Ci\u00eancias Econ\u00f4micas: AIFE 1 Laborat\u00f3rio em Agregados [&hellip;]<\/p>\n","protected":false},"author":3,"featured_media":0,"comment_status":"open","ping_status":"open","sticky":false,"template":"","format":"standard","meta":{"_acf_changed":false,"footnotes":""},"categories":[1],"tags":[],"class_list":["post-63","post","type-post","status-publish","format-standard","hentry","category-sem-categoria"],"acf":[],"yoast_head":"<!-- This site is optimized with the Yoast SEO plugin v23.4 - https:\/\/yoast.com\/wordpress\/plugins\/seo\/ -->\n<title>Curriculariza\u00e7\u00e3o da extens\u00e3o - Departamento Ci\u00eancias Econ\u00f4micas<\/title>\n<meta name=\"robots\" content=\"index, follow, max-snippet:-1, max-image-preview:large, max-video-preview:-1\" \/>\n<link rel=\"canonical\" href=\"https:\/\/departamentos.ufrrj.br\/dce\/2024\/09\/30\/curricularizacao-da-extensao\/\" \/>\n<meta property=\"og:locale\" content=\"pt_BR\" \/>\n<meta property=\"og:type\" content=\"article\" \/>\n<meta property=\"og:title\" content=\"Curriculariza\u00e7\u00e3o da extens\u00e3o - Departamento Ci\u00eancias Econ\u00f4micas\" \/>\n<meta property=\"og:description\" content=\"As seguintes atividades integradoras de forma\u00e7\u00e3o extensionista (AIFE) foram criadas voltadas para o curso de Ci\u00eancias Econ\u00f4micas: AIFE 1 Laborat\u00f3rio em Agregados [&hellip;]\" \/>\n<meta property=\"og:url\" content=\"https:\/\/departamentos.ufrrj.br\/dce\/2024\/09\/30\/curricularizacao-da-extensao\/\" \/>\n<meta property=\"og:site_name\" content=\"Departamento Ci\u00eancias Econ\u00f4micas\" \/>\n<meta property=\"article:published_time\" content=\"2024-09-30T18:02:15+00:00\" \/>\n<meta property=\"article:modified_time\" content=\"2024-11-18T18:32:08+00:00\" \/>\n<meta name=\"author\" content=\"rubiawegner\" \/>\n<meta name=\"twitter:card\" content=\"summary_large_image\" \/>\n<meta name=\"twitter:label1\" content=\"Escrito por\" \/>\n\t<meta name=\"twitter:data1\" content=\"rubiawegner\" \/>\n\t<meta name=\"twitter:label2\" content=\"Est. tempo de leitura\" \/>\n\t<meta name=\"twitter:data2\" content=\"1 minuto\" \/>\n<script type=\"application\/ld+json\" class=\"yoast-schema-graph\">{\"@context\":\"https:\/\/schema.org\",\"@graph\":[{\"@type\":\"WebPage\",\"@id\":\"https:\/\/departamentos.ufrrj.br\/dce\/2024\/09\/30\/curricularizacao-da-extensao\/\",\"url\":\"https:\/\/departamentos.ufrrj.br\/dce\/2024\/09\/30\/curricularizacao-da-extensao\/\",\"name\":\"Curriculariza\u00e7\u00e3o da extens\u00e3o - Departamento Ci\u00eancias Econ\u00f4micas\",\"isPartOf\":{\"@id\":\"https:\/\/departamentos.ufrrj.br\/dce\/#website\"},\"datePublished\":\"2024-09-30T18:02:15+00:00\",\"dateModified\":\"2024-11-18T18:32:08+00:00\",\"author\":{\"@id\":\"https:\/\/departamentos.ufrrj.br\/dce\/#\/schema\/person\/ea797dda83392661c7762d9702b68b5c\"},\"breadcrumb\":{\"@id\":\"https:\/\/departamentos.ufrrj.br\/dce\/2024\/09\/30\/curricularizacao-da-extensao\/#breadcrumb\"},\"inLanguage\":\"pt-BR\",\"potentialAction\":[{\"@type\":\"ReadAction\",\"target\":[\"https:\/\/departamentos.ufrrj.br\/dce\/2024\/09\/30\/curricularizacao-da-extensao\/\"]}]},{\"@type\":\"BreadcrumbList\",\"@id\":\"https:\/\/departamentos.ufrrj.br\/dce\/2024\/09\/30\/curricularizacao-da-extensao\/#breadcrumb\",\"itemListElement\":[{\"@type\":\"ListItem\",\"position\":1,\"name\":\"In\u00edcio\",\"item\":\"https:\/\/departamentos.ufrrj.br\/dce\/\"},{\"@type\":\"ListItem\",\"position\":2,\"name\":\"Curriculariza\u00e7\u00e3o da extens\u00e3o\"}]},{\"@type\":\"WebSite\",\"@id\":\"https:\/\/departamentos.ufrrj.br\/dce\/#website\",\"url\":\"https:\/\/departamentos.ufrrj.br\/dce\/\",\"name\":\"Departamento Ci\u00eancias Econ\u00f4micas\",\"description\":\"\",\"potentialAction\":[{\"@type\":\"SearchAction\",\"target\":{\"@type\":\"EntryPoint\",\"urlTemplate\":\"https:\/\/departamentos.ufrrj.br\/dce\/?s={search_term_string}\"},\"query-input\":{\"@type\":\"PropertyValueSpecification\",\"valueRequired\":true,\"valueName\":\"search_term_string\"}}],\"inLanguage\":\"pt-BR\"},{\"@type\":\"Person\",\"@id\":\"https:\/\/departamentos.ufrrj.br\/dce\/#\/schema\/person\/ea797dda83392661c7762d9702b68b5c\",\"name\":\"rubiawegner\",\"image\":{\"@type\":\"ImageObject\",\"inLanguage\":\"pt-BR\",\"@id\":\"https:\/\/departamentos.ufrrj.br\/dce\/#\/schema\/person\/image\/\",\"url\":\"https:\/\/secure.gravatar.com\/avatar\/6455c6d67b946febd7bd31bb2c0d585f?s=96&d=mm&r=g\",\"contentUrl\":\"https:\/\/secure.gravatar.com\/avatar\/6455c6d67b946febd7bd31bb2c0d585f?s=96&d=mm&r=g\",\"caption\":\"rubiawegner\"},\"description\":\"Chamado - ID: 35423 (Rural - Seropedica)\",\"url\":\"https:\/\/departamentos.ufrrj.br\/dce\/author\/rubiawegner\/\"}]}<\/script>\n<!-- \/ Yoast SEO plugin. -->","yoast_head_json":{"title":"Curriculariza\u00e7\u00e3o da extens\u00e3o - Departamento Ci\u00eancias Econ\u00f4micas","robots":{"index":"index","follow":"follow","max-snippet":"max-snippet:-1","max-image-preview":"max-image-preview:large","max-video-preview":"max-video-preview:-1"},"canonical":"https:\/\/departamentos.ufrrj.br\/dce\/2024\/09\/30\/curricularizacao-da-extensao\/","og_locale":"pt_BR","og_type":"article","og_title":"Curriculariza\u00e7\u00e3o da extens\u00e3o - Departamento Ci\u00eancias Econ\u00f4micas","og_description":"As seguintes atividades integradoras de forma\u00e7\u00e3o extensionista (AIFE) foram criadas voltadas para o curso de Ci\u00eancias Econ\u00f4micas: AIFE 1 Laborat\u00f3rio em Agregados [&hellip;]","og_url":"https:\/\/departamentos.ufrrj.br\/dce\/2024\/09\/30\/curricularizacao-da-extensao\/","og_site_name":"Departamento Ci\u00eancias Econ\u00f4micas","article_published_time":"2024-09-30T18:02:15+00:00","article_modified_time":"2024-11-18T18:32:08+00:00","author":"rubiawegner","twitter_card":"summary_large_image","twitter_misc":{"Escrito por":"rubiawegner","Est. tempo de leitura":"1 minuto"},"schema":{"@context":"https:\/\/schema.org","@graph":[{"@type":"WebPage","@id":"https:\/\/departamentos.ufrrj.br\/dce\/2024\/09\/30\/curricularizacao-da-extensao\/","url":"https:\/\/departamentos.ufrrj.br\/dce\/2024\/09\/30\/curricularizacao-da-extensao\/","name":"Curriculariza\u00e7\u00e3o da extens\u00e3o - Departamento Ci\u00eancias Econ\u00f4micas","isPartOf":{"@id":"https:\/\/departamentos.ufrrj.br\/dce\/#website"},"datePublished":"2024-09-30T18:02:15+00:00","dateModified":"2024-11-18T18:32:08+00:00","author":{"@id":"https:\/\/departamentos.ufrrj.br\/dce\/#\/schema\/person\/ea797dda83392661c7762d9702b68b5c"},"breadcrumb":{"@id":"https:\/\/departamentos.ufrrj.br\/dce\/2024\/09\/30\/curricularizacao-da-extensao\/#breadcrumb"},"inLanguage":"pt-BR","potentialAction":[{"@type":"ReadAction","target":["https:\/\/departamentos.ufrrj.br\/dce\/2024\/09\/30\/curricularizacao-da-extensao\/"]}]},{"@type":"BreadcrumbList","@id":"https:\/\/departamentos.ufrrj.br\/dce\/2024\/09\/30\/curricularizacao-da-extensao\/#breadcrumb","itemListElement":[{"@type":"ListItem","position":1,"name":"In\u00edcio","item":"https:\/\/departamentos.ufrrj.br\/dce\/"},{"@type":"ListItem","position":2,"name":"Curriculariza\u00e7\u00e3o da extens\u00e3o"}]},{"@type":"WebSite","@id":"https:\/\/departamentos.ufrrj.br\/dce\/#website","url":"https:\/\/departamentos.ufrrj.br\/dce\/","name":"Departamento Ci\u00eancias Econ\u00f4micas","description":"","potentialAction":[{"@type":"SearchAction","target":{"@type":"EntryPoint","urlTemplate":"https:\/\/departamentos.ufrrj.br\/dce\/?s={search_term_string}"},"query-input":{"@type":"PropertyValueSpecification","valueRequired":true,"valueName":"search_term_string"}}],"inLanguage":"pt-BR"},{"@type":"Person","@id":"https:\/\/departamentos.ufrrj.br\/dce\/#\/schema\/person\/ea797dda83392661c7762d9702b68b5c","name":"rubiawegner","image":{"@type":"ImageObject","inLanguage":"pt-BR","@id":"https:\/\/departamentos.ufrrj.br\/dce\/#\/schema\/person\/image\/","url":"https:\/\/secure.gravatar.com\/avatar\/6455c6d67b946febd7bd31bb2c0d585f?s=96&d=mm&r=g","contentUrl":"https:\/\/secure.gravatar.com\/avatar\/6455c6d67b946febd7bd31bb2c0d585f?s=96&d=mm&r=g","caption":"rubiawegner"},"description":"Chamado - ID: 35423 (Rural - Seropedica)","url":"https:\/\/departamentos.ufrrj.br\/dce\/author\/rubiawegner\/"}]}},"_links":{"self":[{"href":"https:\/\/departamentos.ufrrj.br\/dce\/wp-json\/wp\/v2\/posts\/63"}],"collection":[{"href":"https:\/\/departamentos.ufrrj.br\/dce\/wp-json\/wp\/v2\/posts"}],"about":[{"href":"https:\/\/departamentos.ufrrj.br\/dce\/wp-json\/wp\/v2\/types\/post"}],"author":[{"embeddable":true,"href":"https:\/\/departamentos.ufrrj.br\/dce\/wp-json\/wp\/v2\/users\/3"}],"replies":[{"embeddable":true,"href":"https:\/\/departamentos.ufrrj.br\/dce\/wp-json\/wp\/v2\/comments?post=63"}],"version-history":[{"count":11,"href":"https:\/\/departamentos.ufrrj.br\/dce\/wp-json\/wp\/v2\/posts\/63\/revisions"}],"predecessor-version":[{"id":526,"href":"https:\/\/departamentos.ufrrj.br\/dce\/wp-json\/wp\/v2\/posts\/63\/revisions\/526"}],"wp:attachment":[{"href":"https:\/\/departamentos.ufrrj.br\/dce\/wp-json\/wp\/v2\/media?parent=63"}],"wp:term":[{"taxonomy":"category","embeddable":true,"href":"https:\/\/departamentos.ufrrj.br\/dce\/wp-json\/wp\/v2\/categories?post=63"},{"taxonomy":"post_tag","embeddable":true,"href":"https:\/\/departamentos.ufrrj.br\/dce\/wp-json\/wp\/v2\/tags?post=63"}],"curies":[{"name":"wp","href":"https:\/\/api.w.org\/{rel}","templated":true}]}}