{"id":67,"date":"2024-09-30T15:03:30","date_gmt":"2024-09-30T18:03:30","guid":{"rendered":"https:\/\/departamentos.ufrrj.br\/dce\/?p=67"},"modified":"2026-03-19T18:46:30","modified_gmt":"2026-03-19T21:46:30","slug":"quadro-de-horarios-e-salas-de-aulas-das-turmas-2024-2","status":"publish","type":"post","link":"https:\/\/departamentos.ufrrj.br\/dce\/2024\/09\/30\/quadro-de-horarios-e-salas-de-aulas-das-turmas-2024-2\/","title":{"rendered":"Quadro de hor\u00e1rios e salas de aulas das turmas de disciplinas 2026-1"},"content":{"rendered":"\n<p>Nesse espa\u00e7o, divulgamos o quadro de hor\u00e1rios e salas de aula das turmas de disciplinas ofertadas pelo Departamento. Lembramos que a informa\u00e7\u00e3o no Sistema Acad\u00eamico se sobrep\u00f5e a essa divulga\u00e7\u00e3o, quando for o caso. <\/p>\n\n\n\n<p><strong>HOR\u00c1RIO DOS\/AS DOCENTES DO DEPARTAMENTO DE CI\u00caNCIAS ECON\u00d4MICAS 2026-2<\/strong> com as salas de aula<\/p>\n\n\n\n<figure class=\"wp-block-table\"><table class=\"has-fixed-layout\"><tbody><tr><td><strong>Docente<\/strong><strong><\/strong><\/td><td><strong>Disciplina<\/strong><strong><\/strong><\/td><td colspan=\"2\"><strong>Hor\u00e1rio<\/strong><strong><\/strong><\/td><td><strong>Salas de aula<\/strong> <strong>Solicita\u00e7\u00e3o encaminhada \u00e0 dire\u00e7\u00e3o do ICSA****<\/strong><\/td><\/tr><tr><td rowspan=\"2\"><strong>Adriana Vassallo Martins<\/strong><strong><\/strong><\/td><td>IS217 Economia e Teoria Monet\u00e1ria<\/td><td>35M23<\/td><td>Ter\u00e7a\/Quinta 8-10<\/td><td>ICSA SEDE &#8211; ANEXO II &#8211; SALA 1<\/td><\/tr><tr><td>IS201 Introdu\u00e7\u00e3o \u00e0 Teoria Econ\u00f4mica<\/td><td>35M45<\/td><td>Ter\u00e7a\/Quinta 10-12<\/td><td>ICSA SEDE &#8211; ANEXO II &#8211; SALA 1<\/td><\/tr><tr><td rowspan=\"2\"><strong>Ant\u00f4nio Jos\u00e9 Alves Junior<\/strong><strong><\/strong><\/td><td>IS221 Economia do Setor P\u00fablico<\/td><td>35M23<\/td><td>Ter\u00e7a\/Quinta 8-10<\/td><td>PAVILH\u00c3O DE AULAS TE\u00d3RICAS &#8211; 214<\/td><\/tr><tr><td>IS202 Macroeconomia I<\/td><td>35M45<\/td><td>Ter\u00e7a\/Quinta 10-12<\/td><td>PAVILH\u00c3O DE AULAS TE\u00d3RICAS &#8211; 214<\/td><\/tr><tr><td rowspan=\"3\"><strong>Alexandre Jer\u00f4nimo de Freitas <\/strong><strong><\/strong><\/td><td>IS215 Desenvolvimento Econ\u00f4mico<\/td><td>35M45<\/td><td>Ter\u00e7a\/Quinta 10-12<\/td><td>PAVILH\u00c3O DE AULAS TE\u00d3RICAS \u2013 221<\/td><\/tr><tr><td>IS219 Forma\u00e7\u00e3o Econ\u00f4mica do Brasil<\/td><td>35T23<\/td><td>Ter\u00e7a\/Quinta 13-15<\/td><td>PAVILH\u00c3O DE AULAS TE\u00d3RICAS &#8211; 312<\/td><\/tr><tr><td>IS228 Economia do Meio Ambiente<\/td><td>3T45 4T23<\/td><td>Ter\u00e7a 15-17 Quarta 13-15<\/td><td>ICSA SEDE &#8211; Lab. inform\u00e1tica<\/td><\/tr><tr><td rowspan=\"4\"><strong>Beatriz Cavalcante de Oliveira Barros<\/strong><\/td><td>IH222 Introdu\u00e7\u00e3o \u00e0 Economia I (T02)<\/td><td>46T23<\/td><td>Quarta\/Sexta 13-15<\/td><td>PAVILH\u00c3O DE AULAS TE\u00d3RICAS &#8211; LAB 121<\/td><\/tr><tr><td>IS247 Economia Agr\u00e1ria (T01)<\/td><td>46T45<\/td><td>Quarta\/Sexta 15-17<\/td><td>PAVILH\u00c3O DE AULAS TE\u00d3RICAS \u2013 211<\/td><\/tr><tr><td>IH207 Contabilidade Nacional<\/td><td>46N23<\/td><td>Quarta\/Sexta 18-20<\/td><td>IZ &#8211; S.08<\/td><\/tr><tr><td>IH299 Economia Pol\u00edtica<\/td><td>6N45<\/td><td>Sexta 20-22<\/td><td>PAVILH\u00c3O DE AULAS TE\u00d3RICAS &#8211; 413 &#8211;<\/td><\/tr><tr><td rowspan=\"2\"><strong>Cleber Ferrer Barbosa<\/strong><strong><\/strong><\/td><td>IS206 Microeconomia I<\/td><td>35M23<\/td><td>Ter\u00e7a\/Quinta 8-10<\/td><td>PAVILH\u00c3O DE AULAS TE\u00d3RICAS &#8211; 312<\/td><\/tr><tr><td>IH296 Fundamentos de Microeconomia (T03)<\/td><td>35M45<\/td><td>Ter\u00e7a\/Quinta 10-12<\/td><td>PAVILH\u00c3O DE AULAS TE\u00d3RICAS &#8211; 312<\/td><\/tr><tr><td><strong>Daniel Ribeiro de Oliveira*<\/strong><strong><\/strong><\/td><td>IS203 Macroeconomia II<\/td><td>24T45<\/td><td>Segunda\/Quarta 15-17<\/td><td>ICSA SEDE &#8211; ICSA 01<\/td><\/tr><tr><td rowspan=\"4\"><strong>D\u00e9bora Mesquita Pimentel<\/strong><strong><\/strong><\/td><td>IS204 Macroeconomia III<\/td><td>35M23<\/td><td>Ter\u00e7a\/Quinta 8-10<\/td><td>PAVILH\u00c3O DE AULAS TE\u00d3RICAS \u2013 31<\/td><\/tr><tr><td>IS211 Econometria I<\/td><td>35M45<\/td><td>Ter\u00e7a\/Quinta 10-12<\/td><td>PAVILH\u00c3O DE AULAS TE\u00d3RICAS \u2013 31<\/td><\/tr><tr><td>IH702 Tutoria para Monografia I<\/td><td>7M45<\/td><td>S\u00e1bado 10-12<\/td><td>ICSA SEDE &#8211; ANEXO II &#8211; SALA 2<\/td><\/tr><tr><td>IH703 Tutoria para Monografia II<\/td><td>7M23<\/td><td>S\u00e1bado 8-10<\/td><td>ICSA SEDE &#8211; ANEXO II &#8211; SALA 2<\/td><\/tr><tr><td rowspan=\"4\"><strong>Eduardo Bassin<\/strong><\/td><td>IS247 Economia Agr\u00e1ria (T04)<\/td><td>24T23<\/td><td>Segunda\/Quarta 13-15<\/td><td>ICSA SEDE &#8211; Lab. t\u00eaxteis<\/td><\/tr><tr><td>IS247 Economia Agr\u00e1ria (T02)<\/td><td>24T45<\/td><td>Segunda\/Quarta 15-17<\/td><td>ICSA SEDE &#8211; Lab. t\u00eaxteis<\/td><\/tr><tr><td>IH297 Fundamentos de Macroeconomia (T03)<\/td><td>24N23<\/td><td>Segunda\/Quarta 18-20<\/td><td>ICSA SEDE &#8211; ICSA 01<\/td><\/tr><tr><td>IH297 Fundamentos de Macroeconomia (T01)<\/td><td>24N45<\/td><td>Segunda\/Quarta 20-22<\/td><td>ICSA SEDE &#8211; ICSA 01<\/td><\/tr><tr><td rowspan=\"2\"><strong>Eduardo Mendes Callado <\/strong><strong><\/strong><\/td><td>IH295 Economia Brasileira Contempor\u00e2nea<\/td><td>35T45<\/td><td>Ter\u00e7a\/Quinta 15-17<\/td><td>PAVILH\u00c3O DE AULAS TE\u00d3RICAS \u2013 312<\/td><\/tr><tr><td>IH296 Fundamentos de Microeconomia (T02)<\/td><td>35N45<\/td><td>Ter\u00e7a\/Quinta 20-22<\/td><td>PAVILH\u00c3O DE AULAS TE\u00d3RICAS \u2013 312<\/td><\/tr><tr><td><strong>Grasiela Cristina da Cunha Baruco**<\/strong><strong><\/strong><\/td><td>IH281 Semin\u00e1rios de Economia Brasileira<\/td><td>&#8211;<\/td><td>&#8211;<\/td><td>&#8211;<\/td><\/tr><tr><td rowspan=\"2\"><strong>Guilherme Weber Martins<\/strong><\/td><td>IS207 Microeconomia II<\/td><td>24M23<\/td><td>Segunda\/Quarta 8-10<\/td><td>IE \u2013SALA 06<\/td><\/tr><tr><td>IS213 Economia Industrial<\/td><td>24M45<\/td><td>Segunda\/Quarta 10-12<\/td><td>PAVILH\u00c3O DE AULAS TE\u00d3RICAS \u2013 223<\/td><\/tr><tr><td rowspan=\"2\"><strong>Henrique Pereira Braga<\/strong><strong><\/strong><\/td><td>IH290 Economia Brasileira I<\/td><td>35M23<\/td><td>Ter\u00e7a\/Quinta 8-10<\/td><td>PAVILH\u00c3O DE AULAS TE\u00d3RICAS \u2013 324<\/td><\/tr><tr><td>IS214 Economia Pol\u00edtica I<\/td><td>35M45<\/td><td>Ter\u00e7a\/Quinta 10-12<\/td><td>ICHS SEDE &#8211; ANEXO II SALA 04<\/td><\/tr><tr><td rowspan=\"2\"><strong>Joilson de Assis Cabral<\/strong><strong><\/strong><\/td><td>IH222 Introdu\u00e7\u00e3o \u00e0 Economia I<\/td><td>46T23<\/td><td>Quarta\/Sexta 13-15<\/td><td>PAVILH\u00c3O DE AULAS TE\u00d3RICAS &#8211; LAB 121<\/td><\/tr><tr><td>IH207 Contabilidade Nacional<\/td><td>46N23<\/td><td>Quarta\/Sexta 18-20<\/td><td>IZ &#8211; S.08<\/td><\/tr><tr><td rowspan=\"2\"><strong>Jos\u00e9 Ant\u00f4nio de Souza Veiga<\/strong><strong><\/strong><\/td><td>IH296 Fundamentos de Microeconomia (T01)<\/td><td>24T45<\/td><td>Segunda\/Quarta 15-17<\/td><td>PAVILH\u00c3O DE AULAS TE\u00d3RICAS &#8211; 412<\/td><\/tr><tr><td>IH222 Introdu\u00e7\u00e3o \u00e0 Economia I (T03)<\/td><td>24N23<\/td><td>Segunda\/Quarta 18-20<\/td><td>PAVILH\u00c3O DE AULAS TE\u00d3RICAS &#8211; 412<\/td><\/tr><tr><td><strong>Lamounier Erthal Villela*<\/strong><strong><\/strong><\/td><td>IH718 Arranjos Produtivos Locais e Desenvolvimento Territorial Sustent\u00e1vel<\/td><td>24T23<\/td><td>Segunda\/Quarta 13-15<\/td><td>ICSA PPG &#8211; MPGE &#8211; REUNI\u00d5ES<\/td><\/tr><tr><td rowspan=\"2\"><strong>Luciana da Silva Ferreira<\/strong><strong><\/strong><\/td><td>IS205 Macroeconomia IV<\/td><td>24M23<\/td><td>Segunda\/Quarta 8-10<\/td><td>ICSA SEDE &#8211; ICSA 01<\/td><\/tr><tr><td>IS209 Contabilidade Social<\/td><td>24M45<\/td><td>Segunda\/Quarta 10-12<\/td><td>ICSA SEDE &#8211; ICSA 01<\/td><\/tr><tr><td rowspan=\"2\"><strong>Luiz Jorge Vasconcellos Pessoa de Mendon\u00e7a<\/strong><strong><\/strong><\/td><td>IH297 Fundamentos de Macroeconomia (T02)<\/td><td>24M45<\/td><td>Segunda\/Quarta 10-12<\/td><td>ICSA SEDE &#8211; ICSA 01<\/td><\/tr><tr><td>IH222 Introdu\u00e7\u00e3o \u00e0 Economia I (T01)<\/td><td>24T23<\/td><td>Segunda\/Quarta 13-15<\/td><td>PAVILH\u00c3O DE AULAS TE\u00d3RICAS &#8211; 423<\/td><\/tr><tr><td rowspan=\"2\"><strong>Maria Viviana de Freitas <\/strong><strong><\/strong> <strong>Cabral<\/strong><strong><\/strong><\/td><td>IS210 Economia Regional e Urbana<\/td><td>24M23<\/td><td>Segunda\/Quarta 8-10<\/td><td>ICSA SEDE &#8211; ANEXO II &#8211; SALA 2<\/td><\/tr><tr><td>IH714 Introdu\u00e7\u00e3o \u00e0 An\u00e1lise Espacial<\/td><td>24M45<\/td><td>Segunda\/Quarta 10-12<\/td><td>ICSA SEDE &#8211; ANEXO II &#8211; SALA 2<\/td><\/tr><tr><td rowspan=\"2\"><strong>Mateus Ubirajara Silva Santana<\/strong><\/td><td>IS220 Hist\u00f3ria do Pensamento Econ\u00f4mico<\/td><td>35T45<\/td><td>Ter\u00e7a\/Quinta 15-17<\/td><td>PAVILH\u00c3O DE AULAS TE\u00d3RICAS &#8211; 423<\/td><\/tr><tr><td>IH219 Finan\u00e7as P\u00fablicas<\/td><td>35N23<\/td><td>Ter\u00e7a\/Quinta 18-20<\/td><td>IZ &#8211; S.01<\/td><\/tr><tr><td rowspan=\"2\"><strong>Miguel Henriques de Carvalho<\/strong><\/td><td>IS245 Hist\u00f3ria Econ\u00f4mica Geral I<\/td><td>24M23<\/td><td>Segunda\/Quarta 8-10<\/td><td>PAVILH\u00c3O DE AULAS TE\u00d3RICAS \u2013 311<\/td><\/tr><tr><td>IH291 Economia Brasileira I<\/td><td>24M45<\/td><td>Segunda\/Quarta 10-12<\/td><td>PAVILH\u00c3O DE AULAS TE\u00d3RICAS \u2013 311<\/td><\/tr><tr><td><strong>Rubia Cristina Wegner*<\/strong><strong><\/strong><\/td><td>IS216 Economia Internacional<\/td><td>35M45<\/td><td>Ter\u00e7a\/Quinta 10-12<\/td><td>ICSA SEDE &#8211; ANEXO II &#8211; SALA 2<\/td><\/tr><tr><td rowspan=\"3\"><strong>Ver\u00f4nica Nascimento Brito Antunes<\/strong><strong><\/strong><\/td><td>IS218 T\u00e9cnicas de Pesquisa em Economia<\/td><td>24M23<\/td><td>Segunda\/Quarta 8-10<\/td><td>PAVILH\u00c3O DE AULAS TE\u00d3RICAS &#8211; 413<\/td><\/tr><tr><td>IS208 Microeconomia III<\/td><td>24M45<\/td><td>Segunda\/Quarta 10-12<\/td><td>PAVILH\u00c3O DE AULAS TE\u00d3RICAS &#8211; 221<\/td><\/tr><tr><td>IS228 Economia do Meio Ambiente<\/td><td>3T45 4T23<\/td><td>Ter\u00e7a 15-17 Quarta 13-15<\/td><td>ICSA SEDE &#8211; Lab. inform\u00e1tica<\/td><\/tr><\/tbody><\/table><\/figure>\n\n\n\n<p><\/p>\n","protected":false},"excerpt":{"rendered":"<p>Nesse espa\u00e7o, divulgamos o quadro de hor\u00e1rios e salas de aula das turmas de disciplinas ofertadas pelo Departamento. Lembramos que a informa\u00e7\u00e3o [&hellip;]<\/p>\n","protected":false},"author":3,"featured_media":0,"comment_status":"open","ping_status":"open","sticky":false,"template":"","format":"standard","meta":{"_acf_changed":false,"footnotes":""},"categories":[1],"tags":[],"class_list":["post-67","post","type-post","status-publish","format-standard","hentry","category-sem-categoria"],"acf":[],"yoast_head":"<!-- This site is optimized with the Yoast SEO plugin v23.4 - https:\/\/yoast.com\/wordpress\/plugins\/seo\/ -->\n<title>Quadro de hor\u00e1rios e salas de aulas das turmas de disciplinas 2026-1 - Departamento Ci\u00eancias Econ\u00f4micas<\/title>\n<meta name=\"robots\" content=\"index, follow, max-snippet:-1, max-image-preview:large, max-video-preview:-1\" \/>\n<link rel=\"canonical\" href=\"https:\/\/departamentos.ufrrj.br\/dce\/2024\/09\/30\/quadro-de-horarios-e-salas-de-aulas-das-turmas-2024-2\/\" \/>\n<meta property=\"og:locale\" content=\"pt_BR\" \/>\n<meta property=\"og:type\" content=\"article\" \/>\n<meta property=\"og:title\" content=\"Quadro de hor\u00e1rios e salas de aulas das turmas de disciplinas 2026-1 - Departamento Ci\u00eancias Econ\u00f4micas\" \/>\n<meta property=\"og:description\" content=\"Nesse espa\u00e7o, divulgamos o quadro de hor\u00e1rios e salas de aula das turmas de disciplinas ofertadas pelo Departamento. Lembramos que a informa\u00e7\u00e3o [&hellip;]\" \/>\n<meta property=\"og:url\" content=\"https:\/\/departamentos.ufrrj.br\/dce\/2024\/09\/30\/quadro-de-horarios-e-salas-de-aulas-das-turmas-2024-2\/\" \/>\n<meta property=\"og:site_name\" content=\"Departamento Ci\u00eancias Econ\u00f4micas\" \/>\n<meta property=\"article:published_time\" content=\"2024-09-30T18:03:30+00:00\" \/>\n<meta property=\"article:modified_time\" content=\"2026-03-19T21:46:30+00:00\" \/>\n<meta name=\"author\" content=\"rubiawegner\" \/>\n<meta name=\"twitter:card\" content=\"summary_large_image\" \/>\n<meta name=\"twitter:label1\" content=\"Escrito por\" \/>\n\t<meta name=\"twitter:data1\" content=\"rubiawegner\" \/>\n\t<meta name=\"twitter:label2\" content=\"Est. tempo de leitura\" \/>\n\t<meta name=\"twitter:data2\" content=\"4 minutos\" \/>\n<script type=\"application\/ld+json\" class=\"yoast-schema-graph\">{\"@context\":\"https:\/\/schema.org\",\"@graph\":[{\"@type\":\"WebPage\",\"@id\":\"https:\/\/departamentos.ufrrj.br\/dce\/2024\/09\/30\/quadro-de-horarios-e-salas-de-aulas-das-turmas-2024-2\/\",\"url\":\"https:\/\/departamentos.ufrrj.br\/dce\/2024\/09\/30\/quadro-de-horarios-e-salas-de-aulas-das-turmas-2024-2\/\",\"name\":\"Quadro de hor\u00e1rios e salas de aulas das turmas de disciplinas 2026-1 - Departamento Ci\u00eancias Econ\u00f4micas\",\"isPartOf\":{\"@id\":\"https:\/\/departamentos.ufrrj.br\/dce\/#website\"},\"datePublished\":\"2024-09-30T18:03:30+00:00\",\"dateModified\":\"2026-03-19T21:46:30+00:00\",\"author\":{\"@id\":\"https:\/\/departamentos.ufrrj.br\/dce\/#\/schema\/person\/ea797dda83392661c7762d9702b68b5c\"},\"breadcrumb\":{\"@id\":\"https:\/\/departamentos.ufrrj.br\/dce\/2024\/09\/30\/quadro-de-horarios-e-salas-de-aulas-das-turmas-2024-2\/#breadcrumb\"},\"inLanguage\":\"pt-BR\",\"potentialAction\":[{\"@type\":\"ReadAction\",\"target\":[\"https:\/\/departamentos.ufrrj.br\/dce\/2024\/09\/30\/quadro-de-horarios-e-salas-de-aulas-das-turmas-2024-2\/\"]}]},{\"@type\":\"BreadcrumbList\",\"@id\":\"https:\/\/departamentos.ufrrj.br\/dce\/2024\/09\/30\/quadro-de-horarios-e-salas-de-aulas-das-turmas-2024-2\/#breadcrumb\",\"itemListElement\":[{\"@type\":\"ListItem\",\"position\":1,\"name\":\"In\u00edcio\",\"item\":\"https:\/\/departamentos.ufrrj.br\/dce\/\"},{\"@type\":\"ListItem\",\"position\":2,\"name\":\"Quadro de hor\u00e1rios e salas de aulas das turmas de disciplinas 2026-1\"}]},{\"@type\":\"WebSite\",\"@id\":\"https:\/\/departamentos.ufrrj.br\/dce\/#website\",\"url\":\"https:\/\/departamentos.ufrrj.br\/dce\/\",\"name\":\"Departamento Ci\u00eancias Econ\u00f4micas\",\"description\":\"\",\"potentialAction\":[{\"@type\":\"SearchAction\",\"target\":{\"@type\":\"EntryPoint\",\"urlTemplate\":\"https:\/\/departamentos.ufrrj.br\/dce\/?s={search_term_string}\"},\"query-input\":{\"@type\":\"PropertyValueSpecification\",\"valueRequired\":true,\"valueName\":\"search_term_string\"}}],\"inLanguage\":\"pt-BR\"},{\"@type\":\"Person\",\"@id\":\"https:\/\/departamentos.ufrrj.br\/dce\/#\/schema\/person\/ea797dda83392661c7762d9702b68b5c\",\"name\":\"rubiawegner\",\"image\":{\"@type\":\"ImageObject\",\"inLanguage\":\"pt-BR\",\"@id\":\"https:\/\/departamentos.ufrrj.br\/dce\/#\/schema\/person\/image\/\",\"url\":\"https:\/\/secure.gravatar.com\/avatar\/6455c6d67b946febd7bd31bb2c0d585f?s=96&d=mm&r=g\",\"contentUrl\":\"https:\/\/secure.gravatar.com\/avatar\/6455c6d67b946febd7bd31bb2c0d585f?s=96&d=mm&r=g\",\"caption\":\"rubiawegner\"},\"description\":\"Chamado - ID: 35423 (Rural - Seropedica)\",\"url\":\"https:\/\/departamentos.ufrrj.br\/dce\/author\/rubiawegner\/\"}]}<\/script>\n<!-- \/ Yoast SEO plugin. -->","yoast_head_json":{"title":"Quadro de hor\u00e1rios e salas de aulas das turmas de disciplinas 2026-1 - Departamento Ci\u00eancias Econ\u00f4micas","robots":{"index":"index","follow":"follow","max-snippet":"max-snippet:-1","max-image-preview":"max-image-preview:large","max-video-preview":"max-video-preview:-1"},"canonical":"https:\/\/departamentos.ufrrj.br\/dce\/2024\/09\/30\/quadro-de-horarios-e-salas-de-aulas-das-turmas-2024-2\/","og_locale":"pt_BR","og_type":"article","og_title":"Quadro de hor\u00e1rios e salas de aulas das turmas de disciplinas 2026-1 - Departamento Ci\u00eancias Econ\u00f4micas","og_description":"Nesse espa\u00e7o, divulgamos o quadro de hor\u00e1rios e salas de aula das turmas de disciplinas ofertadas pelo Departamento. Lembramos que a informa\u00e7\u00e3o [&hellip;]","og_url":"https:\/\/departamentos.ufrrj.br\/dce\/2024\/09\/30\/quadro-de-horarios-e-salas-de-aulas-das-turmas-2024-2\/","og_site_name":"Departamento Ci\u00eancias Econ\u00f4micas","article_published_time":"2024-09-30T18:03:30+00:00","article_modified_time":"2026-03-19T21:46:30+00:00","author":"rubiawegner","twitter_card":"summary_large_image","twitter_misc":{"Escrito por":"rubiawegner","Est. tempo de leitura":"4 minutos"},"schema":{"@context":"https:\/\/schema.org","@graph":[{"@type":"WebPage","@id":"https:\/\/departamentos.ufrrj.br\/dce\/2024\/09\/30\/quadro-de-horarios-e-salas-de-aulas-das-turmas-2024-2\/","url":"https:\/\/departamentos.ufrrj.br\/dce\/2024\/09\/30\/quadro-de-horarios-e-salas-de-aulas-das-turmas-2024-2\/","name":"Quadro de hor\u00e1rios e salas de aulas das turmas de disciplinas 2026-1 - Departamento Ci\u00eancias Econ\u00f4micas","isPartOf":{"@id":"https:\/\/departamentos.ufrrj.br\/dce\/#website"},"datePublished":"2024-09-30T18:03:30+00:00","dateModified":"2026-03-19T21:46:30+00:00","author":{"@id":"https:\/\/departamentos.ufrrj.br\/dce\/#\/schema\/person\/ea797dda83392661c7762d9702b68b5c"},"breadcrumb":{"@id":"https:\/\/departamentos.ufrrj.br\/dce\/2024\/09\/30\/quadro-de-horarios-e-salas-de-aulas-das-turmas-2024-2\/#breadcrumb"},"inLanguage":"pt-BR","potentialAction":[{"@type":"ReadAction","target":["https:\/\/departamentos.ufrrj.br\/dce\/2024\/09\/30\/quadro-de-horarios-e-salas-de-aulas-das-turmas-2024-2\/"]}]},{"@type":"BreadcrumbList","@id":"https:\/\/departamentos.ufrrj.br\/dce\/2024\/09\/30\/quadro-de-horarios-e-salas-de-aulas-das-turmas-2024-2\/#breadcrumb","itemListElement":[{"@type":"ListItem","position":1,"name":"In\u00edcio","item":"https:\/\/departamentos.ufrrj.br\/dce\/"},{"@type":"ListItem","position":2,"name":"Quadro de hor\u00e1rios e salas de aulas das turmas de disciplinas 2026-1"}]},{"@type":"WebSite","@id":"https:\/\/departamentos.ufrrj.br\/dce\/#website","url":"https:\/\/departamentos.ufrrj.br\/dce\/","name":"Departamento Ci\u00eancias Econ\u00f4micas","description":"","potentialAction":[{"@type":"SearchAction","target":{"@type":"EntryPoint","urlTemplate":"https:\/\/departamentos.ufrrj.br\/dce\/?s={search_term_string}"},"query-input":{"@type":"PropertyValueSpecification","valueRequired":true,"valueName":"search_term_string"}}],"inLanguage":"pt-BR"},{"@type":"Person","@id":"https:\/\/departamentos.ufrrj.br\/dce\/#\/schema\/person\/ea797dda83392661c7762d9702b68b5c","name":"rubiawegner","image":{"@type":"ImageObject","inLanguage":"pt-BR","@id":"https:\/\/departamentos.ufrrj.br\/dce\/#\/schema\/person\/image\/","url":"https:\/\/secure.gravatar.com\/avatar\/6455c6d67b946febd7bd31bb2c0d585f?s=96&d=mm&r=g","contentUrl":"https:\/\/secure.gravatar.com\/avatar\/6455c6d67b946febd7bd31bb2c0d585f?s=96&d=mm&r=g","caption":"rubiawegner"},"description":"Chamado - ID: 35423 (Rural - Seropedica)","url":"https:\/\/departamentos.ufrrj.br\/dce\/author\/rubiawegner\/"}]}},"_links":{"self":[{"href":"https:\/\/departamentos.ufrrj.br\/dce\/wp-json\/wp\/v2\/posts\/67"}],"collection":[{"href":"https:\/\/departamentos.ufrrj.br\/dce\/wp-json\/wp\/v2\/posts"}],"about":[{"href":"https:\/\/departamentos.ufrrj.br\/dce\/wp-json\/wp\/v2\/types\/post"}],"author":[{"embeddable":true,"href":"https:\/\/departamentos.ufrrj.br\/dce\/wp-json\/wp\/v2\/users\/3"}],"replies":[{"embeddable":true,"href":"https:\/\/departamentos.ufrrj.br\/dce\/wp-json\/wp\/v2\/comments?post=67"}],"version-history":[{"count":12,"href":"https:\/\/departamentos.ufrrj.br\/dce\/wp-json\/wp\/v2\/posts\/67\/revisions"}],"predecessor-version":[{"id":654,"href":"https:\/\/departamentos.ufrrj.br\/dce\/wp-json\/wp\/v2\/posts\/67\/revisions\/654"}],"wp:attachment":[{"href":"https:\/\/departamentos.ufrrj.br\/dce\/wp-json\/wp\/v2\/media?parent=67"}],"wp:term":[{"taxonomy":"category","embeddable":true,"href":"https:\/\/departamentos.ufrrj.br\/dce\/wp-json\/wp\/v2\/categories?post=67"},{"taxonomy":"post_tag","embeddable":true,"href":"https:\/\/departamentos.ufrrj.br\/dce\/wp-json\/wp\/v2\/tags?post=67"}],"curies":[{"name":"wp","href":"https:\/\/api.w.org\/{rel}","templated":true}]}}