{"id":1038,"date":"2025-10-21T21:11:10","date_gmt":"2025-10-22T00:11:10","guid":{"rendered":"https:\/\/departamentos.ufrrj.br\/del\/?p=1038"},"modified":"2025-10-21T21:11:12","modified_gmt":"2025-10-22T00:11:12","slug":"ufrrj-celebra-dia-do-servidor-com-corrida-e-caminhada-para-promover-saude-e-integracao","status":"publish","type":"post","link":"https:\/\/departamentos.ufrrj.br\/del\/2025\/10\/21\/ufrrj-celebra-dia-do-servidor-com-corrida-e-caminhada-para-promover-saude-e-integracao\/","title":{"rendered":"UFRRJ celebra Dia do Servidor com corrida e caminhada para promover sa\u00fade e integra\u00e7\u00e3o"},"content":{"rendered":"\n<hr class=\"wp-block-separator has-alpha-channel-opacity\"\/>\n\n\n\n<p><\/p>\n\n\n\n<div class=\"wp-block-columns is-layout-flex wp-container-core-columns-is-layout-2 wp-block-columns-is-layout-flex\">\n<div class=\"wp-block-column is-layout-flow wp-block-column-is-layout-flow\" style=\"flex-basis:100%\">\n<div class=\"wp-block-columns is-layout-flex wp-container-core-columns-is-layout-1 wp-block-columns-is-layout-flex\">\n<div class=\"wp-block-column is-layout-flow wp-block-column-is-layout-flow\"><div class=\"taxonomy-category wp-block-post-terms\"><a href=\"https:\/\/departamentos.ufrrj.br\/del\/category\/corrida-do-servidor\/\" rel=\"tag\">Corrida do servidor<\/a><span class=\"wp-block-post-terms__separator\">, <\/span><a href=\"https:\/\/departamentos.ufrrj.br\/del\/category\/noticias\/\" rel=\"tag\">Not\u00edcias<\/a><\/div><\/div>\n\n\n\n<div class=\"wp-block-column is-layout-flow wp-block-column-is-layout-flow\"><\/div>\n<\/div>\n<\/div>\n<\/div>\n\n\n\n<p><\/p>\n\n\n\n<hr class=\"wp-block-separator has-alpha-channel-opacity\"\/>\n\n\n\n<p><\/p>\n\n\n\n<p>Evento organizado pela Pr\u00f3-Reitoria de Gest\u00e3o de Pessoas (Progep) em parceria com o Departamento de Esporte e Lazer e apoio do Sintur, acontecer\u00e1 no dia 23 de outubro e contar\u00e1 com caf\u00e9 da manh\u00e3, sorteios e outras atra\u00e7\u00f5es.<\/p>\n\n\n\n<figure class=\"wp-block-image size-full\"><img loading=\"lazy\" decoding=\"async\" width=\"1024\" height=\"629\" src=\"https:\/\/departamentos.ufrrj.br\/del\/wp-content\/uploads\/sites\/5\/2025\/10\/image-5.png\" alt=\"\" class=\"wp-image-998\" srcset=\"https:\/\/departamentos.ufrrj.br\/del\/wp-content\/uploads\/sites\/5\/2025\/10\/image-5.png 1024w, https:\/\/departamentos.ufrrj.br\/del\/wp-content\/uploads\/sites\/5\/2025\/10\/image-5-300x184.png 300w, https:\/\/departamentos.ufrrj.br\/del\/wp-content\/uploads\/sites\/5\/2025\/10\/image-5-768x472.png 768w, https:\/\/departamentos.ufrrj.br\/del\/wp-content\/uploads\/sites\/5\/2025\/10\/image-5-114x70.png 114w\" sizes=\"(max-width: 1024px) 100vw, 1024px\" \/><figcaption class=\"wp-element-caption\">Duas pessoas correndo em frente ao Pavilh\u00e3o Central da UFRRJ no campus de Serop\u00e9dica.&nbsp;<br><em><strong>Foto:<\/strong>&nbsp;Jo\u00e3o Vitor Freitas, jornalista e bolsista de Comunica\u00e7\u00e3o da CCS<\/em>.<\/figcaption><\/figure>\n\n\n\n<p>Em comemora\u00e7\u00e3o ao Dia do Servidor P\u00fablico, a Universidade Federal Rural do Rio de Janeiro (UFRRJ) promover\u00e1, no pr\u00f3ximo dia 23 de outubro, a tradicional&nbsp;<strong>Corrida e Caminhada do Servidor<\/strong>. A iniciativa, que visa fomentar a sa\u00fade, o bem-estar e a integra\u00e7\u00e3o entre os colaboradores da institui\u00e7\u00e3o, ter\u00e1 in\u00edcio \u00e0s 8h e promete uma manh\u00e3 de muita energia e confraterniza\u00e7\u00e3o no c\u00e2mpus.<\/p>\n\n\n\n<p>O evento \u00e9 uma realiza\u00e7\u00e3o da Pr\u00f3-Reitoria de Gest\u00e3o de Pessoas (Progep) em uma parceria estrat\u00e9gica com a Pr\u00f3-Reitoria de Extens\u00e3o (Proext), por meio do Departamento de Esporte e Lazer (DEL). A a\u00e7\u00e3o conta ainda com o apoio fundamental do Sindicato dos Trabalhadores da Educa\u00e7\u00e3o da Universidade (SINTUR-UFRRJ), unindo diferentes setores da comunidade acad\u00eamica em prol da valoriza\u00e7\u00e3o do servidor.<\/p>\n\n\n\n<p>Os participantes, no momento da inscri\u00e7\u00e3o, puderam escolher entre duas modalidades: uma&nbsp;<strong>caminhada de 3km<\/strong>, ideal para quem busca uma atividade f\u00edsica moderada, e uma&nbsp;<strong>corrida de 5km<\/strong>&nbsp;para os que desejam um desafio maior. Para que todos possam se preparar, o percurso completo pode ser visualizado no perfil oficial do DEL no Instagram:&nbsp;<strong>@del.ufrrj<\/strong>.<\/p>\n\n\n\n<p>Al\u00e9m da pr\u00e1tica esportiva, o evento foi planejado para ser um momento de celebra\u00e7\u00e3o. Ao final do percurso, ser\u00e1 oferecido um caf\u00e9 da manh\u00e3 especial para repor as energias, seguido de um sorteio de brindes e outras atra\u00e7\u00f5es que visam fortalecer os la\u00e7os entre os colegas de trabalho.<\/p>\n\n\n\n<p><strong>Retirada dos Kits<\/strong><\/p>\n\n\n\n<p>Os servidores inscritos devem ficar atentos aos prazos para a retirada dos kits de atleta, compostos por camisa, n\u00famero de identifica\u00e7\u00e3o e um brinde surpresa. A entrega acontecer\u00e1 nos dias&nbsp;<strong>16, 17 e 21 de outubro<\/strong>, na sede da Progep, localizada na&nbsp;<strong>sala 77 do Pr\u00e9dio Principal (P1)<\/strong>.<\/p>\n\n\n\n<p>Para retirar o kit, ser\u00e1 necess\u00e1rio apresentar um documento oficial com foto e assinar o termo de responsabilidade no local. A organiza\u00e7\u00e3o refor\u00e7a a import\u00e2ncia de garantir o material com anteced\u00eancia para evitar imprevistos no dia do evento. A Corrida e Caminhada do Servidor j\u00e1 se consolidou como um marco no calend\u00e1rio da UFRRJ, celebrando a dedica\u00e7\u00e3o de seus profissionais de forma saud\u00e1vel e integradora.<\/p>\n\n\n\n<p><em><strong>Texto e fotos:<\/strong>&nbsp;Jo\u00e3o Vitor Freitas, jornalista e bolsista de Comunica\u00e7\u00e3o da CCS<\/em>.<\/p>\n","protected":false},"excerpt":{"rendered":"<p>Evento organizado pela Pr\u00f3-Reitoria de Gest\u00e3o de Pessoas (Progep) em parceria com o Departamento de Esporte e Lazer e apoio do Sintur, [&hellip;]<\/p>\n","protected":false},"author":6,"featured_media":998,"comment_status":"open","ping_status":"open","sticky":false,"template":"","format":"standard","meta":{"_acf_changed":false,"footnotes":""},"categories":[11,3],"tags":[],"class_list":["post-1038","post","type-post","status-publish","format-standard","has-post-thumbnail","hentry","category-corrida-do-servidor","category-noticias"],"acf":[],"yoast_head":"<!-- This site is optimized with the Yoast SEO plugin v23.4 - https:\/\/yoast.com\/wordpress\/plugins\/seo\/ -->\n<title>UFRRJ celebra Dia do Servidor com corrida e caminhada para promover sa\u00fade e integra\u00e7\u00e3o - Departamento de Esportes e Lazer<\/title>\n<meta name=\"robots\" content=\"index, follow, max-snippet:-1, max-image-preview:large, max-video-preview:-1\" \/>\n<link rel=\"canonical\" href=\"https:\/\/departamentos.ufrrj.br\/del\/2025\/10\/21\/ufrrj-celebra-dia-do-servidor-com-corrida-e-caminhada-para-promover-saude-e-integracao\/\" \/>\n<meta property=\"og:locale\" content=\"pt_BR\" \/>\n<meta property=\"og:type\" content=\"article\" \/>\n<meta property=\"og:title\" content=\"UFRRJ celebra Dia do Servidor com corrida e caminhada para promover sa\u00fade e integra\u00e7\u00e3o - Departamento de Esportes e Lazer\" \/>\n<meta property=\"og:description\" content=\"Evento organizado pela Pr\u00f3-Reitoria de Gest\u00e3o de Pessoas (Progep) em parceria com o Departamento de Esporte e Lazer e apoio do Sintur, [&hellip;]\" \/>\n<meta property=\"og:url\" content=\"https:\/\/departamentos.ufrrj.br\/del\/2025\/10\/21\/ufrrj-celebra-dia-do-servidor-com-corrida-e-caminhada-para-promover-saude-e-integracao\/\" \/>\n<meta property=\"og:site_name\" content=\"Departamento de Esportes e Lazer\" \/>\n<meta property=\"article:published_time\" content=\"2025-10-22T00:11:10+00:00\" \/>\n<meta property=\"article:modified_time\" content=\"2025-10-22T00:11:12+00:00\" \/>\n<meta property=\"og:image\" content=\"https:\/\/departamentos.ufrrj.br\/del\/wp-content\/uploads\/sites\/5\/2025\/10\/image-5.png\" \/>\n\t<meta property=\"og:image:width\" content=\"1024\" \/>\n\t<meta property=\"og:image:height\" content=\"629\" \/>\n\t<meta property=\"og:image:type\" content=\"image\/png\" \/>\n<meta name=\"author\" content=\"Vin\u00edcius Gev\u00fa\" \/>\n<meta name=\"twitter:card\" content=\"summary_large_image\" \/>\n<meta name=\"twitter:label1\" content=\"Escrito por\" \/>\n\t<meta name=\"twitter:data1\" content=\"Vin\u00edcius Gev\u00fa\" \/>\n\t<meta name=\"twitter:label2\" content=\"Est. tempo de leitura\" \/>\n\t<meta name=\"twitter:data2\" content=\"3 minutos\" \/>\n<script type=\"application\/ld+json\" class=\"yoast-schema-graph\">{\"@context\":\"https:\/\/schema.org\",\"@graph\":[{\"@type\":\"Article\",\"@id\":\"https:\/\/departamentos.ufrrj.br\/del\/2025\/10\/21\/ufrrj-celebra-dia-do-servidor-com-corrida-e-caminhada-para-promover-saude-e-integracao\/#article\",\"isPartOf\":{\"@id\":\"https:\/\/departamentos.ufrrj.br\/del\/2025\/10\/21\/ufrrj-celebra-dia-do-servidor-com-corrida-e-caminhada-para-promover-saude-e-integracao\/\"},\"author\":{\"name\":\"Vin\u00edcius Gev\u00fa\",\"@id\":\"https:\/\/departamentos.ufrrj.br\/del\/#\/schema\/person\/415c97961f5e204055ca772fd633f5ff\"},\"headline\":\"UFRRJ celebra Dia do Servidor com corrida e caminhada para promover sa\u00fade e integra\u00e7\u00e3o\",\"datePublished\":\"2025-10-22T00:11:10+00:00\",\"dateModified\":\"2025-10-22T00:11:12+00:00\",\"mainEntityOfPage\":{\"@id\":\"https:\/\/departamentos.ufrrj.br\/del\/2025\/10\/21\/ufrrj-celebra-dia-do-servidor-com-corrida-e-caminhada-para-promover-saude-e-integracao\/\"},\"wordCount\":483,\"commentCount\":0,\"publisher\":{\"@id\":\"https:\/\/departamentos.ufrrj.br\/del\/#organization\"},\"image\":{\"@id\":\"https:\/\/departamentos.ufrrj.br\/del\/2025\/10\/21\/ufrrj-celebra-dia-do-servidor-com-corrida-e-caminhada-para-promover-saude-e-integracao\/#primaryimage\"},\"thumbnailUrl\":\"https:\/\/departamentos.ufrrj.br\/del\/wp-content\/uploads\/sites\/5\/2025\/10\/image-5.png\",\"articleSection\":[\"Corrida do servidor\",\"Not\u00edcias\"],\"inLanguage\":\"pt-BR\",\"potentialAction\":[{\"@type\":\"CommentAction\",\"name\":\"Comment\",\"target\":[\"https:\/\/departamentos.ufrrj.br\/del\/2025\/10\/21\/ufrrj-celebra-dia-do-servidor-com-corrida-e-caminhada-para-promover-saude-e-integracao\/#respond\"]}]},{\"@type\":\"WebPage\",\"@id\":\"https:\/\/departamentos.ufrrj.br\/del\/2025\/10\/21\/ufrrj-celebra-dia-do-servidor-com-corrida-e-caminhada-para-promover-saude-e-integracao\/\",\"url\":\"https:\/\/departamentos.ufrrj.br\/del\/2025\/10\/21\/ufrrj-celebra-dia-do-servidor-com-corrida-e-caminhada-para-promover-saude-e-integracao\/\",\"name\":\"UFRRJ celebra Dia do Servidor com corrida e caminhada para promover sa\u00fade e integra\u00e7\u00e3o - Departamento de Esportes e Lazer\",\"isPartOf\":{\"@id\":\"https:\/\/departamentos.ufrrj.br\/del\/#website\"},\"primaryImageOfPage\":{\"@id\":\"https:\/\/departamentos.ufrrj.br\/del\/2025\/10\/21\/ufrrj-celebra-dia-do-servidor-com-corrida-e-caminhada-para-promover-saude-e-integracao\/#primaryimage\"},\"image\":{\"@id\":\"https:\/\/departamentos.ufrrj.br\/del\/2025\/10\/21\/ufrrj-celebra-dia-do-servidor-com-corrida-e-caminhada-para-promover-saude-e-integracao\/#primaryimage\"},\"thumbnailUrl\":\"https:\/\/departamentos.ufrrj.br\/del\/wp-content\/uploads\/sites\/5\/2025\/10\/image-5.png\",\"datePublished\":\"2025-10-22T00:11:10+00:00\",\"dateModified\":\"2025-10-22T00:11:12+00:00\",\"breadcrumb\":{\"@id\":\"https:\/\/departamentos.ufrrj.br\/del\/2025\/10\/21\/ufrrj-celebra-dia-do-servidor-com-corrida-e-caminhada-para-promover-saude-e-integracao\/#breadcrumb\"},\"inLanguage\":\"pt-BR\",\"potentialAction\":[{\"@type\":\"ReadAction\",\"target\":[\"https:\/\/departamentos.ufrrj.br\/del\/2025\/10\/21\/ufrrj-celebra-dia-do-servidor-com-corrida-e-caminhada-para-promover-saude-e-integracao\/\"]}]},{\"@type\":\"ImageObject\",\"inLanguage\":\"pt-BR\",\"@id\":\"https:\/\/departamentos.ufrrj.br\/del\/2025\/10\/21\/ufrrj-celebra-dia-do-servidor-com-corrida-e-caminhada-para-promover-saude-e-integracao\/#primaryimage\",\"url\":\"https:\/\/departamentos.ufrrj.br\/del\/wp-content\/uploads\/sites\/5\/2025\/10\/image-5.png\",\"contentUrl\":\"https:\/\/departamentos.ufrrj.br\/del\/wp-content\/uploads\/sites\/5\/2025\/10\/image-5.png\",\"width\":1024,\"height\":629},{\"@type\":\"BreadcrumbList\",\"@id\":\"https:\/\/departamentos.ufrrj.br\/del\/2025\/10\/21\/ufrrj-celebra-dia-do-servidor-com-corrida-e-caminhada-para-promover-saude-e-integracao\/#breadcrumb\",\"itemListElement\":[{\"@type\":\"ListItem\",\"position\":1,\"name\":\"In\u00edcio\",\"item\":\"https:\/\/departamentos.ufrrj.br\/del\/\"},{\"@type\":\"ListItem\",\"position\":2,\"name\":\"UFRRJ celebra Dia do Servidor com corrida e caminhada para promover sa\u00fade e integra\u00e7\u00e3o\"}]},{\"@type\":\"WebSite\",\"@id\":\"https:\/\/departamentos.ufrrj.br\/del\/#website\",\"url\":\"https:\/\/departamentos.ufrrj.br\/del\/\",\"name\":\"Departamento Ci\u00eancias Econ\u00f4micas\",\"description\":\"\",\"publisher\":{\"@id\":\"https:\/\/departamentos.ufrrj.br\/del\/#organization\"},\"potentialAction\":[{\"@type\":\"SearchAction\",\"target\":{\"@type\":\"EntryPoint\",\"urlTemplate\":\"https:\/\/departamentos.ufrrj.br\/del\/?s={search_term_string}\"},\"query-input\":{\"@type\":\"PropertyValueSpecification\",\"valueRequired\":true,\"valueName\":\"search_term_string\"}}],\"inLanguage\":\"pt-BR\"},{\"@type\":\"Organization\",\"@id\":\"https:\/\/departamentos.ufrrj.br\/del\/#organization\",\"name\":\"Departamento Ci\u00eancias Econ\u00f4micas\",\"url\":\"https:\/\/departamentos.ufrrj.br\/del\/\",\"logo\":{\"@type\":\"ImageObject\",\"inLanguage\":\"pt-BR\",\"@id\":\"https:\/\/departamentos.ufrrj.br\/del\/#\/schema\/logo\/image\/\",\"url\":\"https:\/\/departamentos.ufrrj.br\/del\/wp-content\/uploads\/sites\/5\/2025\/03\/Design-sem-nome-4-150x150-1.jpg\",\"contentUrl\":\"https:\/\/departamentos.ufrrj.br\/del\/wp-content\/uploads\/sites\/5\/2025\/03\/Design-sem-nome-4-150x150-1.jpg\",\"width\":150,\"height\":150,\"caption\":\"Departamento Ci\u00eancias Econ\u00f4micas\"},\"image\":{\"@id\":\"https:\/\/departamentos.ufrrj.br\/del\/#\/schema\/logo\/image\/\"},\"sameAs\":[\"https:\/\/www.instagram.com\/del.ufrrj\/\"]},{\"@type\":\"Person\",\"@id\":\"https:\/\/departamentos.ufrrj.br\/del\/#\/schema\/person\/415c97961f5e204055ca772fd633f5ff\",\"name\":\"Vin\u00edcius Gev\u00fa\",\"image\":{\"@type\":\"ImageObject\",\"inLanguage\":\"pt-BR\",\"@id\":\"https:\/\/departamentos.ufrrj.br\/del\/#\/schema\/person\/image\/\",\"url\":\"https:\/\/secure.gravatar.com\/avatar\/6386fc479ea2bf720a23c246cb34dafe?s=96&d=mm&r=g\",\"contentUrl\":\"https:\/\/secure.gravatar.com\/avatar\/6386fc479ea2bf720a23c246cb34dafe?s=96&d=mm&r=g\",\"caption\":\"Vin\u00edcius Gev\u00fa\"},\"description\":\"GLPI 37594\",\"url\":\"https:\/\/departamentos.ufrrj.br\/del\/author\/viniciusgevu\/\"}]}<\/script>\n<!-- \/ Yoast SEO plugin. -->","yoast_head_json":{"title":"UFRRJ celebra Dia do Servidor com corrida e caminhada para promover sa\u00fade e integra\u00e7\u00e3o - Departamento de Esportes e Lazer","robots":{"index":"index","follow":"follow","max-snippet":"max-snippet:-1","max-image-preview":"max-image-preview:large","max-video-preview":"max-video-preview:-1"},"canonical":"https:\/\/departamentos.ufrrj.br\/del\/2025\/10\/21\/ufrrj-celebra-dia-do-servidor-com-corrida-e-caminhada-para-promover-saude-e-integracao\/","og_locale":"pt_BR","og_type":"article","og_title":"UFRRJ celebra Dia do Servidor com corrida e caminhada para promover sa\u00fade e integra\u00e7\u00e3o - Departamento de Esportes e Lazer","og_description":"Evento organizado pela Pr\u00f3-Reitoria de Gest\u00e3o de Pessoas (Progep) em parceria com o Departamento de Esporte e Lazer e apoio do Sintur, [&hellip;]","og_url":"https:\/\/departamentos.ufrrj.br\/del\/2025\/10\/21\/ufrrj-celebra-dia-do-servidor-com-corrida-e-caminhada-para-promover-saude-e-integracao\/","og_site_name":"Departamento de Esportes e Lazer","article_published_time":"2025-10-22T00:11:10+00:00","article_modified_time":"2025-10-22T00:11:12+00:00","og_image":[{"width":1024,"height":629,"url":"https:\/\/departamentos.ufrrj.br\/del\/wp-content\/uploads\/sites\/5\/2025\/10\/image-5.png","type":"image\/png"}],"author":"Vin\u00edcius Gev\u00fa","twitter_card":"summary_large_image","twitter_misc":{"Escrito por":"Vin\u00edcius Gev\u00fa","Est. tempo de leitura":"3 minutos"},"schema":{"@context":"https:\/\/schema.org","@graph":[{"@type":"Article","@id":"https:\/\/departamentos.ufrrj.br\/del\/2025\/10\/21\/ufrrj-celebra-dia-do-servidor-com-corrida-e-caminhada-para-promover-saude-e-integracao\/#article","isPartOf":{"@id":"https:\/\/departamentos.ufrrj.br\/del\/2025\/10\/21\/ufrrj-celebra-dia-do-servidor-com-corrida-e-caminhada-para-promover-saude-e-integracao\/"},"author":{"name":"Vin\u00edcius Gev\u00fa","@id":"https:\/\/departamentos.ufrrj.br\/del\/#\/schema\/person\/415c97961f5e204055ca772fd633f5ff"},"headline":"UFRRJ celebra Dia do Servidor com corrida e caminhada para promover sa\u00fade e integra\u00e7\u00e3o","datePublished":"2025-10-22T00:11:10+00:00","dateModified":"2025-10-22T00:11:12+00:00","mainEntityOfPage":{"@id":"https:\/\/departamentos.ufrrj.br\/del\/2025\/10\/21\/ufrrj-celebra-dia-do-servidor-com-corrida-e-caminhada-para-promover-saude-e-integracao\/"},"wordCount":483,"commentCount":0,"publisher":{"@id":"https:\/\/departamentos.ufrrj.br\/del\/#organization"},"image":{"@id":"https:\/\/departamentos.ufrrj.br\/del\/2025\/10\/21\/ufrrj-celebra-dia-do-servidor-com-corrida-e-caminhada-para-promover-saude-e-integracao\/#primaryimage"},"thumbnailUrl":"https:\/\/departamentos.ufrrj.br\/del\/wp-content\/uploads\/sites\/5\/2025\/10\/image-5.png","articleSection":["Corrida do servidor","Not\u00edcias"],"inLanguage":"pt-BR","potentialAction":[{"@type":"CommentAction","name":"Comment","target":["https:\/\/departamentos.ufrrj.br\/del\/2025\/10\/21\/ufrrj-celebra-dia-do-servidor-com-corrida-e-caminhada-para-promover-saude-e-integracao\/#respond"]}]},{"@type":"WebPage","@id":"https:\/\/departamentos.ufrrj.br\/del\/2025\/10\/21\/ufrrj-celebra-dia-do-servidor-com-corrida-e-caminhada-para-promover-saude-e-integracao\/","url":"https:\/\/departamentos.ufrrj.br\/del\/2025\/10\/21\/ufrrj-celebra-dia-do-servidor-com-corrida-e-caminhada-para-promover-saude-e-integracao\/","name":"UFRRJ celebra Dia do Servidor com corrida e caminhada para promover sa\u00fade e integra\u00e7\u00e3o - Departamento de Esportes e Lazer","isPartOf":{"@id":"https:\/\/departamentos.ufrrj.br\/del\/#website"},"primaryImageOfPage":{"@id":"https:\/\/departamentos.ufrrj.br\/del\/2025\/10\/21\/ufrrj-celebra-dia-do-servidor-com-corrida-e-caminhada-para-promover-saude-e-integracao\/#primaryimage"},"image":{"@id":"https:\/\/departamentos.ufrrj.br\/del\/2025\/10\/21\/ufrrj-celebra-dia-do-servidor-com-corrida-e-caminhada-para-promover-saude-e-integracao\/#primaryimage"},"thumbnailUrl":"https:\/\/departamentos.ufrrj.br\/del\/wp-content\/uploads\/sites\/5\/2025\/10\/image-5.png","datePublished":"2025-10-22T00:11:10+00:00","dateModified":"2025-10-22T00:11:12+00:00","breadcrumb":{"@id":"https:\/\/departamentos.ufrrj.br\/del\/2025\/10\/21\/ufrrj-celebra-dia-do-servidor-com-corrida-e-caminhada-para-promover-saude-e-integracao\/#breadcrumb"},"inLanguage":"pt-BR","potentialAction":[{"@type":"ReadAction","target":["https:\/\/departamentos.ufrrj.br\/del\/2025\/10\/21\/ufrrj-celebra-dia-do-servidor-com-corrida-e-caminhada-para-promover-saude-e-integracao\/"]}]},{"@type":"ImageObject","inLanguage":"pt-BR","@id":"https:\/\/departamentos.ufrrj.br\/del\/2025\/10\/21\/ufrrj-celebra-dia-do-servidor-com-corrida-e-caminhada-para-promover-saude-e-integracao\/#primaryimage","url":"https:\/\/departamentos.ufrrj.br\/del\/wp-content\/uploads\/sites\/5\/2025\/10\/image-5.png","contentUrl":"https:\/\/departamentos.ufrrj.br\/del\/wp-content\/uploads\/sites\/5\/2025\/10\/image-5.png","width":1024,"height":629},{"@type":"BreadcrumbList","@id":"https:\/\/departamentos.ufrrj.br\/del\/2025\/10\/21\/ufrrj-celebra-dia-do-servidor-com-corrida-e-caminhada-para-promover-saude-e-integracao\/#breadcrumb","itemListElement":[{"@type":"ListItem","position":1,"name":"In\u00edcio","item":"https:\/\/departamentos.ufrrj.br\/del\/"},{"@type":"ListItem","position":2,"name":"UFRRJ celebra Dia do Servidor com corrida e caminhada para promover sa\u00fade e integra\u00e7\u00e3o"}]},{"@type":"WebSite","@id":"https:\/\/departamentos.ufrrj.br\/del\/#website","url":"https:\/\/departamentos.ufrrj.br\/del\/","name":"Departamento Ci\u00eancias Econ\u00f4micas","description":"","publisher":{"@id":"https:\/\/departamentos.ufrrj.br\/del\/#organization"},"potentialAction":[{"@type":"SearchAction","target":{"@type":"EntryPoint","urlTemplate":"https:\/\/departamentos.ufrrj.br\/del\/?s={search_term_string}"},"query-input":{"@type":"PropertyValueSpecification","valueRequired":true,"valueName":"search_term_string"}}],"inLanguage":"pt-BR"},{"@type":"Organization","@id":"https:\/\/departamentos.ufrrj.br\/del\/#organization","name":"Departamento Ci\u00eancias Econ\u00f4micas","url":"https:\/\/departamentos.ufrrj.br\/del\/","logo":{"@type":"ImageObject","inLanguage":"pt-BR","@id":"https:\/\/departamentos.ufrrj.br\/del\/#\/schema\/logo\/image\/","url":"https:\/\/departamentos.ufrrj.br\/del\/wp-content\/uploads\/sites\/5\/2025\/03\/Design-sem-nome-4-150x150-1.jpg","contentUrl":"https:\/\/departamentos.ufrrj.br\/del\/wp-content\/uploads\/sites\/5\/2025\/03\/Design-sem-nome-4-150x150-1.jpg","width":150,"height":150,"caption":"Departamento Ci\u00eancias Econ\u00f4micas"},"image":{"@id":"https:\/\/departamentos.ufrrj.br\/del\/#\/schema\/logo\/image\/"},"sameAs":["https:\/\/www.instagram.com\/del.ufrrj\/"]},{"@type":"Person","@id":"https:\/\/departamentos.ufrrj.br\/del\/#\/schema\/person\/415c97961f5e204055ca772fd633f5ff","name":"Vin\u00edcius Gev\u00fa","image":{"@type":"ImageObject","inLanguage":"pt-BR","@id":"https:\/\/departamentos.ufrrj.br\/del\/#\/schema\/person\/image\/","url":"https:\/\/secure.gravatar.com\/avatar\/6386fc479ea2bf720a23c246cb34dafe?s=96&d=mm&r=g","contentUrl":"https:\/\/secure.gravatar.com\/avatar\/6386fc479ea2bf720a23c246cb34dafe?s=96&d=mm&r=g","caption":"Vin\u00edcius Gev\u00fa"},"description":"GLPI 37594","url":"https:\/\/departamentos.ufrrj.br\/del\/author\/viniciusgevu\/"}]}},"_links":{"self":[{"href":"https:\/\/departamentos.ufrrj.br\/del\/wp-json\/wp\/v2\/posts\/1038"}],"collection":[{"href":"https:\/\/departamentos.ufrrj.br\/del\/wp-json\/wp\/v2\/posts"}],"about":[{"href":"https:\/\/departamentos.ufrrj.br\/del\/wp-json\/wp\/v2\/types\/post"}],"author":[{"embeddable":true,"href":"https:\/\/departamentos.ufrrj.br\/del\/wp-json\/wp\/v2\/users\/6"}],"replies":[{"embeddable":true,"href":"https:\/\/departamentos.ufrrj.br\/del\/wp-json\/wp\/v2\/comments?post=1038"}],"version-history":[{"count":1,"href":"https:\/\/departamentos.ufrrj.br\/del\/wp-json\/wp\/v2\/posts\/1038\/revisions"}],"predecessor-version":[{"id":1039,"href":"https:\/\/departamentos.ufrrj.br\/del\/wp-json\/wp\/v2\/posts\/1038\/revisions\/1039"}],"wp:featuredmedia":[{"embeddable":true,"href":"https:\/\/departamentos.ufrrj.br\/del\/wp-json\/wp\/v2\/media\/998"}],"wp:attachment":[{"href":"https:\/\/departamentos.ufrrj.br\/del\/wp-json\/wp\/v2\/media?parent=1038"}],"wp:term":[{"taxonomy":"category","embeddable":true,"href":"https:\/\/departamentos.ufrrj.br\/del\/wp-json\/wp\/v2\/categories?post=1038"},{"taxonomy":"post_tag","embeddable":true,"href":"https:\/\/departamentos.ufrrj.br\/del\/wp-json\/wp\/v2\/tags?post=1038"}],"curies":[{"name":"wp","href":"https:\/\/api.w.org\/{rel}","templated":true}]}}