{"id":1043,"date":"2025-10-29T10:05:06","date_gmt":"2025-10-29T13:05:06","guid":{"rendered":"https:\/\/departamentos.ufrrj.br\/del\/?p=1043"},"modified":"2025-11-03T14:01:10","modified_gmt":"2025-11-03T17:01:10","slug":"tatames-da-ufrrj-se-transformam-em-palco-de-solidariedade-na-1a-copa-jita-kyoei-de-judo","status":"publish","type":"post","link":"https:\/\/departamentos.ufrrj.br\/del\/2025\/10\/29\/tatames-da-ufrrj-se-transformam-em-palco-de-solidariedade-na-1a-copa-jita-kyoei-de-judo\/","title":{"rendered":"Tatames da UFRRJ se transformam em palco de solidariedade na 1\u00aa Copa Jita-Kyoei de Jud\u00f4"},"content":{"rendered":"\n<hr class=\"wp-block-separator has-alpha-channel-opacity\"\/>\n\n\n\n<p><\/p>\n\n\n<div class=\"taxonomy-category wp-block-post-terms\"><a href=\"https:\/\/departamentos.ufrrj.br\/del\/category\/eventos\/arte-cultura-e-esportes\/\" rel=\"tag\">Arte Cultura e Esportes<\/a><span class=\"wp-block-post-terms__separator\">, <\/span><a href=\"https:\/\/departamentos.ufrrj.br\/del\/category\/noticias\/\" rel=\"tag\">Not\u00edcias<\/a><\/div>\n\n\n<p><\/p>\n\n\n\n<hr class=\"wp-block-separator has-alpha-channel-opacity\"\/>\n\n\n\n<p><\/p>\n\n\n\n<p>Evento promovido pelo Departamento de Esporte e Lazer (DEL), em parceria com a Escola Keiko Fukuda e a Secretaria de Esporte e Lazer de Serop\u00e9dica, une comunidade, solidariedade e a filosofia do esporte no c\u00e2mpus.<\/p>\n\n\n\n<figure class=\"wp-block-image size-large\"><img loading=\"lazy\" decoding=\"async\" width=\"1024\" height=\"683\" src=\"https:\/\/departamentos.ufrrj.br\/del\/wp-content\/uploads\/sites\/5\/2025\/10\/del-imagens-1024x683.jpg\" alt=\"\" class=\"wp-image-1045\" srcset=\"https:\/\/departamentos.ufrrj.br\/del\/wp-content\/uploads\/sites\/5\/2025\/10\/del-imagens-1024x683.jpg 1024w, https:\/\/departamentos.ufrrj.br\/del\/wp-content\/uploads\/sites\/5\/2025\/10\/del-imagens-300x200.jpg 300w, https:\/\/departamentos.ufrrj.br\/del\/wp-content\/uploads\/sites\/5\/2025\/10\/del-imagens-768x512.jpg 768w, https:\/\/departamentos.ufrrj.br\/del\/wp-content\/uploads\/sites\/5\/2025\/10\/del-imagens-105x70.jpg 105w, https:\/\/departamentos.ufrrj.br\/del\/wp-content\/uploads\/sites\/5\/2025\/10\/del-imagens.jpg 1536w\" sizes=\"(max-width: 1024px) 100vw, 1024px\" \/><figcaption class=\"wp-element-caption\">Os senseis envolvidos nos projetos sociais, Vencer, Derrubando Muros, Previt e a Escola de Jud\u00f4 Keiko Fukuda, juntamente com o diretor do Departamento de Esporte e Lazer (DEL), Thiago Rosa.&nbsp;<em><strong>Foto:<\/strong>&nbsp;DEL\/UFRRJ<\/em>.<\/figcaption><\/figure>\n\n\n\n<p>O Gin\u00e1sio de Esportes da Universidade Federal Rural do Rio de Janeiro (UFRRJ) foi palco, no \u00faltimo s\u00e1bado (18\/10), de um encontro que transcendeu a competi\u00e7\u00e3o. A&nbsp;<strong>1\u00aa Copa Solid\u00e1ria Jito-Kyoei de Jud\u00f4<\/strong>&nbsp;reuniu 80 atletas de todas as idades, transformando o espa\u00e7o acad\u00eamico em um grande tatame de integra\u00e7\u00e3o social, disciplina e, acima de tudo, solidariedade.<\/p>\n\n\n\n<div class=\"wp-block-columns is-layout-flex wp-container-core-columns-is-layout-2 wp-block-columns-is-layout-flex\">\n<div class=\"wp-block-column is-layout-flow wp-block-column-is-layout-flow\">\n<div class=\"wp-block-columns is-layout-flex wp-container-core-columns-is-layout-1 wp-block-columns-is-layout-flex\">\n<div class=\"wp-block-column is-layout-flow wp-block-column-is-layout-flow\">\n<div class=\"wp-block-cover has-custom-content-position is-position-bottom-center\" style=\"min-height:214px;aspect-ratio:unset;\"><span aria-hidden=\"true\" class=\"wp-block-cover__background has-background-dim\"><\/span><img loading=\"lazy\" decoding=\"async\" width=\"1024\" height=\"683\" class=\"wp-block-cover__image-background wp-image-1052\" alt=\"\" src=\"https:\/\/departamentos.ufrrj.br\/del\/wp-content\/uploads\/sites\/5\/2025\/10\/campeonato-del-2-1-1024x683.jpg\" data-object-fit=\"cover\" srcset=\"https:\/\/departamentos.ufrrj.br\/del\/wp-content\/uploads\/sites\/5\/2025\/10\/campeonato-del-2-1-1024x683.jpg 1024w, https:\/\/departamentos.ufrrj.br\/del\/wp-content\/uploads\/sites\/5\/2025\/10\/campeonato-del-2-1-300x200.jpg 300w, https:\/\/departamentos.ufrrj.br\/del\/wp-content\/uploads\/sites\/5\/2025\/10\/campeonato-del-2-1-768x512.jpg 768w, https:\/\/departamentos.ufrrj.br\/del\/wp-content\/uploads\/sites\/5\/2025\/10\/campeonato-del-2-1-105x70.jpg 105w, https:\/\/departamentos.ufrrj.br\/del\/wp-content\/uploads\/sites\/5\/2025\/10\/campeonato-del-2-1.jpg 1536w\" sizes=\"(max-width: 1024px) 100vw, 1024px\" \/><div class=\"wp-block-cover__inner-container is-layout-flow wp-block-cover-is-layout-flow\">\n<p class=\"has-text-align-center has-small-font-size\">Professores se apresentando. Foto: DEL\/UFRRJ<\/p>\n<\/div><\/div>\n<\/div>\n\n\n\n<div class=\"wp-block-column is-layout-flow wp-block-column-is-layout-flow\">\n<div class=\"wp-block-cover has-custom-content-position is-position-bottom-center\" style=\"min-height:214px;aspect-ratio:unset;\"><span aria-hidden=\"true\" class=\"wp-block-cover__background has-background-dim\"><\/span><img loading=\"lazy\" decoding=\"async\" width=\"1024\" height=\"683\" class=\"wp-block-cover__image-background wp-image-1053\" alt=\"\" src=\"https:\/\/departamentos.ufrrj.br\/del\/wp-content\/uploads\/sites\/5\/2025\/10\/prof-del-1024x683.jpg\" data-object-fit=\"cover\" srcset=\"https:\/\/departamentos.ufrrj.br\/del\/wp-content\/uploads\/sites\/5\/2025\/10\/prof-del-1024x683.jpg 1024w, https:\/\/departamentos.ufrrj.br\/del\/wp-content\/uploads\/sites\/5\/2025\/10\/prof-del-300x200.jpg 300w, https:\/\/departamentos.ufrrj.br\/del\/wp-content\/uploads\/sites\/5\/2025\/10\/prof-del-768x512.jpg 768w, https:\/\/departamentos.ufrrj.br\/del\/wp-content\/uploads\/sites\/5\/2025\/10\/prof-del-105x70.jpg 105w, https:\/\/departamentos.ufrrj.br\/del\/wp-content\/uploads\/sites\/5\/2025\/10\/prof-del.jpg 1536w\" sizes=\"(max-width: 1024px) 100vw, 1024px\" \/><div class=\"wp-block-cover__inner-container is-layout-flow wp-block-cover-is-layout-flow\">\n<p class=\"has-text-align-center has-small-font-size\">Judocas dos projetos sociais. Foto: DEL\/UFRRJ<\/p>\n<\/div><\/div>\n<\/div>\n\n\n\n<div class=\"wp-block-column is-layout-flow wp-block-column-is-layout-flow\">\n<div class=\"wp-block-cover has-custom-content-position is-position-bottom-center\" style=\"min-height:214px;aspect-ratio:unset;\"><span aria-hidden=\"true\" class=\"wp-block-cover__background has-background-dim\"><\/span><img loading=\"lazy\" decoding=\"async\" width=\"1024\" height=\"683\" class=\"wp-block-cover__image-background wp-image-1054\" alt=\"\" src=\"https:\/\/departamentos.ufrrj.br\/del\/wp-content\/uploads\/sites\/5\/2025\/10\/girls-del-1024x683.jpg\" data-object-fit=\"cover\" srcset=\"https:\/\/departamentos.ufrrj.br\/del\/wp-content\/uploads\/sites\/5\/2025\/10\/girls-del-1024x683.jpg 1024w, https:\/\/departamentos.ufrrj.br\/del\/wp-content\/uploads\/sites\/5\/2025\/10\/girls-del-300x200.jpg 300w, https:\/\/departamentos.ufrrj.br\/del\/wp-content\/uploads\/sites\/5\/2025\/10\/girls-del-768x512.jpg 768w, https:\/\/departamentos.ufrrj.br\/del\/wp-content\/uploads\/sites\/5\/2025\/10\/girls-del-1536x1024.jpg 1536w, https:\/\/departamentos.ufrrj.br\/del\/wp-content\/uploads\/sites\/5\/2025\/10\/girls-del-105x70.jpg 105w, https:\/\/departamentos.ufrrj.br\/del\/wp-content\/uploads\/sites\/5\/2025\/10\/girls-del.jpg 2048w\" sizes=\"(max-width: 1024px) 100vw, 1024px\" \/><div class=\"wp-block-cover__inner-container is-layout-flow wp-block-cover-is-layout-flow\">\n<p class=\"has-text-align-center has-small-font-size\">Alunas do jud\u00f4 do programa Esporte Para a Vida Toda. Foto: DEL\/UFRRJ<\/p>\n<\/div><\/div>\n<\/div>\n<\/div>\n<\/div>\n<\/div>\n\n\n\n<p class=\"has-text-align-center has-medium-font-size\"><\/p>\n\n\n\n<figure class=\"wp-block-image\"><img loading=\"lazy\" decoding=\"async\" width=\"1024\" height=\"683\" src=\"https:\/\/departamentos.ufrrj.br\/del\/wp-content\/uploads\/sites\/5\/2025\/10\/image-10-1024x683.png\" alt=\"\" class=\"wp-image-1055\" srcset=\"https:\/\/departamentos.ufrrj.br\/del\/wp-content\/uploads\/sites\/5\/2025\/10\/image-10-1024x683.png 1024w, https:\/\/departamentos.ufrrj.br\/del\/wp-content\/uploads\/sites\/5\/2025\/10\/image-10-300x200.png 300w, https:\/\/departamentos.ufrrj.br\/del\/wp-content\/uploads\/sites\/5\/2025\/10\/image-10-768x512.png 768w, https:\/\/departamentos.ufrrj.br\/del\/wp-content\/uploads\/sites\/5\/2025\/10\/image-10-1536x1024.png 1536w, https:\/\/departamentos.ufrrj.br\/del\/wp-content\/uploads\/sites\/5\/2025\/10\/image-10-105x70.png 105w, https:\/\/departamentos.ufrrj.br\/del\/wp-content\/uploads\/sites\/5\/2025\/10\/image-10.png 2048w\" sizes=\"(max-width: 1024px) 100vw, 1024px\" \/><figcaption class=\"wp-element-caption\">Foto dos judocas em fileira durante a apresenta\u00e7\u00e3o da Copa Solid\u00e1ria Jita-Kyoei de Jud\u00f4. <em><strong>Foto:<\/strong>\u00a0DEL\/UFRRJ<\/em>.<\/figcaption><\/figure>\n\n\n\n<p><\/p>\n\n\n\n<p><\/p>\n\n\n\n<p>O evento foi uma realiza\u00e7\u00e3o do&nbsp;<strong>Departamento de Esporte e Lazer (DEL) da UFRRJ<\/strong>, com o apoio da&nbsp;<strong>Escola de Judo Keiko Fukuda e da Secretaria de Esporte e Lazer de Serop\u00e9dica<\/strong>. Participaram jovens judocas dos projetos&nbsp;<strong>Vencer<\/strong>,&nbsp;<strong>Derrubando Muros<\/strong>,&nbsp;<strong>Programa Esporte para Vida Toda (Previt)<\/strong>&nbsp;e os alunos da Escola Keiko Fukuda, provando a for\u00e7a do esporte como elo entre diferentes iniciativas da Baixada Fluminense.<\/p>\n\n\n\n<div class=\"wp-block-columns is-layout-flex wp-container-core-columns-is-layout-3 wp-block-columns-is-layout-flex\">\n<div class=\"wp-block-column is-layout-flow wp-block-column-is-layout-flow\"><\/div>\n<\/div>\n\n\n<div class=\"wp-block-image\">\n<figure class=\"alignleft size-large is-resized\"><img loading=\"lazy\" decoding=\"async\" width=\"1024\" height=\"683\" src=\"https:\/\/departamentos.ufrrj.br\/del\/wp-content\/uploads\/sites\/5\/2025\/10\/image-11-1024x683.png\" alt=\"\" class=\"wp-image-1056\" style=\"width:385px;height:auto\" srcset=\"https:\/\/departamentos.ufrrj.br\/del\/wp-content\/uploads\/sites\/5\/2025\/10\/image-11-1024x683.png 1024w, https:\/\/departamentos.ufrrj.br\/del\/wp-content\/uploads\/sites\/5\/2025\/10\/image-11-300x200.png 300w, https:\/\/departamentos.ufrrj.br\/del\/wp-content\/uploads\/sites\/5\/2025\/10\/image-11-768x512.png 768w, https:\/\/departamentos.ufrrj.br\/del\/wp-content\/uploads\/sites\/5\/2025\/10\/image-11-1536x1024.png 1536w, https:\/\/departamentos.ufrrj.br\/del\/wp-content\/uploads\/sites\/5\/2025\/10\/image-11-105x70.png 105w, https:\/\/departamentos.ufrrj.br\/del\/wp-content\/uploads\/sites\/5\/2025\/10\/image-11.png 2048w\" sizes=\"(max-width: 1024px) 100vw, 1024px\" \/><\/figure><\/div>\n\n\n<p>A abertura oficial foi conduzida pela professora Anne Campos, fundadora da Escola Keiko Fukuda, e por Thiago Rosa, diretor do DEL. Em sua fala, Rosa destacou o papel da universidade como um espa\u00e7o de encontro, enfatizando a import\u00e2ncia de eventos como este para a miss\u00e3o da UFRRJ. \u201cTrazer a comunidade para dentro do campus \u00e9 a materializa\u00e7\u00e3o de um dos nossos pilares mais importantes: a extens\u00e3o\u201d. E prosseguiu afirmando: \u201cVer este gin\u00e1sio cheio de atletas de diferentes projetos sociais e diferentes cidades, unidos em um prop\u00f3sito solid\u00e1rio, mostra o potencial transformador da universidade como um espa\u00e7o acess\u00edvel e integrado \u00e0 sociedade\u201d, finalizou Rosa.<\/p>\n\n\n\n<p><em><strong>Foto:<\/strong>&nbsp;DEL\/UFRRJ<\/em>.<\/p>\n\n\n\n<p><\/p>\n\n\n\n<p>A manh\u00e3 come\u00e7ou com um \u201caul\u00e3o\u201d que aqueceu o cora\u00e7\u00e3o do p\u00fablico. Os mini-judocas tomaram conta do tatame, apresentando os movimentos fundamentais da arte marcial, realizando lutas l\u00fadicas entre si e at\u00e9 mesmo com seus professores. O momento de maior integra\u00e7\u00e3o, no entanto, foi quando os pais foram convidados a participar de uma atividade com seus filhos, selando o esp\u00edrito de \u201cJito-Kyoei\u201d \u2013 princ\u00edpio do jud\u00f4 que significa \u201cbem-estar e benef\u00edcio m\u00fatuo\u201d \u2013 que deu nome \u00e0 copa. Ao final, cada pequeno atleta recebeu uma medalha, celebrando a participa\u00e7\u00e3o e o aprendizado.<\/p>\n\n\n\n<div class=\"wp-block-columns are-vertically-aligned-top is-layout-flex wp-container-core-columns-is-layout-4 wp-block-columns-is-layout-flex\">\n<div class=\"wp-block-column is-vertically-aligned-top is-layout-flow wp-block-column-is-layout-flow\">\n<div class=\"wp-block-cover alignleft has-custom-content-position is-position-bottom-center\"><span aria-hidden=\"true\" class=\"wp-block-cover__background has-background-dim\"><\/span><img loading=\"lazy\" decoding=\"async\" width=\"1024\" height=\"820\" class=\"wp-block-cover__image-background wp-image-1066\" alt=\"\" src=\"https:\/\/departamentos.ufrrj.br\/del\/wp-content\/uploads\/sites\/5\/2025\/10\/judoca-medalha-3-1024x820.jpg\" data-object-fit=\"cover\" srcset=\"https:\/\/departamentos.ufrrj.br\/del\/wp-content\/uploads\/sites\/5\/2025\/10\/judoca-medalha-3-1024x820.jpg 1024w, https:\/\/departamentos.ufrrj.br\/del\/wp-content\/uploads\/sites\/5\/2025\/10\/judoca-medalha-3-300x240.jpg 300w, https:\/\/departamentos.ufrrj.br\/del\/wp-content\/uploads\/sites\/5\/2025\/10\/judoca-medalha-3-768x615.jpg 768w, https:\/\/departamentos.ufrrj.br\/del\/wp-content\/uploads\/sites\/5\/2025\/10\/judoca-medalha-3-1536x1229.jpg 1536w, https:\/\/departamentos.ufrrj.br\/del\/wp-content\/uploads\/sites\/5\/2025\/10\/judoca-medalha-3-87x70.jpg 87w, https:\/\/departamentos.ufrrj.br\/del\/wp-content\/uploads\/sites\/5\/2025\/10\/judoca-medalha-3.jpg 2048w\" sizes=\"(max-width: 1024px) 100vw, 1024px\" \/><div class=\"wp-block-cover__inner-container is-layout-flow wp-block-cover-is-layout-flow\">\n<p class=\"has-text-align-center has-small-font-size\">Judoca apresentando sua medalha.&nbsp;<em><strong>Foto:<\/strong>&nbsp;DEL\/UFRRJ<\/em>.<\/p>\n<\/div><\/div>\n<\/div>\n\n\n\n<div class=\"wp-block-column is-vertically-aligned-top is-layout-flow wp-block-column-is-layout-flow\">\n<div class=\"wp-block-cover aligncenter has-custom-content-position is-position-bottom-center\"><span aria-hidden=\"true\" class=\"wp-block-cover__background has-background-dim\"><\/span><img loading=\"lazy\" decoding=\"async\" width=\"1024\" height=\"819\" class=\"wp-block-cover__image-background wp-image-1070\" alt=\"\" src=\"https:\/\/departamentos.ufrrj.br\/del\/wp-content\/uploads\/sites\/5\/2025\/10\/pai-e-filho-3-1024x819.jpg\" data-object-fit=\"cover\" srcset=\"https:\/\/departamentos.ufrrj.br\/del\/wp-content\/uploads\/sites\/5\/2025\/10\/pai-e-filho-3-1024x819.jpg 1024w, https:\/\/departamentos.ufrrj.br\/del\/wp-content\/uploads\/sites\/5\/2025\/10\/pai-e-filho-3-300x240.jpg 300w, https:\/\/departamentos.ufrrj.br\/del\/wp-content\/uploads\/sites\/5\/2025\/10\/pai-e-filho-3-768x614.jpg 768w, https:\/\/departamentos.ufrrj.br\/del\/wp-content\/uploads\/sites\/5\/2025\/10\/pai-e-filho-3-1536x1229.jpg 1536w, https:\/\/departamentos.ufrrj.br\/del\/wp-content\/uploads\/sites\/5\/2025\/10\/pai-e-filho-3-88x70.jpg 88w, https:\/\/departamentos.ufrrj.br\/del\/wp-content\/uploads\/sites\/5\/2025\/10\/pai-e-filho-3.jpg 2048w\" sizes=\"(max-width: 1024px) 100vw, 1024px\" \/><div class=\"wp-block-cover__inner-container is-layout-flow wp-block-cover-is-layout-flow\">\n<p class=\"has-text-align-center has-small-font-size\">Pai e filho comemorando a medalha.&nbsp;<em><strong>Foto:<\/strong>&nbsp;DEL\/UFRRJ<\/em>.<\/p>\n<\/div><\/div>\n<\/div>\n\n\n\n<div class=\"wp-block-column is-vertically-aligned-top is-layout-flow wp-block-column-is-layout-flow\">\n<div class=\"wp-block-cover alignright has-custom-content-position is-position-bottom-center\"><span aria-hidden=\"true\" class=\"wp-block-cover__background has-background-dim\"><\/span><img loading=\"lazy\" decoding=\"async\" width=\"1024\" height=\"683\" class=\"wp-block-cover__image-background wp-image-1067\" alt=\"\" src=\"https:\/\/departamentos.ufrrj.br\/del\/wp-content\/uploads\/sites\/5\/2025\/10\/treino-1-1024x683.jpg\" data-object-fit=\"cover\" srcset=\"https:\/\/departamentos.ufrrj.br\/del\/wp-content\/uploads\/sites\/5\/2025\/10\/treino-1-1024x683.jpg 1024w, https:\/\/departamentos.ufrrj.br\/del\/wp-content\/uploads\/sites\/5\/2025\/10\/treino-1-300x200.jpg 300w, https:\/\/departamentos.ufrrj.br\/del\/wp-content\/uploads\/sites\/5\/2025\/10\/treino-1-768x512.jpg 768w, https:\/\/departamentos.ufrrj.br\/del\/wp-content\/uploads\/sites\/5\/2025\/10\/treino-1-1536x1024.jpg 1536w, https:\/\/departamentos.ufrrj.br\/del\/wp-content\/uploads\/sites\/5\/2025\/10\/treino-1-105x70.jpg 105w, https:\/\/departamentos.ufrrj.br\/del\/wp-content\/uploads\/sites\/5\/2025\/10\/treino-1.jpg 2048w\" sizes=\"(max-width: 1024px) 100vw, 1024px\" \/><div class=\"wp-block-cover__inner-container is-layout-flow wp-block-cover-is-layout-flow\">\n<p class=\"has-text-align-center has-small-font-size\">Alunos de jud\u00f4 durante a apresenta\u00e7\u00e3o do campeonato.&nbsp;<em><strong>Foto:<\/strong>&nbsp;DEL\/UFRRJ<\/em>.<\/p>\n<\/div><\/div>\n<\/div>\n<\/div>\n\n\n\n<p><\/p>\n\n\n\n<div class=\"wp-block-columns is-layout-flex wp-container-core-columns-is-layout-5 wp-block-columns-is-layout-flex\">\n<div class=\"wp-block-column is-layout-flow wp-block-column-is-layout-flow\">\n<div class=\"wp-block-cover alignleft has-custom-content-position is-position-bottom-center\" style=\"min-height:330px;aspect-ratio:unset;\"><span aria-hidden=\"true\" class=\"wp-block-cover__background has-background-dim\"><\/span><img loading=\"lazy\" decoding=\"async\" width=\"732\" height=\"1024\" class=\"wp-block-cover__image-background wp-image-1076\" alt=\"\" src=\"https:\/\/departamentos.ufrrj.br\/del\/wp-content\/uploads\/sites\/5\/2025\/10\/sensei-tiaho-1-732x1024.jpg\" data-object-fit=\"cover\" srcset=\"https:\/\/departamentos.ufrrj.br\/del\/wp-content\/uploads\/sites\/5\/2025\/10\/sensei-tiaho-1-732x1024.jpg 732w, https:\/\/departamentos.ufrrj.br\/del\/wp-content\/uploads\/sites\/5\/2025\/10\/sensei-tiaho-1-214x300.jpg 214w, https:\/\/departamentos.ufrrj.br\/del\/wp-content\/uploads\/sites\/5\/2025\/10\/sensei-tiaho-1-768x1075.jpg 768w, https:\/\/departamentos.ufrrj.br\/del\/wp-content\/uploads\/sites\/5\/2025\/10\/sensei-tiaho-1-1097x1536.jpg 1097w, https:\/\/departamentos.ufrrj.br\/del\/wp-content\/uploads\/sites\/5\/2025\/10\/sensei-tiaho-1-50x70.jpg 50w, https:\/\/departamentos.ufrrj.br\/del\/wp-content\/uploads\/sites\/5\/2025\/10\/sensei-tiaho-1.jpg 1463w\" sizes=\"(max-width: 732px) 100vw, 732px\" \/><div class=\"wp-block-cover__inner-container is-layout-flow wp-block-cover-is-layout-flow\">\n<p class=\"has-text-align-center has-small-font-size\">O sensei Thiago Rosa durante a luta ludica com o aluno de jud\u00f4.&nbsp;<em><strong>Foto:<\/strong>&nbsp;DEL\/UFRRJ<\/em>.<\/p>\n<\/div><\/div>\n<\/div>\n\n\n\n<div class=\"wp-block-column is-layout-flow wp-block-column-is-layout-flow\">\n<div class=\"wp-block-cover aligncenter has-custom-content-position is-position-bottom-center\" style=\"min-height:329px;aspect-ratio:unset;\"><span aria-hidden=\"true\" class=\"wp-block-cover__background has-background-dim\"><\/span><img loading=\"lazy\" decoding=\"async\" width=\"1024\" height=\"683\" class=\"wp-block-cover__image-background wp-image-1058\" alt=\"\" src=\"https:\/\/departamentos.ufrrj.br\/del\/wp-content\/uploads\/sites\/5\/2025\/10\/pai-e-filho-2-1024x683.jpg\" data-object-fit=\"cover\" srcset=\"https:\/\/departamentos.ufrrj.br\/del\/wp-content\/uploads\/sites\/5\/2025\/10\/pai-e-filho-2-1024x683.jpg 1024w, https:\/\/departamentos.ufrrj.br\/del\/wp-content\/uploads\/sites\/5\/2025\/10\/pai-e-filho-2-300x200.jpg 300w, https:\/\/departamentos.ufrrj.br\/del\/wp-content\/uploads\/sites\/5\/2025\/10\/pai-e-filho-2-768x512.jpg 768w, https:\/\/departamentos.ufrrj.br\/del\/wp-content\/uploads\/sites\/5\/2025\/10\/pai-e-filho-2-1536x1024.jpg 1536w, https:\/\/departamentos.ufrrj.br\/del\/wp-content\/uploads\/sites\/5\/2025\/10\/pai-e-filho-2-105x70.jpg 105w, https:\/\/departamentos.ufrrj.br\/del\/wp-content\/uploads\/sites\/5\/2025\/10\/pai-e-filho-2.jpg 2048w\" sizes=\"(max-width: 1024px) 100vw, 1024px\" \/><div class=\"wp-block-cover__inner-container is-layout-flow wp-block-cover-is-layout-flow\">\n<p class=\"has-text-align-center has-small-font-size\">Pai e filho durante o aul\u00e3o destinado aos minis judocas.&nbsp;<em><strong>Foto:<\/strong>&nbsp;DEL\/UFRRJ<\/em>.<\/p>\n<\/div><\/div>\n<\/div>\n\n\n\n<div class=\"wp-block-column is-layout-flow wp-block-column-is-layout-flow\">\n<div class=\"wp-block-cover alignright has-custom-content-position is-position-bottom-center\" style=\"min-height:328px;aspect-ratio:unset;\"><span aria-hidden=\"true\" class=\"wp-block-cover__background has-background-dim\"><\/span><img loading=\"lazy\" decoding=\"async\" width=\"1024\" height=\"576\" class=\"wp-block-cover__image-background wp-image-1077\" alt=\"\" src=\"https:\/\/departamentos.ufrrj.br\/del\/wp-content\/uploads\/sites\/5\/2025\/10\/judocas-durante-1-1024x576.jpg\" data-object-fit=\"cover\" srcset=\"https:\/\/departamentos.ufrrj.br\/del\/wp-content\/uploads\/sites\/5\/2025\/10\/judocas-durante-1-1024x576.jpg 1024w, https:\/\/departamentos.ufrrj.br\/del\/wp-content\/uploads\/sites\/5\/2025\/10\/judocas-durante-1-300x169.jpg 300w, https:\/\/departamentos.ufrrj.br\/del\/wp-content\/uploads\/sites\/5\/2025\/10\/judocas-durante-1-768x432.jpg 768w, https:\/\/departamentos.ufrrj.br\/del\/wp-content\/uploads\/sites\/5\/2025\/10\/judocas-durante-1-1536x864.jpg 1536w, https:\/\/departamentos.ufrrj.br\/del\/wp-content\/uploads\/sites\/5\/2025\/10\/judocas-durante-1-124x70.jpg 124w, https:\/\/departamentos.ufrrj.br\/del\/wp-content\/uploads\/sites\/5\/2025\/10\/judocas-durante-1.jpg 2048w\" sizes=\"(max-width: 1024px) 100vw, 1024px\" \/><div class=\"wp-block-cover__inner-container is-layout-flow wp-block-cover-is-layout-flow\">\n<p class=\"has-text-align-center has-small-font-size\">Judocas durante a atividade ludica.&nbsp;<em><strong>Foto:<\/strong>&nbsp;DEL\/UFRRJ<\/em>.<\/p>\n<\/div><\/div>\n<\/div>\n<\/div>\n\n\n\n<p><\/p>\n\n\n\n<div class=\"wp-block-cover aligncenter\"><span aria-hidden=\"true\" class=\"wp-block-cover__background has-background-dim\"><\/span><img loading=\"lazy\" decoding=\"async\" width=\"1024\" height=\"683\" class=\"wp-block-cover__image-background wp-image-1079\" alt=\"\" src=\"https:\/\/departamentos.ufrrj.br\/del\/wp-content\/uploads\/sites\/5\/2025\/10\/image-12.png\" data-object-fit=\"cover\" srcset=\"https:\/\/departamentos.ufrrj.br\/del\/wp-content\/uploads\/sites\/5\/2025\/10\/image-12.png 1024w, https:\/\/departamentos.ufrrj.br\/del\/wp-content\/uploads\/sites\/5\/2025\/10\/image-12-300x200.png 300w, https:\/\/departamentos.ufrrj.br\/del\/wp-content\/uploads\/sites\/5\/2025\/10\/image-12-768x512.png 768w, https:\/\/departamentos.ufrrj.br\/del\/wp-content\/uploads\/sites\/5\/2025\/10\/image-12-105x70.png 105w\" sizes=\"(max-width: 1024px) 100vw, 1024px\" \/><div class=\"wp-block-cover__inner-container is-layout-flow wp-block-cover-is-layout-flow\">\n<p><\/p>\n\n\n\n<p><\/p>\n\n\n\n<p><\/p>\n\n\n\n<p><\/p>\n\n\n\n<p><\/p>\n\n\n\n<p class=\"has-text-align-center has-small-font-size\">Professores e alunos durante a luta ludica.&nbsp;<em><strong>Foto:<\/strong>&nbsp;DEL\/UFRRJ<\/em>.<\/p>\n<\/div><\/div>\n\n\n\n<p class=\"has-text-align-left\">Em seguida, o foco se voltou para a competi\u00e7\u00e3o. Com mais de 140 lutas disputadas ao longo do dia, as diferentes classes, indo do Sub-9 ao Sub-15, al\u00e9m da classe Cadete (16 a 18 anos), demonstraram alto n\u00edvel t\u00e9cnico e grande esp\u00edrito esportivo. A arbitragem ficou a cargo das senseis e fundadoras da Escola Keiko Fukuda, Anne Campos e Iris Liers.<\/p>\n\n\n<div class=\"wp-block-image\">\n<figure class=\"alignleft size-full is-resized\"><img loading=\"lazy\" decoding=\"async\" width=\"768\" height=\"614\" src=\"https:\/\/departamentos.ufrrj.br\/del\/wp-content\/uploads\/sites\/5\/2025\/10\/image-13.png\" alt=\"\" class=\"wp-image-1080\" style=\"width:440px;height:auto\" srcset=\"https:\/\/departamentos.ufrrj.br\/del\/wp-content\/uploads\/sites\/5\/2025\/10\/image-13.png 768w, https:\/\/departamentos.ufrrj.br\/del\/wp-content\/uploads\/sites\/5\/2025\/10\/image-13-300x240.png 300w, https:\/\/departamentos.ufrrj.br\/del\/wp-content\/uploads\/sites\/5\/2025\/10\/image-13-88x70.png 88w\" sizes=\"(max-width: 768px) 100vw, 768px\" \/><\/figure><\/div>\n\n\n<p class=\"has-text-align-right\">Anne Campos, que fundou a escola em homenagem a Keiko Fukuda \u2013 a primeira mulher a alcan\u00e7ar a faixa vermelha, \u00faltima gradua\u00e7\u00e3o do jud\u00f4 \u2013, explicou a filosofia por tr\u00e1s do trabalho. \u201cO esporte \u00e9 uma ferramenta de modifica\u00e7\u00e3o social. O jud\u00f4, por ter uma filosofia agregada \u00e0 parte motora, que \u00e9 at\u00e9 mesmo mais importante que as habilidades f\u00edsicas, funciona como um transformador social impactante. Ele incorpora a disciplina e o respeito como pilares do estilo de vida\u201d, afirmou.<\/p>\n\n\n\n<p><\/p>\n\n\n\n<p>A relev\u00e2ncia do evento como plataforma de extens\u00e3o foi ecoada pelo sensei Caio Viana, respons\u00e1vel pela modalidade no projeto Vencer. O projeto, ligado ao DEL, atende cerca de 60 alunos no bairro Jardim Nova Era, em Nova Igua\u00e7u. \u201c\u00c9 muito bacana ver um trabalho extensionista t\u00e3o impactante na vida de tantos jovens, de diferentes modalidades, vindo disputar um torneio no Gin\u00e1sio da UFRRJ\u201d, agradeceu Viana pelo convite.<\/p>\n\n\n\n<div class=\"wp-block-columns is-layout-flex wp-container-core-columns-is-layout-6 wp-block-columns-is-layout-flex\">\n<div class=\"wp-block-column is-layout-flow wp-block-column-is-layout-flow\">\n<div class=\"wp-block-cover alignleft has-custom-content-position is-position-bottom-center\" style=\"min-height:225px;aspect-ratio:unset;\"><span aria-hidden=\"true\" class=\"wp-block-cover__background has-background-dim\"><\/span><img loading=\"lazy\" decoding=\"async\" width=\"768\" height=\"512\" class=\"wp-block-cover__image-background wp-image-1081\" alt=\"\" src=\"https:\/\/departamentos.ufrrj.br\/del\/wp-content\/uploads\/sites\/5\/2025\/10\/organizadores.jpg\" data-object-fit=\"cover\" srcset=\"https:\/\/departamentos.ufrrj.br\/del\/wp-content\/uploads\/sites\/5\/2025\/10\/organizadores.jpg 768w, https:\/\/departamentos.ufrrj.br\/del\/wp-content\/uploads\/sites\/5\/2025\/10\/organizadores-300x200.jpg 300w, https:\/\/departamentos.ufrrj.br\/del\/wp-content\/uploads\/sites\/5\/2025\/10\/organizadores-105x70.jpg 105w\" sizes=\"(max-width: 768px) 100vw, 768px\" \/><div class=\"wp-block-cover__inner-container is-layout-flow wp-block-cover-is-layout-flow\">\n<p class=\"has-text-align-center has-small-font-size\">Os organizadores do evento. Da esquerda para direita, a sensei e respons\u00e1vel pela Escola de Jud\u00f4 Keiko Fukuda, o Subsecret\u00e1rio Municipal de Esportes de Serop\u00e9dica, Leandro Neves, e o diretor do Departamento de Esporte e Lazer, Thiago Rosa.&nbsp;<em><strong>Foto:<\/strong>&nbsp;DEL\/UFRRJ<\/em>.<\/p>\n<\/div><\/div>\n<\/div>\n\n\n\n<div class=\"wp-block-column is-layout-flow wp-block-column-is-layout-flow\">\n<div class=\"wp-block-cover alignright has-custom-content-position is-position-bottom-center\" style=\"min-height:224px;aspect-ratio:unset;\"><span aria-hidden=\"true\" class=\"wp-block-cover__background has-background-dim\"><\/span><img loading=\"lazy\" decoding=\"async\" width=\"768\" height=\"512\" class=\"wp-block-cover__image-background wp-image-1082\" alt=\"\" src=\"https:\/\/departamentos.ufrrj.br\/del\/wp-content\/uploads\/sites\/5\/2025\/10\/thiago-rosa.jpg\" data-object-fit=\"cover\" srcset=\"https:\/\/departamentos.ufrrj.br\/del\/wp-content\/uploads\/sites\/5\/2025\/10\/thiago-rosa.jpg 768w, https:\/\/departamentos.ufrrj.br\/del\/wp-content\/uploads\/sites\/5\/2025\/10\/thiago-rosa-300x200.jpg 300w, https:\/\/departamentos.ufrrj.br\/del\/wp-content\/uploads\/sites\/5\/2025\/10\/thiago-rosa-105x70.jpg 105w\" sizes=\"(max-width: 768px) 100vw, 768px\" \/><div class=\"wp-block-cover__inner-container is-layout-flow wp-block-cover-is-layout-flow\">\n<p class=\"has-text-align-center has-small-font-size\">Thiago Rosa durante seu discurso, ao lado a sensei Anne Campos.&nbsp;<em><strong>Foto:<\/strong>&nbsp;DEL\/UFRRJ<\/em>.<\/p>\n<\/div><\/div>\n<\/div>\n<\/div>\n\n\n\n<p>Ao encerrar o evento, Thiago Rosa agradeceu a todos os colaboradores e ao p\u00fablico \u201cEste gin\u00e1sio tem que ser uma ponte. Ver atletas dos projetos Vencer, l\u00e1 de Nova Igua\u00e7u, do Derrubando Muros, do Previt, e os alunos da Keiko Fukuda, todos aqui dentro, trocando experi\u00eancias, aprendendo, competindo com respeito\u201d Rosa afirma \u201c\u00e9 para isso que o DEL existe. \u00c9 para isso que a universidade p\u00fablica existe. As nossas portas est\u00e3o e sempre estar\u00e3o abertas para a comunidade\u201d, encerrou agradecendo a contribui\u00e7\u00e3o de 1kg de alimento n\u00e3o perec\u00edvel. Os mantimentos arrecadados ser\u00e3o destinados a uma institui\u00e7\u00e3o de caridade local, fechando o ciclo de esporte, educa\u00e7\u00e3o e solidariedade.<\/p>\n\n\n\n<p><\/p>\n\n\n\n<figure class=\"wp-block-image size-full\"><img loading=\"lazy\" decoding=\"async\" width=\"1024\" height=\"791\" src=\"https:\/\/departamentos.ufrrj.br\/del\/wp-content\/uploads\/sites\/5\/2025\/10\/image-14.png\" alt=\"\" class=\"wp-image-1085\" srcset=\"https:\/\/departamentos.ufrrj.br\/del\/wp-content\/uploads\/sites\/5\/2025\/10\/image-14.png 1024w, https:\/\/departamentos.ufrrj.br\/del\/wp-content\/uploads\/sites\/5\/2025\/10\/image-14-300x232.png 300w, https:\/\/departamentos.ufrrj.br\/del\/wp-content\/uploads\/sites\/5\/2025\/10\/image-14-768x593.png 768w, https:\/\/departamentos.ufrrj.br\/del\/wp-content\/uploads\/sites\/5\/2025\/10\/image-14-91x70.png 91w\" sizes=\"(max-width: 1024px) 100vw, 1024px\" \/><figcaption class=\"wp-element-caption\">Os senseis Thiago Rosa e Anne Campos segurando a medalha da Copa Solid\u00e1ria Jita-Kyoei, e os alimentos arrecadado pelo evento.&nbsp;<em><strong>Foto:<\/strong>&nbsp;DEL\/UFRRJ<\/em>.<br><em><strong>Foto:<\/strong>&nbsp;DEL\/UFRRJ<\/em>.<br><em><strong>Texto:<\/strong>&nbsp;Jo\u00e3o Vitor Freitas, jornalista e bolsista de Comunica\u00e7\u00e3o da CCS<\/em>.<a href=\"https:\/\/portal.ufrrj.br\/#facebook\" target=\"_blank\" rel=\"noreferrer noopener\"><\/a><br><a href=\"https:\/\/portal.ufrrj.br\/#facebook\" target=\"_blank\" rel=\"noreferrer noopener\"><\/a><a href=\"https:\/\/portal.ufrrj.br\/#facebook\" target=\"_blank\" rel=\"noreferrer noopener\"><\/a><a href=\"https:\/\/portal.ufrrj.br\/#facebook\" target=\"_blank\" rel=\"noreferrer noopener\"><\/a><br><\/figcaption><\/figure>\n\n\n\n<ul class=\"wp-block-social-links is-layout-flex wp-block-social-links-is-layout-flex\"><li class=\"wp-social-link wp-social-link-whatsapp  wp-block-social-link\"><a href=\"https:\/\/www.addtoany.com\/add_to\/whatsapp?linkurl=https%3A%2F%2Fdepartamentos.ufrrj.br%2Fdel%2F%3Fp%3D1043&#038;linkname=Tatames%20da%20UFRRJ%20se%20transformam%20em%20palco%20de%20solidariedade%20na%201%C2%AA%20Copa%20Jita-Kyoei%20de%20Jud%C3%B4&#038;linknote=\" class=\"wp-block-social-link-anchor\"><svg width=\"24\" height=\"24\" viewBox=\"0 0 24 24\" version=\"1.1\" xmlns=\"http:\/\/www.w3.org\/2000\/svg\" aria-hidden=\"true\" focusable=\"false\"><path d=\"M 12.011719 2 C 6.5057187 2 2.0234844 6.478375 2.0214844 11.984375 C 2.0204844 13.744375 2.4814687 15.462563 3.3554688 16.976562 L 2 22 L 7.2324219 20.763672 C 8.6914219 21.559672 10.333859 21.977516 12.005859 21.978516 L 12.009766 21.978516 C 17.514766 21.978516 21.995047 17.499141 21.998047 11.994141 C 22.000047 9.3251406 20.962172 6.8157344 19.076172 4.9277344 C 17.190172 3.0407344 14.683719 2.001 12.011719 2 z M 12.009766 4 C 14.145766 4.001 16.153109 4.8337969 17.662109 6.3417969 C 19.171109 7.8517969 20.000047 9.8581875 19.998047 11.992188 C 19.996047 16.396187 16.413812 19.978516 12.007812 19.978516 C 10.674812 19.977516 9.3544062 19.642812 8.1914062 19.007812 L 7.5175781 18.640625 L 6.7734375 18.816406 L 4.8046875 19.28125 L 5.2851562 17.496094 L 5.5019531 16.695312 L 5.0878906 15.976562 C 4.3898906 14.768562 4.0204844 13.387375 4.0214844 11.984375 C 4.0234844 7.582375 7.6067656 4 12.009766 4 z M 8.4765625 7.375 C 8.3095625 7.375 8.0395469 7.4375 7.8105469 7.6875 C 7.5815469 7.9365 6.9355469 8.5395781 6.9355469 9.7675781 C 6.9355469 10.995578 7.8300781 12.182609 7.9550781 12.349609 C 8.0790781 12.515609 9.68175 15.115234 12.21875 16.115234 C 14.32675 16.946234 14.754891 16.782234 15.212891 16.740234 C 15.670891 16.699234 16.690438 16.137687 16.898438 15.554688 C 17.106437 14.971687 17.106922 14.470187 17.044922 14.367188 C 16.982922 14.263188 16.816406 14.201172 16.566406 14.076172 C 16.317406 13.951172 15.090328 13.348625 14.861328 13.265625 C 14.632328 13.182625 14.464828 13.140625 14.298828 13.390625 C 14.132828 13.640625 13.655766 14.201187 13.509766 14.367188 C 13.363766 14.534188 13.21875 14.556641 12.96875 14.431641 C 12.71875 14.305641 11.914938 14.041406 10.960938 13.191406 C 10.218937 12.530406 9.7182656 11.714844 9.5722656 11.464844 C 9.4272656 11.215844 9.5585938 11.079078 9.6835938 10.955078 C 9.7955938 10.843078 9.9316406 10.663578 10.056641 10.517578 C 10.180641 10.371578 10.223641 10.267562 10.306641 10.101562 C 10.389641 9.9355625 10.347156 9.7890625 10.285156 9.6640625 C 10.223156 9.5390625 9.737625 8.3065 9.515625 7.8125 C 9.328625 7.3975 9.131125 7.3878594 8.953125 7.3808594 C 8.808125 7.3748594 8.6425625 7.375 8.4765625 7.375 z\"><\/path><\/svg><span class=\"wp-block-social-link-label screen-reader-text\">WhatsApp<\/span><\/a><\/li>\n\n<li class=\"wp-social-link wp-social-link-facebook  wp-block-social-link\"><a href=\"https:\/\/portal.ufrrj.br\/#facebook\" class=\"wp-block-social-link-anchor\"><svg width=\"24\" height=\"24\" viewBox=\"0 0 24 24\" version=\"1.1\" xmlns=\"http:\/\/www.w3.org\/2000\/svg\" aria-hidden=\"true\" focusable=\"false\"><path d=\"M12 2C6.5 2 2 6.5 2 12c0 5 3.7 9.1 8.4 9.9v-7H7.9V12h2.5V9.8c0-2.5 1.5-3.9 3.8-3.9 1.1 0 2.2.2 2.2.2v2.5h-1.3c-1.2 0-1.6.8-1.6 1.6V12h2.8l-.4 2.9h-2.3v7C18.3 21.1 22 17 22 12c0-5.5-4.5-10-10-10z\"><\/path><\/svg><span class=\"wp-block-social-link-label screen-reader-text\">Facebook<\/span><\/a><\/li><\/ul>\n\n\n\n<p><\/p>\n","protected":false},"excerpt":{"rendered":"<p>Evento promovido pelo Departamento de Esporte e Lazer (DEL), em parceria com a Escola Keiko Fukuda e a Secretaria de Esporte e [&hellip;]<\/p>\n","protected":false},"author":5,"featured_media":1081,"comment_status":"open","ping_status":"open","sticky":false,"template":"","format":"standard","meta":{"_acf_changed":false,"footnotes":""},"categories":[15,3],"tags":[],"class_list":["post-1043","post","type-post","status-publish","format-standard","has-post-thumbnail","hentry","category-arte-cultura-e-esportes","category-noticias"],"acf":[],"yoast_head":"<!-- This site is optimized with the Yoast SEO plugin v23.4 - https:\/\/yoast.com\/wordpress\/plugins\/seo\/ -->\n<title>Tatames da UFRRJ se transformam em palco de solidariedade na 1\u00aa Copa Jita-Kyoei de Jud\u00f4 - Departamento de Esportes e Lazer<\/title>\n<meta name=\"robots\" content=\"index, follow, max-snippet:-1, max-image-preview:large, max-video-preview:-1\" \/>\n<link rel=\"canonical\" href=\"https:\/\/departamentos.ufrrj.br\/del\/2025\/10\/29\/tatames-da-ufrrj-se-transformam-em-palco-de-solidariedade-na-1a-copa-jita-kyoei-de-judo\/\" \/>\n<meta property=\"og:locale\" content=\"pt_BR\" \/>\n<meta property=\"og:type\" content=\"article\" \/>\n<meta property=\"og:title\" content=\"Tatames da UFRRJ se transformam em palco de solidariedade na 1\u00aa Copa Jita-Kyoei de Jud\u00f4 - Departamento de Esportes e Lazer\" \/>\n<meta property=\"og:description\" content=\"Evento promovido pelo Departamento de Esporte e Lazer (DEL), em parceria com a Escola Keiko Fukuda e a Secretaria de Esporte e [&hellip;]\" \/>\n<meta property=\"og:url\" content=\"https:\/\/departamentos.ufrrj.br\/del\/2025\/10\/29\/tatames-da-ufrrj-se-transformam-em-palco-de-solidariedade-na-1a-copa-jita-kyoei-de-judo\/\" \/>\n<meta property=\"og:site_name\" content=\"Departamento de Esportes e Lazer\" \/>\n<meta property=\"article:published_time\" content=\"2025-10-29T13:05:06+00:00\" \/>\n<meta property=\"article:modified_time\" content=\"2025-11-03T17:01:10+00:00\" \/>\n<meta property=\"og:image\" content=\"https:\/\/departamentos.ufrrj.br\/del\/wp-content\/uploads\/sites\/5\/2025\/10\/organizadores.jpg\" \/>\n\t<meta property=\"og:image:width\" content=\"768\" \/>\n\t<meta property=\"og:image:height\" content=\"512\" \/>\n\t<meta property=\"og:image:type\" content=\"image\/jpeg\" \/>\n<meta name=\"author\" content=\"andreskenazi\" \/>\n<meta name=\"twitter:card\" content=\"summary_large_image\" \/>\n<meta name=\"twitter:label1\" content=\"Escrito por\" \/>\n\t<meta name=\"twitter:data1\" content=\"andreskenazi\" \/>\n\t<meta name=\"twitter:label2\" content=\"Est. tempo de leitura\" \/>\n\t<meta name=\"twitter:data2\" content=\"9 minutos\" \/>\n<script type=\"application\/ld+json\" class=\"yoast-schema-graph\">{\"@context\":\"https:\/\/schema.org\",\"@graph\":[{\"@type\":\"Article\",\"@id\":\"https:\/\/departamentos.ufrrj.br\/del\/2025\/10\/29\/tatames-da-ufrrj-se-transformam-em-palco-de-solidariedade-na-1a-copa-jita-kyoei-de-judo\/#article\",\"isPartOf\":{\"@id\":\"https:\/\/departamentos.ufrrj.br\/del\/2025\/10\/29\/tatames-da-ufrrj-se-transformam-em-palco-de-solidariedade-na-1a-copa-jita-kyoei-de-judo\/\"},\"author\":{\"name\":\"andreskenazi\",\"@id\":\"https:\/\/departamentos.ufrrj.br\/del\/#\/schema\/person\/834ea9eb0d89c019f484f43a55461f1b\"},\"headline\":\"Tatames da UFRRJ se transformam em palco de solidariedade na 1\u00aa Copa Jita-Kyoei de Jud\u00f4\",\"datePublished\":\"2025-10-29T13:05:06+00:00\",\"dateModified\":\"2025-11-03T17:01:10+00:00\",\"mainEntityOfPage\":{\"@id\":\"https:\/\/departamentos.ufrrj.br\/del\/2025\/10\/29\/tatames-da-ufrrj-se-transformam-em-palco-de-solidariedade-na-1a-copa-jita-kyoei-de-judo\/\"},\"wordCount\":1012,\"commentCount\":0,\"publisher\":{\"@id\":\"https:\/\/departamentos.ufrrj.br\/del\/#organization\"},\"image\":{\"@id\":\"https:\/\/departamentos.ufrrj.br\/del\/2025\/10\/29\/tatames-da-ufrrj-se-transformam-em-palco-de-solidariedade-na-1a-copa-jita-kyoei-de-judo\/#primaryimage\"},\"thumbnailUrl\":\"https:\/\/departamentos.ufrrj.br\/del\/wp-content\/uploads\/sites\/5\/2025\/10\/organizadores.jpg\",\"articleSection\":[\"Arte Cultura e Esportes\",\"Not\u00edcias\"],\"inLanguage\":\"pt-BR\",\"potentialAction\":[{\"@type\":\"CommentAction\",\"name\":\"Comment\",\"target\":[\"https:\/\/departamentos.ufrrj.br\/del\/2025\/10\/29\/tatames-da-ufrrj-se-transformam-em-palco-de-solidariedade-na-1a-copa-jita-kyoei-de-judo\/#respond\"]}]},{\"@type\":\"WebPage\",\"@id\":\"https:\/\/departamentos.ufrrj.br\/del\/2025\/10\/29\/tatames-da-ufrrj-se-transformam-em-palco-de-solidariedade-na-1a-copa-jita-kyoei-de-judo\/\",\"url\":\"https:\/\/departamentos.ufrrj.br\/del\/2025\/10\/29\/tatames-da-ufrrj-se-transformam-em-palco-de-solidariedade-na-1a-copa-jita-kyoei-de-judo\/\",\"name\":\"Tatames da UFRRJ se transformam em palco de solidariedade na 1\u00aa Copa Jita-Kyoei de Jud\u00f4 - Departamento de Esportes e Lazer\",\"isPartOf\":{\"@id\":\"https:\/\/departamentos.ufrrj.br\/del\/#website\"},\"primaryImageOfPage\":{\"@id\":\"https:\/\/departamentos.ufrrj.br\/del\/2025\/10\/29\/tatames-da-ufrrj-se-transformam-em-palco-de-solidariedade-na-1a-copa-jita-kyoei-de-judo\/#primaryimage\"},\"image\":{\"@id\":\"https:\/\/departamentos.ufrrj.br\/del\/2025\/10\/29\/tatames-da-ufrrj-se-transformam-em-palco-de-solidariedade-na-1a-copa-jita-kyoei-de-judo\/#primaryimage\"},\"thumbnailUrl\":\"https:\/\/departamentos.ufrrj.br\/del\/wp-content\/uploads\/sites\/5\/2025\/10\/organizadores.jpg\",\"datePublished\":\"2025-10-29T13:05:06+00:00\",\"dateModified\":\"2025-11-03T17:01:10+00:00\",\"breadcrumb\":{\"@id\":\"https:\/\/departamentos.ufrrj.br\/del\/2025\/10\/29\/tatames-da-ufrrj-se-transformam-em-palco-de-solidariedade-na-1a-copa-jita-kyoei-de-judo\/#breadcrumb\"},\"inLanguage\":\"pt-BR\",\"potentialAction\":[{\"@type\":\"ReadAction\",\"target\":[\"https:\/\/departamentos.ufrrj.br\/del\/2025\/10\/29\/tatames-da-ufrrj-se-transformam-em-palco-de-solidariedade-na-1a-copa-jita-kyoei-de-judo\/\"]}]},{\"@type\":\"ImageObject\",\"inLanguage\":\"pt-BR\",\"@id\":\"https:\/\/departamentos.ufrrj.br\/del\/2025\/10\/29\/tatames-da-ufrrj-se-transformam-em-palco-de-solidariedade-na-1a-copa-jita-kyoei-de-judo\/#primaryimage\",\"url\":\"https:\/\/departamentos.ufrrj.br\/del\/wp-content\/uploads\/sites\/5\/2025\/10\/organizadores.jpg\",\"contentUrl\":\"https:\/\/departamentos.ufrrj.br\/del\/wp-content\/uploads\/sites\/5\/2025\/10\/organizadores.jpg\",\"width\":768,\"height\":512},{\"@type\":\"BreadcrumbList\",\"@id\":\"https:\/\/departamentos.ufrrj.br\/del\/2025\/10\/29\/tatames-da-ufrrj-se-transformam-em-palco-de-solidariedade-na-1a-copa-jita-kyoei-de-judo\/#breadcrumb\",\"itemListElement\":[{\"@type\":\"ListItem\",\"position\":1,\"name\":\"In\u00edcio\",\"item\":\"https:\/\/departamentos.ufrrj.br\/del\/\"},{\"@type\":\"ListItem\",\"position\":2,\"name\":\"Tatames da UFRRJ se transformam em palco de solidariedade na 1\u00aa Copa Jita-Kyoei de Jud\u00f4\"}]},{\"@type\":\"WebSite\",\"@id\":\"https:\/\/departamentos.ufrrj.br\/del\/#website\",\"url\":\"https:\/\/departamentos.ufrrj.br\/del\/\",\"name\":\"Departamento Ci\u00eancias Econ\u00f4micas\",\"description\":\"\",\"publisher\":{\"@id\":\"https:\/\/departamentos.ufrrj.br\/del\/#organization\"},\"potentialAction\":[{\"@type\":\"SearchAction\",\"target\":{\"@type\":\"EntryPoint\",\"urlTemplate\":\"https:\/\/departamentos.ufrrj.br\/del\/?s={search_term_string}\"},\"query-input\":{\"@type\":\"PropertyValueSpecification\",\"valueRequired\":true,\"valueName\":\"search_term_string\"}}],\"inLanguage\":\"pt-BR\"},{\"@type\":\"Organization\",\"@id\":\"https:\/\/departamentos.ufrrj.br\/del\/#organization\",\"name\":\"Departamento Ci\u00eancias Econ\u00f4micas\",\"url\":\"https:\/\/departamentos.ufrrj.br\/del\/\",\"logo\":{\"@type\":\"ImageObject\",\"inLanguage\":\"pt-BR\",\"@id\":\"https:\/\/departamentos.ufrrj.br\/del\/#\/schema\/logo\/image\/\",\"url\":\"https:\/\/departamentos.ufrrj.br\/del\/wp-content\/uploads\/sites\/5\/2025\/03\/Design-sem-nome-4-150x150-1.jpg\",\"contentUrl\":\"https:\/\/departamentos.ufrrj.br\/del\/wp-content\/uploads\/sites\/5\/2025\/03\/Design-sem-nome-4-150x150-1.jpg\",\"width\":150,\"height\":150,\"caption\":\"Departamento Ci\u00eancias Econ\u00f4micas\"},\"image\":{\"@id\":\"https:\/\/departamentos.ufrrj.br\/del\/#\/schema\/logo\/image\/\"},\"sameAs\":[\"https:\/\/www.instagram.com\/del.ufrrj\/\"]},{\"@type\":\"Person\",\"@id\":\"https:\/\/departamentos.ufrrj.br\/del\/#\/schema\/person\/834ea9eb0d89c019f484f43a55461f1b\",\"name\":\"andreskenazi\",\"image\":{\"@type\":\"ImageObject\",\"inLanguage\":\"pt-BR\",\"@id\":\"https:\/\/departamentos.ufrrj.br\/del\/#\/schema\/person\/image\/\",\"url\":\"https:\/\/secure.gravatar.com\/avatar\/c66d70c7e57e4a79cd18cd8403a0d821?s=96&d=mm&r=g\",\"contentUrl\":\"https:\/\/secure.gravatar.com\/avatar\/c66d70c7e57e4a79cd18cd8403a0d821?s=96&d=mm&r=g\",\"caption\":\"andreskenazi\"},\"description\":\"GLPI 37594\",\"url\":\"https:\/\/departamentos.ufrrj.br\/del\/author\/andreskenazi\/\"}]}<\/script>\n<!-- \/ Yoast SEO plugin. -->","yoast_head_json":{"title":"Tatames da UFRRJ se transformam em palco de solidariedade na 1\u00aa Copa Jita-Kyoei de Jud\u00f4 - Departamento de Esportes e Lazer","robots":{"index":"index","follow":"follow","max-snippet":"max-snippet:-1","max-image-preview":"max-image-preview:large","max-video-preview":"max-video-preview:-1"},"canonical":"https:\/\/departamentos.ufrrj.br\/del\/2025\/10\/29\/tatames-da-ufrrj-se-transformam-em-palco-de-solidariedade-na-1a-copa-jita-kyoei-de-judo\/","og_locale":"pt_BR","og_type":"article","og_title":"Tatames da UFRRJ se transformam em palco de solidariedade na 1\u00aa Copa Jita-Kyoei de Jud\u00f4 - Departamento de Esportes e Lazer","og_description":"Evento promovido pelo Departamento de Esporte e Lazer (DEL), em parceria com a Escola Keiko Fukuda e a Secretaria de Esporte e [&hellip;]","og_url":"https:\/\/departamentos.ufrrj.br\/del\/2025\/10\/29\/tatames-da-ufrrj-se-transformam-em-palco-de-solidariedade-na-1a-copa-jita-kyoei-de-judo\/","og_site_name":"Departamento de Esportes e Lazer","article_published_time":"2025-10-29T13:05:06+00:00","article_modified_time":"2025-11-03T17:01:10+00:00","og_image":[{"width":768,"height":512,"url":"https:\/\/departamentos.ufrrj.br\/del\/wp-content\/uploads\/sites\/5\/2025\/10\/organizadores.jpg","type":"image\/jpeg"}],"author":"andreskenazi","twitter_card":"summary_large_image","twitter_misc":{"Escrito por":"andreskenazi","Est. tempo de leitura":"9 minutos"},"schema":{"@context":"https:\/\/schema.org","@graph":[{"@type":"Article","@id":"https:\/\/departamentos.ufrrj.br\/del\/2025\/10\/29\/tatames-da-ufrrj-se-transformam-em-palco-de-solidariedade-na-1a-copa-jita-kyoei-de-judo\/#article","isPartOf":{"@id":"https:\/\/departamentos.ufrrj.br\/del\/2025\/10\/29\/tatames-da-ufrrj-se-transformam-em-palco-de-solidariedade-na-1a-copa-jita-kyoei-de-judo\/"},"author":{"name":"andreskenazi","@id":"https:\/\/departamentos.ufrrj.br\/del\/#\/schema\/person\/834ea9eb0d89c019f484f43a55461f1b"},"headline":"Tatames da UFRRJ se transformam em palco de solidariedade na 1\u00aa Copa Jita-Kyoei de Jud\u00f4","datePublished":"2025-10-29T13:05:06+00:00","dateModified":"2025-11-03T17:01:10+00:00","mainEntityOfPage":{"@id":"https:\/\/departamentos.ufrrj.br\/del\/2025\/10\/29\/tatames-da-ufrrj-se-transformam-em-palco-de-solidariedade-na-1a-copa-jita-kyoei-de-judo\/"},"wordCount":1012,"commentCount":0,"publisher":{"@id":"https:\/\/departamentos.ufrrj.br\/del\/#organization"},"image":{"@id":"https:\/\/departamentos.ufrrj.br\/del\/2025\/10\/29\/tatames-da-ufrrj-se-transformam-em-palco-de-solidariedade-na-1a-copa-jita-kyoei-de-judo\/#primaryimage"},"thumbnailUrl":"https:\/\/departamentos.ufrrj.br\/del\/wp-content\/uploads\/sites\/5\/2025\/10\/organizadores.jpg","articleSection":["Arte Cultura e Esportes","Not\u00edcias"],"inLanguage":"pt-BR","potentialAction":[{"@type":"CommentAction","name":"Comment","target":["https:\/\/departamentos.ufrrj.br\/del\/2025\/10\/29\/tatames-da-ufrrj-se-transformam-em-palco-de-solidariedade-na-1a-copa-jita-kyoei-de-judo\/#respond"]}]},{"@type":"WebPage","@id":"https:\/\/departamentos.ufrrj.br\/del\/2025\/10\/29\/tatames-da-ufrrj-se-transformam-em-palco-de-solidariedade-na-1a-copa-jita-kyoei-de-judo\/","url":"https:\/\/departamentos.ufrrj.br\/del\/2025\/10\/29\/tatames-da-ufrrj-se-transformam-em-palco-de-solidariedade-na-1a-copa-jita-kyoei-de-judo\/","name":"Tatames da UFRRJ se transformam em palco de solidariedade na 1\u00aa Copa Jita-Kyoei de Jud\u00f4 - Departamento de Esportes e Lazer","isPartOf":{"@id":"https:\/\/departamentos.ufrrj.br\/del\/#website"},"primaryImageOfPage":{"@id":"https:\/\/departamentos.ufrrj.br\/del\/2025\/10\/29\/tatames-da-ufrrj-se-transformam-em-palco-de-solidariedade-na-1a-copa-jita-kyoei-de-judo\/#primaryimage"},"image":{"@id":"https:\/\/departamentos.ufrrj.br\/del\/2025\/10\/29\/tatames-da-ufrrj-se-transformam-em-palco-de-solidariedade-na-1a-copa-jita-kyoei-de-judo\/#primaryimage"},"thumbnailUrl":"https:\/\/departamentos.ufrrj.br\/del\/wp-content\/uploads\/sites\/5\/2025\/10\/organizadores.jpg","datePublished":"2025-10-29T13:05:06+00:00","dateModified":"2025-11-03T17:01:10+00:00","breadcrumb":{"@id":"https:\/\/departamentos.ufrrj.br\/del\/2025\/10\/29\/tatames-da-ufrrj-se-transformam-em-palco-de-solidariedade-na-1a-copa-jita-kyoei-de-judo\/#breadcrumb"},"inLanguage":"pt-BR","potentialAction":[{"@type":"ReadAction","target":["https:\/\/departamentos.ufrrj.br\/del\/2025\/10\/29\/tatames-da-ufrrj-se-transformam-em-palco-de-solidariedade-na-1a-copa-jita-kyoei-de-judo\/"]}]},{"@type":"ImageObject","inLanguage":"pt-BR","@id":"https:\/\/departamentos.ufrrj.br\/del\/2025\/10\/29\/tatames-da-ufrrj-se-transformam-em-palco-de-solidariedade-na-1a-copa-jita-kyoei-de-judo\/#primaryimage","url":"https:\/\/departamentos.ufrrj.br\/del\/wp-content\/uploads\/sites\/5\/2025\/10\/organizadores.jpg","contentUrl":"https:\/\/departamentos.ufrrj.br\/del\/wp-content\/uploads\/sites\/5\/2025\/10\/organizadores.jpg","width":768,"height":512},{"@type":"BreadcrumbList","@id":"https:\/\/departamentos.ufrrj.br\/del\/2025\/10\/29\/tatames-da-ufrrj-se-transformam-em-palco-de-solidariedade-na-1a-copa-jita-kyoei-de-judo\/#breadcrumb","itemListElement":[{"@type":"ListItem","position":1,"name":"In\u00edcio","item":"https:\/\/departamentos.ufrrj.br\/del\/"},{"@type":"ListItem","position":2,"name":"Tatames da UFRRJ se transformam em palco de solidariedade na 1\u00aa Copa Jita-Kyoei de Jud\u00f4"}]},{"@type":"WebSite","@id":"https:\/\/departamentos.ufrrj.br\/del\/#website","url":"https:\/\/departamentos.ufrrj.br\/del\/","name":"Departamento Ci\u00eancias Econ\u00f4micas","description":"","publisher":{"@id":"https:\/\/departamentos.ufrrj.br\/del\/#organization"},"potentialAction":[{"@type":"SearchAction","target":{"@type":"EntryPoint","urlTemplate":"https:\/\/departamentos.ufrrj.br\/del\/?s={search_term_string}"},"query-input":{"@type":"PropertyValueSpecification","valueRequired":true,"valueName":"search_term_string"}}],"inLanguage":"pt-BR"},{"@type":"Organization","@id":"https:\/\/departamentos.ufrrj.br\/del\/#organization","name":"Departamento Ci\u00eancias Econ\u00f4micas","url":"https:\/\/departamentos.ufrrj.br\/del\/","logo":{"@type":"ImageObject","inLanguage":"pt-BR","@id":"https:\/\/departamentos.ufrrj.br\/del\/#\/schema\/logo\/image\/","url":"https:\/\/departamentos.ufrrj.br\/del\/wp-content\/uploads\/sites\/5\/2025\/03\/Design-sem-nome-4-150x150-1.jpg","contentUrl":"https:\/\/departamentos.ufrrj.br\/del\/wp-content\/uploads\/sites\/5\/2025\/03\/Design-sem-nome-4-150x150-1.jpg","width":150,"height":150,"caption":"Departamento Ci\u00eancias Econ\u00f4micas"},"image":{"@id":"https:\/\/departamentos.ufrrj.br\/del\/#\/schema\/logo\/image\/"},"sameAs":["https:\/\/www.instagram.com\/del.ufrrj\/"]},{"@type":"Person","@id":"https:\/\/departamentos.ufrrj.br\/del\/#\/schema\/person\/834ea9eb0d89c019f484f43a55461f1b","name":"andreskenazi","image":{"@type":"ImageObject","inLanguage":"pt-BR","@id":"https:\/\/departamentos.ufrrj.br\/del\/#\/schema\/person\/image\/","url":"https:\/\/secure.gravatar.com\/avatar\/c66d70c7e57e4a79cd18cd8403a0d821?s=96&d=mm&r=g","contentUrl":"https:\/\/secure.gravatar.com\/avatar\/c66d70c7e57e4a79cd18cd8403a0d821?s=96&d=mm&r=g","caption":"andreskenazi"},"description":"GLPI 37594","url":"https:\/\/departamentos.ufrrj.br\/del\/author\/andreskenazi\/"}]}},"_links":{"self":[{"href":"https:\/\/departamentos.ufrrj.br\/del\/wp-json\/wp\/v2\/posts\/1043"}],"collection":[{"href":"https:\/\/departamentos.ufrrj.br\/del\/wp-json\/wp\/v2\/posts"}],"about":[{"href":"https:\/\/departamentos.ufrrj.br\/del\/wp-json\/wp\/v2\/types\/post"}],"author":[{"embeddable":true,"href":"https:\/\/departamentos.ufrrj.br\/del\/wp-json\/wp\/v2\/users\/5"}],"replies":[{"embeddable":true,"href":"https:\/\/departamentos.ufrrj.br\/del\/wp-json\/wp\/v2\/comments?post=1043"}],"version-history":[{"count":17,"href":"https:\/\/departamentos.ufrrj.br\/del\/wp-json\/wp\/v2\/posts\/1043\/revisions"}],"predecessor-version":[{"id":1095,"href":"https:\/\/departamentos.ufrrj.br\/del\/wp-json\/wp\/v2\/posts\/1043\/revisions\/1095"}],"wp:featuredmedia":[{"embeddable":true,"href":"https:\/\/departamentos.ufrrj.br\/del\/wp-json\/wp\/v2\/media\/1081"}],"wp:attachment":[{"href":"https:\/\/departamentos.ufrrj.br\/del\/wp-json\/wp\/v2\/media?parent=1043"}],"wp:term":[{"taxonomy":"category","embeddable":true,"href":"https:\/\/departamentos.ufrrj.br\/del\/wp-json\/wp\/v2\/categories?post=1043"},{"taxonomy":"post_tag","embeddable":true,"href":"https:\/\/departamentos.ufrrj.br\/del\/wp-json\/wp\/v2\/tags?post=1043"}],"curies":[{"name":"wp","href":"https:\/\/api.w.org\/{rel}","templated":true}]}}