{"id":669,"date":"2024-04-29T09:00:00","date_gmt":"2024-04-29T12:00:00","guid":{"rendered":"https:\/\/departamentos.ufrrj.br\/del\/?p=669"},"modified":"2025-03-18T15:09:29","modified_gmt":"2025-03-18T18:09:29","slug":"inscricoes-homologadas-do-edital-no-26-2024-proext-del","status":"publish","type":"post","link":"https:\/\/departamentos.ufrrj.br\/del\/2024\/04\/29\/inscricoes-homologadas-do-edital-no-26-2024-proext-del\/","title":{"rendered":"Inscri\u00e7\u00f5es homologadas do edital n\u00ba 26\/2024 \u2013 PROEXT\/DEL"},"content":{"rendered":"\n<p>A Pr\u00f3-Reitoria de Extens\u00e3o (Proext) e o Departamento de Esporte e Lazer (DEL) da Universidade Federal Rural do Rio de Janeiro (UFRRJ) tornam p\u00fablico a lista de inscri\u00e7\u00f5es homologadas do edital n\u00ba 26\/2024. O edital tem como objetivo a chamada para alunos da&nbsp; Gradua\u00e7\u00e3o e P\u00f3s-Gradua\u00e7\u00e3o da UFRRJ para participarem como volunt\u00e1rios em a\u00e7\u00f5es de coordena\u00e7\u00e3o, promo\u00e7\u00e3o e apoio ao esporte e lazer no campus de Serop\u00e9dica.<\/p>\n\n\n\n<p>Ser\u00e3o selecionados 09 (nove) discentes volunt\u00e1rios para atua\u00e7\u00e3o no Departamento de Esporte e Lazer (DEL\/PROEXT). O per\u00edodo de atua\u00e7\u00e3o previsto ser\u00e1 de 4 (quatro) meses, renov\u00e1vel por igual per\u00edodo, com carga hor\u00e1rio de 8 (oito) horas semanais (totalizando 140 horas).<\/p>\n\n\n\n<p>Confira a lista de inscri\u00e7\u00f5es homologadas em:&nbsp;<a href=\"https:\/\/portal.ufrrj.br\/wp-content\/uploads\/2024\/04\/Homologacao-Edital-26-2024-PROEXT.pdf\">Homologa\u00e7\u00e3o Edital 26-2024 \u2013 PROEXT<\/a><\/p>\n","protected":false},"excerpt":{"rendered":"<p>A Pr\u00f3-Reitoria de Extens\u00e3o (Proext) e o Departamento de Esporte e Lazer (DEL) da Universidade Federal Rural do Rio de Janeiro (UFRRJ) [&hellip;]<\/p>\n","protected":false},"author":1,"featured_media":681,"comment_status":"open","ping_status":"open","sticky":false,"template":"","format":"standard","meta":{"_acf_changed":false,"footnotes":""},"categories":[3],"tags":[],"class_list":["post-669","post","type-post","status-publish","format-standard","has-post-thumbnail","hentry","category-noticias"],"acf":[],"yoast_head":"<!-- This site is optimized with the Yoast SEO plugin v23.4 - https:\/\/yoast.com\/wordpress\/plugins\/seo\/ -->\n<title>Inscri\u00e7\u00f5es homologadas do edital n\u00ba 26\/2024 \u2013 PROEXT\/DEL - Departamento de Esportes e Lazer<\/title>\n<meta name=\"robots\" content=\"index, follow, max-snippet:-1, max-image-preview:large, max-video-preview:-1\" \/>\n<link rel=\"canonical\" href=\"https:\/\/departamentos.ufrrj.br\/del\/2024\/04\/29\/inscricoes-homologadas-do-edital-no-26-2024-proext-del\/\" \/>\n<meta property=\"og:locale\" content=\"pt_BR\" \/>\n<meta property=\"og:type\" content=\"article\" \/>\n<meta property=\"og:title\" content=\"Inscri\u00e7\u00f5es homologadas do edital n\u00ba 26\/2024 \u2013 PROEXT\/DEL - Departamento de Esportes e Lazer\" \/>\n<meta property=\"og:description\" content=\"A Pr\u00f3-Reitoria de Extens\u00e3o (Proext) e o Departamento de Esporte e Lazer (DEL) da Universidade Federal Rural do Rio de Janeiro (UFRRJ) [&hellip;]\" \/>\n<meta property=\"og:url\" content=\"https:\/\/departamentos.ufrrj.br\/del\/2024\/04\/29\/inscricoes-homologadas-do-edital-no-26-2024-proext-del\/\" \/>\n<meta property=\"og:site_name\" content=\"Departamento de Esportes e Lazer\" \/>\n<meta property=\"article:published_time\" content=\"2024-04-29T12:00:00+00:00\" \/>\n<meta property=\"article:modified_time\" content=\"2025-03-18T18:09:29+00:00\" \/>\n<meta property=\"og:image\" content=\"https:\/\/departamentos.ufrrj.br\/del\/wp-content\/uploads\/sites\/5\/2024\/05\/card_insc_homologada-1024x519-1.jpg\" \/>\n\t<meta property=\"og:image:width\" content=\"1024\" \/>\n\t<meta property=\"og:image:height\" content=\"519\" \/>\n\t<meta property=\"og:image:type\" content=\"image\/jpeg\" \/>\n<meta name=\"author\" content=\"admincotic\" \/>\n<meta name=\"twitter:card\" content=\"summary_large_image\" \/>\n<meta name=\"twitter:label1\" content=\"Escrito por\" \/>\n\t<meta name=\"twitter:data1\" content=\"admincotic\" \/>\n\t<meta name=\"twitter:label2\" content=\"Est. tempo de leitura\" \/>\n\t<meta name=\"twitter:data2\" content=\"1 minuto\" \/>\n<script type=\"application\/ld+json\" class=\"yoast-schema-graph\">{\"@context\":\"https:\/\/schema.org\",\"@graph\":[{\"@type\":\"Article\",\"@id\":\"https:\/\/departamentos.ufrrj.br\/del\/2024\/04\/29\/inscricoes-homologadas-do-edital-no-26-2024-proext-del\/#article\",\"isPartOf\":{\"@id\":\"https:\/\/departamentos.ufrrj.br\/del\/2024\/04\/29\/inscricoes-homologadas-do-edital-no-26-2024-proext-del\/\"},\"author\":{\"name\":\"admincotic\",\"@id\":\"https:\/\/departamentos.ufrrj.br\/del\/#\/schema\/person\/be8d33fbb4a53a165fb712eab8734e43\"},\"headline\":\"Inscri\u00e7\u00f5es homologadas do edital n\u00ba 26\/2024 \u2013 PROEXT\/DEL\",\"datePublished\":\"2024-04-29T12:00:00+00:00\",\"dateModified\":\"2025-03-18T18:09:29+00:00\",\"mainEntityOfPage\":{\"@id\":\"https:\/\/departamentos.ufrrj.br\/del\/2024\/04\/29\/inscricoes-homologadas-do-edital-no-26-2024-proext-del\/\"},\"wordCount\":146,\"commentCount\":0,\"publisher\":{\"@id\":\"https:\/\/departamentos.ufrrj.br\/del\/#organization\"},\"image\":{\"@id\":\"https:\/\/departamentos.ufrrj.br\/del\/2024\/04\/29\/inscricoes-homologadas-do-edital-no-26-2024-proext-del\/#primaryimage\"},\"thumbnailUrl\":\"https:\/\/departamentos.ufrrj.br\/del\/wp-content\/uploads\/sites\/5\/2024\/05\/card_insc_homologada-1024x519-1.jpg\",\"articleSection\":[\"Not\u00edcias\"],\"inLanguage\":\"pt-BR\",\"potentialAction\":[{\"@type\":\"CommentAction\",\"name\":\"Comment\",\"target\":[\"https:\/\/departamentos.ufrrj.br\/del\/2024\/04\/29\/inscricoes-homologadas-do-edital-no-26-2024-proext-del\/#respond\"]}]},{\"@type\":\"WebPage\",\"@id\":\"https:\/\/departamentos.ufrrj.br\/del\/2024\/04\/29\/inscricoes-homologadas-do-edital-no-26-2024-proext-del\/\",\"url\":\"https:\/\/departamentos.ufrrj.br\/del\/2024\/04\/29\/inscricoes-homologadas-do-edital-no-26-2024-proext-del\/\",\"name\":\"Inscri\u00e7\u00f5es homologadas do edital n\u00ba 26\/2024 \u2013 PROEXT\/DEL - Departamento de Esportes e Lazer\",\"isPartOf\":{\"@id\":\"https:\/\/departamentos.ufrrj.br\/del\/#website\"},\"primaryImageOfPage\":{\"@id\":\"https:\/\/departamentos.ufrrj.br\/del\/2024\/04\/29\/inscricoes-homologadas-do-edital-no-26-2024-proext-del\/#primaryimage\"},\"image\":{\"@id\":\"https:\/\/departamentos.ufrrj.br\/del\/2024\/04\/29\/inscricoes-homologadas-do-edital-no-26-2024-proext-del\/#primaryimage\"},\"thumbnailUrl\":\"https:\/\/departamentos.ufrrj.br\/del\/wp-content\/uploads\/sites\/5\/2024\/05\/card_insc_homologada-1024x519-1.jpg\",\"datePublished\":\"2024-04-29T12:00:00+00:00\",\"dateModified\":\"2025-03-18T18:09:29+00:00\",\"breadcrumb\":{\"@id\":\"https:\/\/departamentos.ufrrj.br\/del\/2024\/04\/29\/inscricoes-homologadas-do-edital-no-26-2024-proext-del\/#breadcrumb\"},\"inLanguage\":\"pt-BR\",\"potentialAction\":[{\"@type\":\"ReadAction\",\"target\":[\"https:\/\/departamentos.ufrrj.br\/del\/2024\/04\/29\/inscricoes-homologadas-do-edital-no-26-2024-proext-del\/\"]}]},{\"@type\":\"ImageObject\",\"inLanguage\":\"pt-BR\",\"@id\":\"https:\/\/departamentos.ufrrj.br\/del\/2024\/04\/29\/inscricoes-homologadas-do-edital-no-26-2024-proext-del\/#primaryimage\",\"url\":\"https:\/\/departamentos.ufrrj.br\/del\/wp-content\/uploads\/sites\/5\/2024\/05\/card_insc_homologada-1024x519-1.jpg\",\"contentUrl\":\"https:\/\/departamentos.ufrrj.br\/del\/wp-content\/uploads\/sites\/5\/2024\/05\/card_insc_homologada-1024x519-1.jpg\",\"width\":1024,\"height\":519,\"caption\":\"homologadas\"},{\"@type\":\"BreadcrumbList\",\"@id\":\"https:\/\/departamentos.ufrrj.br\/del\/2024\/04\/29\/inscricoes-homologadas-do-edital-no-26-2024-proext-del\/#breadcrumb\",\"itemListElement\":[{\"@type\":\"ListItem\",\"position\":1,\"name\":\"In\u00edcio\",\"item\":\"https:\/\/departamentos.ufrrj.br\/del\/\"},{\"@type\":\"ListItem\",\"position\":2,\"name\":\"Inscri\u00e7\u00f5es homologadas do edital n\u00ba 26\/2024 \u2013 PROEXT\/DEL\"}]},{\"@type\":\"WebSite\",\"@id\":\"https:\/\/departamentos.ufrrj.br\/del\/#website\",\"url\":\"https:\/\/departamentos.ufrrj.br\/del\/\",\"name\":\"Departamento Ci\u00eancias Econ\u00f4micas\",\"description\":\"\",\"publisher\":{\"@id\":\"https:\/\/departamentos.ufrrj.br\/del\/#organization\"},\"potentialAction\":[{\"@type\":\"SearchAction\",\"target\":{\"@type\":\"EntryPoint\",\"urlTemplate\":\"https:\/\/departamentos.ufrrj.br\/del\/?s={search_term_string}\"},\"query-input\":{\"@type\":\"PropertyValueSpecification\",\"valueRequired\":true,\"valueName\":\"search_term_string\"}}],\"inLanguage\":\"pt-BR\"},{\"@type\":\"Organization\",\"@id\":\"https:\/\/departamentos.ufrrj.br\/del\/#organization\",\"name\":\"Departamento Ci\u00eancias Econ\u00f4micas\",\"url\":\"https:\/\/departamentos.ufrrj.br\/del\/\",\"logo\":{\"@type\":\"ImageObject\",\"inLanguage\":\"pt-BR\",\"@id\":\"https:\/\/departamentos.ufrrj.br\/del\/#\/schema\/logo\/image\/\",\"url\":\"https:\/\/departamentos.ufrrj.br\/del\/wp-content\/uploads\/sites\/5\/2025\/03\/Design-sem-nome-4-150x150-1.jpg\",\"contentUrl\":\"https:\/\/departamentos.ufrrj.br\/del\/wp-content\/uploads\/sites\/5\/2025\/03\/Design-sem-nome-4-150x150-1.jpg\",\"width\":150,\"height\":150,\"caption\":\"Departamento Ci\u00eancias Econ\u00f4micas\"},\"image\":{\"@id\":\"https:\/\/departamentos.ufrrj.br\/del\/#\/schema\/logo\/image\/\"},\"sameAs\":[\"https:\/\/www.instagram.com\/del.ufrrj\/\"]},{\"@type\":\"Person\",\"@id\":\"https:\/\/departamentos.ufrrj.br\/del\/#\/schema\/person\/be8d33fbb4a53a165fb712eab8734e43\",\"name\":\"admincotic\",\"image\":{\"@type\":\"ImageObject\",\"inLanguage\":\"pt-BR\",\"@id\":\"https:\/\/departamentos.ufrrj.br\/del\/#\/schema\/person\/image\/\",\"url\":\"https:\/\/secure.gravatar.com\/avatar\/97611b54fbaa4f7a59778a77eabfab20?s=96&d=mm&r=g\",\"contentUrl\":\"https:\/\/secure.gravatar.com\/avatar\/97611b54fbaa4f7a59778a77eabfab20?s=96&d=mm&r=g\",\"caption\":\"admincotic\"},\"sameAs\":[\"https:\/\/departamentos.ufrrj.br\"],\"url\":\"https:\/\/departamentos.ufrrj.br\/del\/author\/admincotic\/\"}]}<\/script>\n<!-- \/ Yoast SEO plugin. -->","yoast_head_json":{"title":"Inscri\u00e7\u00f5es homologadas do edital n\u00ba 26\/2024 \u2013 PROEXT\/DEL - Departamento de Esportes e Lazer","robots":{"index":"index","follow":"follow","max-snippet":"max-snippet:-1","max-image-preview":"max-image-preview:large","max-video-preview":"max-video-preview:-1"},"canonical":"https:\/\/departamentos.ufrrj.br\/del\/2024\/04\/29\/inscricoes-homologadas-do-edital-no-26-2024-proext-del\/","og_locale":"pt_BR","og_type":"article","og_title":"Inscri\u00e7\u00f5es homologadas do edital n\u00ba 26\/2024 \u2013 PROEXT\/DEL - Departamento de Esportes e Lazer","og_description":"A Pr\u00f3-Reitoria de Extens\u00e3o (Proext) e o Departamento de Esporte e Lazer (DEL) da Universidade Federal Rural do Rio de Janeiro (UFRRJ) [&hellip;]","og_url":"https:\/\/departamentos.ufrrj.br\/del\/2024\/04\/29\/inscricoes-homologadas-do-edital-no-26-2024-proext-del\/","og_site_name":"Departamento de Esportes e Lazer","article_published_time":"2024-04-29T12:00:00+00:00","article_modified_time":"2025-03-18T18:09:29+00:00","og_image":[{"width":1024,"height":519,"url":"https:\/\/departamentos.ufrrj.br\/del\/wp-content\/uploads\/sites\/5\/2024\/05\/card_insc_homologada-1024x519-1.jpg","type":"image\/jpeg"}],"author":"admincotic","twitter_card":"summary_large_image","twitter_misc":{"Escrito por":"admincotic","Est. tempo de leitura":"1 minuto"},"schema":{"@context":"https:\/\/schema.org","@graph":[{"@type":"Article","@id":"https:\/\/departamentos.ufrrj.br\/del\/2024\/04\/29\/inscricoes-homologadas-do-edital-no-26-2024-proext-del\/#article","isPartOf":{"@id":"https:\/\/departamentos.ufrrj.br\/del\/2024\/04\/29\/inscricoes-homologadas-do-edital-no-26-2024-proext-del\/"},"author":{"name":"admincotic","@id":"https:\/\/departamentos.ufrrj.br\/del\/#\/schema\/person\/be8d33fbb4a53a165fb712eab8734e43"},"headline":"Inscri\u00e7\u00f5es homologadas do edital n\u00ba 26\/2024 \u2013 PROEXT\/DEL","datePublished":"2024-04-29T12:00:00+00:00","dateModified":"2025-03-18T18:09:29+00:00","mainEntityOfPage":{"@id":"https:\/\/departamentos.ufrrj.br\/del\/2024\/04\/29\/inscricoes-homologadas-do-edital-no-26-2024-proext-del\/"},"wordCount":146,"commentCount":0,"publisher":{"@id":"https:\/\/departamentos.ufrrj.br\/del\/#organization"},"image":{"@id":"https:\/\/departamentos.ufrrj.br\/del\/2024\/04\/29\/inscricoes-homologadas-do-edital-no-26-2024-proext-del\/#primaryimage"},"thumbnailUrl":"https:\/\/departamentos.ufrrj.br\/del\/wp-content\/uploads\/sites\/5\/2024\/05\/card_insc_homologada-1024x519-1.jpg","articleSection":["Not\u00edcias"],"inLanguage":"pt-BR","potentialAction":[{"@type":"CommentAction","name":"Comment","target":["https:\/\/departamentos.ufrrj.br\/del\/2024\/04\/29\/inscricoes-homologadas-do-edital-no-26-2024-proext-del\/#respond"]}]},{"@type":"WebPage","@id":"https:\/\/departamentos.ufrrj.br\/del\/2024\/04\/29\/inscricoes-homologadas-do-edital-no-26-2024-proext-del\/","url":"https:\/\/departamentos.ufrrj.br\/del\/2024\/04\/29\/inscricoes-homologadas-do-edital-no-26-2024-proext-del\/","name":"Inscri\u00e7\u00f5es homologadas do edital n\u00ba 26\/2024 \u2013 PROEXT\/DEL - Departamento de Esportes e Lazer","isPartOf":{"@id":"https:\/\/departamentos.ufrrj.br\/del\/#website"},"primaryImageOfPage":{"@id":"https:\/\/departamentos.ufrrj.br\/del\/2024\/04\/29\/inscricoes-homologadas-do-edital-no-26-2024-proext-del\/#primaryimage"},"image":{"@id":"https:\/\/departamentos.ufrrj.br\/del\/2024\/04\/29\/inscricoes-homologadas-do-edital-no-26-2024-proext-del\/#primaryimage"},"thumbnailUrl":"https:\/\/departamentos.ufrrj.br\/del\/wp-content\/uploads\/sites\/5\/2024\/05\/card_insc_homologada-1024x519-1.jpg","datePublished":"2024-04-29T12:00:00+00:00","dateModified":"2025-03-18T18:09:29+00:00","breadcrumb":{"@id":"https:\/\/departamentos.ufrrj.br\/del\/2024\/04\/29\/inscricoes-homologadas-do-edital-no-26-2024-proext-del\/#breadcrumb"},"inLanguage":"pt-BR","potentialAction":[{"@type":"ReadAction","target":["https:\/\/departamentos.ufrrj.br\/del\/2024\/04\/29\/inscricoes-homologadas-do-edital-no-26-2024-proext-del\/"]}]},{"@type":"ImageObject","inLanguage":"pt-BR","@id":"https:\/\/departamentos.ufrrj.br\/del\/2024\/04\/29\/inscricoes-homologadas-do-edital-no-26-2024-proext-del\/#primaryimage","url":"https:\/\/departamentos.ufrrj.br\/del\/wp-content\/uploads\/sites\/5\/2024\/05\/card_insc_homologada-1024x519-1.jpg","contentUrl":"https:\/\/departamentos.ufrrj.br\/del\/wp-content\/uploads\/sites\/5\/2024\/05\/card_insc_homologada-1024x519-1.jpg","width":1024,"height":519,"caption":"homologadas"},{"@type":"BreadcrumbList","@id":"https:\/\/departamentos.ufrrj.br\/del\/2024\/04\/29\/inscricoes-homologadas-do-edital-no-26-2024-proext-del\/#breadcrumb","itemListElement":[{"@type":"ListItem","position":1,"name":"In\u00edcio","item":"https:\/\/departamentos.ufrrj.br\/del\/"},{"@type":"ListItem","position":2,"name":"Inscri\u00e7\u00f5es homologadas do edital n\u00ba 26\/2024 \u2013 PROEXT\/DEL"}]},{"@type":"WebSite","@id":"https:\/\/departamentos.ufrrj.br\/del\/#website","url":"https:\/\/departamentos.ufrrj.br\/del\/","name":"Departamento Ci\u00eancias Econ\u00f4micas","description":"","publisher":{"@id":"https:\/\/departamentos.ufrrj.br\/del\/#organization"},"potentialAction":[{"@type":"SearchAction","target":{"@type":"EntryPoint","urlTemplate":"https:\/\/departamentos.ufrrj.br\/del\/?s={search_term_string}"},"query-input":{"@type":"PropertyValueSpecification","valueRequired":true,"valueName":"search_term_string"}}],"inLanguage":"pt-BR"},{"@type":"Organization","@id":"https:\/\/departamentos.ufrrj.br\/del\/#organization","name":"Departamento Ci\u00eancias Econ\u00f4micas","url":"https:\/\/departamentos.ufrrj.br\/del\/","logo":{"@type":"ImageObject","inLanguage":"pt-BR","@id":"https:\/\/departamentos.ufrrj.br\/del\/#\/schema\/logo\/image\/","url":"https:\/\/departamentos.ufrrj.br\/del\/wp-content\/uploads\/sites\/5\/2025\/03\/Design-sem-nome-4-150x150-1.jpg","contentUrl":"https:\/\/departamentos.ufrrj.br\/del\/wp-content\/uploads\/sites\/5\/2025\/03\/Design-sem-nome-4-150x150-1.jpg","width":150,"height":150,"caption":"Departamento Ci\u00eancias Econ\u00f4micas"},"image":{"@id":"https:\/\/departamentos.ufrrj.br\/del\/#\/schema\/logo\/image\/"},"sameAs":["https:\/\/www.instagram.com\/del.ufrrj\/"]},{"@type":"Person","@id":"https:\/\/departamentos.ufrrj.br\/del\/#\/schema\/person\/be8d33fbb4a53a165fb712eab8734e43","name":"admincotic","image":{"@type":"ImageObject","inLanguage":"pt-BR","@id":"https:\/\/departamentos.ufrrj.br\/del\/#\/schema\/person\/image\/","url":"https:\/\/secure.gravatar.com\/avatar\/97611b54fbaa4f7a59778a77eabfab20?s=96&d=mm&r=g","contentUrl":"https:\/\/secure.gravatar.com\/avatar\/97611b54fbaa4f7a59778a77eabfab20?s=96&d=mm&r=g","caption":"admincotic"},"sameAs":["https:\/\/departamentos.ufrrj.br"],"url":"https:\/\/departamentos.ufrrj.br\/del\/author\/admincotic\/"}]}},"_links":{"self":[{"href":"https:\/\/departamentos.ufrrj.br\/del\/wp-json\/wp\/v2\/posts\/669"}],"collection":[{"href":"https:\/\/departamentos.ufrrj.br\/del\/wp-json\/wp\/v2\/posts"}],"about":[{"href":"https:\/\/departamentos.ufrrj.br\/del\/wp-json\/wp\/v2\/types\/post"}],"author":[{"embeddable":true,"href":"https:\/\/departamentos.ufrrj.br\/del\/wp-json\/wp\/v2\/users\/1"}],"replies":[{"embeddable":true,"href":"https:\/\/departamentos.ufrrj.br\/del\/wp-json\/wp\/v2\/comments?post=669"}],"version-history":[{"count":1,"href":"https:\/\/departamentos.ufrrj.br\/del\/wp-json\/wp\/v2\/posts\/669\/revisions"}],"predecessor-version":[{"id":670,"href":"https:\/\/departamentos.ufrrj.br\/del\/wp-json\/wp\/v2\/posts\/669\/revisions\/670"}],"wp:featuredmedia":[{"embeddable":true,"href":"https:\/\/departamentos.ufrrj.br\/del\/wp-json\/wp\/v2\/media\/681"}],"wp:attachment":[{"href":"https:\/\/departamentos.ufrrj.br\/del\/wp-json\/wp\/v2\/media?parent=669"}],"wp:term":[{"taxonomy":"category","embeddable":true,"href":"https:\/\/departamentos.ufrrj.br\/del\/wp-json\/wp\/v2\/categories?post=669"},{"taxonomy":"post_tag","embeddable":true,"href":"https:\/\/departamentos.ufrrj.br\/del\/wp-json\/wp\/v2\/tags?post=669"}],"curies":[{"name":"wp","href":"https:\/\/api.w.org\/{rel}","templated":true}]}}