{"id":674,"date":"2024-05-28T09:00:00","date_gmt":"2024-05-28T12:00:00","guid":{"rendered":"https:\/\/departamentos.ufrrj.br\/del\/?p=674"},"modified":"2025-03-18T15:08:30","modified_gmt":"2025-03-18T18:08:30","slug":"resultado-final-do-edital-no-35-2024-selecao-para-bolsista-no-projeto-rainhas-da-baixada","status":"publish","type":"post","link":"https:\/\/departamentos.ufrrj.br\/del\/2024\/05\/28\/resultado-final-do-edital-no-35-2024-selecao-para-bolsista-no-projeto-rainhas-da-baixada\/","title":{"rendered":"Resultado final do edital n\u00ba 35\/2024: sele\u00e7\u00e3o para bolsista no projeto \u201cRainhas da Baixada&#8221;"},"content":{"rendered":"\n<p>A Pr\u00f3-Reitoria de Extens\u00e3o (Proext) e o Departamento de Esporte e Lazer (DEL) da Universidade Federal Rural do Rio de Janeiro (UFRRJ) tornam p\u00fablico o resultado final do edital n\u00b035\/2024, voltado para a sele\u00e7\u00e3o de bolsista para atuar como&nbsp;<strong>Supervisor Local&nbsp;<\/strong>no projeto \u201cRainhas da Baixada\u201d.<\/p>\n\n\n\n<p>O programa \u00e9 dedicado ao desenvolvimento do futebol feminino, com \u00eanfase em mulheres negras da Baixada Fluminense e tem como objetivo a promo\u00e7\u00e3o da inclus\u00e3o, empoderamento e a visibilidade dessas mulheres no cen\u00e1rio esportivo.<\/p>\n\n\n\n<p>Confira o resultado final do edital:&nbsp;<a href=\"https:\/\/portal.ufrrj.br\/wp-content\/uploads\/2024\/06\/resultado-final_supervisor-local_Rainhas-da-Baixada.pdf\">resultado final_supervisor local_Rainhas da Baixada<\/a><\/p>\n","protected":false},"excerpt":{"rendered":"<p>A Pr\u00f3-Reitoria de Extens\u00e3o (Proext) e o Departamento de Esporte e Lazer (DEL) da Universidade Federal Rural do Rio de Janeiro (UFRRJ) [&hellip;]<\/p>\n","protected":false},"author":1,"featured_media":682,"comment_status":"open","ping_status":"open","sticky":false,"template":"","format":"standard","meta":{"_acf_changed":false,"footnotes":""},"categories":[3],"tags":[],"class_list":["post-674","post","type-post","status-publish","format-standard","has-post-thumbnail","hentry","category-noticias"],"acf":[],"yoast_head":"<!-- This site is optimized with the Yoast SEO plugin v23.4 - https:\/\/yoast.com\/wordpress\/plugins\/seo\/ -->\n<title>Resultado final do edital n\u00ba 35\/2024: sele\u00e7\u00e3o para bolsista no projeto \u201cRainhas da Baixada&quot; - Departamento de Esportes e Lazer<\/title>\n<meta name=\"robots\" content=\"index, follow, max-snippet:-1, max-image-preview:large, max-video-preview:-1\" \/>\n<link rel=\"canonical\" href=\"https:\/\/departamentos.ufrrj.br\/del\/2024\/05\/28\/resultado-final-do-edital-no-35-2024-selecao-para-bolsista-no-projeto-rainhas-da-baixada\/\" \/>\n<meta property=\"og:locale\" content=\"pt_BR\" \/>\n<meta property=\"og:type\" content=\"article\" \/>\n<meta property=\"og:title\" content=\"Resultado final do edital n\u00ba 35\/2024: sele\u00e7\u00e3o para bolsista no projeto \u201cRainhas da Baixada&quot; - Departamento de Esportes e Lazer\" \/>\n<meta property=\"og:description\" content=\"A Pr\u00f3-Reitoria de Extens\u00e3o (Proext) e o Departamento de Esporte e Lazer (DEL) da Universidade Federal Rural do Rio de Janeiro (UFRRJ) [&hellip;]\" \/>\n<meta property=\"og:url\" content=\"https:\/\/departamentos.ufrrj.br\/del\/2024\/05\/28\/resultado-final-do-edital-no-35-2024-selecao-para-bolsista-no-projeto-rainhas-da-baixada\/\" \/>\n<meta property=\"og:site_name\" content=\"Departamento de Esportes e Lazer\" \/>\n<meta property=\"article:published_time\" content=\"2024-05-28T12:00:00+00:00\" \/>\n<meta property=\"article:modified_time\" content=\"2025-03-18T18:08:30+00:00\" \/>\n<meta property=\"og:image\" content=\"https:\/\/departamentos.ufrrj.br\/del\/wp-content\/uploads\/sites\/5\/2024\/05\/card_resultado_final-1024x516-1.jpg\" \/>\n\t<meta property=\"og:image:width\" content=\"1024\" \/>\n\t<meta property=\"og:image:height\" content=\"516\" \/>\n\t<meta property=\"og:image:type\" content=\"image\/jpeg\" \/>\n<meta name=\"author\" content=\"admincotic\" \/>\n<meta name=\"twitter:card\" content=\"summary_large_image\" \/>\n<meta name=\"twitter:label1\" content=\"Escrito por\" \/>\n\t<meta name=\"twitter:data1\" content=\"admincotic\" \/>\n\t<meta name=\"twitter:label2\" content=\"Est. tempo de leitura\" \/>\n\t<meta name=\"twitter:data2\" content=\"1 minuto\" \/>\n<script type=\"application\/ld+json\" class=\"yoast-schema-graph\">{\"@context\":\"https:\/\/schema.org\",\"@graph\":[{\"@type\":\"Article\",\"@id\":\"https:\/\/departamentos.ufrrj.br\/del\/2024\/05\/28\/resultado-final-do-edital-no-35-2024-selecao-para-bolsista-no-projeto-rainhas-da-baixada\/#article\",\"isPartOf\":{\"@id\":\"https:\/\/departamentos.ufrrj.br\/del\/2024\/05\/28\/resultado-final-do-edital-no-35-2024-selecao-para-bolsista-no-projeto-rainhas-da-baixada\/\"},\"author\":{\"name\":\"admincotic\",\"@id\":\"https:\/\/departamentos.ufrrj.br\/del\/#\/schema\/person\/be8d33fbb4a53a165fb712eab8734e43\"},\"headline\":\"Resultado final do edital n\u00ba 35\/2024: sele\u00e7\u00e3o para bolsista no projeto \u201cRainhas da Baixada&#8221;\",\"datePublished\":\"2024-05-28T12:00:00+00:00\",\"dateModified\":\"2025-03-18T18:08:30+00:00\",\"mainEntityOfPage\":{\"@id\":\"https:\/\/departamentos.ufrrj.br\/del\/2024\/05\/28\/resultado-final-do-edital-no-35-2024-selecao-para-bolsista-no-projeto-rainhas-da-baixada\/\"},\"wordCount\":116,\"commentCount\":0,\"publisher\":{\"@id\":\"https:\/\/departamentos.ufrrj.br\/del\/#organization\"},\"image\":{\"@id\":\"https:\/\/departamentos.ufrrj.br\/del\/2024\/05\/28\/resultado-final-do-edital-no-35-2024-selecao-para-bolsista-no-projeto-rainhas-da-baixada\/#primaryimage\"},\"thumbnailUrl\":\"https:\/\/departamentos.ufrrj.br\/del\/wp-content\/uploads\/sites\/5\/2024\/05\/card_resultado_final-1024x516-1.jpg\",\"articleSection\":[\"Not\u00edcias\"],\"inLanguage\":\"pt-BR\",\"potentialAction\":[{\"@type\":\"CommentAction\",\"name\":\"Comment\",\"target\":[\"https:\/\/departamentos.ufrrj.br\/del\/2024\/05\/28\/resultado-final-do-edital-no-35-2024-selecao-para-bolsista-no-projeto-rainhas-da-baixada\/#respond\"]}]},{\"@type\":\"WebPage\",\"@id\":\"https:\/\/departamentos.ufrrj.br\/del\/2024\/05\/28\/resultado-final-do-edital-no-35-2024-selecao-para-bolsista-no-projeto-rainhas-da-baixada\/\",\"url\":\"https:\/\/departamentos.ufrrj.br\/del\/2024\/05\/28\/resultado-final-do-edital-no-35-2024-selecao-para-bolsista-no-projeto-rainhas-da-baixada\/\",\"name\":\"Resultado final do edital n\u00ba 35\/2024: sele\u00e7\u00e3o para bolsista no projeto \u201cRainhas da Baixada\\\" - Departamento de Esportes e Lazer\",\"isPartOf\":{\"@id\":\"https:\/\/departamentos.ufrrj.br\/del\/#website\"},\"primaryImageOfPage\":{\"@id\":\"https:\/\/departamentos.ufrrj.br\/del\/2024\/05\/28\/resultado-final-do-edital-no-35-2024-selecao-para-bolsista-no-projeto-rainhas-da-baixada\/#primaryimage\"},\"image\":{\"@id\":\"https:\/\/departamentos.ufrrj.br\/del\/2024\/05\/28\/resultado-final-do-edital-no-35-2024-selecao-para-bolsista-no-projeto-rainhas-da-baixada\/#primaryimage\"},\"thumbnailUrl\":\"https:\/\/departamentos.ufrrj.br\/del\/wp-content\/uploads\/sites\/5\/2024\/05\/card_resultado_final-1024x516-1.jpg\",\"datePublished\":\"2024-05-28T12:00:00+00:00\",\"dateModified\":\"2025-03-18T18:08:30+00:00\",\"breadcrumb\":{\"@id\":\"https:\/\/departamentos.ufrrj.br\/del\/2024\/05\/28\/resultado-final-do-edital-no-35-2024-selecao-para-bolsista-no-projeto-rainhas-da-baixada\/#breadcrumb\"},\"inLanguage\":\"pt-BR\",\"potentialAction\":[{\"@type\":\"ReadAction\",\"target\":[\"https:\/\/departamentos.ufrrj.br\/del\/2024\/05\/28\/resultado-final-do-edital-no-35-2024-selecao-para-bolsista-no-projeto-rainhas-da-baixada\/\"]}]},{\"@type\":\"ImageObject\",\"inLanguage\":\"pt-BR\",\"@id\":\"https:\/\/departamentos.ufrrj.br\/del\/2024\/05\/28\/resultado-final-do-edital-no-35-2024-selecao-para-bolsista-no-projeto-rainhas-da-baixada\/#primaryimage\",\"url\":\"https:\/\/departamentos.ufrrj.br\/del\/wp-content\/uploads\/sites\/5\/2024\/05\/card_resultado_final-1024x516-1.jpg\",\"contentUrl\":\"https:\/\/departamentos.ufrrj.br\/del\/wp-content\/uploads\/sites\/5\/2024\/05\/card_resultado_final-1024x516-1.jpg\",\"width\":1024,\"height\":516,\"caption\":\"resultado final\"},{\"@type\":\"BreadcrumbList\",\"@id\":\"https:\/\/departamentos.ufrrj.br\/del\/2024\/05\/28\/resultado-final-do-edital-no-35-2024-selecao-para-bolsista-no-projeto-rainhas-da-baixada\/#breadcrumb\",\"itemListElement\":[{\"@type\":\"ListItem\",\"position\":1,\"name\":\"In\u00edcio\",\"item\":\"https:\/\/departamentos.ufrrj.br\/del\/\"},{\"@type\":\"ListItem\",\"position\":2,\"name\":\"Resultado final do edital n\u00ba 35\/2024: sele\u00e7\u00e3o para bolsista no projeto \u201cRainhas da Baixada&#8221;\"}]},{\"@type\":\"WebSite\",\"@id\":\"https:\/\/departamentos.ufrrj.br\/del\/#website\",\"url\":\"https:\/\/departamentos.ufrrj.br\/del\/\",\"name\":\"Departamento Ci\u00eancias Econ\u00f4micas\",\"description\":\"\",\"publisher\":{\"@id\":\"https:\/\/departamentos.ufrrj.br\/del\/#organization\"},\"potentialAction\":[{\"@type\":\"SearchAction\",\"target\":{\"@type\":\"EntryPoint\",\"urlTemplate\":\"https:\/\/departamentos.ufrrj.br\/del\/?s={search_term_string}\"},\"query-input\":{\"@type\":\"PropertyValueSpecification\",\"valueRequired\":true,\"valueName\":\"search_term_string\"}}],\"inLanguage\":\"pt-BR\"},{\"@type\":\"Organization\",\"@id\":\"https:\/\/departamentos.ufrrj.br\/del\/#organization\",\"name\":\"Departamento Ci\u00eancias Econ\u00f4micas\",\"url\":\"https:\/\/departamentos.ufrrj.br\/del\/\",\"logo\":{\"@type\":\"ImageObject\",\"inLanguage\":\"pt-BR\",\"@id\":\"https:\/\/departamentos.ufrrj.br\/del\/#\/schema\/logo\/image\/\",\"url\":\"https:\/\/departamentos.ufrrj.br\/del\/wp-content\/uploads\/sites\/5\/2025\/03\/Design-sem-nome-4-150x150-1.jpg\",\"contentUrl\":\"https:\/\/departamentos.ufrrj.br\/del\/wp-content\/uploads\/sites\/5\/2025\/03\/Design-sem-nome-4-150x150-1.jpg\",\"width\":150,\"height\":150,\"caption\":\"Departamento Ci\u00eancias Econ\u00f4micas\"},\"image\":{\"@id\":\"https:\/\/departamentos.ufrrj.br\/del\/#\/schema\/logo\/image\/\"},\"sameAs\":[\"https:\/\/www.instagram.com\/del.ufrrj\/\"]},{\"@type\":\"Person\",\"@id\":\"https:\/\/departamentos.ufrrj.br\/del\/#\/schema\/person\/be8d33fbb4a53a165fb712eab8734e43\",\"name\":\"admincotic\",\"image\":{\"@type\":\"ImageObject\",\"inLanguage\":\"pt-BR\",\"@id\":\"https:\/\/departamentos.ufrrj.br\/del\/#\/schema\/person\/image\/\",\"url\":\"https:\/\/secure.gravatar.com\/avatar\/97611b54fbaa4f7a59778a77eabfab20?s=96&d=mm&r=g\",\"contentUrl\":\"https:\/\/secure.gravatar.com\/avatar\/97611b54fbaa4f7a59778a77eabfab20?s=96&d=mm&r=g\",\"caption\":\"admincotic\"},\"sameAs\":[\"https:\/\/departamentos.ufrrj.br\"],\"url\":\"https:\/\/departamentos.ufrrj.br\/del\/author\/admincotic\/\"}]}<\/script>\n<!-- \/ Yoast SEO plugin. -->","yoast_head_json":{"title":"Resultado final do edital n\u00ba 35\/2024: sele\u00e7\u00e3o para bolsista no projeto \u201cRainhas da Baixada\" - Departamento de Esportes e Lazer","robots":{"index":"index","follow":"follow","max-snippet":"max-snippet:-1","max-image-preview":"max-image-preview:large","max-video-preview":"max-video-preview:-1"},"canonical":"https:\/\/departamentos.ufrrj.br\/del\/2024\/05\/28\/resultado-final-do-edital-no-35-2024-selecao-para-bolsista-no-projeto-rainhas-da-baixada\/","og_locale":"pt_BR","og_type":"article","og_title":"Resultado final do edital n\u00ba 35\/2024: sele\u00e7\u00e3o para bolsista no projeto \u201cRainhas da Baixada\" - Departamento de Esportes e Lazer","og_description":"A Pr\u00f3-Reitoria de Extens\u00e3o (Proext) e o Departamento de Esporte e Lazer (DEL) da Universidade Federal Rural do Rio de Janeiro (UFRRJ) [&hellip;]","og_url":"https:\/\/departamentos.ufrrj.br\/del\/2024\/05\/28\/resultado-final-do-edital-no-35-2024-selecao-para-bolsista-no-projeto-rainhas-da-baixada\/","og_site_name":"Departamento de Esportes e Lazer","article_published_time":"2024-05-28T12:00:00+00:00","article_modified_time":"2025-03-18T18:08:30+00:00","og_image":[{"width":1024,"height":516,"url":"https:\/\/departamentos.ufrrj.br\/del\/wp-content\/uploads\/sites\/5\/2024\/05\/card_resultado_final-1024x516-1.jpg","type":"image\/jpeg"}],"author":"admincotic","twitter_card":"summary_large_image","twitter_misc":{"Escrito por":"admincotic","Est. tempo de leitura":"1 minuto"},"schema":{"@context":"https:\/\/schema.org","@graph":[{"@type":"Article","@id":"https:\/\/departamentos.ufrrj.br\/del\/2024\/05\/28\/resultado-final-do-edital-no-35-2024-selecao-para-bolsista-no-projeto-rainhas-da-baixada\/#article","isPartOf":{"@id":"https:\/\/departamentos.ufrrj.br\/del\/2024\/05\/28\/resultado-final-do-edital-no-35-2024-selecao-para-bolsista-no-projeto-rainhas-da-baixada\/"},"author":{"name":"admincotic","@id":"https:\/\/departamentos.ufrrj.br\/del\/#\/schema\/person\/be8d33fbb4a53a165fb712eab8734e43"},"headline":"Resultado final do edital n\u00ba 35\/2024: sele\u00e7\u00e3o para bolsista no projeto \u201cRainhas da Baixada&#8221;","datePublished":"2024-05-28T12:00:00+00:00","dateModified":"2025-03-18T18:08:30+00:00","mainEntityOfPage":{"@id":"https:\/\/departamentos.ufrrj.br\/del\/2024\/05\/28\/resultado-final-do-edital-no-35-2024-selecao-para-bolsista-no-projeto-rainhas-da-baixada\/"},"wordCount":116,"commentCount":0,"publisher":{"@id":"https:\/\/departamentos.ufrrj.br\/del\/#organization"},"image":{"@id":"https:\/\/departamentos.ufrrj.br\/del\/2024\/05\/28\/resultado-final-do-edital-no-35-2024-selecao-para-bolsista-no-projeto-rainhas-da-baixada\/#primaryimage"},"thumbnailUrl":"https:\/\/departamentos.ufrrj.br\/del\/wp-content\/uploads\/sites\/5\/2024\/05\/card_resultado_final-1024x516-1.jpg","articleSection":["Not\u00edcias"],"inLanguage":"pt-BR","potentialAction":[{"@type":"CommentAction","name":"Comment","target":["https:\/\/departamentos.ufrrj.br\/del\/2024\/05\/28\/resultado-final-do-edital-no-35-2024-selecao-para-bolsista-no-projeto-rainhas-da-baixada\/#respond"]}]},{"@type":"WebPage","@id":"https:\/\/departamentos.ufrrj.br\/del\/2024\/05\/28\/resultado-final-do-edital-no-35-2024-selecao-para-bolsista-no-projeto-rainhas-da-baixada\/","url":"https:\/\/departamentos.ufrrj.br\/del\/2024\/05\/28\/resultado-final-do-edital-no-35-2024-selecao-para-bolsista-no-projeto-rainhas-da-baixada\/","name":"Resultado final do edital n\u00ba 35\/2024: sele\u00e7\u00e3o para bolsista no projeto \u201cRainhas da Baixada\" - Departamento de Esportes e Lazer","isPartOf":{"@id":"https:\/\/departamentos.ufrrj.br\/del\/#website"},"primaryImageOfPage":{"@id":"https:\/\/departamentos.ufrrj.br\/del\/2024\/05\/28\/resultado-final-do-edital-no-35-2024-selecao-para-bolsista-no-projeto-rainhas-da-baixada\/#primaryimage"},"image":{"@id":"https:\/\/departamentos.ufrrj.br\/del\/2024\/05\/28\/resultado-final-do-edital-no-35-2024-selecao-para-bolsista-no-projeto-rainhas-da-baixada\/#primaryimage"},"thumbnailUrl":"https:\/\/departamentos.ufrrj.br\/del\/wp-content\/uploads\/sites\/5\/2024\/05\/card_resultado_final-1024x516-1.jpg","datePublished":"2024-05-28T12:00:00+00:00","dateModified":"2025-03-18T18:08:30+00:00","breadcrumb":{"@id":"https:\/\/departamentos.ufrrj.br\/del\/2024\/05\/28\/resultado-final-do-edital-no-35-2024-selecao-para-bolsista-no-projeto-rainhas-da-baixada\/#breadcrumb"},"inLanguage":"pt-BR","potentialAction":[{"@type":"ReadAction","target":["https:\/\/departamentos.ufrrj.br\/del\/2024\/05\/28\/resultado-final-do-edital-no-35-2024-selecao-para-bolsista-no-projeto-rainhas-da-baixada\/"]}]},{"@type":"ImageObject","inLanguage":"pt-BR","@id":"https:\/\/departamentos.ufrrj.br\/del\/2024\/05\/28\/resultado-final-do-edital-no-35-2024-selecao-para-bolsista-no-projeto-rainhas-da-baixada\/#primaryimage","url":"https:\/\/departamentos.ufrrj.br\/del\/wp-content\/uploads\/sites\/5\/2024\/05\/card_resultado_final-1024x516-1.jpg","contentUrl":"https:\/\/departamentos.ufrrj.br\/del\/wp-content\/uploads\/sites\/5\/2024\/05\/card_resultado_final-1024x516-1.jpg","width":1024,"height":516,"caption":"resultado final"},{"@type":"BreadcrumbList","@id":"https:\/\/departamentos.ufrrj.br\/del\/2024\/05\/28\/resultado-final-do-edital-no-35-2024-selecao-para-bolsista-no-projeto-rainhas-da-baixada\/#breadcrumb","itemListElement":[{"@type":"ListItem","position":1,"name":"In\u00edcio","item":"https:\/\/departamentos.ufrrj.br\/del\/"},{"@type":"ListItem","position":2,"name":"Resultado final do edital n\u00ba 35\/2024: sele\u00e7\u00e3o para bolsista no projeto \u201cRainhas da Baixada&#8221;"}]},{"@type":"WebSite","@id":"https:\/\/departamentos.ufrrj.br\/del\/#website","url":"https:\/\/departamentos.ufrrj.br\/del\/","name":"Departamento Ci\u00eancias Econ\u00f4micas","description":"","publisher":{"@id":"https:\/\/departamentos.ufrrj.br\/del\/#organization"},"potentialAction":[{"@type":"SearchAction","target":{"@type":"EntryPoint","urlTemplate":"https:\/\/departamentos.ufrrj.br\/del\/?s={search_term_string}"},"query-input":{"@type":"PropertyValueSpecification","valueRequired":true,"valueName":"search_term_string"}}],"inLanguage":"pt-BR"},{"@type":"Organization","@id":"https:\/\/departamentos.ufrrj.br\/del\/#organization","name":"Departamento Ci\u00eancias Econ\u00f4micas","url":"https:\/\/departamentos.ufrrj.br\/del\/","logo":{"@type":"ImageObject","inLanguage":"pt-BR","@id":"https:\/\/departamentos.ufrrj.br\/del\/#\/schema\/logo\/image\/","url":"https:\/\/departamentos.ufrrj.br\/del\/wp-content\/uploads\/sites\/5\/2025\/03\/Design-sem-nome-4-150x150-1.jpg","contentUrl":"https:\/\/departamentos.ufrrj.br\/del\/wp-content\/uploads\/sites\/5\/2025\/03\/Design-sem-nome-4-150x150-1.jpg","width":150,"height":150,"caption":"Departamento Ci\u00eancias Econ\u00f4micas"},"image":{"@id":"https:\/\/departamentos.ufrrj.br\/del\/#\/schema\/logo\/image\/"},"sameAs":["https:\/\/www.instagram.com\/del.ufrrj\/"]},{"@type":"Person","@id":"https:\/\/departamentos.ufrrj.br\/del\/#\/schema\/person\/be8d33fbb4a53a165fb712eab8734e43","name":"admincotic","image":{"@type":"ImageObject","inLanguage":"pt-BR","@id":"https:\/\/departamentos.ufrrj.br\/del\/#\/schema\/person\/image\/","url":"https:\/\/secure.gravatar.com\/avatar\/97611b54fbaa4f7a59778a77eabfab20?s=96&d=mm&r=g","contentUrl":"https:\/\/secure.gravatar.com\/avatar\/97611b54fbaa4f7a59778a77eabfab20?s=96&d=mm&r=g","caption":"admincotic"},"sameAs":["https:\/\/departamentos.ufrrj.br"],"url":"https:\/\/departamentos.ufrrj.br\/del\/author\/admincotic\/"}]}},"_links":{"self":[{"href":"https:\/\/departamentos.ufrrj.br\/del\/wp-json\/wp\/v2\/posts\/674"}],"collection":[{"href":"https:\/\/departamentos.ufrrj.br\/del\/wp-json\/wp\/v2\/posts"}],"about":[{"href":"https:\/\/departamentos.ufrrj.br\/del\/wp-json\/wp\/v2\/types\/post"}],"author":[{"embeddable":true,"href":"https:\/\/departamentos.ufrrj.br\/del\/wp-json\/wp\/v2\/users\/1"}],"replies":[{"embeddable":true,"href":"https:\/\/departamentos.ufrrj.br\/del\/wp-json\/wp\/v2\/comments?post=674"}],"version-history":[{"count":1,"href":"https:\/\/departamentos.ufrrj.br\/del\/wp-json\/wp\/v2\/posts\/674\/revisions"}],"predecessor-version":[{"id":675,"href":"https:\/\/departamentos.ufrrj.br\/del\/wp-json\/wp\/v2\/posts\/674\/revisions\/675"}],"wp:featuredmedia":[{"embeddable":true,"href":"https:\/\/departamentos.ufrrj.br\/del\/wp-json\/wp\/v2\/media\/682"}],"wp:attachment":[{"href":"https:\/\/departamentos.ufrrj.br\/del\/wp-json\/wp\/v2\/media?parent=674"}],"wp:term":[{"taxonomy":"category","embeddable":true,"href":"https:\/\/departamentos.ufrrj.br\/del\/wp-json\/wp\/v2\/categories?post=674"},{"taxonomy":"post_tag","embeddable":true,"href":"https:\/\/departamentos.ufrrj.br\/del\/wp-json\/wp\/v2\/tags?post=674"}],"curies":[{"name":"wp","href":"https:\/\/api.w.org\/{rel}","templated":true}]}}