{"id":695,"date":"2025-04-28T14:14:23","date_gmt":"2025-04-28T17:14:23","guid":{"rendered":"https:\/\/departamentos.ufrrj.br\/del\/?p=695"},"modified":"2025-04-28T14:57:36","modified_gmt":"2025-04-28T17:57:36","slug":"edital-n-23-2025-selecao-de-bolsistas-para-atuar-no-projeto-derrubando-muros-e-integrando-pessoas","status":"publish","type":"post","link":"https:\/\/departamentos.ufrrj.br\/del\/2025\/04\/28\/edital-n-23-2025-selecao-de-bolsistas-para-atuar-no-projeto-derrubando-muros-e-integrando-pessoas\/","title":{"rendered":"EDITAL N\u00b0 23\/2025 \u2013 Sele\u00e7\u00e3o de bolsistas para atuar no projeto Derrubando Muros e Integrando Pessoas"},"content":{"rendered":"\n<p>&nbsp;A Pr\u00f3-Reitoria de Extens\u00e3o da Universidade Federal Rural do Rio de Janeiro, no uso de suas atribui\u00e7\u00f5es legais, torna p\u00fablica a abertura do processo de inscri\u00e7\u00f5es e de sele\u00e7\u00e3o de bolsistas para atuar no projeto \u201cDerrubando Muros e Integrando Pessoas\u201d, Processo n\u00ba 23083.077646\/2023-11.<\/p>\n\n\n\n<ul class=\"wp-block-list\">\n<li><a href=\"https:\/\/portal.ufrrj.br\/wp-content\/uploads\/2025\/03\/Edital-23-2025-Proext-UFRRJ-Derrubando-Muros-e-Integrando-Pessoas.pdf\" target=\"_blank\" rel=\"noreferrer noopener\">Clique aqui para visualizar o EDITAL N\u00b0 23\/2025 \u2013 Sele\u00e7\u00e3o de bolsistas para atuar no projeto Derrubando Muros e Integrando Pessoas.<\/a><\/li>\n\n\n\n<li><a href=\"https:\/\/portal.ufrrj.br\/wp-content\/uploads\/2025\/03\/Inscricoes-homologadas_Edital-23-2025.pdf\" target=\"_blank\" rel=\"noreferrer noopener\">Homologa\u00e7\u00e3o das inscri\u00e7\u00f5es do EDITAL N\u00b0 23\/2025<\/a><\/li>\n\n\n\n<li><a href=\"https:\/\/portal.ufrrj.br\/wp-content\/uploads\/2025\/04\/Resultado-parcial_Edital-23.2025.pdf\" target=\"_blank\" rel=\"noreferrer noopener\">Resultado da an\u00e1lise documental e classifica\u00e7\u00e3o parcial<\/a><\/li>\n\n\n\n<li><a href=\"https:\/\/portal.ufrrj.br\/wp-content\/uploads\/2025\/04\/Resultado-Final_Edital-23-2025.pdf\" target=\"_blank\" rel=\"noreferrer noopener\">Resultado Final<\/a><\/li>\n<\/ul>\n\n\n\n<p><\/p>\n","protected":false},"excerpt":{"rendered":"<p>&nbsp;A Pr\u00f3-Reitoria de Extens\u00e3o da Universidade Federal Rural do Rio de Janeiro, no uso de suas atribui\u00e7\u00f5es legais, torna p\u00fablica a abertura [&hellip;]<\/p>\n","protected":false},"author":6,"featured_media":682,"comment_status":"open","ping_status":"open","sticky":false,"template":"","format":"standard","meta":{"_acf_changed":false,"footnotes":""},"categories":[3],"tags":[],"class_list":["post-695","post","type-post","status-publish","format-standard","has-post-thumbnail","hentry","category-noticias"],"acf":[],"yoast_head":"<!-- This site is optimized with the Yoast SEO plugin v23.4 - https:\/\/yoast.com\/wordpress\/plugins\/seo\/ -->\n<title>EDITAL N\u00b0 23\/2025 \u2013 Sele\u00e7\u00e3o de bolsistas para atuar no projeto Derrubando Muros e Integrando Pessoas - Departamento de Esportes e Lazer<\/title>\n<meta name=\"robots\" content=\"index, follow, max-snippet:-1, max-image-preview:large, max-video-preview:-1\" \/>\n<link rel=\"canonical\" href=\"https:\/\/departamentos.ufrrj.br\/del\/2025\/04\/28\/edital-n-23-2025-selecao-de-bolsistas-para-atuar-no-projeto-derrubando-muros-e-integrando-pessoas\/\" \/>\n<meta property=\"og:locale\" content=\"pt_BR\" \/>\n<meta property=\"og:type\" content=\"article\" \/>\n<meta property=\"og:title\" content=\"EDITAL N\u00b0 23\/2025 \u2013 Sele\u00e7\u00e3o de bolsistas para atuar no projeto Derrubando Muros e Integrando Pessoas - Departamento de Esportes e Lazer\" \/>\n<meta property=\"og:description\" content=\"&nbsp;A Pr\u00f3-Reitoria de Extens\u00e3o da Universidade Federal Rural do Rio de Janeiro, no uso de suas atribui\u00e7\u00f5es legais, torna p\u00fablica a abertura [&hellip;]\" \/>\n<meta property=\"og:url\" content=\"https:\/\/departamentos.ufrrj.br\/del\/2025\/04\/28\/edital-n-23-2025-selecao-de-bolsistas-para-atuar-no-projeto-derrubando-muros-e-integrando-pessoas\/\" \/>\n<meta property=\"og:site_name\" content=\"Departamento de Esportes e Lazer\" \/>\n<meta property=\"article:published_time\" content=\"2025-04-28T17:14:23+00:00\" \/>\n<meta property=\"article:modified_time\" content=\"2025-04-28T17:57:36+00:00\" \/>\n<meta property=\"og:image\" content=\"https:\/\/departamentos.ufrrj.br\/del\/wp-content\/uploads\/sites\/5\/2024\/05\/card_resultado_final-1024x516-1.jpg\" \/>\n\t<meta property=\"og:image:width\" content=\"1024\" \/>\n\t<meta property=\"og:image:height\" content=\"516\" \/>\n\t<meta property=\"og:image:type\" content=\"image\/jpeg\" \/>\n<meta name=\"author\" content=\"Vin\u00edcius Gev\u00fa\" \/>\n<meta name=\"twitter:card\" content=\"summary_large_image\" \/>\n<meta name=\"twitter:label1\" content=\"Escrito por\" \/>\n\t<meta name=\"twitter:data1\" content=\"Vin\u00edcius Gev\u00fa\" \/>\n\t<meta name=\"twitter:label2\" content=\"Est. tempo de leitura\" \/>\n\t<meta name=\"twitter:data2\" content=\"1 minuto\" \/>\n<script type=\"application\/ld+json\" class=\"yoast-schema-graph\">{\"@context\":\"https:\/\/schema.org\",\"@graph\":[{\"@type\":\"Article\",\"@id\":\"https:\/\/departamentos.ufrrj.br\/del\/2025\/04\/28\/edital-n-23-2025-selecao-de-bolsistas-para-atuar-no-projeto-derrubando-muros-e-integrando-pessoas\/#article\",\"isPartOf\":{\"@id\":\"https:\/\/departamentos.ufrrj.br\/del\/2025\/04\/28\/edital-n-23-2025-selecao-de-bolsistas-para-atuar-no-projeto-derrubando-muros-e-integrando-pessoas\/\"},\"author\":{\"name\":\"Vin\u00edcius Gev\u00fa\",\"@id\":\"https:\/\/departamentos.ufrrj.br\/del\/#\/schema\/person\/415c97961f5e204055ca772fd633f5ff\"},\"headline\":\"EDITAL N\u00b0 23\/2025 \u2013 Sele\u00e7\u00e3o de bolsistas para atuar no projeto Derrubando Muros e Integrando Pessoas\",\"datePublished\":\"2025-04-28T17:14:23+00:00\",\"dateModified\":\"2025-04-28T17:57:36+00:00\",\"mainEntityOfPage\":{\"@id\":\"https:\/\/departamentos.ufrrj.br\/del\/2025\/04\/28\/edital-n-23-2025-selecao-de-bolsistas-para-atuar-no-projeto-derrubando-muros-e-integrando-pessoas\/\"},\"wordCount\":104,\"commentCount\":0,\"publisher\":{\"@id\":\"https:\/\/departamentos.ufrrj.br\/del\/#organization\"},\"image\":{\"@id\":\"https:\/\/departamentos.ufrrj.br\/del\/2025\/04\/28\/edital-n-23-2025-selecao-de-bolsistas-para-atuar-no-projeto-derrubando-muros-e-integrando-pessoas\/#primaryimage\"},\"thumbnailUrl\":\"https:\/\/departamentos.ufrrj.br\/del\/wp-content\/uploads\/sites\/5\/2024\/05\/card_resultado_final-1024x516-1.jpg\",\"articleSection\":[\"Not\u00edcias\"],\"inLanguage\":\"pt-BR\",\"potentialAction\":[{\"@type\":\"CommentAction\",\"name\":\"Comment\",\"target\":[\"https:\/\/departamentos.ufrrj.br\/del\/2025\/04\/28\/edital-n-23-2025-selecao-de-bolsistas-para-atuar-no-projeto-derrubando-muros-e-integrando-pessoas\/#respond\"]}]},{\"@type\":\"WebPage\",\"@id\":\"https:\/\/departamentos.ufrrj.br\/del\/2025\/04\/28\/edital-n-23-2025-selecao-de-bolsistas-para-atuar-no-projeto-derrubando-muros-e-integrando-pessoas\/\",\"url\":\"https:\/\/departamentos.ufrrj.br\/del\/2025\/04\/28\/edital-n-23-2025-selecao-de-bolsistas-para-atuar-no-projeto-derrubando-muros-e-integrando-pessoas\/\",\"name\":\"EDITAL N\u00b0 23\/2025 \u2013 Sele\u00e7\u00e3o de bolsistas para atuar no projeto Derrubando Muros e Integrando Pessoas - Departamento de Esportes e Lazer\",\"isPartOf\":{\"@id\":\"https:\/\/departamentos.ufrrj.br\/del\/#website\"},\"primaryImageOfPage\":{\"@id\":\"https:\/\/departamentos.ufrrj.br\/del\/2025\/04\/28\/edital-n-23-2025-selecao-de-bolsistas-para-atuar-no-projeto-derrubando-muros-e-integrando-pessoas\/#primaryimage\"},\"image\":{\"@id\":\"https:\/\/departamentos.ufrrj.br\/del\/2025\/04\/28\/edital-n-23-2025-selecao-de-bolsistas-para-atuar-no-projeto-derrubando-muros-e-integrando-pessoas\/#primaryimage\"},\"thumbnailUrl\":\"https:\/\/departamentos.ufrrj.br\/del\/wp-content\/uploads\/sites\/5\/2024\/05\/card_resultado_final-1024x516-1.jpg\",\"datePublished\":\"2025-04-28T17:14:23+00:00\",\"dateModified\":\"2025-04-28T17:57:36+00:00\",\"breadcrumb\":{\"@id\":\"https:\/\/departamentos.ufrrj.br\/del\/2025\/04\/28\/edital-n-23-2025-selecao-de-bolsistas-para-atuar-no-projeto-derrubando-muros-e-integrando-pessoas\/#breadcrumb\"},\"inLanguage\":\"pt-BR\",\"potentialAction\":[{\"@type\":\"ReadAction\",\"target\":[\"https:\/\/departamentos.ufrrj.br\/del\/2025\/04\/28\/edital-n-23-2025-selecao-de-bolsistas-para-atuar-no-projeto-derrubando-muros-e-integrando-pessoas\/\"]}]},{\"@type\":\"ImageObject\",\"inLanguage\":\"pt-BR\",\"@id\":\"https:\/\/departamentos.ufrrj.br\/del\/2025\/04\/28\/edital-n-23-2025-selecao-de-bolsistas-para-atuar-no-projeto-derrubando-muros-e-integrando-pessoas\/#primaryimage\",\"url\":\"https:\/\/departamentos.ufrrj.br\/del\/wp-content\/uploads\/sites\/5\/2024\/05\/card_resultado_final-1024x516-1.jpg\",\"contentUrl\":\"https:\/\/departamentos.ufrrj.br\/del\/wp-content\/uploads\/sites\/5\/2024\/05\/card_resultado_final-1024x516-1.jpg\",\"width\":1024,\"height\":516,\"caption\":\"resultado final\"},{\"@type\":\"BreadcrumbList\",\"@id\":\"https:\/\/departamentos.ufrrj.br\/del\/2025\/04\/28\/edital-n-23-2025-selecao-de-bolsistas-para-atuar-no-projeto-derrubando-muros-e-integrando-pessoas\/#breadcrumb\",\"itemListElement\":[{\"@type\":\"ListItem\",\"position\":1,\"name\":\"In\u00edcio\",\"item\":\"https:\/\/departamentos.ufrrj.br\/del\/\"},{\"@type\":\"ListItem\",\"position\":2,\"name\":\"EDITAL N\u00b0 23\/2025 \u2013 Sele\u00e7\u00e3o de bolsistas para atuar no projeto Derrubando Muros e Integrando Pessoas\"}]},{\"@type\":\"WebSite\",\"@id\":\"https:\/\/departamentos.ufrrj.br\/del\/#website\",\"url\":\"https:\/\/departamentos.ufrrj.br\/del\/\",\"name\":\"Departamento Ci\u00eancias Econ\u00f4micas\",\"description\":\"\",\"publisher\":{\"@id\":\"https:\/\/departamentos.ufrrj.br\/del\/#organization\"},\"potentialAction\":[{\"@type\":\"SearchAction\",\"target\":{\"@type\":\"EntryPoint\",\"urlTemplate\":\"https:\/\/departamentos.ufrrj.br\/del\/?s={search_term_string}\"},\"query-input\":{\"@type\":\"PropertyValueSpecification\",\"valueRequired\":true,\"valueName\":\"search_term_string\"}}],\"inLanguage\":\"pt-BR\"},{\"@type\":\"Organization\",\"@id\":\"https:\/\/departamentos.ufrrj.br\/del\/#organization\",\"name\":\"Departamento Ci\u00eancias Econ\u00f4micas\",\"url\":\"https:\/\/departamentos.ufrrj.br\/del\/\",\"logo\":{\"@type\":\"ImageObject\",\"inLanguage\":\"pt-BR\",\"@id\":\"https:\/\/departamentos.ufrrj.br\/del\/#\/schema\/logo\/image\/\",\"url\":\"https:\/\/departamentos.ufrrj.br\/del\/wp-content\/uploads\/sites\/5\/2025\/03\/Design-sem-nome-4-150x150-1.jpg\",\"contentUrl\":\"https:\/\/departamentos.ufrrj.br\/del\/wp-content\/uploads\/sites\/5\/2025\/03\/Design-sem-nome-4-150x150-1.jpg\",\"width\":150,\"height\":150,\"caption\":\"Departamento Ci\u00eancias Econ\u00f4micas\"},\"image\":{\"@id\":\"https:\/\/departamentos.ufrrj.br\/del\/#\/schema\/logo\/image\/\"},\"sameAs\":[\"https:\/\/www.instagram.com\/del.ufrrj\/\"]},{\"@type\":\"Person\",\"@id\":\"https:\/\/departamentos.ufrrj.br\/del\/#\/schema\/person\/415c97961f5e204055ca772fd633f5ff\",\"name\":\"Vin\u00edcius Gev\u00fa\",\"image\":{\"@type\":\"ImageObject\",\"inLanguage\":\"pt-BR\",\"@id\":\"https:\/\/departamentos.ufrrj.br\/del\/#\/schema\/person\/image\/\",\"url\":\"https:\/\/secure.gravatar.com\/avatar\/6386fc479ea2bf720a23c246cb34dafe?s=96&d=mm&r=g\",\"contentUrl\":\"https:\/\/secure.gravatar.com\/avatar\/6386fc479ea2bf720a23c246cb34dafe?s=96&d=mm&r=g\",\"caption\":\"Vin\u00edcius Gev\u00fa\"},\"description\":\"GLPI 37594\",\"url\":\"https:\/\/departamentos.ufrrj.br\/del\/author\/viniciusgevu\/\"}]}<\/script>\n<!-- \/ Yoast SEO plugin. -->","yoast_head_json":{"title":"EDITAL N\u00b0 23\/2025 \u2013 Sele\u00e7\u00e3o de bolsistas para atuar no projeto Derrubando Muros e Integrando Pessoas - Departamento de Esportes e Lazer","robots":{"index":"index","follow":"follow","max-snippet":"max-snippet:-1","max-image-preview":"max-image-preview:large","max-video-preview":"max-video-preview:-1"},"canonical":"https:\/\/departamentos.ufrrj.br\/del\/2025\/04\/28\/edital-n-23-2025-selecao-de-bolsistas-para-atuar-no-projeto-derrubando-muros-e-integrando-pessoas\/","og_locale":"pt_BR","og_type":"article","og_title":"EDITAL N\u00b0 23\/2025 \u2013 Sele\u00e7\u00e3o de bolsistas para atuar no projeto Derrubando Muros e Integrando Pessoas - Departamento de Esportes e Lazer","og_description":"&nbsp;A Pr\u00f3-Reitoria de Extens\u00e3o da Universidade Federal Rural do Rio de Janeiro, no uso de suas atribui\u00e7\u00f5es legais, torna p\u00fablica a abertura [&hellip;]","og_url":"https:\/\/departamentos.ufrrj.br\/del\/2025\/04\/28\/edital-n-23-2025-selecao-de-bolsistas-para-atuar-no-projeto-derrubando-muros-e-integrando-pessoas\/","og_site_name":"Departamento de Esportes e Lazer","article_published_time":"2025-04-28T17:14:23+00:00","article_modified_time":"2025-04-28T17:57:36+00:00","og_image":[{"width":1024,"height":516,"url":"https:\/\/departamentos.ufrrj.br\/del\/wp-content\/uploads\/sites\/5\/2024\/05\/card_resultado_final-1024x516-1.jpg","type":"image\/jpeg"}],"author":"Vin\u00edcius Gev\u00fa","twitter_card":"summary_large_image","twitter_misc":{"Escrito por":"Vin\u00edcius Gev\u00fa","Est. tempo de leitura":"1 minuto"},"schema":{"@context":"https:\/\/schema.org","@graph":[{"@type":"Article","@id":"https:\/\/departamentos.ufrrj.br\/del\/2025\/04\/28\/edital-n-23-2025-selecao-de-bolsistas-para-atuar-no-projeto-derrubando-muros-e-integrando-pessoas\/#article","isPartOf":{"@id":"https:\/\/departamentos.ufrrj.br\/del\/2025\/04\/28\/edital-n-23-2025-selecao-de-bolsistas-para-atuar-no-projeto-derrubando-muros-e-integrando-pessoas\/"},"author":{"name":"Vin\u00edcius Gev\u00fa","@id":"https:\/\/departamentos.ufrrj.br\/del\/#\/schema\/person\/415c97961f5e204055ca772fd633f5ff"},"headline":"EDITAL N\u00b0 23\/2025 \u2013 Sele\u00e7\u00e3o de bolsistas para atuar no projeto Derrubando Muros e Integrando Pessoas","datePublished":"2025-04-28T17:14:23+00:00","dateModified":"2025-04-28T17:57:36+00:00","mainEntityOfPage":{"@id":"https:\/\/departamentos.ufrrj.br\/del\/2025\/04\/28\/edital-n-23-2025-selecao-de-bolsistas-para-atuar-no-projeto-derrubando-muros-e-integrando-pessoas\/"},"wordCount":104,"commentCount":0,"publisher":{"@id":"https:\/\/departamentos.ufrrj.br\/del\/#organization"},"image":{"@id":"https:\/\/departamentos.ufrrj.br\/del\/2025\/04\/28\/edital-n-23-2025-selecao-de-bolsistas-para-atuar-no-projeto-derrubando-muros-e-integrando-pessoas\/#primaryimage"},"thumbnailUrl":"https:\/\/departamentos.ufrrj.br\/del\/wp-content\/uploads\/sites\/5\/2024\/05\/card_resultado_final-1024x516-1.jpg","articleSection":["Not\u00edcias"],"inLanguage":"pt-BR","potentialAction":[{"@type":"CommentAction","name":"Comment","target":["https:\/\/departamentos.ufrrj.br\/del\/2025\/04\/28\/edital-n-23-2025-selecao-de-bolsistas-para-atuar-no-projeto-derrubando-muros-e-integrando-pessoas\/#respond"]}]},{"@type":"WebPage","@id":"https:\/\/departamentos.ufrrj.br\/del\/2025\/04\/28\/edital-n-23-2025-selecao-de-bolsistas-para-atuar-no-projeto-derrubando-muros-e-integrando-pessoas\/","url":"https:\/\/departamentos.ufrrj.br\/del\/2025\/04\/28\/edital-n-23-2025-selecao-de-bolsistas-para-atuar-no-projeto-derrubando-muros-e-integrando-pessoas\/","name":"EDITAL N\u00b0 23\/2025 \u2013 Sele\u00e7\u00e3o de bolsistas para atuar no projeto Derrubando Muros e Integrando Pessoas - Departamento de Esportes e Lazer","isPartOf":{"@id":"https:\/\/departamentos.ufrrj.br\/del\/#website"},"primaryImageOfPage":{"@id":"https:\/\/departamentos.ufrrj.br\/del\/2025\/04\/28\/edital-n-23-2025-selecao-de-bolsistas-para-atuar-no-projeto-derrubando-muros-e-integrando-pessoas\/#primaryimage"},"image":{"@id":"https:\/\/departamentos.ufrrj.br\/del\/2025\/04\/28\/edital-n-23-2025-selecao-de-bolsistas-para-atuar-no-projeto-derrubando-muros-e-integrando-pessoas\/#primaryimage"},"thumbnailUrl":"https:\/\/departamentos.ufrrj.br\/del\/wp-content\/uploads\/sites\/5\/2024\/05\/card_resultado_final-1024x516-1.jpg","datePublished":"2025-04-28T17:14:23+00:00","dateModified":"2025-04-28T17:57:36+00:00","breadcrumb":{"@id":"https:\/\/departamentos.ufrrj.br\/del\/2025\/04\/28\/edital-n-23-2025-selecao-de-bolsistas-para-atuar-no-projeto-derrubando-muros-e-integrando-pessoas\/#breadcrumb"},"inLanguage":"pt-BR","potentialAction":[{"@type":"ReadAction","target":["https:\/\/departamentos.ufrrj.br\/del\/2025\/04\/28\/edital-n-23-2025-selecao-de-bolsistas-para-atuar-no-projeto-derrubando-muros-e-integrando-pessoas\/"]}]},{"@type":"ImageObject","inLanguage":"pt-BR","@id":"https:\/\/departamentos.ufrrj.br\/del\/2025\/04\/28\/edital-n-23-2025-selecao-de-bolsistas-para-atuar-no-projeto-derrubando-muros-e-integrando-pessoas\/#primaryimage","url":"https:\/\/departamentos.ufrrj.br\/del\/wp-content\/uploads\/sites\/5\/2024\/05\/card_resultado_final-1024x516-1.jpg","contentUrl":"https:\/\/departamentos.ufrrj.br\/del\/wp-content\/uploads\/sites\/5\/2024\/05\/card_resultado_final-1024x516-1.jpg","width":1024,"height":516,"caption":"resultado final"},{"@type":"BreadcrumbList","@id":"https:\/\/departamentos.ufrrj.br\/del\/2025\/04\/28\/edital-n-23-2025-selecao-de-bolsistas-para-atuar-no-projeto-derrubando-muros-e-integrando-pessoas\/#breadcrumb","itemListElement":[{"@type":"ListItem","position":1,"name":"In\u00edcio","item":"https:\/\/departamentos.ufrrj.br\/del\/"},{"@type":"ListItem","position":2,"name":"EDITAL N\u00b0 23\/2025 \u2013 Sele\u00e7\u00e3o de bolsistas para atuar no projeto Derrubando Muros e Integrando Pessoas"}]},{"@type":"WebSite","@id":"https:\/\/departamentos.ufrrj.br\/del\/#website","url":"https:\/\/departamentos.ufrrj.br\/del\/","name":"Departamento Ci\u00eancias Econ\u00f4micas","description":"","publisher":{"@id":"https:\/\/departamentos.ufrrj.br\/del\/#organization"},"potentialAction":[{"@type":"SearchAction","target":{"@type":"EntryPoint","urlTemplate":"https:\/\/departamentos.ufrrj.br\/del\/?s={search_term_string}"},"query-input":{"@type":"PropertyValueSpecification","valueRequired":true,"valueName":"search_term_string"}}],"inLanguage":"pt-BR"},{"@type":"Organization","@id":"https:\/\/departamentos.ufrrj.br\/del\/#organization","name":"Departamento Ci\u00eancias Econ\u00f4micas","url":"https:\/\/departamentos.ufrrj.br\/del\/","logo":{"@type":"ImageObject","inLanguage":"pt-BR","@id":"https:\/\/departamentos.ufrrj.br\/del\/#\/schema\/logo\/image\/","url":"https:\/\/departamentos.ufrrj.br\/del\/wp-content\/uploads\/sites\/5\/2025\/03\/Design-sem-nome-4-150x150-1.jpg","contentUrl":"https:\/\/departamentos.ufrrj.br\/del\/wp-content\/uploads\/sites\/5\/2025\/03\/Design-sem-nome-4-150x150-1.jpg","width":150,"height":150,"caption":"Departamento Ci\u00eancias Econ\u00f4micas"},"image":{"@id":"https:\/\/departamentos.ufrrj.br\/del\/#\/schema\/logo\/image\/"},"sameAs":["https:\/\/www.instagram.com\/del.ufrrj\/"]},{"@type":"Person","@id":"https:\/\/departamentos.ufrrj.br\/del\/#\/schema\/person\/415c97961f5e204055ca772fd633f5ff","name":"Vin\u00edcius Gev\u00fa","image":{"@type":"ImageObject","inLanguage":"pt-BR","@id":"https:\/\/departamentos.ufrrj.br\/del\/#\/schema\/person\/image\/","url":"https:\/\/secure.gravatar.com\/avatar\/6386fc479ea2bf720a23c246cb34dafe?s=96&d=mm&r=g","contentUrl":"https:\/\/secure.gravatar.com\/avatar\/6386fc479ea2bf720a23c246cb34dafe?s=96&d=mm&r=g","caption":"Vin\u00edcius Gev\u00fa"},"description":"GLPI 37594","url":"https:\/\/departamentos.ufrrj.br\/del\/author\/viniciusgevu\/"}]}},"_links":{"self":[{"href":"https:\/\/departamentos.ufrrj.br\/del\/wp-json\/wp\/v2\/posts\/695"}],"collection":[{"href":"https:\/\/departamentos.ufrrj.br\/del\/wp-json\/wp\/v2\/posts"}],"about":[{"href":"https:\/\/departamentos.ufrrj.br\/del\/wp-json\/wp\/v2\/types\/post"}],"author":[{"embeddable":true,"href":"https:\/\/departamentos.ufrrj.br\/del\/wp-json\/wp\/v2\/users\/6"}],"replies":[{"embeddable":true,"href":"https:\/\/departamentos.ufrrj.br\/del\/wp-json\/wp\/v2\/comments?post=695"}],"version-history":[{"count":4,"href":"https:\/\/departamentos.ufrrj.br\/del\/wp-json\/wp\/v2\/posts\/695\/revisions"}],"predecessor-version":[{"id":709,"href":"https:\/\/departamentos.ufrrj.br\/del\/wp-json\/wp\/v2\/posts\/695\/revisions\/709"}],"wp:featuredmedia":[{"embeddable":true,"href":"https:\/\/departamentos.ufrrj.br\/del\/wp-json\/wp\/v2\/media\/682"}],"wp:attachment":[{"href":"https:\/\/departamentos.ufrrj.br\/del\/wp-json\/wp\/v2\/media?parent=695"}],"wp:term":[{"taxonomy":"category","embeddable":true,"href":"https:\/\/departamentos.ufrrj.br\/del\/wp-json\/wp\/v2\/categories?post=695"},{"taxonomy":"post_tag","embeddable":true,"href":"https:\/\/departamentos.ufrrj.br\/del\/wp-json\/wp\/v2\/tags?post=695"}],"curies":[{"name":"wp","href":"https:\/\/api.w.org\/{rel}","templated":true}]}}