{"id":860,"date":"2025-09-23T11:20:11","date_gmt":"2025-09-23T14:20:11","guid":{"rendered":"https:\/\/departamentos.ufrrj.br\/del\/?p=860"},"modified":"2025-09-23T11:24:44","modified_gmt":"2025-09-23T14:24:44","slug":"uniao-pelo-esporte-del-e-direcao-do-im-apoiam-atleticas-com-novos-equipamentos","status":"publish","type":"post","link":"https:\/\/departamentos.ufrrj.br\/del\/2025\/09\/23\/uniao-pelo-esporte-del-e-direcao-do-im-apoiam-atleticas-com-novos-equipamentos\/","title":{"rendered":"Uni\u00e3o pelo Esporte: DEL e Dire\u00e7\u00e3o do IM apoiam atl\u00e9ticas com novos equipamentos"},"content":{"rendered":"\n<p><em>A\u00e7\u00e3o realizada em parceria com o Diret\u00f3rio Central dos Estudantes (DCE) visa apoiar o desenvolvimento das modalidades esportivas e a integra\u00e7\u00e3o dos estudantes no Instituto Multidisciplinar<\/em><\/p>\n\n\n\n<figure class=\"wp-block-image size-full\"><img loading=\"lazy\" decoding=\"async\" width=\"960\" height=\"969\" src=\"https:\/\/departamentos.ufrrj.br\/del\/wp-content\/uploads\/sites\/5\/2025\/09\/image-1.png\" alt=\"\" class=\"wp-image-862\" srcset=\"https:\/\/departamentos.ufrrj.br\/del\/wp-content\/uploads\/sites\/5\/2025\/09\/image-1.png 960w, https:\/\/departamentos.ufrrj.br\/del\/wp-content\/uploads\/sites\/5\/2025\/09\/image-1-297x300.png 297w, https:\/\/departamentos.ufrrj.br\/del\/wp-content\/uploads\/sites\/5\/2025\/09\/image-1-150x150.png 150w, https:\/\/departamentos.ufrrj.br\/del\/wp-content\/uploads\/sites\/5\/2025\/09\/image-1-768x775.png 768w, https:\/\/departamentos.ufrrj.br\/del\/wp-content\/uploads\/sites\/5\/2025\/09\/image-1-69x70.png 69w\" sizes=\"(max-width: 960px) 100vw, 960px\" \/><figcaption class=\"wp-element-caption\">(<em>Da esq.\u00e0 dir.<\/em>) O coordenador do DCE, Vitor Hugo Santos; o vice-diretor de c\u00e2mpus do IM, Geraldo Pinheiro; a diretora de c\u00e2mpus do IM, Ana Carolina Barboza; e o diretor do DEL, Thiago Rosa. Na imagem, equipamentos ofertados pelo departamento (<em>Foto:<\/em>\u00a0<em>Dire\u00e7\u00e3o do Instituto Multidisciplinar\/UFRRJ<\/em>)<\/figcaption><\/figure>\n\n\n\n<p class=\"has-black-color has-text-color has-link-color wp-elements-80a6a9817b9bd53831079b15a2cb651f\">O Departamento de Esporte e Lazer (DEL) da Universidade Federal Rural do Rio de Janeiro (UFRRJ), \u00f3rg\u00e3o ligado \u00e0 Pr\u00f3-Reitoria de Extens\u00e3o (Proext), reafirmou seu compromisso com o fomento esportivo na Universidade ao disponibilizar uma s\u00e9rie de novos equipamentos para as Atl\u00e9ticas do Instituto Multidisciplinar (IM), c\u00e2mpus da Rural em Nova Igua\u00e7u. A iniciativa atende a um pedido do Diret\u00f3rio Central dos Estudantes (DCE) e das pr\u00f3prias atl\u00e9ticas locais, que buscam fortalecer seus treinos e atividades.<\/p>\n\n\n\n<p class=\"has-black-color has-text-color has-link-color wp-elements-d817daa92e4706de3fd9353623aadfaf\">A entrega dos equipamentos pelo DEL vem para somar for\u00e7as a um movimento maior de valoriza\u00e7\u00e3o do esporte que j\u00e1 est\u00e1 em curso no c\u00e2mpus, liderado pela Dire\u00e7\u00e3o do IM. Um dos frutos desse esfor\u00e7o foi a inaugura\u00e7\u00e3o da quadra de v\u00f4lei, realizada no dia 11 de agosto, agora equipada com ilumina\u00e7\u00e3o, bancos que convidam \u00e0 integra\u00e7\u00e3o e a pintura do espa\u00e7o, oferecendo aos estudantes um ambiente adequado para a pr\u00e1tica esportiva e o lazer ap\u00f3s as aulas.<\/p>\n\n\n\n<div class=\"wp-block-group\"><div class=\"wp-block-group__inner-container is-layout-constrained wp-block-group-is-layout-constrained\">\n<div class=\"wp-block-columns is-layout-flex wp-container-core-columns-is-layout-1 wp-block-columns-is-layout-flex\">\n<div class=\"wp-block-column is-layout-flow wp-block-column-is-layout-flow\" style=\"flex-basis:100%\">\n<div class=\"wp-block-group is-content-justification-center is-nowrap is-layout-flex wp-container-core-group-is-layout-3 wp-block-group-is-layout-flex\">\n<figure class=\"wp-block-image size-medium\"><img loading=\"lazy\" decoding=\"async\" width=\"300\" height=\"169\" src=\"https:\/\/departamentos.ufrrj.br\/del\/wp-content\/uploads\/sites\/5\/2025\/09\/image-3-300x169.png\" alt=\"\" class=\"wp-image-864\" srcset=\"https:\/\/departamentos.ufrrj.br\/del\/wp-content\/uploads\/sites\/5\/2025\/09\/image-3-300x169.png 300w, https:\/\/departamentos.ufrrj.br\/del\/wp-content\/uploads\/sites\/5\/2025\/09\/image-3-1024x576.png 1024w, https:\/\/departamentos.ufrrj.br\/del\/wp-content\/uploads\/sites\/5\/2025\/09\/image-3-768x432.png 768w, https:\/\/departamentos.ufrrj.br\/del\/wp-content\/uploads\/sites\/5\/2025\/09\/image-3-124x70.png 124w, https:\/\/departamentos.ufrrj.br\/del\/wp-content\/uploads\/sites\/5\/2025\/09\/image-3.png 1032w\" sizes=\"(max-width: 300px) 100vw, 300px\" \/><\/figure>\n\n\n\n<div class=\"wp-block-group\"><div class=\"wp-block-group__inner-container is-layout-constrained wp-block-group-is-layout-constrained\">\n<figure class=\"wp-block-image size-medium\"><img loading=\"lazy\" decoding=\"async\" width=\"300\" height=\"169\" src=\"https:\/\/departamentos.ufrrj.br\/del\/wp-content\/uploads\/sites\/5\/2025\/09\/image-7-300x169.png\" alt=\"\" class=\"wp-image-868\" srcset=\"https:\/\/departamentos.ufrrj.br\/del\/wp-content\/uploads\/sites\/5\/2025\/09\/image-7-300x169.png 300w, https:\/\/departamentos.ufrrj.br\/del\/wp-content\/uploads\/sites\/5\/2025\/09\/image-7-1024x576.png 1024w, https:\/\/departamentos.ufrrj.br\/del\/wp-content\/uploads\/sites\/5\/2025\/09\/image-7-768x432.png 768w, https:\/\/departamentos.ufrrj.br\/del\/wp-content\/uploads\/sites\/5\/2025\/09\/image-7-124x70.png 124w, https:\/\/departamentos.ufrrj.br\/del\/wp-content\/uploads\/sites\/5\/2025\/09\/image-7.png 1032w\" sizes=\"(max-width: 300px) 100vw, 300px\" \/><\/figure>\n<\/div><\/div>\n\n\n\n<div class=\"wp-block-group\"><div class=\"wp-block-group__inner-container is-layout-constrained wp-block-group-is-layout-constrained\"><div class=\"wp-block-image\">\n<figure class=\"aligncenter size-medium\"><img loading=\"lazy\" decoding=\"async\" width=\"300\" height=\"169\" src=\"https:\/\/departamentos.ufrrj.br\/del\/wp-content\/uploads\/sites\/5\/2025\/09\/image-2-300x169.png\" alt=\"\" class=\"wp-image-863\" srcset=\"https:\/\/departamentos.ufrrj.br\/del\/wp-content\/uploads\/sites\/5\/2025\/09\/image-2-300x169.png 300w, https:\/\/departamentos.ufrrj.br\/del\/wp-content\/uploads\/sites\/5\/2025\/09\/image-2-1024x576.png 1024w, https:\/\/departamentos.ufrrj.br\/del\/wp-content\/uploads\/sites\/5\/2025\/09\/image-2-768x432.png 768w, https:\/\/departamentos.ufrrj.br\/del\/wp-content\/uploads\/sites\/5\/2025\/09\/image-2-124x70.png 124w, https:\/\/departamentos.ufrrj.br\/del\/wp-content\/uploads\/sites\/5\/2025\/09\/image-2.png 1032w\" sizes=\"(max-width: 300px) 100vw, 300px\" \/><\/figure><\/div><\/div><\/div>\n<\/div>\n\n\n\n<p><\/p>\n\n\n\n<div class=\"wp-block-group is-content-justification-center is-nowrap is-layout-flex wp-container-core-group-is-layout-5 wp-block-group-is-layout-flex\">\n<div class=\"wp-block-group\"><div class=\"wp-block-group__inner-container is-layout-constrained wp-block-group-is-layout-constrained\">\n<figure class=\"wp-block-image size-large\"><img loading=\"lazy\" decoding=\"async\" width=\"1024\" height=\"576\" src=\"https:\/\/departamentos.ufrrj.br\/del\/wp-content\/uploads\/sites\/5\/2025\/09\/image-12-1024x576.png\" alt=\"\" class=\"wp-image-873\" srcset=\"https:\/\/departamentos.ufrrj.br\/del\/wp-content\/uploads\/sites\/5\/2025\/09\/image-12-1024x576.png 1024w, https:\/\/departamentos.ufrrj.br\/del\/wp-content\/uploads\/sites\/5\/2025\/09\/image-12-300x169.png 300w, https:\/\/departamentos.ufrrj.br\/del\/wp-content\/uploads\/sites\/5\/2025\/09\/image-12-768x432.png 768w, https:\/\/departamentos.ufrrj.br\/del\/wp-content\/uploads\/sites\/5\/2025\/09\/image-12-124x70.png 124w, https:\/\/departamentos.ufrrj.br\/del\/wp-content\/uploads\/sites\/5\/2025\/09\/image-12.png 1032w\" sizes=\"(max-width: 1024px) 100vw, 1024px\" \/><figcaption class=\"wp-element-caption\">Fotos:\u00a0<em>Dire\u00e7\u00e3o do Instituto Multidisciplinar\/UFRRJ<\/em><\/figcaption><\/figure>\n<\/div><\/div>\n<\/div>\n<\/div>\n<\/div>\n<\/div><\/div>\n\n\n\n<p class=\"has-black-color has-text-color has-link-color wp-elements-4df231f8c6702843ab327123ae73f11c\">O DEL, que tem como finalidade a gest\u00e3o e promo\u00e7\u00e3o de a\u00e7\u00f5es extensionistas de Esporte e Lazer e a administra\u00e7\u00e3o da Pra\u00e7a de Desportos da UFRRJ, demonstra com este ato a sua miss\u00e3o de integrar e apoiar a comunidade estudantil para al\u00e9m do c\u00e2mpus Serop\u00e9dica. A entrega dos materiais foi acompanhada de perto pela Diretora de C\u00e2mpus do IM, Ana Carolina Barboza, e pelo coordenador do DCE, o estudante Vitor Hugo Santos.<\/p>\n\n\n\n<p class=\"has-black-color has-text-color has-link-color wp-elements-31a965cc0fb1842f24872577840ab4b4\">O pacote de materiais cedidos pelo DEL foi pensado para atender a diversas modalidades praticadas pelos estudantes do IM. Foram entregues&nbsp;<strong>dez bolas de v\u00f4lei<\/strong>,&nbsp;<strong>quatro bolas de basquete<\/strong>&nbsp;e&nbsp;<strong>duas bolas de handebol<\/strong>, al\u00e9m de&nbsp;<strong>24 coletes<\/strong>&nbsp;<strong>e uma nova rede<\/strong>&nbsp;para auxiliar na organiza\u00e7\u00e3o dos treinos coletivos. O kit foi complementado com&nbsp;<strong>quatro raquetes de pingue-pongue<\/strong>.<\/p>\n\n\n\n<p class=\"has-black-color has-text-color has-link-color wp-elements-8223fcd27ce1bec3939d264e3b03638c\">Durante a visita, a dire\u00e7\u00e3o do c\u00e2mpus e a representa\u00e7\u00e3o estudantil apresentaram a estrutura do IM, incluindo a Sala dos Centros Acad\u00eamicos que entrou em reforma, um espa\u00e7o vital para a organiza\u00e7\u00e3o e o desenvolvimento das atividades discentes. No final da obra haver\u00e1 um espa\u00e7o para a retirada dos equipamentos esportivos.<\/p>\n\n\n\n<p class=\"has-black-color has-text-color has-link-color wp-elements-a2e7f326ceb6f2aa13759934f649408f\">Para o coordenador do DCE, Vitor Hugo Santos, a chegada dos materiais \u00e9 um passo importante que se soma a outras conquistas recentes, refletindo o sucesso do di\u00e1logo e da colabora\u00e7\u00e3o entre estudantes e a gest\u00e3o da Universidade.<\/p>\n\n\n\n<p class=\"has-black-color has-text-color has-link-color wp-elements-d2cb7d8ed5f4fcd713c566abea2b5c68\"><strong>\u201c<\/strong>Para todos n\u00f3s do IM este \u00e9 um marco significativo<strong>\u201c<\/strong>, afirmou Vitor Hugo.&nbsp;<strong>\u201c<\/strong>O esfor\u00e7o da Dire\u00e7\u00e3o de C\u00e2mpus e do Departamento de Esportes em auxiliar nossas atl\u00e9ticas \u00e9 muito gratificante. A recente conquista da quadra de v\u00f4lei, somada \u00e0 chegada de novos materiais para os treinos, demonstra que estamos avan\u00e7ando e que os resultados do nosso trabalho em conjunto est\u00e3o come\u00e7ando a aparecer.<strong>\u201c<\/strong><\/p>\n\n\n\n<p class=\"has-black-color has-text-color has-link-color wp-elements-f1859a3a749dc4b7edebc87898124732\">A iniciativa refor\u00e7a o papel do esporte como uma poderosa ferramenta de integra\u00e7\u00e3o, pertencimento e promo\u00e7\u00e3o da sa\u00fade e bem-estar. Ao apoiar as atl\u00e9ticas do IM, o DEL e a gest\u00e3o da UFRRJ fortalecem n\u00e3o apenas as equipes esportivas, mas toda a comunidade acad\u00eamica do c\u00e2mpus Nova Igua\u00e7u.<\/p>\n\n\n\n<p><strong><em>Texto<\/em><\/strong><em>&nbsp;Jo\u00e3o Vitor Freitas, jornalista e bolsista de Jornalismo da Coordenadoria de Comunica\u00e7\u00e3o Social (CCS\/UFRRJ)<\/em><br><strong><em>Foto<\/em><\/strong>:&nbsp;<em>Dire\u00e7\u00e3o do Instituto Multidisciplinar\/UFRRJ<\/em><\/p>\n\n\n\n<p><em>Revis\u00e3o e edi\u00e7\u00e3o: Jo\u00e3o Henrique Oliveira (CCS\/UFRRJ)<\/em><\/p>\n","protected":false},"excerpt":{"rendered":"<p>A\u00e7\u00e3o realizada em parceria com o Diret\u00f3rio Central dos Estudantes (DCE) visa apoiar o desenvolvimento das modalidades esportivas e a integra\u00e7\u00e3o dos [&hellip;]<\/p>\n","protected":false},"author":6,"featured_media":873,"comment_status":"open","ping_status":"open","sticky":false,"template":"","format":"standard","meta":{"_acf_changed":false,"footnotes":"[]"},"categories":[3],"tags":[],"class_list":["post-860","post","type-post","status-publish","format-standard","has-post-thumbnail","hentry","category-noticias"],"acf":[],"yoast_head":"<!-- This site is optimized with the Yoast SEO plugin v23.4 - https:\/\/yoast.com\/wordpress\/plugins\/seo\/ -->\n<title>Uni\u00e3o pelo Esporte: DEL e Dire\u00e7\u00e3o do IM apoiam atl\u00e9ticas com novos equipamentos - Departamento de Esportes e Lazer<\/title>\n<meta name=\"robots\" content=\"index, follow, max-snippet:-1, max-image-preview:large, max-video-preview:-1\" \/>\n<link rel=\"canonical\" href=\"https:\/\/departamentos.ufrrj.br\/del\/2025\/09\/23\/uniao-pelo-esporte-del-e-direcao-do-im-apoiam-atleticas-com-novos-equipamentos\/\" \/>\n<meta property=\"og:locale\" content=\"pt_BR\" \/>\n<meta property=\"og:type\" content=\"article\" \/>\n<meta property=\"og:title\" content=\"Uni\u00e3o pelo Esporte: DEL e Dire\u00e7\u00e3o do IM apoiam atl\u00e9ticas com novos equipamentos - Departamento de Esportes e Lazer\" \/>\n<meta property=\"og:description\" content=\"A\u00e7\u00e3o realizada em parceria com o Diret\u00f3rio Central dos Estudantes (DCE) visa apoiar o desenvolvimento das modalidades esportivas e a integra\u00e7\u00e3o dos [&hellip;]\" \/>\n<meta property=\"og:url\" content=\"https:\/\/departamentos.ufrrj.br\/del\/2025\/09\/23\/uniao-pelo-esporte-del-e-direcao-do-im-apoiam-atleticas-com-novos-equipamentos\/\" \/>\n<meta property=\"og:site_name\" content=\"Departamento de Esportes e Lazer\" \/>\n<meta property=\"article:published_time\" content=\"2025-09-23T14:20:11+00:00\" \/>\n<meta property=\"article:modified_time\" content=\"2025-09-23T14:24:44+00:00\" \/>\n<meta property=\"og:image\" content=\"https:\/\/departamentos.ufrrj.br\/del\/wp-content\/uploads\/sites\/5\/2025\/09\/image-12.png\" \/>\n\t<meta property=\"og:image:width\" content=\"1032\" \/>\n\t<meta property=\"og:image:height\" content=\"581\" \/>\n\t<meta property=\"og:image:type\" content=\"image\/png\" \/>\n<meta name=\"author\" content=\"Vin\u00edcius Gev\u00fa\" \/>\n<meta name=\"twitter:card\" content=\"summary_large_image\" \/>\n<meta name=\"twitter:label1\" content=\"Escrito por\" \/>\n\t<meta name=\"twitter:data1\" content=\"Vin\u00edcius Gev\u00fa\" \/>\n\t<meta name=\"twitter:label2\" content=\"Est. tempo de leitura\" \/>\n\t<meta name=\"twitter:data2\" content=\"5 minutos\" \/>\n<script type=\"application\/ld+json\" class=\"yoast-schema-graph\">{\"@context\":\"https:\/\/schema.org\",\"@graph\":[{\"@type\":\"Article\",\"@id\":\"https:\/\/departamentos.ufrrj.br\/del\/2025\/09\/23\/uniao-pelo-esporte-del-e-direcao-do-im-apoiam-atleticas-com-novos-equipamentos\/#article\",\"isPartOf\":{\"@id\":\"https:\/\/departamentos.ufrrj.br\/del\/2025\/09\/23\/uniao-pelo-esporte-del-e-direcao-do-im-apoiam-atleticas-com-novos-equipamentos\/\"},\"author\":{\"name\":\"Vin\u00edcius Gev\u00fa\",\"@id\":\"https:\/\/departamentos.ufrrj.br\/del\/#\/schema\/person\/415c97961f5e204055ca772fd633f5ff\"},\"headline\":\"Uni\u00e3o pelo Esporte: DEL e Dire\u00e7\u00e3o do IM apoiam atl\u00e9ticas com novos equipamentos\",\"datePublished\":\"2025-09-23T14:20:11+00:00\",\"dateModified\":\"2025-09-23T14:24:44+00:00\",\"mainEntityOfPage\":{\"@id\":\"https:\/\/departamentos.ufrrj.br\/del\/2025\/09\/23\/uniao-pelo-esporte-del-e-direcao-do-im-apoiam-atleticas-com-novos-equipamentos\/\"},\"wordCount\":689,\"commentCount\":0,\"publisher\":{\"@id\":\"https:\/\/departamentos.ufrrj.br\/del\/#organization\"},\"image\":{\"@id\":\"https:\/\/departamentos.ufrrj.br\/del\/2025\/09\/23\/uniao-pelo-esporte-del-e-direcao-do-im-apoiam-atleticas-com-novos-equipamentos\/#primaryimage\"},\"thumbnailUrl\":\"https:\/\/departamentos.ufrrj.br\/del\/wp-content\/uploads\/sites\/5\/2025\/09\/image-12.png\",\"articleSection\":[\"Not\u00edcias\"],\"inLanguage\":\"pt-BR\",\"potentialAction\":[{\"@type\":\"CommentAction\",\"name\":\"Comment\",\"target\":[\"https:\/\/departamentos.ufrrj.br\/del\/2025\/09\/23\/uniao-pelo-esporte-del-e-direcao-do-im-apoiam-atleticas-com-novos-equipamentos\/#respond\"]}]},{\"@type\":\"WebPage\",\"@id\":\"https:\/\/departamentos.ufrrj.br\/del\/2025\/09\/23\/uniao-pelo-esporte-del-e-direcao-do-im-apoiam-atleticas-com-novos-equipamentos\/\",\"url\":\"https:\/\/departamentos.ufrrj.br\/del\/2025\/09\/23\/uniao-pelo-esporte-del-e-direcao-do-im-apoiam-atleticas-com-novos-equipamentos\/\",\"name\":\"Uni\u00e3o pelo Esporte: DEL e Dire\u00e7\u00e3o do IM apoiam atl\u00e9ticas com novos equipamentos - Departamento de Esportes e Lazer\",\"isPartOf\":{\"@id\":\"https:\/\/departamentos.ufrrj.br\/del\/#website\"},\"primaryImageOfPage\":{\"@id\":\"https:\/\/departamentos.ufrrj.br\/del\/2025\/09\/23\/uniao-pelo-esporte-del-e-direcao-do-im-apoiam-atleticas-com-novos-equipamentos\/#primaryimage\"},\"image\":{\"@id\":\"https:\/\/departamentos.ufrrj.br\/del\/2025\/09\/23\/uniao-pelo-esporte-del-e-direcao-do-im-apoiam-atleticas-com-novos-equipamentos\/#primaryimage\"},\"thumbnailUrl\":\"https:\/\/departamentos.ufrrj.br\/del\/wp-content\/uploads\/sites\/5\/2025\/09\/image-12.png\",\"datePublished\":\"2025-09-23T14:20:11+00:00\",\"dateModified\":\"2025-09-23T14:24:44+00:00\",\"breadcrumb\":{\"@id\":\"https:\/\/departamentos.ufrrj.br\/del\/2025\/09\/23\/uniao-pelo-esporte-del-e-direcao-do-im-apoiam-atleticas-com-novos-equipamentos\/#breadcrumb\"},\"inLanguage\":\"pt-BR\",\"potentialAction\":[{\"@type\":\"ReadAction\",\"target\":[\"https:\/\/departamentos.ufrrj.br\/del\/2025\/09\/23\/uniao-pelo-esporte-del-e-direcao-do-im-apoiam-atleticas-com-novos-equipamentos\/\"]}]},{\"@type\":\"ImageObject\",\"inLanguage\":\"pt-BR\",\"@id\":\"https:\/\/departamentos.ufrrj.br\/del\/2025\/09\/23\/uniao-pelo-esporte-del-e-direcao-do-im-apoiam-atleticas-com-novos-equipamentos\/#primaryimage\",\"url\":\"https:\/\/departamentos.ufrrj.br\/del\/wp-content\/uploads\/sites\/5\/2025\/09\/image-12.png\",\"contentUrl\":\"https:\/\/departamentos.ufrrj.br\/del\/wp-content\/uploads\/sites\/5\/2025\/09\/image-12.png\",\"width\":1032,\"height\":581},{\"@type\":\"BreadcrumbList\",\"@id\":\"https:\/\/departamentos.ufrrj.br\/del\/2025\/09\/23\/uniao-pelo-esporte-del-e-direcao-do-im-apoiam-atleticas-com-novos-equipamentos\/#breadcrumb\",\"itemListElement\":[{\"@type\":\"ListItem\",\"position\":1,\"name\":\"In\u00edcio\",\"item\":\"https:\/\/departamentos.ufrrj.br\/del\/\"},{\"@type\":\"ListItem\",\"position\":2,\"name\":\"Uni\u00e3o pelo Esporte: DEL e Dire\u00e7\u00e3o do IM apoiam atl\u00e9ticas com novos equipamentos\"}]},{\"@type\":\"WebSite\",\"@id\":\"https:\/\/departamentos.ufrrj.br\/del\/#website\",\"url\":\"https:\/\/departamentos.ufrrj.br\/del\/\",\"name\":\"Departamento Ci\u00eancias Econ\u00f4micas\",\"description\":\"\",\"publisher\":{\"@id\":\"https:\/\/departamentos.ufrrj.br\/del\/#organization\"},\"potentialAction\":[{\"@type\":\"SearchAction\",\"target\":{\"@type\":\"EntryPoint\",\"urlTemplate\":\"https:\/\/departamentos.ufrrj.br\/del\/?s={search_term_string}\"},\"query-input\":{\"@type\":\"PropertyValueSpecification\",\"valueRequired\":true,\"valueName\":\"search_term_string\"}}],\"inLanguage\":\"pt-BR\"},{\"@type\":\"Organization\",\"@id\":\"https:\/\/departamentos.ufrrj.br\/del\/#organization\",\"name\":\"Departamento Ci\u00eancias Econ\u00f4micas\",\"url\":\"https:\/\/departamentos.ufrrj.br\/del\/\",\"logo\":{\"@type\":\"ImageObject\",\"inLanguage\":\"pt-BR\",\"@id\":\"https:\/\/departamentos.ufrrj.br\/del\/#\/schema\/logo\/image\/\",\"url\":\"https:\/\/departamentos.ufrrj.br\/del\/wp-content\/uploads\/sites\/5\/2025\/03\/Design-sem-nome-4-150x150-1.jpg\",\"contentUrl\":\"https:\/\/departamentos.ufrrj.br\/del\/wp-content\/uploads\/sites\/5\/2025\/03\/Design-sem-nome-4-150x150-1.jpg\",\"width\":150,\"height\":150,\"caption\":\"Departamento Ci\u00eancias Econ\u00f4micas\"},\"image\":{\"@id\":\"https:\/\/departamentos.ufrrj.br\/del\/#\/schema\/logo\/image\/\"},\"sameAs\":[\"https:\/\/www.instagram.com\/del.ufrrj\/\"]},{\"@type\":\"Person\",\"@id\":\"https:\/\/departamentos.ufrrj.br\/del\/#\/schema\/person\/415c97961f5e204055ca772fd633f5ff\",\"name\":\"Vin\u00edcius Gev\u00fa\",\"image\":{\"@type\":\"ImageObject\",\"inLanguage\":\"pt-BR\",\"@id\":\"https:\/\/departamentos.ufrrj.br\/del\/#\/schema\/person\/image\/\",\"url\":\"https:\/\/secure.gravatar.com\/avatar\/6386fc479ea2bf720a23c246cb34dafe?s=96&d=mm&r=g\",\"contentUrl\":\"https:\/\/secure.gravatar.com\/avatar\/6386fc479ea2bf720a23c246cb34dafe?s=96&d=mm&r=g\",\"caption\":\"Vin\u00edcius Gev\u00fa\"},\"description\":\"GLPI 37594\",\"url\":\"https:\/\/departamentos.ufrrj.br\/del\/author\/viniciusgevu\/\"}]}<\/script>\n<!-- \/ Yoast SEO plugin. -->","yoast_head_json":{"title":"Uni\u00e3o pelo Esporte: DEL e Dire\u00e7\u00e3o do IM apoiam atl\u00e9ticas com novos equipamentos - Departamento de Esportes e Lazer","robots":{"index":"index","follow":"follow","max-snippet":"max-snippet:-1","max-image-preview":"max-image-preview:large","max-video-preview":"max-video-preview:-1"},"canonical":"https:\/\/departamentos.ufrrj.br\/del\/2025\/09\/23\/uniao-pelo-esporte-del-e-direcao-do-im-apoiam-atleticas-com-novos-equipamentos\/","og_locale":"pt_BR","og_type":"article","og_title":"Uni\u00e3o pelo Esporte: DEL e Dire\u00e7\u00e3o do IM apoiam atl\u00e9ticas com novos equipamentos - Departamento de Esportes e Lazer","og_description":"A\u00e7\u00e3o realizada em parceria com o Diret\u00f3rio Central dos Estudantes (DCE) visa apoiar o desenvolvimento das modalidades esportivas e a integra\u00e7\u00e3o dos [&hellip;]","og_url":"https:\/\/departamentos.ufrrj.br\/del\/2025\/09\/23\/uniao-pelo-esporte-del-e-direcao-do-im-apoiam-atleticas-com-novos-equipamentos\/","og_site_name":"Departamento de Esportes e Lazer","article_published_time":"2025-09-23T14:20:11+00:00","article_modified_time":"2025-09-23T14:24:44+00:00","og_image":[{"width":1032,"height":581,"url":"https:\/\/departamentos.ufrrj.br\/del\/wp-content\/uploads\/sites\/5\/2025\/09\/image-12.png","type":"image\/png"}],"author":"Vin\u00edcius Gev\u00fa","twitter_card":"summary_large_image","twitter_misc":{"Escrito por":"Vin\u00edcius Gev\u00fa","Est. tempo de leitura":"5 minutos"},"schema":{"@context":"https:\/\/schema.org","@graph":[{"@type":"Article","@id":"https:\/\/departamentos.ufrrj.br\/del\/2025\/09\/23\/uniao-pelo-esporte-del-e-direcao-do-im-apoiam-atleticas-com-novos-equipamentos\/#article","isPartOf":{"@id":"https:\/\/departamentos.ufrrj.br\/del\/2025\/09\/23\/uniao-pelo-esporte-del-e-direcao-do-im-apoiam-atleticas-com-novos-equipamentos\/"},"author":{"name":"Vin\u00edcius Gev\u00fa","@id":"https:\/\/departamentos.ufrrj.br\/del\/#\/schema\/person\/415c97961f5e204055ca772fd633f5ff"},"headline":"Uni\u00e3o pelo Esporte: DEL e Dire\u00e7\u00e3o do IM apoiam atl\u00e9ticas com novos equipamentos","datePublished":"2025-09-23T14:20:11+00:00","dateModified":"2025-09-23T14:24:44+00:00","mainEntityOfPage":{"@id":"https:\/\/departamentos.ufrrj.br\/del\/2025\/09\/23\/uniao-pelo-esporte-del-e-direcao-do-im-apoiam-atleticas-com-novos-equipamentos\/"},"wordCount":689,"commentCount":0,"publisher":{"@id":"https:\/\/departamentos.ufrrj.br\/del\/#organization"},"image":{"@id":"https:\/\/departamentos.ufrrj.br\/del\/2025\/09\/23\/uniao-pelo-esporte-del-e-direcao-do-im-apoiam-atleticas-com-novos-equipamentos\/#primaryimage"},"thumbnailUrl":"https:\/\/departamentos.ufrrj.br\/del\/wp-content\/uploads\/sites\/5\/2025\/09\/image-12.png","articleSection":["Not\u00edcias"],"inLanguage":"pt-BR","potentialAction":[{"@type":"CommentAction","name":"Comment","target":["https:\/\/departamentos.ufrrj.br\/del\/2025\/09\/23\/uniao-pelo-esporte-del-e-direcao-do-im-apoiam-atleticas-com-novos-equipamentos\/#respond"]}]},{"@type":"WebPage","@id":"https:\/\/departamentos.ufrrj.br\/del\/2025\/09\/23\/uniao-pelo-esporte-del-e-direcao-do-im-apoiam-atleticas-com-novos-equipamentos\/","url":"https:\/\/departamentos.ufrrj.br\/del\/2025\/09\/23\/uniao-pelo-esporte-del-e-direcao-do-im-apoiam-atleticas-com-novos-equipamentos\/","name":"Uni\u00e3o pelo Esporte: DEL e Dire\u00e7\u00e3o do IM apoiam atl\u00e9ticas com novos equipamentos - Departamento de Esportes e Lazer","isPartOf":{"@id":"https:\/\/departamentos.ufrrj.br\/del\/#website"},"primaryImageOfPage":{"@id":"https:\/\/departamentos.ufrrj.br\/del\/2025\/09\/23\/uniao-pelo-esporte-del-e-direcao-do-im-apoiam-atleticas-com-novos-equipamentos\/#primaryimage"},"image":{"@id":"https:\/\/departamentos.ufrrj.br\/del\/2025\/09\/23\/uniao-pelo-esporte-del-e-direcao-do-im-apoiam-atleticas-com-novos-equipamentos\/#primaryimage"},"thumbnailUrl":"https:\/\/departamentos.ufrrj.br\/del\/wp-content\/uploads\/sites\/5\/2025\/09\/image-12.png","datePublished":"2025-09-23T14:20:11+00:00","dateModified":"2025-09-23T14:24:44+00:00","breadcrumb":{"@id":"https:\/\/departamentos.ufrrj.br\/del\/2025\/09\/23\/uniao-pelo-esporte-del-e-direcao-do-im-apoiam-atleticas-com-novos-equipamentos\/#breadcrumb"},"inLanguage":"pt-BR","potentialAction":[{"@type":"ReadAction","target":["https:\/\/departamentos.ufrrj.br\/del\/2025\/09\/23\/uniao-pelo-esporte-del-e-direcao-do-im-apoiam-atleticas-com-novos-equipamentos\/"]}]},{"@type":"ImageObject","inLanguage":"pt-BR","@id":"https:\/\/departamentos.ufrrj.br\/del\/2025\/09\/23\/uniao-pelo-esporte-del-e-direcao-do-im-apoiam-atleticas-com-novos-equipamentos\/#primaryimage","url":"https:\/\/departamentos.ufrrj.br\/del\/wp-content\/uploads\/sites\/5\/2025\/09\/image-12.png","contentUrl":"https:\/\/departamentos.ufrrj.br\/del\/wp-content\/uploads\/sites\/5\/2025\/09\/image-12.png","width":1032,"height":581},{"@type":"BreadcrumbList","@id":"https:\/\/departamentos.ufrrj.br\/del\/2025\/09\/23\/uniao-pelo-esporte-del-e-direcao-do-im-apoiam-atleticas-com-novos-equipamentos\/#breadcrumb","itemListElement":[{"@type":"ListItem","position":1,"name":"In\u00edcio","item":"https:\/\/departamentos.ufrrj.br\/del\/"},{"@type":"ListItem","position":2,"name":"Uni\u00e3o pelo Esporte: DEL e Dire\u00e7\u00e3o do IM apoiam atl\u00e9ticas com novos equipamentos"}]},{"@type":"WebSite","@id":"https:\/\/departamentos.ufrrj.br\/del\/#website","url":"https:\/\/departamentos.ufrrj.br\/del\/","name":"Departamento Ci\u00eancias Econ\u00f4micas","description":"","publisher":{"@id":"https:\/\/departamentos.ufrrj.br\/del\/#organization"},"potentialAction":[{"@type":"SearchAction","target":{"@type":"EntryPoint","urlTemplate":"https:\/\/departamentos.ufrrj.br\/del\/?s={search_term_string}"},"query-input":{"@type":"PropertyValueSpecification","valueRequired":true,"valueName":"search_term_string"}}],"inLanguage":"pt-BR"},{"@type":"Organization","@id":"https:\/\/departamentos.ufrrj.br\/del\/#organization","name":"Departamento Ci\u00eancias Econ\u00f4micas","url":"https:\/\/departamentos.ufrrj.br\/del\/","logo":{"@type":"ImageObject","inLanguage":"pt-BR","@id":"https:\/\/departamentos.ufrrj.br\/del\/#\/schema\/logo\/image\/","url":"https:\/\/departamentos.ufrrj.br\/del\/wp-content\/uploads\/sites\/5\/2025\/03\/Design-sem-nome-4-150x150-1.jpg","contentUrl":"https:\/\/departamentos.ufrrj.br\/del\/wp-content\/uploads\/sites\/5\/2025\/03\/Design-sem-nome-4-150x150-1.jpg","width":150,"height":150,"caption":"Departamento Ci\u00eancias Econ\u00f4micas"},"image":{"@id":"https:\/\/departamentos.ufrrj.br\/del\/#\/schema\/logo\/image\/"},"sameAs":["https:\/\/www.instagram.com\/del.ufrrj\/"]},{"@type":"Person","@id":"https:\/\/departamentos.ufrrj.br\/del\/#\/schema\/person\/415c97961f5e204055ca772fd633f5ff","name":"Vin\u00edcius Gev\u00fa","image":{"@type":"ImageObject","inLanguage":"pt-BR","@id":"https:\/\/departamentos.ufrrj.br\/del\/#\/schema\/person\/image\/","url":"https:\/\/secure.gravatar.com\/avatar\/6386fc479ea2bf720a23c246cb34dafe?s=96&d=mm&r=g","contentUrl":"https:\/\/secure.gravatar.com\/avatar\/6386fc479ea2bf720a23c246cb34dafe?s=96&d=mm&r=g","caption":"Vin\u00edcius Gev\u00fa"},"description":"GLPI 37594","url":"https:\/\/departamentos.ufrrj.br\/del\/author\/viniciusgevu\/"}]}},"_links":{"self":[{"href":"https:\/\/departamentos.ufrrj.br\/del\/wp-json\/wp\/v2\/posts\/860"}],"collection":[{"href":"https:\/\/departamentos.ufrrj.br\/del\/wp-json\/wp\/v2\/posts"}],"about":[{"href":"https:\/\/departamentos.ufrrj.br\/del\/wp-json\/wp\/v2\/types\/post"}],"author":[{"embeddable":true,"href":"https:\/\/departamentos.ufrrj.br\/del\/wp-json\/wp\/v2\/users\/6"}],"replies":[{"embeddable":true,"href":"https:\/\/departamentos.ufrrj.br\/del\/wp-json\/wp\/v2\/comments?post=860"}],"version-history":[{"count":2,"href":"https:\/\/departamentos.ufrrj.br\/del\/wp-json\/wp\/v2\/posts\/860\/revisions"}],"predecessor-version":[{"id":875,"href":"https:\/\/departamentos.ufrrj.br\/del\/wp-json\/wp\/v2\/posts\/860\/revisions\/875"}],"wp:featuredmedia":[{"embeddable":true,"href":"https:\/\/departamentos.ufrrj.br\/del\/wp-json\/wp\/v2\/media\/873"}],"wp:attachment":[{"href":"https:\/\/departamentos.ufrrj.br\/del\/wp-json\/wp\/v2\/media?parent=860"}],"wp:term":[{"taxonomy":"category","embeddable":true,"href":"https:\/\/departamentos.ufrrj.br\/del\/wp-json\/wp\/v2\/categories?post=860"},{"taxonomy":"post_tag","embeddable":true,"href":"https:\/\/departamentos.ufrrj.br\/del\/wp-json\/wp\/v2\/tags?post=860"}],"curies":[{"name":"wp","href":"https:\/\/api.w.org\/{rel}","templated":true}]}}