{"id":876,"date":"2025-09-23T11:38:50","date_gmt":"2025-09-23T14:38:50","guid":{"rendered":"https:\/\/departamentos.ufrrj.br\/del\/?p=876"},"modified":"2025-10-20T15:45:13","modified_gmt":"2025-10-20T18:45:13","slug":"torneio-na-ufrrj-consolida-crescimento-do-tenis-em-seropedica-e-celebra-talentos-do-projeto-esporte-para-a-vida-toda","status":"publish","type":"post","link":"https:\/\/departamentos.ufrrj.br\/del\/2025\/09\/23\/torneio-na-ufrrj-consolida-crescimento-do-tenis-em-seropedica-e-celebra-talentos-do-projeto-esporte-para-a-vida-toda\/","title":{"rendered":"Torneio na UFRRJ consolida crescimento do T\u00eanis em Serop\u00e9dica e celebra talentos do projeto Esporte para a Vida Toda"},"content":{"rendered":"\n<hr class=\"wp-block-separator has-alpha-channel-opacity\"\/>\n\n\n\n<p><\/p>\n\n\n\n<div class=\"wp-block-columns is-layout-flex wp-container-core-columns-is-layout-2 wp-block-columns-is-layout-flex\">\n<div class=\"wp-block-column is-layout-flow wp-block-column-is-layout-flow\" style=\"flex-basis:100%\">\n<div class=\"wp-block-columns is-layout-flex wp-container-core-columns-is-layout-1 wp-block-columns-is-layout-flex\">\n<div class=\"wp-block-column is-layout-flow wp-block-column-is-layout-flow\"><div class=\"taxonomy-category wp-block-post-terms\"><a href=\"https:\/\/departamentos.ufrrj.br\/del\/category\/noticias\/\" rel=\"tag\">Not\u00edcias<\/a><span class=\"wp-block-post-terms__separator\">, <\/span><a href=\"https:\/\/departamentos.ufrrj.br\/del\/category\/previt\/\" rel=\"tag\">PREVIT<\/a><\/div><\/div>\n\n\n\n<div class=\"wp-block-column is-layout-flow wp-block-column-is-layout-flow\"><\/div>\n<\/div>\n<\/div>\n<\/div>\n\n\n\n<p><\/p>\n\n\n\n<hr class=\"wp-block-separator has-alpha-channel-opacity\"\/>\n\n\n\n<p><\/p>\n\n\n\n<p><em>Com 106 jogadores, a primeira edi\u00e7\u00e3o do evento promovido pelo projeto&nbsp;<\/em>Programa Esporte para a Vida Toda&nbsp;<em>une estudantes, professores e a comunidade.<\/em><\/p>\n\n\n\n<figure class=\"wp-block-image size-large\"><img loading=\"lazy\" decoding=\"async\" width=\"1024\" height=\"683\" src=\"https:\/\/departamentos.ufrrj.br\/del\/wp-content\/uploads\/sites\/5\/2025\/09\/image-13-1024x683.png\" alt=\"\" class=\"wp-image-877\" srcset=\"https:\/\/departamentos.ufrrj.br\/del\/wp-content\/uploads\/sites\/5\/2025\/09\/image-13-1024x683.png 1024w, https:\/\/departamentos.ufrrj.br\/del\/wp-content\/uploads\/sites\/5\/2025\/09\/image-13-300x200.png 300w, https:\/\/departamentos.ufrrj.br\/del\/wp-content\/uploads\/sites\/5\/2025\/09\/image-13-768x512.png 768w, https:\/\/departamentos.ufrrj.br\/del\/wp-content\/uploads\/sites\/5\/2025\/09\/image-13-105x70.png 105w, https:\/\/departamentos.ufrrj.br\/del\/wp-content\/uploads\/sites\/5\/2025\/09\/image-13.png 1536w\" sizes=\"(max-width: 1024px) 100vw, 1024px\" \/><\/figure>\n\n\n\n<p>O som caracter\u00edstico das raquetes rebatendo a bola ecoou de forma especial no c\u00e2mpus da UFRRJ entre os dias 13 e 15 de agosto. Mais do que um simples barulho esportivo, ele representou a vibrante consolida\u00e7\u00e3o do t\u00eanis em Serop\u00e9dica. A quadra 1 da Universidade foi o palco do Torneio de T\u00eanis organizado pelo&nbsp;<strong>Programa Esporte para a Vida Toda (Previt)<\/strong>, uma iniciativa que une os tr\u00eas pilares universit\u00e1rio, ensino, pesquisa e extens\u00e3o, atrav\u00e9s do n\u00facleo Preparando para o Futuro, e est\u00e1 transformando a rela\u00e7\u00e3o da cidade com a modalidade.<\/p>\n\n\n<div class=\"wp-block-image\">\n<figure class=\"aligncenter size-medium\"><img loading=\"lazy\" decoding=\"async\" width=\"300\" height=\"300\" src=\"https:\/\/departamentos.ufrrj.br\/del\/wp-content\/uploads\/sites\/5\/2025\/09\/image-14-300x300.png\" alt=\"\" class=\"wp-image-878\" srcset=\"https:\/\/departamentos.ufrrj.br\/del\/wp-content\/uploads\/sites\/5\/2025\/09\/image-14-300x300.png 300w, https:\/\/departamentos.ufrrj.br\/del\/wp-content\/uploads\/sites\/5\/2025\/09\/image-14-1024x1024.png 1024w, https:\/\/departamentos.ufrrj.br\/del\/wp-content\/uploads\/sites\/5\/2025\/09\/image-14-150x150.png 150w, https:\/\/departamentos.ufrrj.br\/del\/wp-content\/uploads\/sites\/5\/2025\/09\/image-14-768x768.png 768w, https:\/\/departamentos.ufrrj.br\/del\/wp-content\/uploads\/sites\/5\/2025\/09\/image-14-200x200.png 200w, https:\/\/departamentos.ufrrj.br\/del\/wp-content\/uploads\/sites\/5\/2025\/09\/image-14-70x70.png 70w, https:\/\/departamentos.ufrrj.br\/del\/wp-content\/uploads\/sites\/5\/2025\/09\/image-14.png 1536w\" sizes=\"(max-width: 300px) 100vw, 300px\" \/><\/figure><\/div>\n\n\n<p>O evento reuniu 106 participantes em um ambiente de disputas acirradas nas categorias individuais (masculino e feminino) e de duplas (masculina, feminina e mista). Sob o comando do professor Wanderlei Pacheco, do Departamento de Educa\u00e7\u00e3o F\u00edsica e Desportos (DEFD), a arbitragem ficou a cargo dos bolsistas do curso de Educa\u00e7\u00e3o F\u00edsica, que tiveram a oportunidade de aplicar seus conhecimentos na pr\u00e1tica, um dos pilares da forma\u00e7\u00e3o na Rural.<\/p>\n\n\n\n<figure class=\"wp-block-image size-large\"><img loading=\"lazy\" decoding=\"async\" width=\"1024\" height=\"819\" src=\"https:\/\/departamentos.ufrrj.br\/del\/wp-content\/uploads\/sites\/5\/2025\/09\/image-15-1024x819.png\" alt=\"\" class=\"wp-image-879\" srcset=\"https:\/\/departamentos.ufrrj.br\/del\/wp-content\/uploads\/sites\/5\/2025\/09\/image-15-1024x819.png 1024w, https:\/\/departamentos.ufrrj.br\/del\/wp-content\/uploads\/sites\/5\/2025\/09\/image-15-300x240.png 300w, https:\/\/departamentos.ufrrj.br\/del\/wp-content\/uploads\/sites\/5\/2025\/09\/image-15-768x615.png 768w, https:\/\/departamentos.ufrrj.br\/del\/wp-content\/uploads\/sites\/5\/2025\/09\/image-15-87x70.png 87w, https:\/\/departamentos.ufrrj.br\/del\/wp-content\/uploads\/sites\/5\/2025\/09\/image-15.png 1536w\" sizes=\"(max-width: 1024px) 100vw, 1024px\" \/><\/figure>\n\n\n\n<p>Na categoria mais disputada, a Individual Avan\u00e7ado Masculino, o t\u00edtulo ficou com um talento de casa: Lucas Rabello, bolsista e graduando que participa ativamente do projeto. Ele atribui sua evolu\u00e7\u00e3o diretamente \u00e0 qualidade do programa. \u201cO projeto tem sido bem construtivo\u201d, destacou o campe\u00e3o, ressaltando o papel do professor Wanderlei e o alcance da iniciativa. \u201cEle traz diversos moradores de Serop\u00e9dica para jogar t\u00eanis e outras modalidades ofertadas pelo PREVIT\u201d.<\/p>\n\n\n\n<p>Segundo o Supervisor de N\u00facleo da UFRRJ, Jo\u00e3o Lemos, \u201cO torneio do Previt mostrou a import\u00e2ncia do esporte aqui na Rural. O t\u00eanis, em especial, tem impactado a vida do ruralino e do morador de Serop\u00e9dica, oferecendo oportunidade de lazer, sa\u00fade e integra\u00e7\u00e3o.\u201d Lemos finaliza \u201cessa iniciativa refor\u00e7a como o esporte pode ser uma ferramenta de transforma\u00e7\u00e3o e pertencimento\u201d.<\/p>\n\n\n\n<p>A ponte entre a academia e a comunidade veio com a vit\u00f3ria de Marcio Felipe. O morador de Serop\u00e9dica n\u00e3o s\u00f3 levantou o trof\u00e9u da categoria Individual Intermedi\u00e1rio, como protagonizou um dos momentos mais simb\u00f3licos do torneio: foi presenteado com uma raquete nova pela professora Eliza Prodel (DEFD), um gesto que traduz o esp\u00edrito de colabora\u00e7\u00e3o e incentivo que o programa cultiva.<\/p>\n\n\n\n<div class=\"wp-block-group\"><div class=\"wp-block-group__inner-container is-layout-constrained wp-block-group-is-layout-constrained\">\n<div class=\"wp-block-group\"><div class=\"wp-block-group__inner-container is-layout-constrained wp-block-group-is-layout-constrained\">\n<div class=\"wp-block-group is-nowrap is-layout-flex wp-container-core-group-is-layout-1 wp-block-group-is-layout-flex\">\n<figure class=\"wp-block-image size-medium\"><img loading=\"lazy\" decoding=\"async\" width=\"300\" height=\"200\" src=\"https:\/\/departamentos.ufrrj.br\/del\/wp-content\/uploads\/sites\/5\/2025\/09\/image-17-300x200.png\" alt=\"\" class=\"wp-image-881\" srcset=\"https:\/\/departamentos.ufrrj.br\/del\/wp-content\/uploads\/sites\/5\/2025\/09\/image-17-300x200.png 300w, https:\/\/departamentos.ufrrj.br\/del\/wp-content\/uploads\/sites\/5\/2025\/09\/image-17-1024x683.png 1024w, https:\/\/departamentos.ufrrj.br\/del\/wp-content\/uploads\/sites\/5\/2025\/09\/image-17-768x512.png 768w, https:\/\/departamentos.ufrrj.br\/del\/wp-content\/uploads\/sites\/5\/2025\/09\/image-17-105x70.png 105w, https:\/\/departamentos.ufrrj.br\/del\/wp-content\/uploads\/sites\/5\/2025\/09\/image-17.png 1536w\" sizes=\"(max-width: 300px) 100vw, 300px\" \/><\/figure>\n\n\n\n<figure class=\"wp-block-image size-medium is-resized\"><img loading=\"lazy\" decoding=\"async\" width=\"300\" height=\"240\" src=\"https:\/\/departamentos.ufrrj.br\/del\/wp-content\/uploads\/sites\/5\/2025\/09\/image-16-300x240.png\" alt=\"\" class=\"wp-image-880\" style=\"object-fit:cover;width:249px;height:auto\" srcset=\"https:\/\/departamentos.ufrrj.br\/del\/wp-content\/uploads\/sites\/5\/2025\/09\/image-16-300x240.png 300w, https:\/\/departamentos.ufrrj.br\/del\/wp-content\/uploads\/sites\/5\/2025\/09\/image-16-1024x819.png 1024w, https:\/\/departamentos.ufrrj.br\/del\/wp-content\/uploads\/sites\/5\/2025\/09\/image-16-768x615.png 768w, https:\/\/departamentos.ufrrj.br\/del\/wp-content\/uploads\/sites\/5\/2025\/09\/image-16-87x70.png 87w, https:\/\/departamentos.ufrrj.br\/del\/wp-content\/uploads\/sites\/5\/2025\/09\/image-16.png 1536w\" sizes=\"(max-width: 300px) 100vw, 300px\" \/><\/figure>\n\n\n\n<figure class=\"wp-block-image size-medium\"><img loading=\"lazy\" decoding=\"async\" width=\"300\" height=\"200\" src=\"https:\/\/departamentos.ufrrj.br\/del\/wp-content\/uploads\/sites\/5\/2025\/09\/image-18-300x200.png\" alt=\"\" class=\"wp-image-882\" srcset=\"https:\/\/departamentos.ufrrj.br\/del\/wp-content\/uploads\/sites\/5\/2025\/09\/image-18-300x200.png 300w, https:\/\/departamentos.ufrrj.br\/del\/wp-content\/uploads\/sites\/5\/2025\/09\/image-18-1024x683.png 1024w, https:\/\/departamentos.ufrrj.br\/del\/wp-content\/uploads\/sites\/5\/2025\/09\/image-18-768x512.png 768w, https:\/\/departamentos.ufrrj.br\/del\/wp-content\/uploads\/sites\/5\/2025\/09\/image-18-105x70.png 105w, https:\/\/departamentos.ufrrj.br\/del\/wp-content\/uploads\/sites\/5\/2025\/09\/image-18.png 1536w\" sizes=\"(max-width: 300px) 100vw, 300px\" \/><\/figure>\n<\/div>\n\n\n\n<div class=\"wp-block-group is-nowrap is-layout-flex wp-container-core-group-is-layout-2 wp-block-group-is-layout-flex\"><\/div>\n<\/div><\/div>\n<\/div><\/div>\n\n\n\n<figure class=\"wp-block-image size-large\"><img loading=\"lazy\" decoding=\"async\" width=\"1024\" height=\"819\" src=\"https:\/\/departamentos.ufrrj.br\/del\/wp-content\/uploads\/sites\/5\/2025\/09\/image-19-1024x819.png\" alt=\"\" class=\"wp-image-883\" srcset=\"https:\/\/departamentos.ufrrj.br\/del\/wp-content\/uploads\/sites\/5\/2025\/09\/image-19-1024x819.png 1024w, https:\/\/departamentos.ufrrj.br\/del\/wp-content\/uploads\/sites\/5\/2025\/09\/image-19-300x240.png 300w, https:\/\/departamentos.ufrrj.br\/del\/wp-content\/uploads\/sites\/5\/2025\/09\/image-19-768x615.png 768w, https:\/\/departamentos.ufrrj.br\/del\/wp-content\/uploads\/sites\/5\/2025\/09\/image-19-87x70.png 87w, https:\/\/departamentos.ufrrj.br\/del\/wp-content\/uploads\/sites\/5\/2025\/09\/image-19.png 1536w\" sizes=\"(max-width: 1024px) 100vw, 1024px\" \/><\/figure>\n\n\n\n<p>O brilho do corpo discente tamb\u00e9m foi not\u00e1vel. A estudante de Engenharia Qu\u00edmica, Juliah Estrela, confirmou sua excelente fase e, ao lado da parceira Isabella Teixeira, conquistou o t\u00edtulo de Duplas Femininas. A vit\u00f3ria se soma a outra grande atua\u00e7\u00e3o recente de Juliah, o vice-campeonato na tradicional Ta\u00e7a Ruralina, demonstrando a consolida\u00e7\u00e3o dos atletas formados no ambiente universit\u00e1rio.<\/p>\n\n\n\n<p>Ao fim dos tr\u00eas dias de competi\u00e7\u00e3o, o Torneio de T\u00eanis do Previt se consagrou n\u00e3o apenas pelos jogos de alto n\u00edvel, mas por sua capacidade de fortalecer la\u00e7os e reafirmar a UFRRJ como um polo de desenvolvimento esportivo, social e humano. Mais do que campe\u00f5es, o projeto forma cidad\u00e3os e mostra que o investimento no esporte \u00e9 um saque certeiro para o futuro.<\/p>\n\n\n\n<p><strong><em>Texto:&nbsp;<\/em><\/strong>Jo\u00e3o Vitor Freitas, jornalista e bolsista de Comunica\u00e7\u00e3o da Prograd\/CCS<br><strong><em>Imagem<\/em><\/strong>: Marcelle Jourdan, bolsista graduando do PREVIT,&nbsp;<em>@marcellej_fotos<\/em><\/p>\n","protected":false},"excerpt":{"rendered":"<p>Com 106 jogadores, a primeira edi\u00e7\u00e3o do evento promovido pelo projeto&nbsp;Programa Esporte para a Vida Toda&nbsp;une estudantes, professores e a comunidade. O [&hellip;]<\/p>\n","protected":false},"author":6,"featured_media":880,"comment_status":"open","ping_status":"open","sticky":false,"template":"","format":"standard","meta":{"_acf_changed":false,"footnotes":""},"categories":[3,12],"tags":[],"class_list":["post-876","post","type-post","status-publish","format-standard","has-post-thumbnail","hentry","category-noticias","category-previt"],"acf":[],"yoast_head":"<!-- This site is optimized with the Yoast SEO plugin v23.4 - https:\/\/yoast.com\/wordpress\/plugins\/seo\/ -->\n<title>Torneio na UFRRJ consolida crescimento do T\u00eanis em Serop\u00e9dica e celebra talentos do projeto Esporte para a Vida Toda - Departamento de Esportes e Lazer<\/title>\n<meta name=\"robots\" content=\"index, follow, max-snippet:-1, max-image-preview:large, max-video-preview:-1\" \/>\n<link rel=\"canonical\" href=\"https:\/\/departamentos.ufrrj.br\/del\/2025\/09\/23\/torneio-na-ufrrj-consolida-crescimento-do-tenis-em-seropedica-e-celebra-talentos-do-projeto-esporte-para-a-vida-toda\/\" \/>\n<meta property=\"og:locale\" content=\"pt_BR\" \/>\n<meta property=\"og:type\" content=\"article\" \/>\n<meta property=\"og:title\" content=\"Torneio na UFRRJ consolida crescimento do T\u00eanis em Serop\u00e9dica e celebra talentos do projeto Esporte para a Vida Toda - Departamento de Esportes e Lazer\" \/>\n<meta property=\"og:description\" content=\"Com 106 jogadores, a primeira edi\u00e7\u00e3o do evento promovido pelo projeto&nbsp;Programa Esporte para a Vida Toda&nbsp;une estudantes, professores e a comunidade. O [&hellip;]\" \/>\n<meta property=\"og:url\" content=\"https:\/\/departamentos.ufrrj.br\/del\/2025\/09\/23\/torneio-na-ufrrj-consolida-crescimento-do-tenis-em-seropedica-e-celebra-talentos-do-projeto-esporte-para-a-vida-toda\/\" \/>\n<meta property=\"og:site_name\" content=\"Departamento de Esportes e Lazer\" \/>\n<meta property=\"article:published_time\" content=\"2025-09-23T14:38:50+00:00\" \/>\n<meta property=\"article:modified_time\" content=\"2025-10-20T18:45:13+00:00\" \/>\n<meta property=\"og:image\" content=\"https:\/\/departamentos.ufrrj.br\/del\/wp-content\/uploads\/sites\/5\/2025\/09\/image-16-1024x819.png\" \/>\n\t<meta property=\"og:image:width\" content=\"1024\" \/>\n\t<meta property=\"og:image:height\" content=\"819\" \/>\n\t<meta property=\"og:image:type\" content=\"image\/png\" \/>\n<meta name=\"author\" content=\"Vin\u00edcius Gev\u00fa\" \/>\n<meta name=\"twitter:card\" content=\"summary_large_image\" \/>\n<meta name=\"twitter:label1\" content=\"Escrito por\" \/>\n\t<meta name=\"twitter:data1\" content=\"Vin\u00edcius Gev\u00fa\" \/>\n\t<meta name=\"twitter:label2\" content=\"Est. tempo de leitura\" \/>\n\t<meta name=\"twitter:data2\" content=\"5 minutos\" \/>\n<script type=\"application\/ld+json\" class=\"yoast-schema-graph\">{\"@context\":\"https:\/\/schema.org\",\"@graph\":[{\"@type\":\"Article\",\"@id\":\"https:\/\/departamentos.ufrrj.br\/del\/2025\/09\/23\/torneio-na-ufrrj-consolida-crescimento-do-tenis-em-seropedica-e-celebra-talentos-do-projeto-esporte-para-a-vida-toda\/#article\",\"isPartOf\":{\"@id\":\"https:\/\/departamentos.ufrrj.br\/del\/2025\/09\/23\/torneio-na-ufrrj-consolida-crescimento-do-tenis-em-seropedica-e-celebra-talentos-do-projeto-esporte-para-a-vida-toda\/\"},\"author\":{\"name\":\"Vin\u00edcius Gev\u00fa\",\"@id\":\"https:\/\/departamentos.ufrrj.br\/del\/#\/schema\/person\/415c97961f5e204055ca772fd633f5ff\"},\"headline\":\"Torneio na UFRRJ consolida crescimento do T\u00eanis em Serop\u00e9dica e celebra talentos do projeto Esporte para a Vida Toda\",\"datePublished\":\"2025-09-23T14:38:50+00:00\",\"dateModified\":\"2025-10-20T18:45:13+00:00\",\"mainEntityOfPage\":{\"@id\":\"https:\/\/departamentos.ufrrj.br\/del\/2025\/09\/23\/torneio-na-ufrrj-consolida-crescimento-do-tenis-em-seropedica-e-celebra-talentos-do-projeto-esporte-para-a-vida-toda\/\"},\"wordCount\":595,\"commentCount\":0,\"publisher\":{\"@id\":\"https:\/\/departamentos.ufrrj.br\/del\/#organization\"},\"image\":{\"@id\":\"https:\/\/departamentos.ufrrj.br\/del\/2025\/09\/23\/torneio-na-ufrrj-consolida-crescimento-do-tenis-em-seropedica-e-celebra-talentos-do-projeto-esporte-para-a-vida-toda\/#primaryimage\"},\"thumbnailUrl\":\"https:\/\/departamentos.ufrrj.br\/del\/wp-content\/uploads\/sites\/5\/2025\/09\/image-16.png\",\"articleSection\":[\"Not\u00edcias\",\"PREVIT\"],\"inLanguage\":\"pt-BR\",\"potentialAction\":[{\"@type\":\"CommentAction\",\"name\":\"Comment\",\"target\":[\"https:\/\/departamentos.ufrrj.br\/del\/2025\/09\/23\/torneio-na-ufrrj-consolida-crescimento-do-tenis-em-seropedica-e-celebra-talentos-do-projeto-esporte-para-a-vida-toda\/#respond\"]}]},{\"@type\":\"WebPage\",\"@id\":\"https:\/\/departamentos.ufrrj.br\/del\/2025\/09\/23\/torneio-na-ufrrj-consolida-crescimento-do-tenis-em-seropedica-e-celebra-talentos-do-projeto-esporte-para-a-vida-toda\/\",\"url\":\"https:\/\/departamentos.ufrrj.br\/del\/2025\/09\/23\/torneio-na-ufrrj-consolida-crescimento-do-tenis-em-seropedica-e-celebra-talentos-do-projeto-esporte-para-a-vida-toda\/\",\"name\":\"Torneio na UFRRJ consolida crescimento do T\u00eanis em Serop\u00e9dica e celebra talentos do projeto Esporte para a Vida Toda - Departamento de Esportes e Lazer\",\"isPartOf\":{\"@id\":\"https:\/\/departamentos.ufrrj.br\/del\/#website\"},\"primaryImageOfPage\":{\"@id\":\"https:\/\/departamentos.ufrrj.br\/del\/2025\/09\/23\/torneio-na-ufrrj-consolida-crescimento-do-tenis-em-seropedica-e-celebra-talentos-do-projeto-esporte-para-a-vida-toda\/#primaryimage\"},\"image\":{\"@id\":\"https:\/\/departamentos.ufrrj.br\/del\/2025\/09\/23\/torneio-na-ufrrj-consolida-crescimento-do-tenis-em-seropedica-e-celebra-talentos-do-projeto-esporte-para-a-vida-toda\/#primaryimage\"},\"thumbnailUrl\":\"https:\/\/departamentos.ufrrj.br\/del\/wp-content\/uploads\/sites\/5\/2025\/09\/image-16.png\",\"datePublished\":\"2025-09-23T14:38:50+00:00\",\"dateModified\":\"2025-10-20T18:45:13+00:00\",\"breadcrumb\":{\"@id\":\"https:\/\/departamentos.ufrrj.br\/del\/2025\/09\/23\/torneio-na-ufrrj-consolida-crescimento-do-tenis-em-seropedica-e-celebra-talentos-do-projeto-esporte-para-a-vida-toda\/#breadcrumb\"},\"inLanguage\":\"pt-BR\",\"potentialAction\":[{\"@type\":\"ReadAction\",\"target\":[\"https:\/\/departamentos.ufrrj.br\/del\/2025\/09\/23\/torneio-na-ufrrj-consolida-crescimento-do-tenis-em-seropedica-e-celebra-talentos-do-projeto-esporte-para-a-vida-toda\/\"]}]},{\"@type\":\"ImageObject\",\"inLanguage\":\"pt-BR\",\"@id\":\"https:\/\/departamentos.ufrrj.br\/del\/2025\/09\/23\/torneio-na-ufrrj-consolida-crescimento-do-tenis-em-seropedica-e-celebra-talentos-do-projeto-esporte-para-a-vida-toda\/#primaryimage\",\"url\":\"https:\/\/departamentos.ufrrj.br\/del\/wp-content\/uploads\/sites\/5\/2025\/09\/image-16.png\",\"contentUrl\":\"https:\/\/departamentos.ufrrj.br\/del\/wp-content\/uploads\/sites\/5\/2025\/09\/image-16.png\",\"width\":1536,\"height\":1229},{\"@type\":\"BreadcrumbList\",\"@id\":\"https:\/\/departamentos.ufrrj.br\/del\/2025\/09\/23\/torneio-na-ufrrj-consolida-crescimento-do-tenis-em-seropedica-e-celebra-talentos-do-projeto-esporte-para-a-vida-toda\/#breadcrumb\",\"itemListElement\":[{\"@type\":\"ListItem\",\"position\":1,\"name\":\"In\u00edcio\",\"item\":\"https:\/\/departamentos.ufrrj.br\/del\/\"},{\"@type\":\"ListItem\",\"position\":2,\"name\":\"Torneio na UFRRJ consolida crescimento do T\u00eanis em Serop\u00e9dica e celebra talentos do projeto Esporte para a Vida Toda\"}]},{\"@type\":\"WebSite\",\"@id\":\"https:\/\/departamentos.ufrrj.br\/del\/#website\",\"url\":\"https:\/\/departamentos.ufrrj.br\/del\/\",\"name\":\"Departamento Ci\u00eancias Econ\u00f4micas\",\"description\":\"\",\"publisher\":{\"@id\":\"https:\/\/departamentos.ufrrj.br\/del\/#organization\"},\"potentialAction\":[{\"@type\":\"SearchAction\",\"target\":{\"@type\":\"EntryPoint\",\"urlTemplate\":\"https:\/\/departamentos.ufrrj.br\/del\/?s={search_term_string}\"},\"query-input\":{\"@type\":\"PropertyValueSpecification\",\"valueRequired\":true,\"valueName\":\"search_term_string\"}}],\"inLanguage\":\"pt-BR\"},{\"@type\":\"Organization\",\"@id\":\"https:\/\/departamentos.ufrrj.br\/del\/#organization\",\"name\":\"Departamento Ci\u00eancias Econ\u00f4micas\",\"url\":\"https:\/\/departamentos.ufrrj.br\/del\/\",\"logo\":{\"@type\":\"ImageObject\",\"inLanguage\":\"pt-BR\",\"@id\":\"https:\/\/departamentos.ufrrj.br\/del\/#\/schema\/logo\/image\/\",\"url\":\"https:\/\/departamentos.ufrrj.br\/del\/wp-content\/uploads\/sites\/5\/2025\/03\/Design-sem-nome-4-150x150-1.jpg\",\"contentUrl\":\"https:\/\/departamentos.ufrrj.br\/del\/wp-content\/uploads\/sites\/5\/2025\/03\/Design-sem-nome-4-150x150-1.jpg\",\"width\":150,\"height\":150,\"caption\":\"Departamento Ci\u00eancias Econ\u00f4micas\"},\"image\":{\"@id\":\"https:\/\/departamentos.ufrrj.br\/del\/#\/schema\/logo\/image\/\"},\"sameAs\":[\"https:\/\/www.instagram.com\/del.ufrrj\/\"]},{\"@type\":\"Person\",\"@id\":\"https:\/\/departamentos.ufrrj.br\/del\/#\/schema\/person\/415c97961f5e204055ca772fd633f5ff\",\"name\":\"Vin\u00edcius Gev\u00fa\",\"image\":{\"@type\":\"ImageObject\",\"inLanguage\":\"pt-BR\",\"@id\":\"https:\/\/departamentos.ufrrj.br\/del\/#\/schema\/person\/image\/\",\"url\":\"https:\/\/secure.gravatar.com\/avatar\/6386fc479ea2bf720a23c246cb34dafe?s=96&d=mm&r=g\",\"contentUrl\":\"https:\/\/secure.gravatar.com\/avatar\/6386fc479ea2bf720a23c246cb34dafe?s=96&d=mm&r=g\",\"caption\":\"Vin\u00edcius Gev\u00fa\"},\"description\":\"GLPI 37594\",\"url\":\"https:\/\/departamentos.ufrrj.br\/del\/author\/viniciusgevu\/\"}]}<\/script>\n<!-- \/ Yoast SEO plugin. -->","yoast_head_json":{"title":"Torneio na UFRRJ consolida crescimento do T\u00eanis em Serop\u00e9dica e celebra talentos do projeto Esporte para a Vida Toda - Departamento de Esportes e Lazer","robots":{"index":"index","follow":"follow","max-snippet":"max-snippet:-1","max-image-preview":"max-image-preview:large","max-video-preview":"max-video-preview:-1"},"canonical":"https:\/\/departamentos.ufrrj.br\/del\/2025\/09\/23\/torneio-na-ufrrj-consolida-crescimento-do-tenis-em-seropedica-e-celebra-talentos-do-projeto-esporte-para-a-vida-toda\/","og_locale":"pt_BR","og_type":"article","og_title":"Torneio na UFRRJ consolida crescimento do T\u00eanis em Serop\u00e9dica e celebra talentos do projeto Esporte para a Vida Toda - Departamento de Esportes e Lazer","og_description":"Com 106 jogadores, a primeira edi\u00e7\u00e3o do evento promovido pelo projeto&nbsp;Programa Esporte para a Vida Toda&nbsp;une estudantes, professores e a comunidade. O [&hellip;]","og_url":"https:\/\/departamentos.ufrrj.br\/del\/2025\/09\/23\/torneio-na-ufrrj-consolida-crescimento-do-tenis-em-seropedica-e-celebra-talentos-do-projeto-esporte-para-a-vida-toda\/","og_site_name":"Departamento de Esportes e Lazer","article_published_time":"2025-09-23T14:38:50+00:00","article_modified_time":"2025-10-20T18:45:13+00:00","og_image":[{"width":1024,"height":819,"url":"https:\/\/departamentos.ufrrj.br\/del\/wp-content\/uploads\/sites\/5\/2025\/09\/image-16-1024x819.png","type":"image\/png"}],"author":"Vin\u00edcius Gev\u00fa","twitter_card":"summary_large_image","twitter_misc":{"Escrito por":"Vin\u00edcius Gev\u00fa","Est. tempo de leitura":"5 minutos"},"schema":{"@context":"https:\/\/schema.org","@graph":[{"@type":"Article","@id":"https:\/\/departamentos.ufrrj.br\/del\/2025\/09\/23\/torneio-na-ufrrj-consolida-crescimento-do-tenis-em-seropedica-e-celebra-talentos-do-projeto-esporte-para-a-vida-toda\/#article","isPartOf":{"@id":"https:\/\/departamentos.ufrrj.br\/del\/2025\/09\/23\/torneio-na-ufrrj-consolida-crescimento-do-tenis-em-seropedica-e-celebra-talentos-do-projeto-esporte-para-a-vida-toda\/"},"author":{"name":"Vin\u00edcius Gev\u00fa","@id":"https:\/\/departamentos.ufrrj.br\/del\/#\/schema\/person\/415c97961f5e204055ca772fd633f5ff"},"headline":"Torneio na UFRRJ consolida crescimento do T\u00eanis em Serop\u00e9dica e celebra talentos do projeto Esporte para a Vida Toda","datePublished":"2025-09-23T14:38:50+00:00","dateModified":"2025-10-20T18:45:13+00:00","mainEntityOfPage":{"@id":"https:\/\/departamentos.ufrrj.br\/del\/2025\/09\/23\/torneio-na-ufrrj-consolida-crescimento-do-tenis-em-seropedica-e-celebra-talentos-do-projeto-esporte-para-a-vida-toda\/"},"wordCount":595,"commentCount":0,"publisher":{"@id":"https:\/\/departamentos.ufrrj.br\/del\/#organization"},"image":{"@id":"https:\/\/departamentos.ufrrj.br\/del\/2025\/09\/23\/torneio-na-ufrrj-consolida-crescimento-do-tenis-em-seropedica-e-celebra-talentos-do-projeto-esporte-para-a-vida-toda\/#primaryimage"},"thumbnailUrl":"https:\/\/departamentos.ufrrj.br\/del\/wp-content\/uploads\/sites\/5\/2025\/09\/image-16.png","articleSection":["Not\u00edcias","PREVIT"],"inLanguage":"pt-BR","potentialAction":[{"@type":"CommentAction","name":"Comment","target":["https:\/\/departamentos.ufrrj.br\/del\/2025\/09\/23\/torneio-na-ufrrj-consolida-crescimento-do-tenis-em-seropedica-e-celebra-talentos-do-projeto-esporte-para-a-vida-toda\/#respond"]}]},{"@type":"WebPage","@id":"https:\/\/departamentos.ufrrj.br\/del\/2025\/09\/23\/torneio-na-ufrrj-consolida-crescimento-do-tenis-em-seropedica-e-celebra-talentos-do-projeto-esporte-para-a-vida-toda\/","url":"https:\/\/departamentos.ufrrj.br\/del\/2025\/09\/23\/torneio-na-ufrrj-consolida-crescimento-do-tenis-em-seropedica-e-celebra-talentos-do-projeto-esporte-para-a-vida-toda\/","name":"Torneio na UFRRJ consolida crescimento do T\u00eanis em Serop\u00e9dica e celebra talentos do projeto Esporte para a Vida Toda - Departamento de Esportes e Lazer","isPartOf":{"@id":"https:\/\/departamentos.ufrrj.br\/del\/#website"},"primaryImageOfPage":{"@id":"https:\/\/departamentos.ufrrj.br\/del\/2025\/09\/23\/torneio-na-ufrrj-consolida-crescimento-do-tenis-em-seropedica-e-celebra-talentos-do-projeto-esporte-para-a-vida-toda\/#primaryimage"},"image":{"@id":"https:\/\/departamentos.ufrrj.br\/del\/2025\/09\/23\/torneio-na-ufrrj-consolida-crescimento-do-tenis-em-seropedica-e-celebra-talentos-do-projeto-esporte-para-a-vida-toda\/#primaryimage"},"thumbnailUrl":"https:\/\/departamentos.ufrrj.br\/del\/wp-content\/uploads\/sites\/5\/2025\/09\/image-16.png","datePublished":"2025-09-23T14:38:50+00:00","dateModified":"2025-10-20T18:45:13+00:00","breadcrumb":{"@id":"https:\/\/departamentos.ufrrj.br\/del\/2025\/09\/23\/torneio-na-ufrrj-consolida-crescimento-do-tenis-em-seropedica-e-celebra-talentos-do-projeto-esporte-para-a-vida-toda\/#breadcrumb"},"inLanguage":"pt-BR","potentialAction":[{"@type":"ReadAction","target":["https:\/\/departamentos.ufrrj.br\/del\/2025\/09\/23\/torneio-na-ufrrj-consolida-crescimento-do-tenis-em-seropedica-e-celebra-talentos-do-projeto-esporte-para-a-vida-toda\/"]}]},{"@type":"ImageObject","inLanguage":"pt-BR","@id":"https:\/\/departamentos.ufrrj.br\/del\/2025\/09\/23\/torneio-na-ufrrj-consolida-crescimento-do-tenis-em-seropedica-e-celebra-talentos-do-projeto-esporte-para-a-vida-toda\/#primaryimage","url":"https:\/\/departamentos.ufrrj.br\/del\/wp-content\/uploads\/sites\/5\/2025\/09\/image-16.png","contentUrl":"https:\/\/departamentos.ufrrj.br\/del\/wp-content\/uploads\/sites\/5\/2025\/09\/image-16.png","width":1536,"height":1229},{"@type":"BreadcrumbList","@id":"https:\/\/departamentos.ufrrj.br\/del\/2025\/09\/23\/torneio-na-ufrrj-consolida-crescimento-do-tenis-em-seropedica-e-celebra-talentos-do-projeto-esporte-para-a-vida-toda\/#breadcrumb","itemListElement":[{"@type":"ListItem","position":1,"name":"In\u00edcio","item":"https:\/\/departamentos.ufrrj.br\/del\/"},{"@type":"ListItem","position":2,"name":"Torneio na UFRRJ consolida crescimento do T\u00eanis em Serop\u00e9dica e celebra talentos do projeto Esporte para a Vida Toda"}]},{"@type":"WebSite","@id":"https:\/\/departamentos.ufrrj.br\/del\/#website","url":"https:\/\/departamentos.ufrrj.br\/del\/","name":"Departamento Ci\u00eancias Econ\u00f4micas","description":"","publisher":{"@id":"https:\/\/departamentos.ufrrj.br\/del\/#organization"},"potentialAction":[{"@type":"SearchAction","target":{"@type":"EntryPoint","urlTemplate":"https:\/\/departamentos.ufrrj.br\/del\/?s={search_term_string}"},"query-input":{"@type":"PropertyValueSpecification","valueRequired":true,"valueName":"search_term_string"}}],"inLanguage":"pt-BR"},{"@type":"Organization","@id":"https:\/\/departamentos.ufrrj.br\/del\/#organization","name":"Departamento Ci\u00eancias Econ\u00f4micas","url":"https:\/\/departamentos.ufrrj.br\/del\/","logo":{"@type":"ImageObject","inLanguage":"pt-BR","@id":"https:\/\/departamentos.ufrrj.br\/del\/#\/schema\/logo\/image\/","url":"https:\/\/departamentos.ufrrj.br\/del\/wp-content\/uploads\/sites\/5\/2025\/03\/Design-sem-nome-4-150x150-1.jpg","contentUrl":"https:\/\/departamentos.ufrrj.br\/del\/wp-content\/uploads\/sites\/5\/2025\/03\/Design-sem-nome-4-150x150-1.jpg","width":150,"height":150,"caption":"Departamento Ci\u00eancias Econ\u00f4micas"},"image":{"@id":"https:\/\/departamentos.ufrrj.br\/del\/#\/schema\/logo\/image\/"},"sameAs":["https:\/\/www.instagram.com\/del.ufrrj\/"]},{"@type":"Person","@id":"https:\/\/departamentos.ufrrj.br\/del\/#\/schema\/person\/415c97961f5e204055ca772fd633f5ff","name":"Vin\u00edcius Gev\u00fa","image":{"@type":"ImageObject","inLanguage":"pt-BR","@id":"https:\/\/departamentos.ufrrj.br\/del\/#\/schema\/person\/image\/","url":"https:\/\/secure.gravatar.com\/avatar\/6386fc479ea2bf720a23c246cb34dafe?s=96&d=mm&r=g","contentUrl":"https:\/\/secure.gravatar.com\/avatar\/6386fc479ea2bf720a23c246cb34dafe?s=96&d=mm&r=g","caption":"Vin\u00edcius Gev\u00fa"},"description":"GLPI 37594","url":"https:\/\/departamentos.ufrrj.br\/del\/author\/viniciusgevu\/"}]}},"_links":{"self":[{"href":"https:\/\/departamentos.ufrrj.br\/del\/wp-json\/wp\/v2\/posts\/876"}],"collection":[{"href":"https:\/\/departamentos.ufrrj.br\/del\/wp-json\/wp\/v2\/posts"}],"about":[{"href":"https:\/\/departamentos.ufrrj.br\/del\/wp-json\/wp\/v2\/types\/post"}],"author":[{"embeddable":true,"href":"https:\/\/departamentos.ufrrj.br\/del\/wp-json\/wp\/v2\/users\/6"}],"replies":[{"embeddable":true,"href":"https:\/\/departamentos.ufrrj.br\/del\/wp-json\/wp\/v2\/comments?post=876"}],"version-history":[{"count":7,"href":"https:\/\/departamentos.ufrrj.br\/del\/wp-json\/wp\/v2\/posts\/876\/revisions"}],"predecessor-version":[{"id":1030,"href":"https:\/\/departamentos.ufrrj.br\/del\/wp-json\/wp\/v2\/posts\/876\/revisions\/1030"}],"wp:featuredmedia":[{"embeddable":true,"href":"https:\/\/departamentos.ufrrj.br\/del\/wp-json\/wp\/v2\/media\/880"}],"wp:attachment":[{"href":"https:\/\/departamentos.ufrrj.br\/del\/wp-json\/wp\/v2\/media?parent=876"}],"wp:term":[{"taxonomy":"category","embeddable":true,"href":"https:\/\/departamentos.ufrrj.br\/del\/wp-json\/wp\/v2\/categories?post=876"},{"taxonomy":"post_tag","embeddable":true,"href":"https:\/\/departamentos.ufrrj.br\/del\/wp-json\/wp\/v2\/tags?post=876"}],"curies":[{"name":"wp","href":"https:\/\/api.w.org\/{rel}","templated":true}]}}