{"id":889,"date":"2025-09-23T19:36:36","date_gmt":"2025-09-23T22:36:36","guid":{"rendered":"https:\/\/departamentos.ufrrj.br\/del\/?p=889"},"modified":"2025-09-23T19:36:36","modified_gmt":"2025-09-23T22:36:36","slug":"ufrrj-abre-campanha-setembro-amarelo-com-atividades-de-valorizacao-da-saude-e-da-vida","status":"publish","type":"post","link":"https:\/\/departamentos.ufrrj.br\/del\/2025\/09\/23\/ufrrj-abre-campanha-setembro-amarelo-com-atividades-de-valorizacao-da-saude-e-da-vida\/","title":{"rendered":"UFRRJ abre campanha Setembro Amarelo com atividades de valoriza\u00e7\u00e3o da sa\u00fade e da vida"},"content":{"rendered":"\n<p><em>Evento em Serop\u00e9dica trouxe servi\u00e7os gratuitos para comunidade universit\u00e1ria e local<\/em><\/p>\n\n\n\n<figure class=\"wp-block-image size-large is-resized\"><img loading=\"lazy\" decoding=\"async\" width=\"1024\" height=\"768\" src=\"https:\/\/departamentos.ufrrj.br\/del\/wp-content\/uploads\/sites\/5\/2025\/09\/image-20-1024x768.png\" alt=\"\" class=\"wp-image-890\" style=\"width:708px;height:auto\" srcset=\"https:\/\/departamentos.ufrrj.br\/del\/wp-content\/uploads\/sites\/5\/2025\/09\/image-20-1024x768.png 1024w, https:\/\/departamentos.ufrrj.br\/del\/wp-content\/uploads\/sites\/5\/2025\/09\/image-20-300x225.png 300w, https:\/\/departamentos.ufrrj.br\/del\/wp-content\/uploads\/sites\/5\/2025\/09\/image-20-768x576.png 768w, https:\/\/departamentos.ufrrj.br\/del\/wp-content\/uploads\/sites\/5\/2025\/09\/image-20-93x70.png 93w, https:\/\/departamentos.ufrrj.br\/del\/wp-content\/uploads\/sites\/5\/2025\/09\/image-20.png 1536w\" sizes=\"(max-width: 1024px) 100vw, 1024px\" \/><figcaption class=\"wp-element-caption\">Diversos servi\u00e7os gratuitos na abertura do Setembro Amarelo na UFRRJ<\/figcaption><\/figure>\n\n\n\n<p>Na \u00faltima quarta-feira, dia 4 de setembro, a Pra\u00e7a da Alegria da Universidade Federal Rural do Rio de Janeiro (UFRRJ) foi palco de uma a\u00e7\u00e3o beneficente em prol da abertura do&nbsp;<strong>Setembro Amarelo<\/strong>&nbsp;e da promo\u00e7\u00e3o \u00e0 valoriza\u00e7\u00e3o da vida. O Movimento Sa\u00fade foi uma iniciativa do&nbsp; Departamento de Esporte e Lazer (DEL), em parceria com a Pr\u00f3-Reitoria de Assuntos Estudantis (Proaes), a Comiss\u00e3o de Inclus\u00e3o e Diversidade (CPID), o Projeto Derrubando Muros, o Movimento Setembro Amarelo da UFRRJ, os coletivos \u201cIntegraliza\u201d e \u201cTudo Numa Coisa S\u00f3\u201d, com o apoio da Reitoria.&nbsp;<\/p>\n\n\n\n<p>Durante todo o ano, cada m\u00eas recebe uma determinada cor para simbolizar campanhas que abordam quest\u00f5es importantes de sa\u00fade e bem-estar. Setembro Amarelo surge, ent\u00e3o, como uma campanha de conscientiza\u00e7\u00e3o sobre a preven\u00e7\u00e3o ao suic\u00eddio. Durante todo o m\u00eas, o objetivo \u00e9 abrir espa\u00e7o para o di\u00e1logo, oferecer apoio e informar sobre a import\u00e2ncia de cuidar da sa\u00fade mental. A iniciativa busca abrir os olhos e sensibilizar a sociedade acerca de um tema que ainda \u00e9 um tabu para muita gente.<\/p>\n\n\n\n<p>\u00c9 no ambiente universit\u00e1rio que muitas pessoas passam grande parte de suas vidas e, portanto, compartilham experi\u00eancias e tempo de qualidade. Pensando nisso, e no prop\u00f3sito de consolidar a Universidade como espa\u00e7o acolhedor, a UFRRJ promoveu diversas a\u00e7\u00f5es gratuitas para a campanha na \u00faltima semana. \u201c\u00c9 importante trazer o calend\u00e1rio do Setembro Amarelo para o nosso ambiente universit\u00e1rio, com seus diversos servi\u00e7os ligados \u00e0 sa\u00fade. Existe toda uma reflex\u00e3o em rela\u00e7\u00e3o \u00e0 sa\u00fade mental, que \u00e9 um tema ao qual preocupa e atravessa todas as pessoas muitas vezes\u201d, destacou C\u00e9sar Da Ros, vice-reitor da Rural.<\/p>\n\n\n\n<p>Ao longo de toda a manh\u00e3 e parte da tarde, a Pra\u00e7a da Alegria encheu-se de pessoas no<em>&nbsp;stand<\/em>&nbsp;da campanha. Foram oferecidos diversos servi\u00e7os gratuitos, como: plant\u00e3o psicol\u00f3gico; apoio psicossocial LGBTI; testagem r\u00e1pida para HIV; atendimento de press\u00e3o arterial, glicose e \u00edndice de massa corporal (IMC); avalia\u00e7\u00e3o f\u00edsica funcional; massoterapia.&nbsp;<\/p>\n\n\n\n<div class=\"wp-block-group is-nowrap is-layout-flex wp-container-core-group-is-layout-2 wp-block-group-is-layout-flex\">\n<div class=\"wp-block-group\"><div class=\"wp-block-group__inner-container is-layout-constrained wp-block-group-is-layout-constrained\">\n<figure class=\"wp-block-image size-full\"><img loading=\"lazy\" decoding=\"async\" width=\"150\" height=\"150\" src=\"https:\/\/departamentos.ufrrj.br\/del\/wp-content\/uploads\/sites\/5\/2025\/09\/image-21.png\" alt=\"\" class=\"wp-image-893\" srcset=\"https:\/\/departamentos.ufrrj.br\/del\/wp-content\/uploads\/sites\/5\/2025\/09\/image-21.png 150w, https:\/\/departamentos.ufrrj.br\/del\/wp-content\/uploads\/sites\/5\/2025\/09\/image-21-70x70.png 70w\" sizes=\"(max-width: 150px) 100vw, 150px\" \/><\/figure>\n<\/div><\/div>\n\n\n\n<figure class=\"wp-block-image size-full\"><img loading=\"lazy\" decoding=\"async\" width=\"150\" height=\"150\" src=\"https:\/\/departamentos.ufrrj.br\/del\/wp-content\/uploads\/sites\/5\/2025\/09\/image-23.png\" alt=\"\" class=\"wp-image-895\" srcset=\"https:\/\/departamentos.ufrrj.br\/del\/wp-content\/uploads\/sites\/5\/2025\/09\/image-23.png 150w, https:\/\/departamentos.ufrrj.br\/del\/wp-content\/uploads\/sites\/5\/2025\/09\/image-23-70x70.png 70w\" sizes=\"(max-width: 150px) 100vw, 150px\" \/><\/figure>\n\n\n\n<figure class=\"wp-block-image size-full\"><img loading=\"lazy\" decoding=\"async\" width=\"150\" height=\"150\" src=\"https:\/\/departamentos.ufrrj.br\/del\/wp-content\/uploads\/sites\/5\/2025\/09\/image-24.png\" alt=\"\" class=\"wp-image-896\" srcset=\"https:\/\/departamentos.ufrrj.br\/del\/wp-content\/uploads\/sites\/5\/2025\/09\/image-24.png 150w, https:\/\/departamentos.ufrrj.br\/del\/wp-content\/uploads\/sites\/5\/2025\/09\/image-24-70x70.png 70w\" sizes=\"(max-width: 150px) 100vw, 150px\" \/><\/figure>\n\n\n\n<figure class=\"wp-block-image size-full\"><img loading=\"lazy\" decoding=\"async\" width=\"150\" height=\"150\" src=\"https:\/\/departamentos.ufrrj.br\/del\/wp-content\/uploads\/sites\/5\/2025\/09\/image-25.png\" alt=\"\" class=\"wp-image-897\" srcset=\"https:\/\/departamentos.ufrrj.br\/del\/wp-content\/uploads\/sites\/5\/2025\/09\/image-25.png 150w, https:\/\/departamentos.ufrrj.br\/del\/wp-content\/uploads\/sites\/5\/2025\/09\/image-25-70x70.png 70w\" sizes=\"(max-width: 150px) 100vw, 150px\" \/><\/figure>\n\n\n\n<figure class=\"wp-block-image size-full\"><img loading=\"lazy\" decoding=\"async\" width=\"150\" height=\"150\" src=\"https:\/\/departamentos.ufrrj.br\/del\/wp-content\/uploads\/sites\/5\/2025\/09\/image-26.png\" alt=\"\" class=\"wp-image-898\" srcset=\"https:\/\/departamentos.ufrrj.br\/del\/wp-content\/uploads\/sites\/5\/2025\/09\/image-26.png 150w, https:\/\/departamentos.ufrrj.br\/del\/wp-content\/uploads\/sites\/5\/2025\/09\/image-26-70x70.png 70w\" sizes=\"(max-width: 150px) 100vw, 150px\" \/><\/figure>\n<\/div>\n\n\n\n<p>\u201cPensamos numa estrat\u00e9gia de tentar aproximar essa popula\u00e7\u00e3o, que por mais que sejam jovens, s\u00e3o pessoas que muitas vezes carecem de algumas informa\u00e7\u00f5es e at\u00e9 mesmo nunca fizeram avalia\u00e7\u00f5es deste tipo. \u00c9 uma forma da gente fazer uma divulga\u00e7\u00e3o para busca de melhor sa\u00fade, qualidade de vida e tamb\u00e9m de evitar determinadas doen\u00e7as que s\u00e3o impactantes na popula\u00e7\u00e3o acad\u00eamica e geral\u201d, disse Luiz Bezerra da Silveira, professor e chefe do Departamento de Educa\u00e7\u00e3o F\u00edsica e Desportos da Universidade Federal Rural do Rio de Janeiro (DEFD\/UFRRJ).<\/p>\n\n\n\n<p>Parte da popula\u00e7\u00e3o contemplada foi a LGBTQIA+ com a presen\u00e7a do&nbsp;<a href=\"https:\/\/g.co\/kgs\/WAUXS5H\">Centro de Cidadania LGBTI Baixada II<\/a>, parceiro de longa data da Rural. \u201cTrouxemos a nossa equipe para estar compartilhando informa\u00e7\u00f5es e dar espa\u00e7o para essas pessoas nos procurarem para que possamos atend\u00ea-los e acolh\u00ea-los da melhor forma&nbsp; E que essas pessoas conhe\u00e7am mais do espa\u00e7o que \u00e9 deles. A import\u00e2ncia de a\u00e7\u00f5es como essa daqui ajudam a popula\u00e7\u00e3o a chegar at\u00e9 determinados espa\u00e7os que eles acham que n\u00e3o existem\u201d, enfatizou Ana Costa, coordenadora do centro. O programa acolhe pessoas em sua sede em Japeri, das 9 \u00e0s 17 horas.&nbsp;<\/p>\n\n\n\n<p>\u00c9 importante ressaltar a import\u00e2ncia do tema da sa\u00fade mental. Em momentos de crise, busque ajuda e apoio. No Brasil, o Centro de Valoriza\u00e7\u00e3o da Vida (CVV) oferece apoio emocional gratuito e confidencial 24 horas por dia. Basta ligar para 188 ou acessar o site<a href=\"https:\/\/www.cvv.org.br\/\">&nbsp;cvv.org.br<\/a>.&nbsp;<\/p>\n\n\n\n<p><em>Texto: Rafael Gutierrez, CCS\/UFRRJ.<\/em><\/p>\n\n\n\n<p><em>Fotos: Nicole Lopes, CCS\/UFRRJ.<\/em><\/p>\n\n\n\n<p><em>Edi\u00e7\u00e3o: Michelle Carneiro, CCS\/UFRRJ.<\/em><\/p>\n","protected":false},"excerpt":{"rendered":"<p>Evento em Serop\u00e9dica trouxe servi\u00e7os gratuitos para comunidade universit\u00e1ria e local Na \u00faltima quarta-feira, dia 4 de setembro, a Pra\u00e7a da Alegria [&hellip;]<\/p>\n","protected":false},"author":6,"featured_media":890,"comment_status":"open","ping_status":"open","sticky":false,"template":"","format":"standard","meta":{"_acf_changed":false,"footnotes":""},"categories":[3],"tags":[],"class_list":["post-889","post","type-post","status-publish","format-standard","has-post-thumbnail","hentry","category-noticias"],"acf":[],"yoast_head":"<!-- This site is optimized with the Yoast SEO plugin v23.4 - https:\/\/yoast.com\/wordpress\/plugins\/seo\/ -->\n<title>UFRRJ abre campanha Setembro Amarelo com atividades de valoriza\u00e7\u00e3o da sa\u00fade e da vida - Departamento de Esportes e Lazer<\/title>\n<meta name=\"robots\" content=\"index, follow, max-snippet:-1, max-image-preview:large, max-video-preview:-1\" \/>\n<link rel=\"canonical\" href=\"https:\/\/departamentos.ufrrj.br\/del\/2025\/09\/23\/ufrrj-abre-campanha-setembro-amarelo-com-atividades-de-valorizacao-da-saude-e-da-vida\/\" \/>\n<meta property=\"og:locale\" content=\"pt_BR\" \/>\n<meta property=\"og:type\" content=\"article\" \/>\n<meta property=\"og:title\" content=\"UFRRJ abre campanha Setembro Amarelo com atividades de valoriza\u00e7\u00e3o da sa\u00fade e da vida - Departamento de Esportes e Lazer\" \/>\n<meta property=\"og:description\" content=\"Evento em Serop\u00e9dica trouxe servi\u00e7os gratuitos para comunidade universit\u00e1ria e local Na \u00faltima quarta-feira, dia 4 de setembro, a Pra\u00e7a da Alegria [&hellip;]\" \/>\n<meta property=\"og:url\" content=\"https:\/\/departamentos.ufrrj.br\/del\/2025\/09\/23\/ufrrj-abre-campanha-setembro-amarelo-com-atividades-de-valorizacao-da-saude-e-da-vida\/\" \/>\n<meta property=\"og:site_name\" content=\"Departamento de Esportes e Lazer\" \/>\n<meta property=\"article:published_time\" content=\"2025-09-23T22:36:36+00:00\" \/>\n<meta property=\"og:image\" content=\"https:\/\/departamentos.ufrrj.br\/del\/wp-content\/uploads\/sites\/5\/2025\/09\/image-20-1024x768.png\" \/>\n\t<meta property=\"og:image:width\" content=\"1024\" \/>\n\t<meta property=\"og:image:height\" content=\"768\" \/>\n\t<meta property=\"og:image:type\" content=\"image\/png\" \/>\n<meta name=\"author\" content=\"Vin\u00edcius Gev\u00fa\" \/>\n<meta name=\"twitter:card\" content=\"summary_large_image\" \/>\n<meta name=\"twitter:label1\" content=\"Escrito por\" \/>\n\t<meta name=\"twitter:data1\" content=\"Vin\u00edcius Gev\u00fa\" \/>\n\t<meta name=\"twitter:label2\" content=\"Est. tempo de leitura\" \/>\n\t<meta name=\"twitter:data2\" content=\"5 minutos\" \/>\n<script type=\"application\/ld+json\" class=\"yoast-schema-graph\">{\"@context\":\"https:\/\/schema.org\",\"@graph\":[{\"@type\":\"Article\",\"@id\":\"https:\/\/departamentos.ufrrj.br\/del\/2025\/09\/23\/ufrrj-abre-campanha-setembro-amarelo-com-atividades-de-valorizacao-da-saude-e-da-vida\/#article\",\"isPartOf\":{\"@id\":\"https:\/\/departamentos.ufrrj.br\/del\/2025\/09\/23\/ufrrj-abre-campanha-setembro-amarelo-com-atividades-de-valorizacao-da-saude-e-da-vida\/\"},\"author\":{\"name\":\"Vin\u00edcius Gev\u00fa\",\"@id\":\"https:\/\/departamentos.ufrrj.br\/del\/#\/schema\/person\/415c97961f5e204055ca772fd633f5ff\"},\"headline\":\"UFRRJ abre campanha Setembro Amarelo com atividades de valoriza\u00e7\u00e3o da sa\u00fade e da vida\",\"datePublished\":\"2025-09-23T22:36:36+00:00\",\"dateModified\":\"2025-09-23T22:36:36+00:00\",\"mainEntityOfPage\":{\"@id\":\"https:\/\/departamentos.ufrrj.br\/del\/2025\/09\/23\/ufrrj-abre-campanha-setembro-amarelo-com-atividades-de-valorizacao-da-saude-e-da-vida\/\"},\"wordCount\":677,\"commentCount\":0,\"publisher\":{\"@id\":\"https:\/\/departamentos.ufrrj.br\/del\/#organization\"},\"image\":{\"@id\":\"https:\/\/departamentos.ufrrj.br\/del\/2025\/09\/23\/ufrrj-abre-campanha-setembro-amarelo-com-atividades-de-valorizacao-da-saude-e-da-vida\/#primaryimage\"},\"thumbnailUrl\":\"https:\/\/departamentos.ufrrj.br\/del\/wp-content\/uploads\/sites\/5\/2025\/09\/image-20.png\",\"articleSection\":[\"Not\u00edcias\"],\"inLanguage\":\"pt-BR\",\"potentialAction\":[{\"@type\":\"CommentAction\",\"name\":\"Comment\",\"target\":[\"https:\/\/departamentos.ufrrj.br\/del\/2025\/09\/23\/ufrrj-abre-campanha-setembro-amarelo-com-atividades-de-valorizacao-da-saude-e-da-vida\/#respond\"]}]},{\"@type\":\"WebPage\",\"@id\":\"https:\/\/departamentos.ufrrj.br\/del\/2025\/09\/23\/ufrrj-abre-campanha-setembro-amarelo-com-atividades-de-valorizacao-da-saude-e-da-vida\/\",\"url\":\"https:\/\/departamentos.ufrrj.br\/del\/2025\/09\/23\/ufrrj-abre-campanha-setembro-amarelo-com-atividades-de-valorizacao-da-saude-e-da-vida\/\",\"name\":\"UFRRJ abre campanha Setembro Amarelo com atividades de valoriza\u00e7\u00e3o da sa\u00fade e da vida - Departamento de Esportes e Lazer\",\"isPartOf\":{\"@id\":\"https:\/\/departamentos.ufrrj.br\/del\/#website\"},\"primaryImageOfPage\":{\"@id\":\"https:\/\/departamentos.ufrrj.br\/del\/2025\/09\/23\/ufrrj-abre-campanha-setembro-amarelo-com-atividades-de-valorizacao-da-saude-e-da-vida\/#primaryimage\"},\"image\":{\"@id\":\"https:\/\/departamentos.ufrrj.br\/del\/2025\/09\/23\/ufrrj-abre-campanha-setembro-amarelo-com-atividades-de-valorizacao-da-saude-e-da-vida\/#primaryimage\"},\"thumbnailUrl\":\"https:\/\/departamentos.ufrrj.br\/del\/wp-content\/uploads\/sites\/5\/2025\/09\/image-20.png\",\"datePublished\":\"2025-09-23T22:36:36+00:00\",\"dateModified\":\"2025-09-23T22:36:36+00:00\",\"breadcrumb\":{\"@id\":\"https:\/\/departamentos.ufrrj.br\/del\/2025\/09\/23\/ufrrj-abre-campanha-setembro-amarelo-com-atividades-de-valorizacao-da-saude-e-da-vida\/#breadcrumb\"},\"inLanguage\":\"pt-BR\",\"potentialAction\":[{\"@type\":\"ReadAction\",\"target\":[\"https:\/\/departamentos.ufrrj.br\/del\/2025\/09\/23\/ufrrj-abre-campanha-setembro-amarelo-com-atividades-de-valorizacao-da-saude-e-da-vida\/\"]}]},{\"@type\":\"ImageObject\",\"inLanguage\":\"pt-BR\",\"@id\":\"https:\/\/departamentos.ufrrj.br\/del\/2025\/09\/23\/ufrrj-abre-campanha-setembro-amarelo-com-atividades-de-valorizacao-da-saude-e-da-vida\/#primaryimage\",\"url\":\"https:\/\/departamentos.ufrrj.br\/del\/wp-content\/uploads\/sites\/5\/2025\/09\/image-20.png\",\"contentUrl\":\"https:\/\/departamentos.ufrrj.br\/del\/wp-content\/uploads\/sites\/5\/2025\/09\/image-20.png\",\"width\":1536,\"height\":1152},{\"@type\":\"BreadcrumbList\",\"@id\":\"https:\/\/departamentos.ufrrj.br\/del\/2025\/09\/23\/ufrrj-abre-campanha-setembro-amarelo-com-atividades-de-valorizacao-da-saude-e-da-vida\/#breadcrumb\",\"itemListElement\":[{\"@type\":\"ListItem\",\"position\":1,\"name\":\"In\u00edcio\",\"item\":\"https:\/\/departamentos.ufrrj.br\/del\/\"},{\"@type\":\"ListItem\",\"position\":2,\"name\":\"UFRRJ abre campanha Setembro Amarelo com atividades de valoriza\u00e7\u00e3o da sa\u00fade e da vida\"}]},{\"@type\":\"WebSite\",\"@id\":\"https:\/\/departamentos.ufrrj.br\/del\/#website\",\"url\":\"https:\/\/departamentos.ufrrj.br\/del\/\",\"name\":\"Departamento Ci\u00eancias Econ\u00f4micas\",\"description\":\"\",\"publisher\":{\"@id\":\"https:\/\/departamentos.ufrrj.br\/del\/#organization\"},\"potentialAction\":[{\"@type\":\"SearchAction\",\"target\":{\"@type\":\"EntryPoint\",\"urlTemplate\":\"https:\/\/departamentos.ufrrj.br\/del\/?s={search_term_string}\"},\"query-input\":{\"@type\":\"PropertyValueSpecification\",\"valueRequired\":true,\"valueName\":\"search_term_string\"}}],\"inLanguage\":\"pt-BR\"},{\"@type\":\"Organization\",\"@id\":\"https:\/\/departamentos.ufrrj.br\/del\/#organization\",\"name\":\"Departamento Ci\u00eancias Econ\u00f4micas\",\"url\":\"https:\/\/departamentos.ufrrj.br\/del\/\",\"logo\":{\"@type\":\"ImageObject\",\"inLanguage\":\"pt-BR\",\"@id\":\"https:\/\/departamentos.ufrrj.br\/del\/#\/schema\/logo\/image\/\",\"url\":\"https:\/\/departamentos.ufrrj.br\/del\/wp-content\/uploads\/sites\/5\/2025\/03\/Design-sem-nome-4-150x150-1.jpg\",\"contentUrl\":\"https:\/\/departamentos.ufrrj.br\/del\/wp-content\/uploads\/sites\/5\/2025\/03\/Design-sem-nome-4-150x150-1.jpg\",\"width\":150,\"height\":150,\"caption\":\"Departamento Ci\u00eancias Econ\u00f4micas\"},\"image\":{\"@id\":\"https:\/\/departamentos.ufrrj.br\/del\/#\/schema\/logo\/image\/\"},\"sameAs\":[\"https:\/\/www.instagram.com\/del.ufrrj\/\"]},{\"@type\":\"Person\",\"@id\":\"https:\/\/departamentos.ufrrj.br\/del\/#\/schema\/person\/415c97961f5e204055ca772fd633f5ff\",\"name\":\"Vin\u00edcius Gev\u00fa\",\"image\":{\"@type\":\"ImageObject\",\"inLanguage\":\"pt-BR\",\"@id\":\"https:\/\/departamentos.ufrrj.br\/del\/#\/schema\/person\/image\/\",\"url\":\"https:\/\/secure.gravatar.com\/avatar\/6386fc479ea2bf720a23c246cb34dafe?s=96&d=mm&r=g\",\"contentUrl\":\"https:\/\/secure.gravatar.com\/avatar\/6386fc479ea2bf720a23c246cb34dafe?s=96&d=mm&r=g\",\"caption\":\"Vin\u00edcius Gev\u00fa\"},\"description\":\"GLPI 37594\",\"url\":\"https:\/\/departamentos.ufrrj.br\/del\/author\/viniciusgevu\/\"}]}<\/script>\n<!-- \/ Yoast SEO plugin. -->","yoast_head_json":{"title":"UFRRJ abre campanha Setembro Amarelo com atividades de valoriza\u00e7\u00e3o da sa\u00fade e da vida - Departamento de Esportes e Lazer","robots":{"index":"index","follow":"follow","max-snippet":"max-snippet:-1","max-image-preview":"max-image-preview:large","max-video-preview":"max-video-preview:-1"},"canonical":"https:\/\/departamentos.ufrrj.br\/del\/2025\/09\/23\/ufrrj-abre-campanha-setembro-amarelo-com-atividades-de-valorizacao-da-saude-e-da-vida\/","og_locale":"pt_BR","og_type":"article","og_title":"UFRRJ abre campanha Setembro Amarelo com atividades de valoriza\u00e7\u00e3o da sa\u00fade e da vida - Departamento de Esportes e Lazer","og_description":"Evento em Serop\u00e9dica trouxe servi\u00e7os gratuitos para comunidade universit\u00e1ria e local Na \u00faltima quarta-feira, dia 4 de setembro, a Pra\u00e7a da Alegria [&hellip;]","og_url":"https:\/\/departamentos.ufrrj.br\/del\/2025\/09\/23\/ufrrj-abre-campanha-setembro-amarelo-com-atividades-de-valorizacao-da-saude-e-da-vida\/","og_site_name":"Departamento de Esportes e Lazer","article_published_time":"2025-09-23T22:36:36+00:00","og_image":[{"width":1024,"height":768,"url":"https:\/\/departamentos.ufrrj.br\/del\/wp-content\/uploads\/sites\/5\/2025\/09\/image-20-1024x768.png","type":"image\/png"}],"author":"Vin\u00edcius Gev\u00fa","twitter_card":"summary_large_image","twitter_misc":{"Escrito por":"Vin\u00edcius Gev\u00fa","Est. tempo de leitura":"5 minutos"},"schema":{"@context":"https:\/\/schema.org","@graph":[{"@type":"Article","@id":"https:\/\/departamentos.ufrrj.br\/del\/2025\/09\/23\/ufrrj-abre-campanha-setembro-amarelo-com-atividades-de-valorizacao-da-saude-e-da-vida\/#article","isPartOf":{"@id":"https:\/\/departamentos.ufrrj.br\/del\/2025\/09\/23\/ufrrj-abre-campanha-setembro-amarelo-com-atividades-de-valorizacao-da-saude-e-da-vida\/"},"author":{"name":"Vin\u00edcius Gev\u00fa","@id":"https:\/\/departamentos.ufrrj.br\/del\/#\/schema\/person\/415c97961f5e204055ca772fd633f5ff"},"headline":"UFRRJ abre campanha Setembro Amarelo com atividades de valoriza\u00e7\u00e3o da sa\u00fade e da vida","datePublished":"2025-09-23T22:36:36+00:00","dateModified":"2025-09-23T22:36:36+00:00","mainEntityOfPage":{"@id":"https:\/\/departamentos.ufrrj.br\/del\/2025\/09\/23\/ufrrj-abre-campanha-setembro-amarelo-com-atividades-de-valorizacao-da-saude-e-da-vida\/"},"wordCount":677,"commentCount":0,"publisher":{"@id":"https:\/\/departamentos.ufrrj.br\/del\/#organization"},"image":{"@id":"https:\/\/departamentos.ufrrj.br\/del\/2025\/09\/23\/ufrrj-abre-campanha-setembro-amarelo-com-atividades-de-valorizacao-da-saude-e-da-vida\/#primaryimage"},"thumbnailUrl":"https:\/\/departamentos.ufrrj.br\/del\/wp-content\/uploads\/sites\/5\/2025\/09\/image-20.png","articleSection":["Not\u00edcias"],"inLanguage":"pt-BR","potentialAction":[{"@type":"CommentAction","name":"Comment","target":["https:\/\/departamentos.ufrrj.br\/del\/2025\/09\/23\/ufrrj-abre-campanha-setembro-amarelo-com-atividades-de-valorizacao-da-saude-e-da-vida\/#respond"]}]},{"@type":"WebPage","@id":"https:\/\/departamentos.ufrrj.br\/del\/2025\/09\/23\/ufrrj-abre-campanha-setembro-amarelo-com-atividades-de-valorizacao-da-saude-e-da-vida\/","url":"https:\/\/departamentos.ufrrj.br\/del\/2025\/09\/23\/ufrrj-abre-campanha-setembro-amarelo-com-atividades-de-valorizacao-da-saude-e-da-vida\/","name":"UFRRJ abre campanha Setembro Amarelo com atividades de valoriza\u00e7\u00e3o da sa\u00fade e da vida - Departamento de Esportes e Lazer","isPartOf":{"@id":"https:\/\/departamentos.ufrrj.br\/del\/#website"},"primaryImageOfPage":{"@id":"https:\/\/departamentos.ufrrj.br\/del\/2025\/09\/23\/ufrrj-abre-campanha-setembro-amarelo-com-atividades-de-valorizacao-da-saude-e-da-vida\/#primaryimage"},"image":{"@id":"https:\/\/departamentos.ufrrj.br\/del\/2025\/09\/23\/ufrrj-abre-campanha-setembro-amarelo-com-atividades-de-valorizacao-da-saude-e-da-vida\/#primaryimage"},"thumbnailUrl":"https:\/\/departamentos.ufrrj.br\/del\/wp-content\/uploads\/sites\/5\/2025\/09\/image-20.png","datePublished":"2025-09-23T22:36:36+00:00","dateModified":"2025-09-23T22:36:36+00:00","breadcrumb":{"@id":"https:\/\/departamentos.ufrrj.br\/del\/2025\/09\/23\/ufrrj-abre-campanha-setembro-amarelo-com-atividades-de-valorizacao-da-saude-e-da-vida\/#breadcrumb"},"inLanguage":"pt-BR","potentialAction":[{"@type":"ReadAction","target":["https:\/\/departamentos.ufrrj.br\/del\/2025\/09\/23\/ufrrj-abre-campanha-setembro-amarelo-com-atividades-de-valorizacao-da-saude-e-da-vida\/"]}]},{"@type":"ImageObject","inLanguage":"pt-BR","@id":"https:\/\/departamentos.ufrrj.br\/del\/2025\/09\/23\/ufrrj-abre-campanha-setembro-amarelo-com-atividades-de-valorizacao-da-saude-e-da-vida\/#primaryimage","url":"https:\/\/departamentos.ufrrj.br\/del\/wp-content\/uploads\/sites\/5\/2025\/09\/image-20.png","contentUrl":"https:\/\/departamentos.ufrrj.br\/del\/wp-content\/uploads\/sites\/5\/2025\/09\/image-20.png","width":1536,"height":1152},{"@type":"BreadcrumbList","@id":"https:\/\/departamentos.ufrrj.br\/del\/2025\/09\/23\/ufrrj-abre-campanha-setembro-amarelo-com-atividades-de-valorizacao-da-saude-e-da-vida\/#breadcrumb","itemListElement":[{"@type":"ListItem","position":1,"name":"In\u00edcio","item":"https:\/\/departamentos.ufrrj.br\/del\/"},{"@type":"ListItem","position":2,"name":"UFRRJ abre campanha Setembro Amarelo com atividades de valoriza\u00e7\u00e3o da sa\u00fade e da vida"}]},{"@type":"WebSite","@id":"https:\/\/departamentos.ufrrj.br\/del\/#website","url":"https:\/\/departamentos.ufrrj.br\/del\/","name":"Departamento Ci\u00eancias Econ\u00f4micas","description":"","publisher":{"@id":"https:\/\/departamentos.ufrrj.br\/del\/#organization"},"potentialAction":[{"@type":"SearchAction","target":{"@type":"EntryPoint","urlTemplate":"https:\/\/departamentos.ufrrj.br\/del\/?s={search_term_string}"},"query-input":{"@type":"PropertyValueSpecification","valueRequired":true,"valueName":"search_term_string"}}],"inLanguage":"pt-BR"},{"@type":"Organization","@id":"https:\/\/departamentos.ufrrj.br\/del\/#organization","name":"Departamento Ci\u00eancias Econ\u00f4micas","url":"https:\/\/departamentos.ufrrj.br\/del\/","logo":{"@type":"ImageObject","inLanguage":"pt-BR","@id":"https:\/\/departamentos.ufrrj.br\/del\/#\/schema\/logo\/image\/","url":"https:\/\/departamentos.ufrrj.br\/del\/wp-content\/uploads\/sites\/5\/2025\/03\/Design-sem-nome-4-150x150-1.jpg","contentUrl":"https:\/\/departamentos.ufrrj.br\/del\/wp-content\/uploads\/sites\/5\/2025\/03\/Design-sem-nome-4-150x150-1.jpg","width":150,"height":150,"caption":"Departamento Ci\u00eancias Econ\u00f4micas"},"image":{"@id":"https:\/\/departamentos.ufrrj.br\/del\/#\/schema\/logo\/image\/"},"sameAs":["https:\/\/www.instagram.com\/del.ufrrj\/"]},{"@type":"Person","@id":"https:\/\/departamentos.ufrrj.br\/del\/#\/schema\/person\/415c97961f5e204055ca772fd633f5ff","name":"Vin\u00edcius Gev\u00fa","image":{"@type":"ImageObject","inLanguage":"pt-BR","@id":"https:\/\/departamentos.ufrrj.br\/del\/#\/schema\/person\/image\/","url":"https:\/\/secure.gravatar.com\/avatar\/6386fc479ea2bf720a23c246cb34dafe?s=96&d=mm&r=g","contentUrl":"https:\/\/secure.gravatar.com\/avatar\/6386fc479ea2bf720a23c246cb34dafe?s=96&d=mm&r=g","caption":"Vin\u00edcius Gev\u00fa"},"description":"GLPI 37594","url":"https:\/\/departamentos.ufrrj.br\/del\/author\/viniciusgevu\/"}]}},"_links":{"self":[{"href":"https:\/\/departamentos.ufrrj.br\/del\/wp-json\/wp\/v2\/posts\/889"}],"collection":[{"href":"https:\/\/departamentos.ufrrj.br\/del\/wp-json\/wp\/v2\/posts"}],"about":[{"href":"https:\/\/departamentos.ufrrj.br\/del\/wp-json\/wp\/v2\/types\/post"}],"author":[{"embeddable":true,"href":"https:\/\/departamentos.ufrrj.br\/del\/wp-json\/wp\/v2\/users\/6"}],"replies":[{"embeddable":true,"href":"https:\/\/departamentos.ufrrj.br\/del\/wp-json\/wp\/v2\/comments?post=889"}],"version-history":[{"count":3,"href":"https:\/\/departamentos.ufrrj.br\/del\/wp-json\/wp\/v2\/posts\/889\/revisions"}],"predecessor-version":[{"id":899,"href":"https:\/\/departamentos.ufrrj.br\/del\/wp-json\/wp\/v2\/posts\/889\/revisions\/899"}],"wp:featuredmedia":[{"embeddable":true,"href":"https:\/\/departamentos.ufrrj.br\/del\/wp-json\/wp\/v2\/media\/890"}],"wp:attachment":[{"href":"https:\/\/departamentos.ufrrj.br\/del\/wp-json\/wp\/v2\/media?parent=889"}],"wp:term":[{"taxonomy":"category","embeddable":true,"href":"https:\/\/departamentos.ufrrj.br\/del\/wp-json\/wp\/v2\/categories?post=889"},{"taxonomy":"post_tag","embeddable":true,"href":"https:\/\/departamentos.ufrrj.br\/del\/wp-json\/wp\/v2\/tags?post=889"}],"curies":[{"name":"wp","href":"https:\/\/api.w.org\/{rel}","templated":true}]}}