{"id":900,"date":"2025-09-23T19:46:35","date_gmt":"2025-09-23T22:46:35","guid":{"rendered":"https:\/\/departamentos.ufrrj.br\/del\/?p=900"},"modified":"2025-10-22T13:48:57","modified_gmt":"2025-10-22T16:48:57","slug":"taca-ruralina-2025-1o-congresso-tecnico-define-parametros-para-edicao-recorde-com-1200-atletas-e-premiacao-inovadora","status":"publish","type":"post","link":"https:\/\/departamentos.ufrrj.br\/del\/2025\/09\/23\/taca-ruralina-2025-1o-congresso-tecnico-define-parametros-para-edicao-recorde-com-1200-atletas-e-premiacao-inovadora\/","title":{"rendered":"Ta\u00e7a Ruralina 2025: 1\u00ba Congresso T\u00e9cnico define par\u00e2metros para edi\u00e7\u00e3o recorde com 1200 atletas e premia\u00e7\u00e3o inovadora"},"content":{"rendered":"\n<hr class=\"wp-block-separator has-alpha-channel-opacity\"\/>\n\n\n\n<p><\/p>\n\n\n\n<div class=\"wp-block-columns is-layout-flex wp-container-core-columns-is-layout-2 wp-block-columns-is-layout-flex\">\n<div class=\"wp-block-column is-layout-flow wp-block-column-is-layout-flow\" style=\"flex-basis:100%\">\n<div class=\"wp-block-columns is-layout-flex wp-container-core-columns-is-layout-1 wp-block-columns-is-layout-flex\">\n<div class=\"wp-block-column is-layout-flow wp-block-column-is-layout-flow\"><div class=\"taxonomy-category wp-block-post-terms\"><a href=\"https:\/\/departamentos.ufrrj.br\/del\/category\/noticias\/\" rel=\"tag\">Not\u00edcias<\/a><span class=\"wp-block-post-terms__separator\">, <\/span><a href=\"https:\/\/departamentos.ufrrj.br\/del\/category\/taca-ruralina\/\" rel=\"tag\">Ta\u00e7a Ruralina<\/a><\/div><\/div>\n\n\n\n<div class=\"wp-block-column is-layout-flow wp-block-column-is-layout-flow\"><\/div>\n<\/div>\n<\/div>\n<\/div>\n\n\n\n<p><\/p>\n\n\n\n<hr class=\"wp-block-separator has-alpha-channel-opacity\"\/>\n\n\n\n<p><\/p>\n\n\n\n<p><em>Comunidade acad\u00eamica e atletas se re\u00fanem para alinhar detalhes da competi\u00e7\u00e3o que triplicou o n\u00famero de inscritos e promete agitar a Semana Rural<\/em><\/p>\n\n\n\n<figure class=\"wp-block-image size-full\"><img loading=\"lazy\" decoding=\"async\" width=\"1024\" height=\"768\" src=\"https:\/\/departamentos.ufrrj.br\/del\/wp-content\/uploads\/sites\/5\/2025\/09\/image-27.png\" alt=\"\" class=\"wp-image-901\" srcset=\"https:\/\/departamentos.ufrrj.br\/del\/wp-content\/uploads\/sites\/5\/2025\/09\/image-27.png 1024w, https:\/\/departamentos.ufrrj.br\/del\/wp-content\/uploads\/sites\/5\/2025\/09\/image-27-300x225.png 300w, https:\/\/departamentos.ufrrj.br\/del\/wp-content\/uploads\/sites\/5\/2025\/09\/image-27-768x576.png 768w, https:\/\/departamentos.ufrrj.br\/del\/wp-content\/uploads\/sites\/5\/2025\/09\/image-27-93x70.png 93w\" sizes=\"(max-width: 1024px) 100vw, 1024px\" \/><figcaption class=\"wp-element-caption\"><em>Comunidade acad\u00eamica e atletas se re\u00fanem para alinhar detalhes da competi\u00e7\u00e3o que triplicou o n\u00famero de inscritos e promete agitar a Semana Rural<\/em><\/figcaption><\/figure>\n\n\n\n<p>O Departamento de Esporte e Lazer (DEL) organizou, neste s\u00e1bado (31\/05), o&nbsp;<strong>1\u00ba Congresso T\u00e9cnico da Ta\u00e7a Ruralina<\/strong>, marcando um passo fundamental na prepara\u00e7\u00e3o para a terceira edi\u00e7\u00e3o do evento esportivo, que j\u00e1 se consolida como um dos pontos altos da Semana Rural. A mesa diretora do congresso foi composta por Tales Quina, bolsista e organizador do encontro; Thiago Rosa, Diretor do Departamento de Esportes e Lazer (DEL); e Jo\u00e3o Lemos, coordenador da Ta\u00e7a Ruralina.<\/p>\n\n\n\n<p>O encontro teve como pauta principal o regulamento geral da competi\u00e7\u00e3o, a conduta esperada de torcedores e das atl\u00e9ticas, al\u00e9m de um espa\u00e7o dedicado para o esclarecimento de d\u00favidas.&nbsp;<\/p>\n\n\n\n<p>A Ta\u00e7a Ruralina deste ano demonstra um crescimento expressivo, com aproximadamente 1.200 jogadores inscritos, praticamente o triplo da edi\u00e7\u00e3o anterior. Para Thiago Rosa, o n\u00famero elevado de participantes \u00e9 o \u201creflexo do sucesso das \u00faltimas duas edi\u00e7\u00f5es do evento\u201d. As disputas ter\u00e3o in\u00edcio j\u00e1 nesta segunda-feira, 9 de junho, e se estender\u00e3o at\u00e9 quarta-feira (11\/06), com as quadras externas do DEL sendo utilizadas simultaneamente para as fases classificat\u00f3rias. A grande final ocorrer\u00e1 no gin\u00e1sio de esportes na quinta-feira, 12 de junho, com exce\u00e7\u00e3o das modalidades de futev\u00f4lei e t\u00eanis, que acontecer\u00e3o em espa\u00e7os externos.<\/p>\n\n\n\n<div class=\"wp-block-group\"><div class=\"wp-block-group__inner-container is-layout-constrained wp-block-group-is-layout-constrained\">\n<div class=\"wp-block-group\"><div class=\"wp-block-group__inner-container is-layout-constrained wp-block-group-is-layout-constrained\">\n<div class=\"wp-block-columns is-layout-flex wp-container-core-columns-is-layout-3 wp-block-columns-is-layout-flex\">\n<div class=\"wp-block-column is-layout-flow wp-block-column-is-layout-flow\" style=\"flex-basis:100%\">\n<div class=\"wp-block-group is-nowrap is-layout-flex wp-container-core-group-is-layout-1 wp-block-group-is-layout-flex\">\n<figure class=\"wp-block-image size-medium is-resized\"><img loading=\"lazy\" decoding=\"async\" width=\"300\" height=\"213\" src=\"https:\/\/departamentos.ufrrj.br\/del\/wp-content\/uploads\/sites\/5\/2025\/09\/image-28-300x213.png\" alt=\"\" class=\"wp-image-902\" style=\"width:254px;height:auto\" srcset=\"https:\/\/departamentos.ufrrj.br\/del\/wp-content\/uploads\/sites\/5\/2025\/09\/image-28-300x213.png 300w, https:\/\/departamentos.ufrrj.br\/del\/wp-content\/uploads\/sites\/5\/2025\/09\/image-28-768x546.png 768w, https:\/\/departamentos.ufrrj.br\/del\/wp-content\/uploads\/sites\/5\/2025\/09\/image-28-98x70.png 98w, https:\/\/departamentos.ufrrj.br\/del\/wp-content\/uploads\/sites\/5\/2025\/09\/image-28.png 1024w\" sizes=\"(max-width: 300px) 100vw, 300px\" \/><\/figure>\n\n\n\n<figure class=\"wp-block-image size-medium is-resized\"><img loading=\"lazy\" decoding=\"async\" width=\"300\" height=\"225\" src=\"https:\/\/departamentos.ufrrj.br\/del\/wp-content\/uploads\/sites\/5\/2025\/09\/image-32-300x225.png\" alt=\"\" class=\"wp-image-906\" style=\"width:239px;height:auto\" srcset=\"https:\/\/departamentos.ufrrj.br\/del\/wp-content\/uploads\/sites\/5\/2025\/09\/image-32-300x225.png 300w, https:\/\/departamentos.ufrrj.br\/del\/wp-content\/uploads\/sites\/5\/2025\/09\/image-32-768x576.png 768w, https:\/\/departamentos.ufrrj.br\/del\/wp-content\/uploads\/sites\/5\/2025\/09\/image-32-93x70.png 93w, https:\/\/departamentos.ufrrj.br\/del\/wp-content\/uploads\/sites\/5\/2025\/09\/image-32.png 1024w\" sizes=\"(max-width: 300px) 100vw, 300px\" \/><\/figure>\n\n\n\n<figure class=\"wp-block-image size-medium is-resized\"><img loading=\"lazy\" decoding=\"async\" width=\"300\" height=\"225\" src=\"https:\/\/departamentos.ufrrj.br\/del\/wp-content\/uploads\/sites\/5\/2025\/09\/image-33-300x225.png\" alt=\"\" class=\"wp-image-907\" style=\"width:242px;height:auto\" srcset=\"https:\/\/departamentos.ufrrj.br\/del\/wp-content\/uploads\/sites\/5\/2025\/09\/image-33-300x225.png 300w, https:\/\/departamentos.ufrrj.br\/del\/wp-content\/uploads\/sites\/5\/2025\/09\/image-33-1024x768.png 1024w, https:\/\/departamentos.ufrrj.br\/del\/wp-content\/uploads\/sites\/5\/2025\/09\/image-33-768x576.png 768w, https:\/\/departamentos.ufrrj.br\/del\/wp-content\/uploads\/sites\/5\/2025\/09\/image-33-93x70.png 93w, https:\/\/departamentos.ufrrj.br\/del\/wp-content\/uploads\/sites\/5\/2025\/09\/image-33.png 1280w\" sizes=\"(max-width: 300px) 100vw, 300px\" \/><\/figure>\n<\/div>\n<\/div>\n<\/div>\n<\/div><\/div>\n<\/div><\/div>\n\n\n\n<p>Houve questionamentos sobre&nbsp;a arbitragem, com observa\u00e7\u00f5es em edi\u00e7\u00f5es anteriores. Thiago Rosa, Diretor do DEL, ponderou que \u201chouve a tentativa de buscar arbitragem privada, mas devido o valor elevado do servi\u00e7o e como o evento \u00e9 gratuito n\u00e3o conseguimos arcar com os custos\u201d. Por fim, foi apontado que a equipe de arbitragem ser\u00e1 composta por graduandos bolsistas do DEL, e uma equipe de primeiros socorros que busca garantir o suporte aos atletas.<\/p>\n\n\n\n<p>Durante o congresso, foi refor\u00e7ado que apenas os capit\u00e3es das equipes ter\u00e3o permiss\u00e3o para se dirigir \u00e0 arbitragem, medida que visa evitar atrasos e garantir o bom fluxo das partidas subsequentes. O dia 31 de maio tamb\u00e9m marcou a data limite para a oficializa\u00e7\u00e3o da inscri\u00e7\u00e3o das equipes e atletas; aquelas que n\u00e3o enviaram ao menos um representante ao congresso foram desclassificadas.<\/p>\n\n\n\n<p><strong>Diversidade de modalidades<\/strong><\/p>\n\n\n\n<p>A Ta\u00e7a Ruralina 2025 contar\u00e1 com uma vasta gama de modalidades, buscando atender aos diversos perfis de atletas e garantir disputas emocionantes. Os participantes poder\u00e3o competir em Futsal masculino, V\u00f4lei masculino e feminino, Basquete 3\u00d73 masculino e feminino, T\u00eanis em duplas masculinas, femininas e mistas, V\u00f4lei de areia masculino e feminino, Futev\u00f4lei misto, Handebol masculino e feminino, e Fut7 masculino. Essa variedade promete movimentar as instala\u00e7\u00f5es esportivas da universidade.<\/p>\n\n\n\n<p><strong>Premia\u00e7\u00e3o e reconhecimento para a melhor torcida<\/strong><\/p>\n\n\n\n<p>Al\u00e9m da tradicional premia\u00e7\u00e3o para a equipe campe\u00e3 geral da Ta\u00e7a Ruralina, que levar\u00e1 para casa um imponente trof\u00e9u de 90cm simbolizando a magnitude da conquista, a organiza\u00e7\u00e3o inova ao instituir a Premia\u00e7\u00e3o de Melhor Torcida. Este reconhecimento visa valorizar o entusiasmo e o papel fundamental dos torcedores, que transformam os jogos em verdadeiros espet\u00e1culos. A cerim\u00f4nia de premia\u00e7\u00e3o est\u00e1 programada para acontecer em um palco especialmente montado para a Ta\u00e7a Ruralina e contar\u00e1 com a presen\u00e7a de um DJ ao vivo. O evento tamb\u00e9m ter\u00e1 o apoio da RedBull, que fornecer\u00e1 energ\u00e9ticos para dar um g\u00e1s extra aos atletas.<\/p>\n\n\n\n<p>Paralelamente \u00e0 Ta\u00e7a Ruralina, o Diretor do DEL, Thiago Rosa, informou que durante a Semana Rural tamb\u00e9m ocorrer\u00e3o a Copa CTUR, organizada pelo Col\u00e9gio T\u00e9cnico da UFRRJ com seus alunos, e a Copinha, voltada para escolas de ensino fundamental. Ambos os eventos utilizar\u00e3o o gin\u00e1sio de esportes at\u00e9 o dia 11 de junho.<\/p>\n\n\n\n<p>Em uma medida para facilitar a participa\u00e7\u00e3o da comunidade acad\u00eamica, a reitoria determinou que n\u00e3o haja avalia\u00e7\u00f5es durante o per\u00edodo da Semana Rural. As presen\u00e7as em aula ser\u00e3o flexibilizadas mediante justificativa, e os atletas que competirem na Ta\u00e7a Ruralina dever\u00e3o apresentar comprovante de participa\u00e7\u00e3o para terem suas faltas abonadas junto aos professores.<\/p>\n\n\n\n<p><em><strong>Imagem e texto:<\/strong>&nbsp;Jo\u00e3o Vitor Carvalho de Freitas, bolsista de Comunica\u00e7\u00e3o da CCS atuando junto \u00e0 Prograd<\/em><\/p>\n","protected":false},"excerpt":{"rendered":"<p>Comunidade acad\u00eamica e atletas se re\u00fanem para alinhar detalhes da competi\u00e7\u00e3o que triplicou o n\u00famero de inscritos e promete agitar a Semana [&hellip;]<\/p>\n","protected":false},"author":6,"featured_media":901,"comment_status":"open","ping_status":"open","sticky":false,"template":"","format":"standard","meta":{"_acf_changed":false,"footnotes":""},"categories":[3,14],"tags":[],"class_list":["post-900","post","type-post","status-publish","format-standard","has-post-thumbnail","hentry","category-noticias","category-taca-ruralina"],"acf":[],"yoast_head":"<!-- This site is optimized with the Yoast SEO plugin v23.4 - https:\/\/yoast.com\/wordpress\/plugins\/seo\/ -->\n<title>Ta\u00e7a Ruralina 2025: 1\u00ba Congresso T\u00e9cnico define par\u00e2metros para edi\u00e7\u00e3o recorde com 1200 atletas e premia\u00e7\u00e3o inovadora - Departamento de Esportes e Lazer<\/title>\n<meta name=\"robots\" content=\"index, follow, max-snippet:-1, max-image-preview:large, max-video-preview:-1\" \/>\n<link rel=\"canonical\" href=\"https:\/\/departamentos.ufrrj.br\/del\/2025\/09\/23\/taca-ruralina-2025-1o-congresso-tecnico-define-parametros-para-edicao-recorde-com-1200-atletas-e-premiacao-inovadora\/\" \/>\n<meta property=\"og:locale\" content=\"pt_BR\" \/>\n<meta property=\"og:type\" content=\"article\" \/>\n<meta property=\"og:title\" content=\"Ta\u00e7a Ruralina 2025: 1\u00ba Congresso T\u00e9cnico define par\u00e2metros para edi\u00e7\u00e3o recorde com 1200 atletas e premia\u00e7\u00e3o inovadora - Departamento de Esportes e Lazer\" \/>\n<meta property=\"og:description\" content=\"Comunidade acad\u00eamica e atletas se re\u00fanem para alinhar detalhes da competi\u00e7\u00e3o que triplicou o n\u00famero de inscritos e promete agitar a Semana [&hellip;]\" \/>\n<meta property=\"og:url\" content=\"https:\/\/departamentos.ufrrj.br\/del\/2025\/09\/23\/taca-ruralina-2025-1o-congresso-tecnico-define-parametros-para-edicao-recorde-com-1200-atletas-e-premiacao-inovadora\/\" \/>\n<meta property=\"og:site_name\" content=\"Departamento de Esportes e Lazer\" \/>\n<meta property=\"article:published_time\" content=\"2025-09-23T22:46:35+00:00\" \/>\n<meta property=\"article:modified_time\" content=\"2025-10-22T16:48:57+00:00\" \/>\n<meta property=\"og:image\" content=\"https:\/\/departamentos.ufrrj.br\/del\/wp-content\/uploads\/sites\/5\/2025\/09\/image-27.png\" \/>\n\t<meta property=\"og:image:width\" content=\"1024\" \/>\n\t<meta property=\"og:image:height\" content=\"768\" \/>\n\t<meta property=\"og:image:type\" content=\"image\/png\" \/>\n<meta name=\"author\" content=\"Vin\u00edcius Gev\u00fa\" \/>\n<meta name=\"twitter:card\" content=\"summary_large_image\" \/>\n<meta name=\"twitter:label1\" content=\"Escrito por\" \/>\n\t<meta name=\"twitter:data1\" content=\"Vin\u00edcius Gev\u00fa\" \/>\n\t<meta name=\"twitter:label2\" content=\"Est. tempo de leitura\" \/>\n\t<meta name=\"twitter:data2\" content=\"5 minutos\" \/>\n<script type=\"application\/ld+json\" class=\"yoast-schema-graph\">{\"@context\":\"https:\/\/schema.org\",\"@graph\":[{\"@type\":\"Article\",\"@id\":\"https:\/\/departamentos.ufrrj.br\/del\/2025\/09\/23\/taca-ruralina-2025-1o-congresso-tecnico-define-parametros-para-edicao-recorde-com-1200-atletas-e-premiacao-inovadora\/#article\",\"isPartOf\":{\"@id\":\"https:\/\/departamentos.ufrrj.br\/del\/2025\/09\/23\/taca-ruralina-2025-1o-congresso-tecnico-define-parametros-para-edicao-recorde-com-1200-atletas-e-premiacao-inovadora\/\"},\"author\":{\"name\":\"Vin\u00edcius Gev\u00fa\",\"@id\":\"https:\/\/departamentos.ufrrj.br\/del\/#\/schema\/person\/415c97961f5e204055ca772fd633f5ff\"},\"headline\":\"Ta\u00e7a Ruralina 2025: 1\u00ba Congresso T\u00e9cnico define par\u00e2metros para edi\u00e7\u00e3o recorde com 1200 atletas e premia\u00e7\u00e3o inovadora\",\"datePublished\":\"2025-09-23T22:46:35+00:00\",\"dateModified\":\"2025-10-22T16:48:57+00:00\",\"mainEntityOfPage\":{\"@id\":\"https:\/\/departamentos.ufrrj.br\/del\/2025\/09\/23\/taca-ruralina-2025-1o-congresso-tecnico-define-parametros-para-edicao-recorde-com-1200-atletas-e-premiacao-inovadora\/\"},\"wordCount\":774,\"commentCount\":0,\"publisher\":{\"@id\":\"https:\/\/departamentos.ufrrj.br\/del\/#organization\"},\"image\":{\"@id\":\"https:\/\/departamentos.ufrrj.br\/del\/2025\/09\/23\/taca-ruralina-2025-1o-congresso-tecnico-define-parametros-para-edicao-recorde-com-1200-atletas-e-premiacao-inovadora\/#primaryimage\"},\"thumbnailUrl\":\"https:\/\/departamentos.ufrrj.br\/del\/wp-content\/uploads\/sites\/5\/2025\/09\/image-27.png\",\"articleSection\":[\"Not\u00edcias\",\"Ta\u00e7a Ruralina\"],\"inLanguage\":\"pt-BR\",\"potentialAction\":[{\"@type\":\"CommentAction\",\"name\":\"Comment\",\"target\":[\"https:\/\/departamentos.ufrrj.br\/del\/2025\/09\/23\/taca-ruralina-2025-1o-congresso-tecnico-define-parametros-para-edicao-recorde-com-1200-atletas-e-premiacao-inovadora\/#respond\"]}]},{\"@type\":\"WebPage\",\"@id\":\"https:\/\/departamentos.ufrrj.br\/del\/2025\/09\/23\/taca-ruralina-2025-1o-congresso-tecnico-define-parametros-para-edicao-recorde-com-1200-atletas-e-premiacao-inovadora\/\",\"url\":\"https:\/\/departamentos.ufrrj.br\/del\/2025\/09\/23\/taca-ruralina-2025-1o-congresso-tecnico-define-parametros-para-edicao-recorde-com-1200-atletas-e-premiacao-inovadora\/\",\"name\":\"Ta\u00e7a Ruralina 2025: 1\u00ba Congresso T\u00e9cnico define par\u00e2metros para edi\u00e7\u00e3o recorde com 1200 atletas e premia\u00e7\u00e3o inovadora - Departamento de Esportes e Lazer\",\"isPartOf\":{\"@id\":\"https:\/\/departamentos.ufrrj.br\/del\/#website\"},\"primaryImageOfPage\":{\"@id\":\"https:\/\/departamentos.ufrrj.br\/del\/2025\/09\/23\/taca-ruralina-2025-1o-congresso-tecnico-define-parametros-para-edicao-recorde-com-1200-atletas-e-premiacao-inovadora\/#primaryimage\"},\"image\":{\"@id\":\"https:\/\/departamentos.ufrrj.br\/del\/2025\/09\/23\/taca-ruralina-2025-1o-congresso-tecnico-define-parametros-para-edicao-recorde-com-1200-atletas-e-premiacao-inovadora\/#primaryimage\"},\"thumbnailUrl\":\"https:\/\/departamentos.ufrrj.br\/del\/wp-content\/uploads\/sites\/5\/2025\/09\/image-27.png\",\"datePublished\":\"2025-09-23T22:46:35+00:00\",\"dateModified\":\"2025-10-22T16:48:57+00:00\",\"breadcrumb\":{\"@id\":\"https:\/\/departamentos.ufrrj.br\/del\/2025\/09\/23\/taca-ruralina-2025-1o-congresso-tecnico-define-parametros-para-edicao-recorde-com-1200-atletas-e-premiacao-inovadora\/#breadcrumb\"},\"inLanguage\":\"pt-BR\",\"potentialAction\":[{\"@type\":\"ReadAction\",\"target\":[\"https:\/\/departamentos.ufrrj.br\/del\/2025\/09\/23\/taca-ruralina-2025-1o-congresso-tecnico-define-parametros-para-edicao-recorde-com-1200-atletas-e-premiacao-inovadora\/\"]}]},{\"@type\":\"ImageObject\",\"inLanguage\":\"pt-BR\",\"@id\":\"https:\/\/departamentos.ufrrj.br\/del\/2025\/09\/23\/taca-ruralina-2025-1o-congresso-tecnico-define-parametros-para-edicao-recorde-com-1200-atletas-e-premiacao-inovadora\/#primaryimage\",\"url\":\"https:\/\/departamentos.ufrrj.br\/del\/wp-content\/uploads\/sites\/5\/2025\/09\/image-27.png\",\"contentUrl\":\"https:\/\/departamentos.ufrrj.br\/del\/wp-content\/uploads\/sites\/5\/2025\/09\/image-27.png\",\"width\":1024,\"height\":768},{\"@type\":\"BreadcrumbList\",\"@id\":\"https:\/\/departamentos.ufrrj.br\/del\/2025\/09\/23\/taca-ruralina-2025-1o-congresso-tecnico-define-parametros-para-edicao-recorde-com-1200-atletas-e-premiacao-inovadora\/#breadcrumb\",\"itemListElement\":[{\"@type\":\"ListItem\",\"position\":1,\"name\":\"In\u00edcio\",\"item\":\"https:\/\/departamentos.ufrrj.br\/del\/\"},{\"@type\":\"ListItem\",\"position\":2,\"name\":\"Ta\u00e7a Ruralina 2025: 1\u00ba Congresso T\u00e9cnico define par\u00e2metros para edi\u00e7\u00e3o recorde com 1200 atletas e premia\u00e7\u00e3o inovadora\"}]},{\"@type\":\"WebSite\",\"@id\":\"https:\/\/departamentos.ufrrj.br\/del\/#website\",\"url\":\"https:\/\/departamentos.ufrrj.br\/del\/\",\"name\":\"Departamento Ci\u00eancias Econ\u00f4micas\",\"description\":\"\",\"publisher\":{\"@id\":\"https:\/\/departamentos.ufrrj.br\/del\/#organization\"},\"potentialAction\":[{\"@type\":\"SearchAction\",\"target\":{\"@type\":\"EntryPoint\",\"urlTemplate\":\"https:\/\/departamentos.ufrrj.br\/del\/?s={search_term_string}\"},\"query-input\":{\"@type\":\"PropertyValueSpecification\",\"valueRequired\":true,\"valueName\":\"search_term_string\"}}],\"inLanguage\":\"pt-BR\"},{\"@type\":\"Organization\",\"@id\":\"https:\/\/departamentos.ufrrj.br\/del\/#organization\",\"name\":\"Departamento Ci\u00eancias Econ\u00f4micas\",\"url\":\"https:\/\/departamentos.ufrrj.br\/del\/\",\"logo\":{\"@type\":\"ImageObject\",\"inLanguage\":\"pt-BR\",\"@id\":\"https:\/\/departamentos.ufrrj.br\/del\/#\/schema\/logo\/image\/\",\"url\":\"https:\/\/departamentos.ufrrj.br\/del\/wp-content\/uploads\/sites\/5\/2025\/03\/Design-sem-nome-4-150x150-1.jpg\",\"contentUrl\":\"https:\/\/departamentos.ufrrj.br\/del\/wp-content\/uploads\/sites\/5\/2025\/03\/Design-sem-nome-4-150x150-1.jpg\",\"width\":150,\"height\":150,\"caption\":\"Departamento Ci\u00eancias Econ\u00f4micas\"},\"image\":{\"@id\":\"https:\/\/departamentos.ufrrj.br\/del\/#\/schema\/logo\/image\/\"},\"sameAs\":[\"https:\/\/www.instagram.com\/del.ufrrj\/\"]},{\"@type\":\"Person\",\"@id\":\"https:\/\/departamentos.ufrrj.br\/del\/#\/schema\/person\/415c97961f5e204055ca772fd633f5ff\",\"name\":\"Vin\u00edcius Gev\u00fa\",\"image\":{\"@type\":\"ImageObject\",\"inLanguage\":\"pt-BR\",\"@id\":\"https:\/\/departamentos.ufrrj.br\/del\/#\/schema\/person\/image\/\",\"url\":\"https:\/\/secure.gravatar.com\/avatar\/6386fc479ea2bf720a23c246cb34dafe?s=96&d=mm&r=g\",\"contentUrl\":\"https:\/\/secure.gravatar.com\/avatar\/6386fc479ea2bf720a23c246cb34dafe?s=96&d=mm&r=g\",\"caption\":\"Vin\u00edcius Gev\u00fa\"},\"description\":\"GLPI 37594\",\"url\":\"https:\/\/departamentos.ufrrj.br\/del\/author\/viniciusgevu\/\"}]}<\/script>\n<!-- \/ Yoast SEO plugin. -->","yoast_head_json":{"title":"Ta\u00e7a Ruralina 2025: 1\u00ba Congresso T\u00e9cnico define par\u00e2metros para edi\u00e7\u00e3o recorde com 1200 atletas e premia\u00e7\u00e3o inovadora - Departamento de Esportes e Lazer","robots":{"index":"index","follow":"follow","max-snippet":"max-snippet:-1","max-image-preview":"max-image-preview:large","max-video-preview":"max-video-preview:-1"},"canonical":"https:\/\/departamentos.ufrrj.br\/del\/2025\/09\/23\/taca-ruralina-2025-1o-congresso-tecnico-define-parametros-para-edicao-recorde-com-1200-atletas-e-premiacao-inovadora\/","og_locale":"pt_BR","og_type":"article","og_title":"Ta\u00e7a Ruralina 2025: 1\u00ba Congresso T\u00e9cnico define par\u00e2metros para edi\u00e7\u00e3o recorde com 1200 atletas e premia\u00e7\u00e3o inovadora - Departamento de Esportes e Lazer","og_description":"Comunidade acad\u00eamica e atletas se re\u00fanem para alinhar detalhes da competi\u00e7\u00e3o que triplicou o n\u00famero de inscritos e promete agitar a Semana [&hellip;]","og_url":"https:\/\/departamentos.ufrrj.br\/del\/2025\/09\/23\/taca-ruralina-2025-1o-congresso-tecnico-define-parametros-para-edicao-recorde-com-1200-atletas-e-premiacao-inovadora\/","og_site_name":"Departamento de Esportes e Lazer","article_published_time":"2025-09-23T22:46:35+00:00","article_modified_time":"2025-10-22T16:48:57+00:00","og_image":[{"width":1024,"height":768,"url":"https:\/\/departamentos.ufrrj.br\/del\/wp-content\/uploads\/sites\/5\/2025\/09\/image-27.png","type":"image\/png"}],"author":"Vin\u00edcius Gev\u00fa","twitter_card":"summary_large_image","twitter_misc":{"Escrito por":"Vin\u00edcius Gev\u00fa","Est. tempo de leitura":"5 minutos"},"schema":{"@context":"https:\/\/schema.org","@graph":[{"@type":"Article","@id":"https:\/\/departamentos.ufrrj.br\/del\/2025\/09\/23\/taca-ruralina-2025-1o-congresso-tecnico-define-parametros-para-edicao-recorde-com-1200-atletas-e-premiacao-inovadora\/#article","isPartOf":{"@id":"https:\/\/departamentos.ufrrj.br\/del\/2025\/09\/23\/taca-ruralina-2025-1o-congresso-tecnico-define-parametros-para-edicao-recorde-com-1200-atletas-e-premiacao-inovadora\/"},"author":{"name":"Vin\u00edcius Gev\u00fa","@id":"https:\/\/departamentos.ufrrj.br\/del\/#\/schema\/person\/415c97961f5e204055ca772fd633f5ff"},"headline":"Ta\u00e7a Ruralina 2025: 1\u00ba Congresso T\u00e9cnico define par\u00e2metros para edi\u00e7\u00e3o recorde com 1200 atletas e premia\u00e7\u00e3o inovadora","datePublished":"2025-09-23T22:46:35+00:00","dateModified":"2025-10-22T16:48:57+00:00","mainEntityOfPage":{"@id":"https:\/\/departamentos.ufrrj.br\/del\/2025\/09\/23\/taca-ruralina-2025-1o-congresso-tecnico-define-parametros-para-edicao-recorde-com-1200-atletas-e-premiacao-inovadora\/"},"wordCount":774,"commentCount":0,"publisher":{"@id":"https:\/\/departamentos.ufrrj.br\/del\/#organization"},"image":{"@id":"https:\/\/departamentos.ufrrj.br\/del\/2025\/09\/23\/taca-ruralina-2025-1o-congresso-tecnico-define-parametros-para-edicao-recorde-com-1200-atletas-e-premiacao-inovadora\/#primaryimage"},"thumbnailUrl":"https:\/\/departamentos.ufrrj.br\/del\/wp-content\/uploads\/sites\/5\/2025\/09\/image-27.png","articleSection":["Not\u00edcias","Ta\u00e7a Ruralina"],"inLanguage":"pt-BR","potentialAction":[{"@type":"CommentAction","name":"Comment","target":["https:\/\/departamentos.ufrrj.br\/del\/2025\/09\/23\/taca-ruralina-2025-1o-congresso-tecnico-define-parametros-para-edicao-recorde-com-1200-atletas-e-premiacao-inovadora\/#respond"]}]},{"@type":"WebPage","@id":"https:\/\/departamentos.ufrrj.br\/del\/2025\/09\/23\/taca-ruralina-2025-1o-congresso-tecnico-define-parametros-para-edicao-recorde-com-1200-atletas-e-premiacao-inovadora\/","url":"https:\/\/departamentos.ufrrj.br\/del\/2025\/09\/23\/taca-ruralina-2025-1o-congresso-tecnico-define-parametros-para-edicao-recorde-com-1200-atletas-e-premiacao-inovadora\/","name":"Ta\u00e7a Ruralina 2025: 1\u00ba Congresso T\u00e9cnico define par\u00e2metros para edi\u00e7\u00e3o recorde com 1200 atletas e premia\u00e7\u00e3o inovadora - Departamento de Esportes e Lazer","isPartOf":{"@id":"https:\/\/departamentos.ufrrj.br\/del\/#website"},"primaryImageOfPage":{"@id":"https:\/\/departamentos.ufrrj.br\/del\/2025\/09\/23\/taca-ruralina-2025-1o-congresso-tecnico-define-parametros-para-edicao-recorde-com-1200-atletas-e-premiacao-inovadora\/#primaryimage"},"image":{"@id":"https:\/\/departamentos.ufrrj.br\/del\/2025\/09\/23\/taca-ruralina-2025-1o-congresso-tecnico-define-parametros-para-edicao-recorde-com-1200-atletas-e-premiacao-inovadora\/#primaryimage"},"thumbnailUrl":"https:\/\/departamentos.ufrrj.br\/del\/wp-content\/uploads\/sites\/5\/2025\/09\/image-27.png","datePublished":"2025-09-23T22:46:35+00:00","dateModified":"2025-10-22T16:48:57+00:00","breadcrumb":{"@id":"https:\/\/departamentos.ufrrj.br\/del\/2025\/09\/23\/taca-ruralina-2025-1o-congresso-tecnico-define-parametros-para-edicao-recorde-com-1200-atletas-e-premiacao-inovadora\/#breadcrumb"},"inLanguage":"pt-BR","potentialAction":[{"@type":"ReadAction","target":["https:\/\/departamentos.ufrrj.br\/del\/2025\/09\/23\/taca-ruralina-2025-1o-congresso-tecnico-define-parametros-para-edicao-recorde-com-1200-atletas-e-premiacao-inovadora\/"]}]},{"@type":"ImageObject","inLanguage":"pt-BR","@id":"https:\/\/departamentos.ufrrj.br\/del\/2025\/09\/23\/taca-ruralina-2025-1o-congresso-tecnico-define-parametros-para-edicao-recorde-com-1200-atletas-e-premiacao-inovadora\/#primaryimage","url":"https:\/\/departamentos.ufrrj.br\/del\/wp-content\/uploads\/sites\/5\/2025\/09\/image-27.png","contentUrl":"https:\/\/departamentos.ufrrj.br\/del\/wp-content\/uploads\/sites\/5\/2025\/09\/image-27.png","width":1024,"height":768},{"@type":"BreadcrumbList","@id":"https:\/\/departamentos.ufrrj.br\/del\/2025\/09\/23\/taca-ruralina-2025-1o-congresso-tecnico-define-parametros-para-edicao-recorde-com-1200-atletas-e-premiacao-inovadora\/#breadcrumb","itemListElement":[{"@type":"ListItem","position":1,"name":"In\u00edcio","item":"https:\/\/departamentos.ufrrj.br\/del\/"},{"@type":"ListItem","position":2,"name":"Ta\u00e7a Ruralina 2025: 1\u00ba Congresso T\u00e9cnico define par\u00e2metros para edi\u00e7\u00e3o recorde com 1200 atletas e premia\u00e7\u00e3o inovadora"}]},{"@type":"WebSite","@id":"https:\/\/departamentos.ufrrj.br\/del\/#website","url":"https:\/\/departamentos.ufrrj.br\/del\/","name":"Departamento Ci\u00eancias Econ\u00f4micas","description":"","publisher":{"@id":"https:\/\/departamentos.ufrrj.br\/del\/#organization"},"potentialAction":[{"@type":"SearchAction","target":{"@type":"EntryPoint","urlTemplate":"https:\/\/departamentos.ufrrj.br\/del\/?s={search_term_string}"},"query-input":{"@type":"PropertyValueSpecification","valueRequired":true,"valueName":"search_term_string"}}],"inLanguage":"pt-BR"},{"@type":"Organization","@id":"https:\/\/departamentos.ufrrj.br\/del\/#organization","name":"Departamento Ci\u00eancias Econ\u00f4micas","url":"https:\/\/departamentos.ufrrj.br\/del\/","logo":{"@type":"ImageObject","inLanguage":"pt-BR","@id":"https:\/\/departamentos.ufrrj.br\/del\/#\/schema\/logo\/image\/","url":"https:\/\/departamentos.ufrrj.br\/del\/wp-content\/uploads\/sites\/5\/2025\/03\/Design-sem-nome-4-150x150-1.jpg","contentUrl":"https:\/\/departamentos.ufrrj.br\/del\/wp-content\/uploads\/sites\/5\/2025\/03\/Design-sem-nome-4-150x150-1.jpg","width":150,"height":150,"caption":"Departamento Ci\u00eancias Econ\u00f4micas"},"image":{"@id":"https:\/\/departamentos.ufrrj.br\/del\/#\/schema\/logo\/image\/"},"sameAs":["https:\/\/www.instagram.com\/del.ufrrj\/"]},{"@type":"Person","@id":"https:\/\/departamentos.ufrrj.br\/del\/#\/schema\/person\/415c97961f5e204055ca772fd633f5ff","name":"Vin\u00edcius Gev\u00fa","image":{"@type":"ImageObject","inLanguage":"pt-BR","@id":"https:\/\/departamentos.ufrrj.br\/del\/#\/schema\/person\/image\/","url":"https:\/\/secure.gravatar.com\/avatar\/6386fc479ea2bf720a23c246cb34dafe?s=96&d=mm&r=g","contentUrl":"https:\/\/secure.gravatar.com\/avatar\/6386fc479ea2bf720a23c246cb34dafe?s=96&d=mm&r=g","caption":"Vin\u00edcius Gev\u00fa"},"description":"GLPI 37594","url":"https:\/\/departamentos.ufrrj.br\/del\/author\/viniciusgevu\/"}]}},"_links":{"self":[{"href":"https:\/\/departamentos.ufrrj.br\/del\/wp-json\/wp\/v2\/posts\/900"}],"collection":[{"href":"https:\/\/departamentos.ufrrj.br\/del\/wp-json\/wp\/v2\/posts"}],"about":[{"href":"https:\/\/departamentos.ufrrj.br\/del\/wp-json\/wp\/v2\/types\/post"}],"author":[{"embeddable":true,"href":"https:\/\/departamentos.ufrrj.br\/del\/wp-json\/wp\/v2\/users\/6"}],"replies":[{"embeddable":true,"href":"https:\/\/departamentos.ufrrj.br\/del\/wp-json\/wp\/v2\/comments?post=900"}],"version-history":[{"count":9,"href":"https:\/\/departamentos.ufrrj.br\/del\/wp-json\/wp\/v2\/posts\/900\/revisions"}],"predecessor-version":[{"id":1041,"href":"https:\/\/departamentos.ufrrj.br\/del\/wp-json\/wp\/v2\/posts\/900\/revisions\/1041"}],"wp:featuredmedia":[{"embeddable":true,"href":"https:\/\/departamentos.ufrrj.br\/del\/wp-json\/wp\/v2\/media\/901"}],"wp:attachment":[{"href":"https:\/\/departamentos.ufrrj.br\/del\/wp-json\/wp\/v2\/media?parent=900"}],"wp:term":[{"taxonomy":"category","embeddable":true,"href":"https:\/\/departamentos.ufrrj.br\/del\/wp-json\/wp\/v2\/categories?post=900"},{"taxonomy":"post_tag","embeddable":true,"href":"https:\/\/departamentos.ufrrj.br\/del\/wp-json\/wp\/v2\/tags?post=900"}],"curies":[{"name":"wp","href":"https:\/\/api.w.org\/{rel}","templated":true}]}}