{"id":916,"date":"2025-09-23T20:25:07","date_gmt":"2025-09-23T23:25:07","guid":{"rendered":"https:\/\/departamentos.ufrrj.br\/del\/?p=916"},"modified":"2025-09-29T14:16:44","modified_gmt":"2025-09-29T17:16:44","slug":"de-tennessee-a-seropedica-atletas-estadunidenses-mergulham-na-cultura-brasileira-em-visita-a-ufrrj","status":"publish","type":"post","link":"https:\/\/departamentos.ufrrj.br\/del\/2025\/09\/23\/de-tennessee-a-seropedica-atletas-estadunidenses-mergulham-na-cultura-brasileira-em-visita-a-ufrrj\/","title":{"rendered":"De Tennessee a Serop\u00e9dica: atletas estadunidenses mergulham na cultura brasileira em visita \u00e0 UFRRJ"},"content":{"rendered":"\n<figure class=\"wp-block-image size-full\"><img loading=\"lazy\" decoding=\"async\" width=\"1024\" height=\"683\" src=\"https:\/\/departamentos.ufrrj.br\/del\/wp-content\/uploads\/sites\/5\/2025\/09\/image-35.png\" alt=\"\" class=\"wp-image-917\" srcset=\"https:\/\/departamentos.ufrrj.br\/del\/wp-content\/uploads\/sites\/5\/2025\/09\/image-35.png 1024w, https:\/\/departamentos.ufrrj.br\/del\/wp-content\/uploads\/sites\/5\/2025\/09\/image-35-300x200.png 300w, https:\/\/departamentos.ufrrj.br\/del\/wp-content\/uploads\/sites\/5\/2025\/09\/image-35-768x512.png 768w, https:\/\/departamentos.ufrrj.br\/del\/wp-content\/uploads\/sites\/5\/2025\/09\/image-35-105x70.png 105w\" sizes=\"(max-width: 1024px) 100vw, 1024px\" \/><figcaption class=\"wp-element-caption\">Estudantes do Tennessee em frente ao Pavilh\u00e3o Central (P1), ao lado esquerdo est\u00e1 a equipe do Departamento de Esporte e Lazer, Jo\u00e3o Lemos e Thiago Rosa. Foto: Jo\u00e3o Vitor Freitas\/CCS<\/figcaption><\/figure>\n\n\n\n<p>A manh\u00e3 fria e nublada desta ter\u00e7a-feira, 1\u00ba de julho, n\u00e3o diminuiu o calor da recep\u00e7\u00e3o no campus de Serop\u00e9dica da Universidade Federal Rural do Rio de Janeiro (UFRRJ). Em um encontro que ultrapassou o esporte, a universidade acolheu estudantes-atletas da Universidade do Tennessee, participantes do programa VOLeaders Academy, para um dia de imers\u00e3o, aprendizado e troca cultural. O evento marcou um momento simb\u00f3lico: o retorno do programa ao Brasil, uma d\u00e9cada ap\u00f3s sua primeira edi\u00e7\u00e3o internacional, realizada no contexto dos Jogos Ol\u00edmpicos Rio 2016.<\/p>\n\n\n\n<p>Liderados por Thiago Rosa, Chefe do Departamento de Esporte e Lazer (DEL), os jovens estadunidenses, que representam a elite de 20 modalidades esportivas do Tennessee, foram guiados por uma jornada que revelou a alma da universidade brasileira. O objetivo da visita ia al\u00e9m de conhecer instala\u00e7\u00f5es; era sobre conectar mundos, compartilhar paix\u00f5es e fortalecer a miss\u00e3o do VOLeaders: formar l\u00edderes que usam o esporte como ferramenta para a transforma\u00e7\u00e3o social.<\/p>\n\n\n\n<p>Anunciado em 2015, o programa da Universidade do Tennessee busca lapidar seus atletas para que suas influ\u00eancias ultrapassem o sucesso pessoal nas competi\u00e7\u00f5es. Atrav\u00e9s de cursos, retiros e um interc\u00e2mbio cultural de dez dias, a academia VOLeaders os desafia a aplicar seus talentos em servi\u00e7o comunit\u00e1rio e engajamento social. O retorno ao Brasil, depois de um ciclo de dez anos, traz uma nova gera\u00e7\u00e3o para o pa\u00eds que foi o ber\u00e7o de sua primeira jornada.<\/p>\n\n\n\n<p>A experi\u00eancia na Rural come\u00e7ou com um tour pelo cora\u00e7\u00e3o do campus. Ao passarem pelo Pavilh\u00e3o Central (P1), os visitantes tiveram uma grata surpresa: as portas abertas do Audit\u00f3rio Gustavo Dutra, o \u201cGustav\u00e3o\u201d, revelaram uma aula de dan\u00e7a em pleno andamento, uma cena vibrante que ofereceu um vislumbre espont\u00e2neo da vida cultural universit\u00e1ria. Em meio ao verde do campus, um encontro singular: uma solit\u00e1ria capivara, indiferente ao grupo, tornou-se um registro aut\u00eantico.<\/p>\n\n\n\n<div class=\"wp-block-group is-nowrap is-layout-flex wp-container-core-group-is-layout-2 wp-block-group-is-layout-flex\">\n<div class=\"wp-block-group is-nowrap is-layout-flex wp-container-core-group-is-layout-1 wp-block-group-is-layout-flex\">\n<figure class=\"wp-block-image size-large is-resized\"><img decoding=\"async\" src=\"https:\/\/portal.ufrrj.br\/wp-content\/uploads\/2025\/07\/IMG_6088-1024x683.jpg\" alt=\"Estudantes do Tennessee caminhando no Lago do Instituto de Agronomia (IA). Foto: Jo\u00e3o Vitor Freitas\/CCS\" style=\"width:290px\"\/><\/figure>\n\n\n\n<figure class=\"wp-block-image size-large is-resized\"><img decoding=\"async\" src=\"https:\/\/portal.ufrrj.br\/wp-content\/uploads\/2025\/07\/IMG_6086.jpg\" alt=\"Thiago Rosa, Jo\u00e3o Lemos (DEL) e os atletas observando a capivara no centro da imagem. Foto: Jo\u00e3o Vitor Freitas\/CCS\" style=\"width:290px\"\/><\/figure>\n<\/div>\n\n\n\n<figure class=\"wp-block-image size-large is-resized\"><img decoding=\"async\" src=\"https:\/\/portal.ufrrj.br\/wp-content\/uploads\/2025\/07\/IMG_6026.jpg\" alt=\"Estudantes do Tennessee sentados no Gustav\u00e3o observando a aula de dan\u00e7a. Foto: Jo\u00e3o Vitor Freitas\/CCS\" style=\"width:290px\"\/><\/figure>\n<\/div>\n\n\n\n<p>No gin\u00e1sio esportivo, o interc\u00e2mbio se aprofundou. Com a media\u00e7\u00e3o de Renata Siqueira, presidente do Instituto Gol Girls, a conversa fluiu. A professora Eliza Prodel, do Departamento de Educa\u00e7\u00e3o F\u00edsica e Desporto (DEFD), detalhou a estrutura e a filosofia do curso de Educa\u00e7\u00e3o F\u00edsica no Brasil, gerando um di\u00e1logo sobre as diferen\u00e7as e semelhan\u00e7as entre os sistemas universit\u00e1rios e esportivos dos dois pa\u00edses. Um a um, os atletas do VOLeaders se apresentaram, compartilhando suas trajet\u00f3rias. \u201cFoi uma experi\u00eancia \u00fanica conhecer a UFRRJ\u201d, resumiu o nadador Aidan Crisci, estudante de Engenharia Aeroespacial, ecoando o sentimento do grupo.<\/p>\n\n\n<div class=\"wp-block-image\">\n<figure class=\"aligncenter size-medium\"><img loading=\"lazy\" decoding=\"async\" width=\"200\" height=\"300\" src=\"https:\/\/departamentos.ufrrj.br\/del\/wp-content\/uploads\/sites\/5\/2025\/09\/image-36-200x300.png\" alt=\"\" class=\"wp-image-920\" srcset=\"https:\/\/departamentos.ufrrj.br\/del\/wp-content\/uploads\/sites\/5\/2025\/09\/image-36-200x300.png 200w, https:\/\/departamentos.ufrrj.br\/del\/wp-content\/uploads\/sites\/5\/2025\/09\/image-36-47x70.png 47w, https:\/\/departamentos.ufrrj.br\/del\/wp-content\/uploads\/sites\/5\/2025\/09\/image-36.png 683w\" sizes=\"(max-width: 200px) 100vw, 200px\" \/><figcaption class=\"wp-element-caption\"><sub>Aidan Crisci, atleta pela modalidade nata\u00e7\u00e3o da Universidade do Tennessee. Foto: Jo\u00e3o Vitor Freitas \/CCS<\/sub><\/figcaption><\/figure><\/div>\n\n\n<p>A visita \u00e0 Rural serviu como uma poderosa s\u00edntese das experi\u00eancias vividas pelo grupo no Brasil. Em entrevista exclusiva concedida \u00e0 Coordena\u00e7\u00e3o de Comunica\u00e7\u00e3o Social da UFRRJ o nadador Aidan Crisci, estudante de engenharia aeroespacial, refor\u00e7ou suas convic\u00e7\u00f5es sobre o prop\u00f3sito do esporte. \u201cFiquei muito impressionado com a forma como o esporte foi usado como ferramenta em muitas das organiza\u00e7\u00f5es que visitamos para unir as comunidades,\u201d compartilhou o atleta. \u201cFicou evidente a alegria que a simples pr\u00e1tica esportiva proporcionava \u00e0s pessoas, mesmo com recursos t\u00e3o diferentes.\u201d A observa\u00e7\u00e3o de Aidan captura a ess\u00eancia da miss\u00e3o do VOLeaders: testemunhar e compreender como a paix\u00e3o pelo jogo pode transcender barreiras materiais, tornando-se uma fonte pura de alegria e um forte elo comunit\u00e1rio.<\/p>\n\n\n\n<div class=\"wp-block-columns is-layout-flex wp-container-core-columns-is-layout-1 wp-block-columns-is-layout-flex\">\n<div class=\"wp-block-column is-layout-flow wp-block-column-is-layout-flow\">\n<figure class=\"wp-block-image size-large\"><img decoding=\"async\" src=\"https:\/\/portal.ufrrj.br\/wp-content\/uploads\/2025\/07\/IMG_6155.jpg\" alt=\"\"\/><figcaption class=\"wp-element-caption\">Os atletas sentados observando a explica\u00e7\u00e3o da professora.<\/figcaption><\/figure>\n<\/div>\n\n\n\n<div class=\"wp-block-column is-layout-flow wp-block-column-is-layout-flow\">\n<figure class=\"wp-block-image size-large is-resized\"><img decoding=\"async\" src=\"https:\/\/portal.ufrrj.br\/wp-content\/uploads\/2025\/07\/IMG_6152-300x200.jpg\" alt=\"\" style=\"width:274px;height:auto\"\/><figcaption class=\"wp-element-caption\">Thiago Rosa (DEL) aguardando a aula<\/figcaption><\/figure>\n<\/div>\n\n\n\n<div class=\"wp-block-column is-layout-flow wp-block-column-is-layout-flow\">\n<figure class=\"wp-block-image size-large\"><img decoding=\"async\" src=\"https:\/\/portal.ufrrj.br\/wp-content\/uploads\/2025\/07\/IMG_6151-300x200.jpg\" alt=\"\"\/><figcaption class=\"wp-element-caption\">Professora Eliza Prodel do Departamento de Educa\u00e7\u00e3o F\u00edsica e Desporto. Foto: Jo\u00e3o Vitor Freitas\/CCS<\/figcaption><\/figure>\n<\/div>\n<\/div>\n\n\n\n<p>O \u00e1pice do encontro foi movido a m\u00fasica e a ginga. O professor Marciel Lano (DEFD) conduziu uma aula de capoeira que se transformou em uma celebra\u00e7\u00e3o. Com a ajuda de alunos da UFRRJ que faziam a tradu\u00e7\u00e3o simult\u00e2nea, os atletas do Tennessee aprenderam os movimentos b\u00e1sicos \u2013 a ginga, a esquiva, os golpes. Logo depois, ao som pulsante do atabaque e do pandeiro, formou-se a roda. Em uma troca amistosa e cheia de sorrisos, os jovens atletas entraram no ritmo, experimentando na pr\u00e1tica a energia contagiante da luta-dan\u00e7a afro-brasileira.<\/p>\n\n\n\n<div class=\"wp-block-columns is-layout-flex wp-container-core-columns-is-layout-2 wp-block-columns-is-layout-flex\">\n<div class=\"wp-block-column is-layout-flow wp-block-column-is-layout-flow\">\n<figure class=\"wp-block-image size-full\"><img loading=\"lazy\" decoding=\"async\" width=\"300\" height=\"200\" src=\"https:\/\/departamentos.ufrrj.br\/del\/wp-content\/uploads\/sites\/5\/2025\/09\/image-40.png\" alt=\"\" class=\"wp-image-925\" srcset=\"https:\/\/departamentos.ufrrj.br\/del\/wp-content\/uploads\/sites\/5\/2025\/09\/image-40.png 300w, https:\/\/departamentos.ufrrj.br\/del\/wp-content\/uploads\/sites\/5\/2025\/09\/image-40-105x70.png 105w\" sizes=\"(max-width: 300px) 100vw, 300px\" \/><figcaption class=\"wp-element-caption\">Professor do DEFD. Marciel Lano, explicando os movimentos da capoeira. Foto: Jo\u00e3o Vitor Freitas\/CCS<\/figcaption><\/figure>\n<\/div>\n\n\n\n<div class=\"wp-block-column is-layout-flow wp-block-column-is-layout-flow\">\n<figure class=\"wp-block-image size-full\"><img loading=\"lazy\" decoding=\"async\" width=\"1024\" height=\"683\" src=\"https:\/\/departamentos.ufrrj.br\/del\/wp-content\/uploads\/sites\/5\/2025\/09\/image-41.png\" alt=\"\" class=\"wp-image-926\" srcset=\"https:\/\/departamentos.ufrrj.br\/del\/wp-content\/uploads\/sites\/5\/2025\/09\/image-41.png 1024w, https:\/\/departamentos.ufrrj.br\/del\/wp-content\/uploads\/sites\/5\/2025\/09\/image-41-300x200.png 300w, https:\/\/departamentos.ufrrj.br\/del\/wp-content\/uploads\/sites\/5\/2025\/09\/image-41-768x512.png 768w, https:\/\/departamentos.ufrrj.br\/del\/wp-content\/uploads\/sites\/5\/2025\/09\/image-41-105x70.png 105w\" sizes=\"(max-width: 1024px) 100vw, 1024px\" \/><figcaption class=\"wp-element-caption\">Roda de capoeira formada por membros do Tennessee e da UFRRJ, no meio da roda o aluno da UFRRJ e a remadora Audrey Bast. Foto: Jo\u00e3o Vitor Freitas\/CCS<\/figcaption><\/figure>\n<\/div>\n\n\n\n<div class=\"wp-block-column is-layout-flow wp-block-column-is-layout-flow\">\n<figure class=\"wp-block-image size-full\"><img loading=\"lazy\" decoding=\"async\" width=\"300\" height=\"200\" src=\"https:\/\/departamentos.ufrrj.br\/del\/wp-content\/uploads\/sites\/5\/2025\/09\/image-42.png\" alt=\"\" class=\"wp-image-927\" srcset=\"https:\/\/departamentos.ufrrj.br\/del\/wp-content\/uploads\/sites\/5\/2025\/09\/image-42.png 300w, https:\/\/departamentos.ufrrj.br\/del\/wp-content\/uploads\/sites\/5\/2025\/09\/image-42-105x70.png 105w\" sizes=\"(max-width: 300px) 100vw, 300px\" \/><figcaption class=\"wp-element-caption\">Thiago Rosa auxiliando a atleta do Tennessee nos movimentos da capoeira. Foto: Jo\u00e3o Vitor Freitas\/CCS<\/figcaption><\/figure>\n<\/div>\n<\/div>\n\n\n\n<p>Ao final, pr\u00f3ximo do encerramento da visita, um gesto selou o esp\u00edrito do dia. A remadora Stella Mirkovi\u0107, em nome de todos os colegas, agradeceu a recep\u00e7\u00e3o calorosa e entregou a Thiago Rosa o bast\u00e3o simb\u00f3lico do VOLeaders. Nele, tr\u00eas palavras gravadas resumem a ess\u00eancia do projeto:&nbsp;<strong>Educate (Educar), Empower (Empoderar) e Engage (Envolver)<\/strong>. Mais do que um objeto, o bast\u00e3o representava a passagem de conhecimento, o fortalecimento m\u00fatuo e o engajamento constru\u00eddo naquela manh\u00e3, uma ponte s\u00f3lida entre Tennessee e Serop\u00e9dica, unidas pelo poder universal do esporte.<\/p>\n\n\n\n<div class=\"wp-block-columns is-layout-flex wp-container-core-columns-is-layout-3 wp-block-columns-is-layout-flex\">\n<div class=\"wp-block-column is-layout-flow wp-block-column-is-layout-flow\">\n<figure class=\"wp-block-image size-full\"><img loading=\"lazy\" decoding=\"async\" width=\"768\" height=\"512\" src=\"https:\/\/departamentos.ufrrj.br\/del\/wp-content\/uploads\/sites\/5\/2025\/09\/image-43.png\" alt=\"\" class=\"wp-image-928\" srcset=\"https:\/\/departamentos.ufrrj.br\/del\/wp-content\/uploads\/sites\/5\/2025\/09\/image-43.png 768w, https:\/\/departamentos.ufrrj.br\/del\/wp-content\/uploads\/sites\/5\/2025\/09\/image-43-300x200.png 300w, https:\/\/departamentos.ufrrj.br\/del\/wp-content\/uploads\/sites\/5\/2025\/09\/image-43-105x70.png 105w\" sizes=\"(max-width: 768px) 100vw, 768px\" \/><figcaption class=\"wp-element-caption\">Alunos da UFRRJ e do Tennesse sentados no gin\u00e1sio esportivo, no centro da imagem a bandeira da Universidade do Tennessee esticada. Foto: Jo\u00e3o Vitor Freitas\/CCS<\/figcaption><\/figure>\n<\/div>\n\n\n\n<div class=\"wp-block-column is-layout-flow wp-block-column-is-layout-flow\">\n<figure class=\"wp-block-image size-full\"><img loading=\"lazy\" decoding=\"async\" width=\"768\" height=\"512\" src=\"https:\/\/departamentos.ufrrj.br\/del\/wp-content\/uploads\/sites\/5\/2025\/09\/image-44.png\" alt=\"\" class=\"wp-image-929\" srcset=\"https:\/\/departamentos.ufrrj.br\/del\/wp-content\/uploads\/sites\/5\/2025\/09\/image-44.png 768w, https:\/\/departamentos.ufrrj.br\/del\/wp-content\/uploads\/sites\/5\/2025\/09\/image-44-300x200.png 300w, https:\/\/departamentos.ufrrj.br\/del\/wp-content\/uploads\/sites\/5\/2025\/09\/image-44-105x70.png 105w\" sizes=\"(max-width: 768px) 100vw, 768px\" \/><figcaption class=\"wp-element-caption\">Da esquerda para direita, Renata Siqueira, presidente do Instituto Gol Girls, Stella Mirkovi\u0107, Evan Woosley-Reed, Atletas do Tennesssee, e Thiago Rosa, chefe do DEL. Foto: Jo\u00e3o Vitor Freitas\/CCS<\/figcaption><\/figure>\n<\/div>\n<\/div>\n\n\n\n<p><strong><em>Imagem e texto:&nbsp;<\/em><\/strong>Jo\u00e3o Vitor Freitas, jornalista e bolsista de Comunica\u00e7\u00e3o da Prograd\/CCS<\/p>\n","protected":false},"excerpt":{"rendered":"<p>A manh\u00e3 fria e nublada desta ter\u00e7a-feira, 1\u00ba de julho, n\u00e3o diminuiu o calor da recep\u00e7\u00e3o no campus de Serop\u00e9dica da Universidade [&hellip;]<\/p>\n","protected":false},"author":6,"featured_media":917,"comment_status":"open","ping_status":"open","sticky":false,"template":"","format":"standard","meta":{"_acf_changed":false,"footnotes":""},"categories":[3],"tags":[],"class_list":["post-916","post","type-post","status-publish","format-standard","has-post-thumbnail","hentry","category-noticias"],"acf":[],"yoast_head":"<!-- This site is optimized with the Yoast SEO plugin v23.4 - https:\/\/yoast.com\/wordpress\/plugins\/seo\/ -->\n<title>De Tennessee a Serop\u00e9dica: atletas estadunidenses mergulham na cultura brasileira em visita \u00e0 UFRRJ - Departamento de Esportes e Lazer<\/title>\n<meta name=\"robots\" content=\"index, follow, max-snippet:-1, max-image-preview:large, max-video-preview:-1\" \/>\n<link rel=\"canonical\" href=\"https:\/\/departamentos.ufrrj.br\/del\/2025\/09\/23\/de-tennessee-a-seropedica-atletas-estadunidenses-mergulham-na-cultura-brasileira-em-visita-a-ufrrj\/\" \/>\n<meta property=\"og:locale\" content=\"pt_BR\" \/>\n<meta property=\"og:type\" content=\"article\" \/>\n<meta property=\"og:title\" content=\"De Tennessee a Serop\u00e9dica: atletas estadunidenses mergulham na cultura brasileira em visita \u00e0 UFRRJ - Departamento de Esportes e Lazer\" \/>\n<meta property=\"og:description\" content=\"A manh\u00e3 fria e nublada desta ter\u00e7a-feira, 1\u00ba de julho, n\u00e3o diminuiu o calor da recep\u00e7\u00e3o no campus de Serop\u00e9dica da Universidade [&hellip;]\" \/>\n<meta property=\"og:url\" content=\"https:\/\/departamentos.ufrrj.br\/del\/2025\/09\/23\/de-tennessee-a-seropedica-atletas-estadunidenses-mergulham-na-cultura-brasileira-em-visita-a-ufrrj\/\" \/>\n<meta property=\"og:site_name\" content=\"Departamento de Esportes e Lazer\" \/>\n<meta property=\"article:published_time\" content=\"2025-09-23T23:25:07+00:00\" \/>\n<meta property=\"article:modified_time\" content=\"2025-09-29T17:16:44+00:00\" \/>\n<meta property=\"og:image\" content=\"https:\/\/departamentos.ufrrj.br\/del\/wp-content\/uploads\/sites\/5\/2025\/09\/image-35.png\" \/>\n\t<meta property=\"og:image:width\" content=\"1024\" \/>\n\t<meta property=\"og:image:height\" content=\"683\" \/>\n\t<meta property=\"og:image:type\" content=\"image\/png\" \/>\n<meta name=\"author\" content=\"Vin\u00edcius Gev\u00fa\" \/>\n<meta name=\"twitter:card\" content=\"summary_large_image\" \/>\n<meta name=\"twitter:label1\" content=\"Escrito por\" \/>\n\t<meta name=\"twitter:data1\" content=\"Vin\u00edcius Gev\u00fa\" \/>\n\t<meta name=\"twitter:label2\" content=\"Est. tempo de leitura\" \/>\n\t<meta name=\"twitter:data2\" content=\"8 minutos\" \/>\n<script type=\"application\/ld+json\" class=\"yoast-schema-graph\">{\"@context\":\"https:\/\/schema.org\",\"@graph\":[{\"@type\":\"Article\",\"@id\":\"https:\/\/departamentos.ufrrj.br\/del\/2025\/09\/23\/de-tennessee-a-seropedica-atletas-estadunidenses-mergulham-na-cultura-brasileira-em-visita-a-ufrrj\/#article\",\"isPartOf\":{\"@id\":\"https:\/\/departamentos.ufrrj.br\/del\/2025\/09\/23\/de-tennessee-a-seropedica-atletas-estadunidenses-mergulham-na-cultura-brasileira-em-visita-a-ufrrj\/\"},\"author\":{\"name\":\"Vin\u00edcius Gev\u00fa\",\"@id\":\"https:\/\/departamentos.ufrrj.br\/del\/#\/schema\/person\/415c97961f5e204055ca772fd633f5ff\"},\"headline\":\"De Tennessee a Serop\u00e9dica: atletas estadunidenses mergulham na cultura brasileira em visita \u00e0 UFRRJ\",\"datePublished\":\"2025-09-23T23:25:07+00:00\",\"dateModified\":\"2025-09-29T17:16:44+00:00\",\"mainEntityOfPage\":{\"@id\":\"https:\/\/departamentos.ufrrj.br\/del\/2025\/09\/23\/de-tennessee-a-seropedica-atletas-estadunidenses-mergulham-na-cultura-brasileira-em-visita-a-ufrrj\/\"},\"wordCount\":1010,\"commentCount\":0,\"publisher\":{\"@id\":\"https:\/\/departamentos.ufrrj.br\/del\/#organization\"},\"image\":{\"@id\":\"https:\/\/departamentos.ufrrj.br\/del\/2025\/09\/23\/de-tennessee-a-seropedica-atletas-estadunidenses-mergulham-na-cultura-brasileira-em-visita-a-ufrrj\/#primaryimage\"},\"thumbnailUrl\":\"https:\/\/departamentos.ufrrj.br\/del\/wp-content\/uploads\/sites\/5\/2025\/09\/image-35.png\",\"articleSection\":[\"Not\u00edcias\"],\"inLanguage\":\"pt-BR\",\"potentialAction\":[{\"@type\":\"CommentAction\",\"name\":\"Comment\",\"target\":[\"https:\/\/departamentos.ufrrj.br\/del\/2025\/09\/23\/de-tennessee-a-seropedica-atletas-estadunidenses-mergulham-na-cultura-brasileira-em-visita-a-ufrrj\/#respond\"]}]},{\"@type\":\"WebPage\",\"@id\":\"https:\/\/departamentos.ufrrj.br\/del\/2025\/09\/23\/de-tennessee-a-seropedica-atletas-estadunidenses-mergulham-na-cultura-brasileira-em-visita-a-ufrrj\/\",\"url\":\"https:\/\/departamentos.ufrrj.br\/del\/2025\/09\/23\/de-tennessee-a-seropedica-atletas-estadunidenses-mergulham-na-cultura-brasileira-em-visita-a-ufrrj\/\",\"name\":\"De Tennessee a Serop\u00e9dica: atletas estadunidenses mergulham na cultura brasileira em visita \u00e0 UFRRJ - Departamento de Esportes e Lazer\",\"isPartOf\":{\"@id\":\"https:\/\/departamentos.ufrrj.br\/del\/#website\"},\"primaryImageOfPage\":{\"@id\":\"https:\/\/departamentos.ufrrj.br\/del\/2025\/09\/23\/de-tennessee-a-seropedica-atletas-estadunidenses-mergulham-na-cultura-brasileira-em-visita-a-ufrrj\/#primaryimage\"},\"image\":{\"@id\":\"https:\/\/departamentos.ufrrj.br\/del\/2025\/09\/23\/de-tennessee-a-seropedica-atletas-estadunidenses-mergulham-na-cultura-brasileira-em-visita-a-ufrrj\/#primaryimage\"},\"thumbnailUrl\":\"https:\/\/departamentos.ufrrj.br\/del\/wp-content\/uploads\/sites\/5\/2025\/09\/image-35.png\",\"datePublished\":\"2025-09-23T23:25:07+00:00\",\"dateModified\":\"2025-09-29T17:16:44+00:00\",\"breadcrumb\":{\"@id\":\"https:\/\/departamentos.ufrrj.br\/del\/2025\/09\/23\/de-tennessee-a-seropedica-atletas-estadunidenses-mergulham-na-cultura-brasileira-em-visita-a-ufrrj\/#breadcrumb\"},\"inLanguage\":\"pt-BR\",\"potentialAction\":[{\"@type\":\"ReadAction\",\"target\":[\"https:\/\/departamentos.ufrrj.br\/del\/2025\/09\/23\/de-tennessee-a-seropedica-atletas-estadunidenses-mergulham-na-cultura-brasileira-em-visita-a-ufrrj\/\"]}]},{\"@type\":\"ImageObject\",\"inLanguage\":\"pt-BR\",\"@id\":\"https:\/\/departamentos.ufrrj.br\/del\/2025\/09\/23\/de-tennessee-a-seropedica-atletas-estadunidenses-mergulham-na-cultura-brasileira-em-visita-a-ufrrj\/#primaryimage\",\"url\":\"https:\/\/departamentos.ufrrj.br\/del\/wp-content\/uploads\/sites\/5\/2025\/09\/image-35.png\",\"contentUrl\":\"https:\/\/departamentos.ufrrj.br\/del\/wp-content\/uploads\/sites\/5\/2025\/09\/image-35.png\",\"width\":1024,\"height\":683},{\"@type\":\"BreadcrumbList\",\"@id\":\"https:\/\/departamentos.ufrrj.br\/del\/2025\/09\/23\/de-tennessee-a-seropedica-atletas-estadunidenses-mergulham-na-cultura-brasileira-em-visita-a-ufrrj\/#breadcrumb\",\"itemListElement\":[{\"@type\":\"ListItem\",\"position\":1,\"name\":\"In\u00edcio\",\"item\":\"https:\/\/departamentos.ufrrj.br\/del\/\"},{\"@type\":\"ListItem\",\"position\":2,\"name\":\"De Tennessee a Serop\u00e9dica: atletas estadunidenses mergulham na cultura brasileira em visita \u00e0 UFRRJ\"}]},{\"@type\":\"WebSite\",\"@id\":\"https:\/\/departamentos.ufrrj.br\/del\/#website\",\"url\":\"https:\/\/departamentos.ufrrj.br\/del\/\",\"name\":\"Departamento Ci\u00eancias Econ\u00f4micas\",\"description\":\"\",\"publisher\":{\"@id\":\"https:\/\/departamentos.ufrrj.br\/del\/#organization\"},\"potentialAction\":[{\"@type\":\"SearchAction\",\"target\":{\"@type\":\"EntryPoint\",\"urlTemplate\":\"https:\/\/departamentos.ufrrj.br\/del\/?s={search_term_string}\"},\"query-input\":{\"@type\":\"PropertyValueSpecification\",\"valueRequired\":true,\"valueName\":\"search_term_string\"}}],\"inLanguage\":\"pt-BR\"},{\"@type\":\"Organization\",\"@id\":\"https:\/\/departamentos.ufrrj.br\/del\/#organization\",\"name\":\"Departamento Ci\u00eancias Econ\u00f4micas\",\"url\":\"https:\/\/departamentos.ufrrj.br\/del\/\",\"logo\":{\"@type\":\"ImageObject\",\"inLanguage\":\"pt-BR\",\"@id\":\"https:\/\/departamentos.ufrrj.br\/del\/#\/schema\/logo\/image\/\",\"url\":\"https:\/\/departamentos.ufrrj.br\/del\/wp-content\/uploads\/sites\/5\/2025\/03\/Design-sem-nome-4-150x150-1.jpg\",\"contentUrl\":\"https:\/\/departamentos.ufrrj.br\/del\/wp-content\/uploads\/sites\/5\/2025\/03\/Design-sem-nome-4-150x150-1.jpg\",\"width\":150,\"height\":150,\"caption\":\"Departamento Ci\u00eancias Econ\u00f4micas\"},\"image\":{\"@id\":\"https:\/\/departamentos.ufrrj.br\/del\/#\/schema\/logo\/image\/\"},\"sameAs\":[\"https:\/\/www.instagram.com\/del.ufrrj\/\"]},{\"@type\":\"Person\",\"@id\":\"https:\/\/departamentos.ufrrj.br\/del\/#\/schema\/person\/415c97961f5e204055ca772fd633f5ff\",\"name\":\"Vin\u00edcius Gev\u00fa\",\"image\":{\"@type\":\"ImageObject\",\"inLanguage\":\"pt-BR\",\"@id\":\"https:\/\/departamentos.ufrrj.br\/del\/#\/schema\/person\/image\/\",\"url\":\"https:\/\/secure.gravatar.com\/avatar\/6386fc479ea2bf720a23c246cb34dafe?s=96&d=mm&r=g\",\"contentUrl\":\"https:\/\/secure.gravatar.com\/avatar\/6386fc479ea2bf720a23c246cb34dafe?s=96&d=mm&r=g\",\"caption\":\"Vin\u00edcius Gev\u00fa\"},\"description\":\"GLPI 37594\",\"url\":\"https:\/\/departamentos.ufrrj.br\/del\/author\/viniciusgevu\/\"}]}<\/script>\n<!-- \/ Yoast SEO plugin. -->","yoast_head_json":{"title":"De Tennessee a Serop\u00e9dica: atletas estadunidenses mergulham na cultura brasileira em visita \u00e0 UFRRJ - Departamento de Esportes e Lazer","robots":{"index":"index","follow":"follow","max-snippet":"max-snippet:-1","max-image-preview":"max-image-preview:large","max-video-preview":"max-video-preview:-1"},"canonical":"https:\/\/departamentos.ufrrj.br\/del\/2025\/09\/23\/de-tennessee-a-seropedica-atletas-estadunidenses-mergulham-na-cultura-brasileira-em-visita-a-ufrrj\/","og_locale":"pt_BR","og_type":"article","og_title":"De Tennessee a Serop\u00e9dica: atletas estadunidenses mergulham na cultura brasileira em visita \u00e0 UFRRJ - Departamento de Esportes e Lazer","og_description":"A manh\u00e3 fria e nublada desta ter\u00e7a-feira, 1\u00ba de julho, n\u00e3o diminuiu o calor da recep\u00e7\u00e3o no campus de Serop\u00e9dica da Universidade [&hellip;]","og_url":"https:\/\/departamentos.ufrrj.br\/del\/2025\/09\/23\/de-tennessee-a-seropedica-atletas-estadunidenses-mergulham-na-cultura-brasileira-em-visita-a-ufrrj\/","og_site_name":"Departamento de Esportes e Lazer","article_published_time":"2025-09-23T23:25:07+00:00","article_modified_time":"2025-09-29T17:16:44+00:00","og_image":[{"width":1024,"height":683,"url":"https:\/\/departamentos.ufrrj.br\/del\/wp-content\/uploads\/sites\/5\/2025\/09\/image-35.png","type":"image\/png"}],"author":"Vin\u00edcius Gev\u00fa","twitter_card":"summary_large_image","twitter_misc":{"Escrito por":"Vin\u00edcius Gev\u00fa","Est. tempo de leitura":"8 minutos"},"schema":{"@context":"https:\/\/schema.org","@graph":[{"@type":"Article","@id":"https:\/\/departamentos.ufrrj.br\/del\/2025\/09\/23\/de-tennessee-a-seropedica-atletas-estadunidenses-mergulham-na-cultura-brasileira-em-visita-a-ufrrj\/#article","isPartOf":{"@id":"https:\/\/departamentos.ufrrj.br\/del\/2025\/09\/23\/de-tennessee-a-seropedica-atletas-estadunidenses-mergulham-na-cultura-brasileira-em-visita-a-ufrrj\/"},"author":{"name":"Vin\u00edcius Gev\u00fa","@id":"https:\/\/departamentos.ufrrj.br\/del\/#\/schema\/person\/415c97961f5e204055ca772fd633f5ff"},"headline":"De Tennessee a Serop\u00e9dica: atletas estadunidenses mergulham na cultura brasileira em visita \u00e0 UFRRJ","datePublished":"2025-09-23T23:25:07+00:00","dateModified":"2025-09-29T17:16:44+00:00","mainEntityOfPage":{"@id":"https:\/\/departamentos.ufrrj.br\/del\/2025\/09\/23\/de-tennessee-a-seropedica-atletas-estadunidenses-mergulham-na-cultura-brasileira-em-visita-a-ufrrj\/"},"wordCount":1010,"commentCount":0,"publisher":{"@id":"https:\/\/departamentos.ufrrj.br\/del\/#organization"},"image":{"@id":"https:\/\/departamentos.ufrrj.br\/del\/2025\/09\/23\/de-tennessee-a-seropedica-atletas-estadunidenses-mergulham-na-cultura-brasileira-em-visita-a-ufrrj\/#primaryimage"},"thumbnailUrl":"https:\/\/departamentos.ufrrj.br\/del\/wp-content\/uploads\/sites\/5\/2025\/09\/image-35.png","articleSection":["Not\u00edcias"],"inLanguage":"pt-BR","potentialAction":[{"@type":"CommentAction","name":"Comment","target":["https:\/\/departamentos.ufrrj.br\/del\/2025\/09\/23\/de-tennessee-a-seropedica-atletas-estadunidenses-mergulham-na-cultura-brasileira-em-visita-a-ufrrj\/#respond"]}]},{"@type":"WebPage","@id":"https:\/\/departamentos.ufrrj.br\/del\/2025\/09\/23\/de-tennessee-a-seropedica-atletas-estadunidenses-mergulham-na-cultura-brasileira-em-visita-a-ufrrj\/","url":"https:\/\/departamentos.ufrrj.br\/del\/2025\/09\/23\/de-tennessee-a-seropedica-atletas-estadunidenses-mergulham-na-cultura-brasileira-em-visita-a-ufrrj\/","name":"De Tennessee a Serop\u00e9dica: atletas estadunidenses mergulham na cultura brasileira em visita \u00e0 UFRRJ - Departamento de Esportes e Lazer","isPartOf":{"@id":"https:\/\/departamentos.ufrrj.br\/del\/#website"},"primaryImageOfPage":{"@id":"https:\/\/departamentos.ufrrj.br\/del\/2025\/09\/23\/de-tennessee-a-seropedica-atletas-estadunidenses-mergulham-na-cultura-brasileira-em-visita-a-ufrrj\/#primaryimage"},"image":{"@id":"https:\/\/departamentos.ufrrj.br\/del\/2025\/09\/23\/de-tennessee-a-seropedica-atletas-estadunidenses-mergulham-na-cultura-brasileira-em-visita-a-ufrrj\/#primaryimage"},"thumbnailUrl":"https:\/\/departamentos.ufrrj.br\/del\/wp-content\/uploads\/sites\/5\/2025\/09\/image-35.png","datePublished":"2025-09-23T23:25:07+00:00","dateModified":"2025-09-29T17:16:44+00:00","breadcrumb":{"@id":"https:\/\/departamentos.ufrrj.br\/del\/2025\/09\/23\/de-tennessee-a-seropedica-atletas-estadunidenses-mergulham-na-cultura-brasileira-em-visita-a-ufrrj\/#breadcrumb"},"inLanguage":"pt-BR","potentialAction":[{"@type":"ReadAction","target":["https:\/\/departamentos.ufrrj.br\/del\/2025\/09\/23\/de-tennessee-a-seropedica-atletas-estadunidenses-mergulham-na-cultura-brasileira-em-visita-a-ufrrj\/"]}]},{"@type":"ImageObject","inLanguage":"pt-BR","@id":"https:\/\/departamentos.ufrrj.br\/del\/2025\/09\/23\/de-tennessee-a-seropedica-atletas-estadunidenses-mergulham-na-cultura-brasileira-em-visita-a-ufrrj\/#primaryimage","url":"https:\/\/departamentos.ufrrj.br\/del\/wp-content\/uploads\/sites\/5\/2025\/09\/image-35.png","contentUrl":"https:\/\/departamentos.ufrrj.br\/del\/wp-content\/uploads\/sites\/5\/2025\/09\/image-35.png","width":1024,"height":683},{"@type":"BreadcrumbList","@id":"https:\/\/departamentos.ufrrj.br\/del\/2025\/09\/23\/de-tennessee-a-seropedica-atletas-estadunidenses-mergulham-na-cultura-brasileira-em-visita-a-ufrrj\/#breadcrumb","itemListElement":[{"@type":"ListItem","position":1,"name":"In\u00edcio","item":"https:\/\/departamentos.ufrrj.br\/del\/"},{"@type":"ListItem","position":2,"name":"De Tennessee a Serop\u00e9dica: atletas estadunidenses mergulham na cultura brasileira em visita \u00e0 UFRRJ"}]},{"@type":"WebSite","@id":"https:\/\/departamentos.ufrrj.br\/del\/#website","url":"https:\/\/departamentos.ufrrj.br\/del\/","name":"Departamento Ci\u00eancias Econ\u00f4micas","description":"","publisher":{"@id":"https:\/\/departamentos.ufrrj.br\/del\/#organization"},"potentialAction":[{"@type":"SearchAction","target":{"@type":"EntryPoint","urlTemplate":"https:\/\/departamentos.ufrrj.br\/del\/?s={search_term_string}"},"query-input":{"@type":"PropertyValueSpecification","valueRequired":true,"valueName":"search_term_string"}}],"inLanguage":"pt-BR"},{"@type":"Organization","@id":"https:\/\/departamentos.ufrrj.br\/del\/#organization","name":"Departamento Ci\u00eancias Econ\u00f4micas","url":"https:\/\/departamentos.ufrrj.br\/del\/","logo":{"@type":"ImageObject","inLanguage":"pt-BR","@id":"https:\/\/departamentos.ufrrj.br\/del\/#\/schema\/logo\/image\/","url":"https:\/\/departamentos.ufrrj.br\/del\/wp-content\/uploads\/sites\/5\/2025\/03\/Design-sem-nome-4-150x150-1.jpg","contentUrl":"https:\/\/departamentos.ufrrj.br\/del\/wp-content\/uploads\/sites\/5\/2025\/03\/Design-sem-nome-4-150x150-1.jpg","width":150,"height":150,"caption":"Departamento Ci\u00eancias Econ\u00f4micas"},"image":{"@id":"https:\/\/departamentos.ufrrj.br\/del\/#\/schema\/logo\/image\/"},"sameAs":["https:\/\/www.instagram.com\/del.ufrrj\/"]},{"@type":"Person","@id":"https:\/\/departamentos.ufrrj.br\/del\/#\/schema\/person\/415c97961f5e204055ca772fd633f5ff","name":"Vin\u00edcius Gev\u00fa","image":{"@type":"ImageObject","inLanguage":"pt-BR","@id":"https:\/\/departamentos.ufrrj.br\/del\/#\/schema\/person\/image\/","url":"https:\/\/secure.gravatar.com\/avatar\/6386fc479ea2bf720a23c246cb34dafe?s=96&d=mm&r=g","contentUrl":"https:\/\/secure.gravatar.com\/avatar\/6386fc479ea2bf720a23c246cb34dafe?s=96&d=mm&r=g","caption":"Vin\u00edcius Gev\u00fa"},"description":"GLPI 37594","url":"https:\/\/departamentos.ufrrj.br\/del\/author\/viniciusgevu\/"}]}},"_links":{"self":[{"href":"https:\/\/departamentos.ufrrj.br\/del\/wp-json\/wp\/v2\/posts\/916"}],"collection":[{"href":"https:\/\/departamentos.ufrrj.br\/del\/wp-json\/wp\/v2\/posts"}],"about":[{"href":"https:\/\/departamentos.ufrrj.br\/del\/wp-json\/wp\/v2\/types\/post"}],"author":[{"embeddable":true,"href":"https:\/\/departamentos.ufrrj.br\/del\/wp-json\/wp\/v2\/users\/6"}],"replies":[{"embeddable":true,"href":"https:\/\/departamentos.ufrrj.br\/del\/wp-json\/wp\/v2\/comments?post=916"}],"version-history":[{"count":5,"href":"https:\/\/departamentos.ufrrj.br\/del\/wp-json\/wp\/v2\/posts\/916\/revisions"}],"predecessor-version":[{"id":949,"href":"https:\/\/departamentos.ufrrj.br\/del\/wp-json\/wp\/v2\/posts\/916\/revisions\/949"}],"wp:featuredmedia":[{"embeddable":true,"href":"https:\/\/departamentos.ufrrj.br\/del\/wp-json\/wp\/v2\/media\/917"}],"wp:attachment":[{"href":"https:\/\/departamentos.ufrrj.br\/del\/wp-json\/wp\/v2\/media?parent=916"}],"wp:term":[{"taxonomy":"category","embeddable":true,"href":"https:\/\/departamentos.ufrrj.br\/del\/wp-json\/wp\/v2\/categories?post=916"},{"taxonomy":"post_tag","embeddable":true,"href":"https:\/\/departamentos.ufrrj.br\/del\/wp-json\/wp\/v2\/tags?post=916"}],"curies":[{"name":"wp","href":"https:\/\/api.w.org\/{rel}","templated":true}]}}