{"id":931,"date":"2025-09-23T20:28:53","date_gmt":"2025-09-23T23:28:53","guid":{"rendered":"https:\/\/departamentos.ufrrj.br\/del\/?p=931"},"modified":"2025-09-23T20:29:19","modified_gmt":"2025-09-23T23:29:19","slug":"del-ufrrj-articula-parceria-com-prefeitura-de-paracambi-para-fortalecer-o-esporte-na-baixada-fluminense","status":"publish","type":"post","link":"https:\/\/departamentos.ufrrj.br\/del\/2025\/09\/23\/del-ufrrj-articula-parceria-com-prefeitura-de-paracambi-para-fortalecer-o-esporte-na-baixada-fluminense\/","title":{"rendered":"DEL\/UFRRJ articula parceria com Prefeitura de Paracambi para fortalecer o esporte na Baixada Fluminense"},"content":{"rendered":"\n<p><em>Encontro durante a Semana Rural sela in\u00edcio de di\u00e1logo para futuros acordos de coopera\u00e7\u00e3o t\u00e9cnica, visando o desenvolvimento regional atrav\u00e9s de pol\u00edticas p\u00fablicas esportivas.<\/em><\/p>\n\n\n\n<figure class=\"wp-block-image size-full\"><img loading=\"lazy\" decoding=\"async\" width=\"1024\" height=\"706\" src=\"https:\/\/departamentos.ufrrj.br\/del\/wp-content\/uploads\/sites\/5\/2025\/09\/image-45.png\" alt=\"\" class=\"wp-image-932\" srcset=\"https:\/\/departamentos.ufrrj.br\/del\/wp-content\/uploads\/sites\/5\/2025\/09\/image-45.png 1024w, https:\/\/departamentos.ufrrj.br\/del\/wp-content\/uploads\/sites\/5\/2025\/09\/image-45-300x207.png 300w, https:\/\/departamentos.ufrrj.br\/del\/wp-content\/uploads\/sites\/5\/2025\/09\/image-45-768x530.png 768w, https:\/\/departamentos.ufrrj.br\/del\/wp-content\/uploads\/sites\/5\/2025\/09\/image-45-102x70.png 102w\" sizes=\"(max-width: 1024px) 100vw, 1024px\" \/><\/figure>\n\n\n\n<p>O Departamento de Esporte e Lazer (DEL) da Universidade Federal Rural do Rio de Janeiro (UFRRJ) deu um passo estrat\u00e9gico para a expans\u00e3o de suas atividades e o fortalecimento do impacto social do esporte na Baixada Fluminense. Na \u00faltima quinta-feira, 13 de junho, o departamento promoveu um encontro com o prefeito de Paracambi, Andrezinho Ceciliano, durante a programa\u00e7\u00e3o da Semana Rural 2025, no c\u00e2mpus Serop\u00e9dica. A reuni\u00e3o teve como pauta principal a constru\u00e7\u00e3o de futuras parcerias entre a Universidade e a gest\u00e3o municipal para transformar a realidade da regi\u00e3o por meio de pol\u00edticas p\u00fablicas esportivas integradas.<\/p>\n\n\n\n<p>A iniciativa, liderada pelo DEL, reflete o papel proativo da UFRRJ em buscar solu\u00e7\u00f5es para o desenvolvimento regional. O&nbsp;<strong>chefe do departamento, Thiago Rosa<\/strong>, foi o anfitri\u00e3o do encontro e destacou o potencial da colabora\u00e7\u00e3o. \u201cAgradecemos imensamente a presen\u00e7a do prefeito Andrezinho e sua equipe. Este \u00e9 um momento fundamental para o DEL, em que abrimos as portas para di\u00e1logos que podem resultar em projetos esportivos de grande impacto. Acreditamos que a uni\u00e3o da expertise acad\u00eamica da UFRRJ com a capacidade de execu\u00e7\u00e3o da Prefeitura de Paracambi pode gerar oportunidades \u00fanicas para crian\u00e7as, jovens e toda a comunidade\u201d, afirmou Rosa.<\/p>\n\n\n\n<p>Durante a conversa, foram discutidos poss\u00edveis projetos que podem ser implementados atrav\u00e9s de acordos de coopera\u00e7\u00e3o t\u00e9cnica, abrangendo desde a cria\u00e7\u00e3o de escolinhas esportivas e a capacita\u00e7\u00e3o de profissionais de Educa\u00e7\u00e3o F\u00edsica at\u00e9 a utiliza\u00e7\u00e3o conjunta de equipamentos e a organiza\u00e7\u00e3o de eventos esportivos regionais.<\/p>\n\n\n\n<div class=\"wp-block-columns is-layout-flex wp-container-core-columns-is-layout-1 wp-block-columns-is-layout-flex\">\n<div class=\"wp-block-column is-layout-flow wp-block-column-is-layout-flow\">\n<figure class=\"wp-block-image size-full\"><img loading=\"lazy\" decoding=\"async\" width=\"1024\" height=\"893\" src=\"https:\/\/departamentos.ufrrj.br\/del\/wp-content\/uploads\/sites\/5\/2025\/09\/image-46.png\" alt=\"\" class=\"wp-image-933\" style=\"aspect-ratio:1;object-fit:cover\" srcset=\"https:\/\/departamentos.ufrrj.br\/del\/wp-content\/uploads\/sites\/5\/2025\/09\/image-46.png 1024w, https:\/\/departamentos.ufrrj.br\/del\/wp-content\/uploads\/sites\/5\/2025\/09\/image-46-300x262.png 300w, https:\/\/departamentos.ufrrj.br\/del\/wp-content\/uploads\/sites\/5\/2025\/09\/image-46-768x670.png 768w, https:\/\/departamentos.ufrrj.br\/del\/wp-content\/uploads\/sites\/5\/2025\/09\/image-46-80x70.png 80w\" sizes=\"(max-width: 1024px) 100vw, 1024px\" \/><\/figure>\n<\/div>\n\n\n\n<div class=\"wp-block-column is-layout-flow wp-block-column-is-layout-flow\">\n<figure class=\"wp-block-image size-full\"><img loading=\"lazy\" decoding=\"async\" width=\"1024\" height=\"855\" src=\"https:\/\/departamentos.ufrrj.br\/del\/wp-content\/uploads\/sites\/5\/2025\/09\/image-47.png\" alt=\"\" class=\"wp-image-934\" style=\"aspect-ratio:1;object-fit:cover\" srcset=\"https:\/\/departamentos.ufrrj.br\/del\/wp-content\/uploads\/sites\/5\/2025\/09\/image-47.png 1024w, https:\/\/departamentos.ufrrj.br\/del\/wp-content\/uploads\/sites\/5\/2025\/09\/image-47-300x250.png 300w, https:\/\/departamentos.ufrrj.br\/del\/wp-content\/uploads\/sites\/5\/2025\/09\/image-47-768x641.png 768w, https:\/\/departamentos.ufrrj.br\/del\/wp-content\/uploads\/sites\/5\/2025\/09\/image-47-84x70.png 84w\" sizes=\"(max-width: 1024px) 100vw, 1024px\" \/><\/figure>\n<\/div>\n\n\n\n<div class=\"wp-block-column is-layout-flow wp-block-column-is-layout-flow\">\n<figure class=\"wp-block-image size-full\"><img loading=\"lazy\" decoding=\"async\" width=\"300\" height=\"200\" src=\"https:\/\/departamentos.ufrrj.br\/del\/wp-content\/uploads\/sites\/5\/2025\/09\/image-48.png\" alt=\"\" class=\"wp-image-935\" style=\"aspect-ratio:1;object-fit:cover\" srcset=\"https:\/\/departamentos.ufrrj.br\/del\/wp-content\/uploads\/sites\/5\/2025\/09\/image-48.png 300w, https:\/\/departamentos.ufrrj.br\/del\/wp-content\/uploads\/sites\/5\/2025\/09\/image-48-105x70.png 105w\" sizes=\"(max-width: 300px) 100vw, 300px\" \/><\/figure>\n<\/div>\n<\/div>\n\n\n<div class=\"wp-block-image\">\n<figure class=\"aligncenter size-full\"><img loading=\"lazy\" decoding=\"async\" width=\"768\" height=\"769\" src=\"https:\/\/departamentos.ufrrj.br\/del\/wp-content\/uploads\/sites\/5\/2025\/09\/image-49.png\" alt=\"\" class=\"wp-image-936\" srcset=\"https:\/\/departamentos.ufrrj.br\/del\/wp-content\/uploads\/sites\/5\/2025\/09\/image-49.png 768w, https:\/\/departamentos.ufrrj.br\/del\/wp-content\/uploads\/sites\/5\/2025\/09\/image-49-300x300.png 300w, https:\/\/departamentos.ufrrj.br\/del\/wp-content\/uploads\/sites\/5\/2025\/09\/image-49-150x150.png 150w, https:\/\/departamentos.ufrrj.br\/del\/wp-content\/uploads\/sites\/5\/2025\/09\/image-49-200x200.png 200w, https:\/\/departamentos.ufrrj.br\/del\/wp-content\/uploads\/sites\/5\/2025\/09\/image-49-70x70.png 70w\" sizes=\"(max-width: 768px) 100vw, 768px\" \/><\/figure><\/div>\n\n\n<p>O&nbsp;<strong>reitor da UFRRJ, professor Roberto Rodrigues<\/strong>, participou da reuni\u00e3o e reiterou o compromisso da gest\u00e3o em estreitar la\u00e7os com os munic\u00edpios do entorno. \u201cA Universidade tem a obriga\u00e7\u00e3o de ser um motor de desenvolvimento para a Baixada Fluminense. Parcerias como esta, com a Prefeitura de Paracambi, s\u00e3o essenciais para que o conhecimento produzido aqui transborde nossos muros e chegue \u00e0 popula\u00e7\u00e3o. O esporte \u00e9 uma ferramenta poderosa de inclus\u00e3o e transforma\u00e7\u00e3o social, e estamos prontos para colaborar ativamente\u201d, declarou o reitor.<\/p>\n\n\n\n<p>O prefeito Andrezinho Ceciliano acolheu a iniciativa do DEL e se mostrou otimista com os futuros frutos da parceria. Ele ressaltou a import\u00e2ncia de unir for\u00e7as com uma institui\u00e7\u00e3o de prest\u00edgio como a UFRRJ para alavancar o esporte em seu munic\u00edpio e em toda a regi\u00e3o.<\/p>\n\n\n\n<p><strong>A voz da comunidade acad\u00eamica<\/strong><\/p>\n\n\n\n<p>A reuni\u00e3o tamb\u00e9m contou com a participa\u00e7\u00e3o ativa de estudantes do curso de Educa\u00e7\u00e3o F\u00edsica da UFRRJ. Os alunos Tales Ara\u00fajo e Lorena Rodrigues, ambos moradores de Paracambi, expressaram seu entusiasmo com a possibilidade de ver a teoria aprendida em sala de aula aplicada em sua pr\u00f3pria cidade.<\/p>\n\n\n\n<p>\u201cVer a Universidade e a Prefeitura da minha cidade conversando sobre projetos esportivos \u00e9 muito gratificante. N\u00f3s, que vivemos a realidade de Paracambi, sabemos o quanto o esporte pode transformar vidas e criar novas perspectivas\u201d, enfatizou Tales Ara\u00fajo.<\/p>\n\n\n\n<p>Lorena Rodrigues complementou, destacando o potencial da parceria para o desenvolvimento local. \u201cEssa colabora\u00e7\u00e3o pode abrir portas n\u00e3o apenas para os atletas, mas tamb\u00e9m para n\u00f3s, futuros profissionais de Educa\u00e7\u00e3o F\u00edsica. \u00c9 a chance de construirmos uma carreira e, ao mesmo tempo, contribuirmos para o lugar onde vivemos\u201d, disse a estudante.<\/p>\n\n\n\n<p>O encontro, articulado pelo Departamento de Esporte e Lazer, marca o in\u00edcio de um di\u00e1logo promissor. A expectativa \u00e9 que, nos pr\u00f3ximos meses, grupos de trabalho sejam formados para detalhar os projetos e formalizar os acordos que poder\u00e3o consolidar a Baixada Fluminense como um polo de desenvolvimento esportivo e social.<\/p>\n\n\n\n<p><em><strong>Texto e imagem:<\/strong>&nbsp;Jo\u00e3o Vitor Carvalho, jornalista e bolsista de Comunica\u00e7\u00e3o da Prograd\/CCS<\/em><\/p>\n\n\n\n<p><\/p>\n","protected":false},"excerpt":{"rendered":"<p>Encontro durante a Semana Rural sela in\u00edcio de di\u00e1logo para futuros acordos de coopera\u00e7\u00e3o t\u00e9cnica, visando o desenvolvimento regional atrav\u00e9s de pol\u00edticas [&hellip;]<\/p>\n","protected":false},"author":6,"featured_media":934,"comment_status":"open","ping_status":"open","sticky":false,"template":"","format":"standard","meta":{"_acf_changed":false,"footnotes":""},"categories":[3],"tags":[],"class_list":["post-931","post","type-post","status-publish","format-standard","has-post-thumbnail","hentry","category-noticias"],"acf":[],"yoast_head":"<!-- This site is optimized with the Yoast SEO plugin v23.4 - https:\/\/yoast.com\/wordpress\/plugins\/seo\/ -->\n<title>DEL\/UFRRJ articula parceria com Prefeitura de Paracambi para fortalecer o esporte na Baixada Fluminense - Departamento de Esportes e Lazer<\/title>\n<meta name=\"robots\" content=\"index, follow, max-snippet:-1, max-image-preview:large, max-video-preview:-1\" \/>\n<link rel=\"canonical\" href=\"https:\/\/departamentos.ufrrj.br\/del\/2025\/09\/23\/del-ufrrj-articula-parceria-com-prefeitura-de-paracambi-para-fortalecer-o-esporte-na-baixada-fluminense\/\" \/>\n<meta property=\"og:locale\" content=\"pt_BR\" \/>\n<meta property=\"og:type\" content=\"article\" \/>\n<meta property=\"og:title\" content=\"DEL\/UFRRJ articula parceria com Prefeitura de Paracambi para fortalecer o esporte na Baixada Fluminense - Departamento de Esportes e Lazer\" \/>\n<meta property=\"og:description\" content=\"Encontro durante a Semana Rural sela in\u00edcio de di\u00e1logo para futuros acordos de coopera\u00e7\u00e3o t\u00e9cnica, visando o desenvolvimento regional atrav\u00e9s de pol\u00edticas [&hellip;]\" \/>\n<meta property=\"og:url\" content=\"https:\/\/departamentos.ufrrj.br\/del\/2025\/09\/23\/del-ufrrj-articula-parceria-com-prefeitura-de-paracambi-para-fortalecer-o-esporte-na-baixada-fluminense\/\" \/>\n<meta property=\"og:site_name\" content=\"Departamento de Esportes e Lazer\" \/>\n<meta property=\"article:published_time\" content=\"2025-09-23T23:28:53+00:00\" \/>\n<meta property=\"article:modified_time\" content=\"2025-09-23T23:29:19+00:00\" \/>\n<meta property=\"og:image\" content=\"https:\/\/departamentos.ufrrj.br\/del\/wp-content\/uploads\/sites\/5\/2025\/09\/image-47.png\" \/>\n\t<meta property=\"og:image:width\" content=\"1024\" \/>\n\t<meta property=\"og:image:height\" content=\"855\" \/>\n\t<meta property=\"og:image:type\" content=\"image\/png\" \/>\n<meta name=\"author\" content=\"Vin\u00edcius Gev\u00fa\" \/>\n<meta name=\"twitter:card\" content=\"summary_large_image\" \/>\n<meta name=\"twitter:label1\" content=\"Escrito por\" \/>\n\t<meta name=\"twitter:data1\" content=\"Vin\u00edcius Gev\u00fa\" \/>\n\t<meta name=\"twitter:label2\" content=\"Est. tempo de leitura\" \/>\n\t<meta name=\"twitter:data2\" content=\"5 minutos\" \/>\n<script type=\"application\/ld+json\" class=\"yoast-schema-graph\">{\"@context\":\"https:\/\/schema.org\",\"@graph\":[{\"@type\":\"Article\",\"@id\":\"https:\/\/departamentos.ufrrj.br\/del\/2025\/09\/23\/del-ufrrj-articula-parceria-com-prefeitura-de-paracambi-para-fortalecer-o-esporte-na-baixada-fluminense\/#article\",\"isPartOf\":{\"@id\":\"https:\/\/departamentos.ufrrj.br\/del\/2025\/09\/23\/del-ufrrj-articula-parceria-com-prefeitura-de-paracambi-para-fortalecer-o-esporte-na-baixada-fluminense\/\"},\"author\":{\"name\":\"Vin\u00edcius Gev\u00fa\",\"@id\":\"https:\/\/departamentos.ufrrj.br\/del\/#\/schema\/person\/415c97961f5e204055ca772fd633f5ff\"},\"headline\":\"DEL\/UFRRJ articula parceria com Prefeitura de Paracambi para fortalecer o esporte na Baixada Fluminense\",\"datePublished\":\"2025-09-23T23:28:53+00:00\",\"dateModified\":\"2025-09-23T23:29:19+00:00\",\"mainEntityOfPage\":{\"@id\":\"https:\/\/departamentos.ufrrj.br\/del\/2025\/09\/23\/del-ufrrj-articula-parceria-com-prefeitura-de-paracambi-para-fortalecer-o-esporte-na-baixada-fluminense\/\"},\"wordCount\":683,\"commentCount\":0,\"publisher\":{\"@id\":\"https:\/\/departamentos.ufrrj.br\/del\/#organization\"},\"image\":{\"@id\":\"https:\/\/departamentos.ufrrj.br\/del\/2025\/09\/23\/del-ufrrj-articula-parceria-com-prefeitura-de-paracambi-para-fortalecer-o-esporte-na-baixada-fluminense\/#primaryimage\"},\"thumbnailUrl\":\"https:\/\/departamentos.ufrrj.br\/del\/wp-content\/uploads\/sites\/5\/2025\/09\/image-47.png\",\"articleSection\":[\"Not\u00edcias\"],\"inLanguage\":\"pt-BR\",\"potentialAction\":[{\"@type\":\"CommentAction\",\"name\":\"Comment\",\"target\":[\"https:\/\/departamentos.ufrrj.br\/del\/2025\/09\/23\/del-ufrrj-articula-parceria-com-prefeitura-de-paracambi-para-fortalecer-o-esporte-na-baixada-fluminense\/#respond\"]}]},{\"@type\":\"WebPage\",\"@id\":\"https:\/\/departamentos.ufrrj.br\/del\/2025\/09\/23\/del-ufrrj-articula-parceria-com-prefeitura-de-paracambi-para-fortalecer-o-esporte-na-baixada-fluminense\/\",\"url\":\"https:\/\/departamentos.ufrrj.br\/del\/2025\/09\/23\/del-ufrrj-articula-parceria-com-prefeitura-de-paracambi-para-fortalecer-o-esporte-na-baixada-fluminense\/\",\"name\":\"DEL\/UFRRJ articula parceria com Prefeitura de Paracambi para fortalecer o esporte na Baixada Fluminense - Departamento de Esportes e Lazer\",\"isPartOf\":{\"@id\":\"https:\/\/departamentos.ufrrj.br\/del\/#website\"},\"primaryImageOfPage\":{\"@id\":\"https:\/\/departamentos.ufrrj.br\/del\/2025\/09\/23\/del-ufrrj-articula-parceria-com-prefeitura-de-paracambi-para-fortalecer-o-esporte-na-baixada-fluminense\/#primaryimage\"},\"image\":{\"@id\":\"https:\/\/departamentos.ufrrj.br\/del\/2025\/09\/23\/del-ufrrj-articula-parceria-com-prefeitura-de-paracambi-para-fortalecer-o-esporte-na-baixada-fluminense\/#primaryimage\"},\"thumbnailUrl\":\"https:\/\/departamentos.ufrrj.br\/del\/wp-content\/uploads\/sites\/5\/2025\/09\/image-47.png\",\"datePublished\":\"2025-09-23T23:28:53+00:00\",\"dateModified\":\"2025-09-23T23:29:19+00:00\",\"breadcrumb\":{\"@id\":\"https:\/\/departamentos.ufrrj.br\/del\/2025\/09\/23\/del-ufrrj-articula-parceria-com-prefeitura-de-paracambi-para-fortalecer-o-esporte-na-baixada-fluminense\/#breadcrumb\"},\"inLanguage\":\"pt-BR\",\"potentialAction\":[{\"@type\":\"ReadAction\",\"target\":[\"https:\/\/departamentos.ufrrj.br\/del\/2025\/09\/23\/del-ufrrj-articula-parceria-com-prefeitura-de-paracambi-para-fortalecer-o-esporte-na-baixada-fluminense\/\"]}]},{\"@type\":\"ImageObject\",\"inLanguage\":\"pt-BR\",\"@id\":\"https:\/\/departamentos.ufrrj.br\/del\/2025\/09\/23\/del-ufrrj-articula-parceria-com-prefeitura-de-paracambi-para-fortalecer-o-esporte-na-baixada-fluminense\/#primaryimage\",\"url\":\"https:\/\/departamentos.ufrrj.br\/del\/wp-content\/uploads\/sites\/5\/2025\/09\/image-47.png\",\"contentUrl\":\"https:\/\/departamentos.ufrrj.br\/del\/wp-content\/uploads\/sites\/5\/2025\/09\/image-47.png\",\"width\":1024,\"height\":855},{\"@type\":\"BreadcrumbList\",\"@id\":\"https:\/\/departamentos.ufrrj.br\/del\/2025\/09\/23\/del-ufrrj-articula-parceria-com-prefeitura-de-paracambi-para-fortalecer-o-esporte-na-baixada-fluminense\/#breadcrumb\",\"itemListElement\":[{\"@type\":\"ListItem\",\"position\":1,\"name\":\"In\u00edcio\",\"item\":\"https:\/\/departamentos.ufrrj.br\/del\/\"},{\"@type\":\"ListItem\",\"position\":2,\"name\":\"DEL\/UFRRJ articula parceria com Prefeitura de Paracambi para fortalecer o esporte na Baixada Fluminense\"}]},{\"@type\":\"WebSite\",\"@id\":\"https:\/\/departamentos.ufrrj.br\/del\/#website\",\"url\":\"https:\/\/departamentos.ufrrj.br\/del\/\",\"name\":\"Departamento Ci\u00eancias Econ\u00f4micas\",\"description\":\"\",\"publisher\":{\"@id\":\"https:\/\/departamentos.ufrrj.br\/del\/#organization\"},\"potentialAction\":[{\"@type\":\"SearchAction\",\"target\":{\"@type\":\"EntryPoint\",\"urlTemplate\":\"https:\/\/departamentos.ufrrj.br\/del\/?s={search_term_string}\"},\"query-input\":{\"@type\":\"PropertyValueSpecification\",\"valueRequired\":true,\"valueName\":\"search_term_string\"}}],\"inLanguage\":\"pt-BR\"},{\"@type\":\"Organization\",\"@id\":\"https:\/\/departamentos.ufrrj.br\/del\/#organization\",\"name\":\"Departamento Ci\u00eancias Econ\u00f4micas\",\"url\":\"https:\/\/departamentos.ufrrj.br\/del\/\",\"logo\":{\"@type\":\"ImageObject\",\"inLanguage\":\"pt-BR\",\"@id\":\"https:\/\/departamentos.ufrrj.br\/del\/#\/schema\/logo\/image\/\",\"url\":\"https:\/\/departamentos.ufrrj.br\/del\/wp-content\/uploads\/sites\/5\/2025\/03\/Design-sem-nome-4-150x150-1.jpg\",\"contentUrl\":\"https:\/\/departamentos.ufrrj.br\/del\/wp-content\/uploads\/sites\/5\/2025\/03\/Design-sem-nome-4-150x150-1.jpg\",\"width\":150,\"height\":150,\"caption\":\"Departamento Ci\u00eancias Econ\u00f4micas\"},\"image\":{\"@id\":\"https:\/\/departamentos.ufrrj.br\/del\/#\/schema\/logo\/image\/\"},\"sameAs\":[\"https:\/\/www.instagram.com\/del.ufrrj\/\"]},{\"@type\":\"Person\",\"@id\":\"https:\/\/departamentos.ufrrj.br\/del\/#\/schema\/person\/415c97961f5e204055ca772fd633f5ff\",\"name\":\"Vin\u00edcius Gev\u00fa\",\"image\":{\"@type\":\"ImageObject\",\"inLanguage\":\"pt-BR\",\"@id\":\"https:\/\/departamentos.ufrrj.br\/del\/#\/schema\/person\/image\/\",\"url\":\"https:\/\/secure.gravatar.com\/avatar\/6386fc479ea2bf720a23c246cb34dafe?s=96&d=mm&r=g\",\"contentUrl\":\"https:\/\/secure.gravatar.com\/avatar\/6386fc479ea2bf720a23c246cb34dafe?s=96&d=mm&r=g\",\"caption\":\"Vin\u00edcius Gev\u00fa\"},\"description\":\"GLPI 37594\",\"url\":\"https:\/\/departamentos.ufrrj.br\/del\/author\/viniciusgevu\/\"}]}<\/script>\n<!-- \/ Yoast SEO plugin. -->","yoast_head_json":{"title":"DEL\/UFRRJ articula parceria com Prefeitura de Paracambi para fortalecer o esporte na Baixada Fluminense - Departamento de Esportes e Lazer","robots":{"index":"index","follow":"follow","max-snippet":"max-snippet:-1","max-image-preview":"max-image-preview:large","max-video-preview":"max-video-preview:-1"},"canonical":"https:\/\/departamentos.ufrrj.br\/del\/2025\/09\/23\/del-ufrrj-articula-parceria-com-prefeitura-de-paracambi-para-fortalecer-o-esporte-na-baixada-fluminense\/","og_locale":"pt_BR","og_type":"article","og_title":"DEL\/UFRRJ articula parceria com Prefeitura de Paracambi para fortalecer o esporte na Baixada Fluminense - Departamento de Esportes e Lazer","og_description":"Encontro durante a Semana Rural sela in\u00edcio de di\u00e1logo para futuros acordos de coopera\u00e7\u00e3o t\u00e9cnica, visando o desenvolvimento regional atrav\u00e9s de pol\u00edticas [&hellip;]","og_url":"https:\/\/departamentos.ufrrj.br\/del\/2025\/09\/23\/del-ufrrj-articula-parceria-com-prefeitura-de-paracambi-para-fortalecer-o-esporte-na-baixada-fluminense\/","og_site_name":"Departamento de Esportes e Lazer","article_published_time":"2025-09-23T23:28:53+00:00","article_modified_time":"2025-09-23T23:29:19+00:00","og_image":[{"width":1024,"height":855,"url":"https:\/\/departamentos.ufrrj.br\/del\/wp-content\/uploads\/sites\/5\/2025\/09\/image-47.png","type":"image\/png"}],"author":"Vin\u00edcius Gev\u00fa","twitter_card":"summary_large_image","twitter_misc":{"Escrito por":"Vin\u00edcius Gev\u00fa","Est. tempo de leitura":"5 minutos"},"schema":{"@context":"https:\/\/schema.org","@graph":[{"@type":"Article","@id":"https:\/\/departamentos.ufrrj.br\/del\/2025\/09\/23\/del-ufrrj-articula-parceria-com-prefeitura-de-paracambi-para-fortalecer-o-esporte-na-baixada-fluminense\/#article","isPartOf":{"@id":"https:\/\/departamentos.ufrrj.br\/del\/2025\/09\/23\/del-ufrrj-articula-parceria-com-prefeitura-de-paracambi-para-fortalecer-o-esporte-na-baixada-fluminense\/"},"author":{"name":"Vin\u00edcius Gev\u00fa","@id":"https:\/\/departamentos.ufrrj.br\/del\/#\/schema\/person\/415c97961f5e204055ca772fd633f5ff"},"headline":"DEL\/UFRRJ articula parceria com Prefeitura de Paracambi para fortalecer o esporte na Baixada Fluminense","datePublished":"2025-09-23T23:28:53+00:00","dateModified":"2025-09-23T23:29:19+00:00","mainEntityOfPage":{"@id":"https:\/\/departamentos.ufrrj.br\/del\/2025\/09\/23\/del-ufrrj-articula-parceria-com-prefeitura-de-paracambi-para-fortalecer-o-esporte-na-baixada-fluminense\/"},"wordCount":683,"commentCount":0,"publisher":{"@id":"https:\/\/departamentos.ufrrj.br\/del\/#organization"},"image":{"@id":"https:\/\/departamentos.ufrrj.br\/del\/2025\/09\/23\/del-ufrrj-articula-parceria-com-prefeitura-de-paracambi-para-fortalecer-o-esporte-na-baixada-fluminense\/#primaryimage"},"thumbnailUrl":"https:\/\/departamentos.ufrrj.br\/del\/wp-content\/uploads\/sites\/5\/2025\/09\/image-47.png","articleSection":["Not\u00edcias"],"inLanguage":"pt-BR","potentialAction":[{"@type":"CommentAction","name":"Comment","target":["https:\/\/departamentos.ufrrj.br\/del\/2025\/09\/23\/del-ufrrj-articula-parceria-com-prefeitura-de-paracambi-para-fortalecer-o-esporte-na-baixada-fluminense\/#respond"]}]},{"@type":"WebPage","@id":"https:\/\/departamentos.ufrrj.br\/del\/2025\/09\/23\/del-ufrrj-articula-parceria-com-prefeitura-de-paracambi-para-fortalecer-o-esporte-na-baixada-fluminense\/","url":"https:\/\/departamentos.ufrrj.br\/del\/2025\/09\/23\/del-ufrrj-articula-parceria-com-prefeitura-de-paracambi-para-fortalecer-o-esporte-na-baixada-fluminense\/","name":"DEL\/UFRRJ articula parceria com Prefeitura de Paracambi para fortalecer o esporte na Baixada Fluminense - Departamento de Esportes e Lazer","isPartOf":{"@id":"https:\/\/departamentos.ufrrj.br\/del\/#website"},"primaryImageOfPage":{"@id":"https:\/\/departamentos.ufrrj.br\/del\/2025\/09\/23\/del-ufrrj-articula-parceria-com-prefeitura-de-paracambi-para-fortalecer-o-esporte-na-baixada-fluminense\/#primaryimage"},"image":{"@id":"https:\/\/departamentos.ufrrj.br\/del\/2025\/09\/23\/del-ufrrj-articula-parceria-com-prefeitura-de-paracambi-para-fortalecer-o-esporte-na-baixada-fluminense\/#primaryimage"},"thumbnailUrl":"https:\/\/departamentos.ufrrj.br\/del\/wp-content\/uploads\/sites\/5\/2025\/09\/image-47.png","datePublished":"2025-09-23T23:28:53+00:00","dateModified":"2025-09-23T23:29:19+00:00","breadcrumb":{"@id":"https:\/\/departamentos.ufrrj.br\/del\/2025\/09\/23\/del-ufrrj-articula-parceria-com-prefeitura-de-paracambi-para-fortalecer-o-esporte-na-baixada-fluminense\/#breadcrumb"},"inLanguage":"pt-BR","potentialAction":[{"@type":"ReadAction","target":["https:\/\/departamentos.ufrrj.br\/del\/2025\/09\/23\/del-ufrrj-articula-parceria-com-prefeitura-de-paracambi-para-fortalecer-o-esporte-na-baixada-fluminense\/"]}]},{"@type":"ImageObject","inLanguage":"pt-BR","@id":"https:\/\/departamentos.ufrrj.br\/del\/2025\/09\/23\/del-ufrrj-articula-parceria-com-prefeitura-de-paracambi-para-fortalecer-o-esporte-na-baixada-fluminense\/#primaryimage","url":"https:\/\/departamentos.ufrrj.br\/del\/wp-content\/uploads\/sites\/5\/2025\/09\/image-47.png","contentUrl":"https:\/\/departamentos.ufrrj.br\/del\/wp-content\/uploads\/sites\/5\/2025\/09\/image-47.png","width":1024,"height":855},{"@type":"BreadcrumbList","@id":"https:\/\/departamentos.ufrrj.br\/del\/2025\/09\/23\/del-ufrrj-articula-parceria-com-prefeitura-de-paracambi-para-fortalecer-o-esporte-na-baixada-fluminense\/#breadcrumb","itemListElement":[{"@type":"ListItem","position":1,"name":"In\u00edcio","item":"https:\/\/departamentos.ufrrj.br\/del\/"},{"@type":"ListItem","position":2,"name":"DEL\/UFRRJ articula parceria com Prefeitura de Paracambi para fortalecer o esporte na Baixada Fluminense"}]},{"@type":"WebSite","@id":"https:\/\/departamentos.ufrrj.br\/del\/#website","url":"https:\/\/departamentos.ufrrj.br\/del\/","name":"Departamento Ci\u00eancias Econ\u00f4micas","description":"","publisher":{"@id":"https:\/\/departamentos.ufrrj.br\/del\/#organization"},"potentialAction":[{"@type":"SearchAction","target":{"@type":"EntryPoint","urlTemplate":"https:\/\/departamentos.ufrrj.br\/del\/?s={search_term_string}"},"query-input":{"@type":"PropertyValueSpecification","valueRequired":true,"valueName":"search_term_string"}}],"inLanguage":"pt-BR"},{"@type":"Organization","@id":"https:\/\/departamentos.ufrrj.br\/del\/#organization","name":"Departamento Ci\u00eancias Econ\u00f4micas","url":"https:\/\/departamentos.ufrrj.br\/del\/","logo":{"@type":"ImageObject","inLanguage":"pt-BR","@id":"https:\/\/departamentos.ufrrj.br\/del\/#\/schema\/logo\/image\/","url":"https:\/\/departamentos.ufrrj.br\/del\/wp-content\/uploads\/sites\/5\/2025\/03\/Design-sem-nome-4-150x150-1.jpg","contentUrl":"https:\/\/departamentos.ufrrj.br\/del\/wp-content\/uploads\/sites\/5\/2025\/03\/Design-sem-nome-4-150x150-1.jpg","width":150,"height":150,"caption":"Departamento Ci\u00eancias Econ\u00f4micas"},"image":{"@id":"https:\/\/departamentos.ufrrj.br\/del\/#\/schema\/logo\/image\/"},"sameAs":["https:\/\/www.instagram.com\/del.ufrrj\/"]},{"@type":"Person","@id":"https:\/\/departamentos.ufrrj.br\/del\/#\/schema\/person\/415c97961f5e204055ca772fd633f5ff","name":"Vin\u00edcius Gev\u00fa","image":{"@type":"ImageObject","inLanguage":"pt-BR","@id":"https:\/\/departamentos.ufrrj.br\/del\/#\/schema\/person\/image\/","url":"https:\/\/secure.gravatar.com\/avatar\/6386fc479ea2bf720a23c246cb34dafe?s=96&d=mm&r=g","contentUrl":"https:\/\/secure.gravatar.com\/avatar\/6386fc479ea2bf720a23c246cb34dafe?s=96&d=mm&r=g","caption":"Vin\u00edcius Gev\u00fa"},"description":"GLPI 37594","url":"https:\/\/departamentos.ufrrj.br\/del\/author\/viniciusgevu\/"}]}},"_links":{"self":[{"href":"https:\/\/departamentos.ufrrj.br\/del\/wp-json\/wp\/v2\/posts\/931"}],"collection":[{"href":"https:\/\/departamentos.ufrrj.br\/del\/wp-json\/wp\/v2\/posts"}],"about":[{"href":"https:\/\/departamentos.ufrrj.br\/del\/wp-json\/wp\/v2\/types\/post"}],"author":[{"embeddable":true,"href":"https:\/\/departamentos.ufrrj.br\/del\/wp-json\/wp\/v2\/users\/6"}],"replies":[{"embeddable":true,"href":"https:\/\/departamentos.ufrrj.br\/del\/wp-json\/wp\/v2\/comments?post=931"}],"version-history":[{"count":1,"href":"https:\/\/departamentos.ufrrj.br\/del\/wp-json\/wp\/v2\/posts\/931\/revisions"}],"predecessor-version":[{"id":937,"href":"https:\/\/departamentos.ufrrj.br\/del\/wp-json\/wp\/v2\/posts\/931\/revisions\/937"}],"wp:featuredmedia":[{"embeddable":true,"href":"https:\/\/departamentos.ufrrj.br\/del\/wp-json\/wp\/v2\/media\/934"}],"wp:attachment":[{"href":"https:\/\/departamentos.ufrrj.br\/del\/wp-json\/wp\/v2\/media?parent=931"}],"wp:term":[{"taxonomy":"category","embeddable":true,"href":"https:\/\/departamentos.ufrrj.br\/del\/wp-json\/wp\/v2\/categories?post=931"},{"taxonomy":"post_tag","embeddable":true,"href":"https:\/\/departamentos.ufrrj.br\/del\/wp-json\/wp\/v2\/tags?post=931"}],"curies":[{"name":"wp","href":"https:\/\/api.w.org\/{rel}","templated":true}]}}