{"id":938,"date":"2025-09-23T20:31:38","date_gmt":"2025-09-23T23:31:38","guid":{"rendered":"https:\/\/departamentos.ufrrj.br\/del\/?p=938"},"modified":"2025-09-23T20:31:40","modified_gmt":"2025-09-23T23:31:40","slug":"movimento-saude-127-testes-de-ists-realizados-e-plano-de-expansao-para-a-baixada-fluminense","status":"publish","type":"post","link":"https:\/\/departamentos.ufrrj.br\/del\/2025\/09\/23\/movimento-saude-127-testes-de-ists-realizados-e-plano-de-expansao-para-a-baixada-fluminense\/","title":{"rendered":"Movimento Sa\u00fade: 127 testes de ISTs realizados e plano de expans\u00e3o para a Baixada Fluminense"},"content":{"rendered":"\n<p>O projeto Movimento Sa\u00fade, realizado em 19\/03, na Pra\u00e7a da Alegria da Universidade Federal Rural do Rio de Janeiro (UFRRJ), c\u00e2mpus Serop\u00e9dica, superou expectativas com a realiza\u00e7\u00e3o de 127 testes r\u00e1pidos para Infec\u00e7\u00f5es Sexualmente Transmiss\u00edveis (ISTs), todos conduzidos conforme os protocolos da Organiza\u00e7\u00e3o Mundial da Sa\u00fade (OMS). Al\u00e9m dos exames, o evento ofereceu atendimentos gratuitos em sa\u00fade f\u00edsica e mental, consolidando-se como uma a\u00e7\u00e3o de preven\u00e7\u00e3o e promo\u00e7\u00e3o do bem-estar dentro e fora do ambiente acad\u00eamico.<\/p>\n\n\n\n<figure class=\"wp-block-image size-full\"><img loading=\"lazy\" decoding=\"async\" width=\"1024\" height=\"768\" src=\"https:\/\/departamentos.ufrrj.br\/del\/wp-content\/uploads\/sites\/5\/2025\/09\/image-50.png\" alt=\"\" class=\"wp-image-939\" srcset=\"https:\/\/departamentos.ufrrj.br\/del\/wp-content\/uploads\/sites\/5\/2025\/09\/image-50.png 1024w, https:\/\/departamentos.ufrrj.br\/del\/wp-content\/uploads\/sites\/5\/2025\/09\/image-50-300x225.png 300w, https:\/\/departamentos.ufrrj.br\/del\/wp-content\/uploads\/sites\/5\/2025\/09\/image-50-768x576.png 768w, https:\/\/departamentos.ufrrj.br\/del\/wp-content\/uploads\/sites\/5\/2025\/09\/image-50-93x70.png 93w\" sizes=\"(max-width: 1024px) 100vw, 1024px\" \/><figcaption class=\"wp-element-caption\">Projeto Movimento Sa\u00fade, realizado em 19\/03, na Pra\u00e7a da Alegria<\/figcaption><\/figure>\n\n\n\n<p>A iniciativa, organizada pelo Departamento de Esporte e Lazer em parceria com a Pr\u00f3-Reitoria de Assuntos Estudantis (Proaes), contou com o apoio de entidades como a ONG Pela Vidda, o projeto Derrubando Muros e o Movimento Popular Construindo uma Nova Serop\u00e9dica. Agora, os organizadores miram uma expans\u00e3o do projeto para a Baixada Fluminense, regi\u00e3o que enfrenta car\u00eancia de pol\u00edticas preventivas em sa\u00fade.<\/p>\n\n\n\n<p><strong>Preven\u00e7\u00e3o que alivia o SUS e salva vidas<\/strong><br><br>Thiago Rosa, diretor do Departamento de Esporte e Lazer da UFRRJ, destacou a import\u00e2ncia de ampliar o alcance do Movimento Sa\u00fade: \u201cA Baixada Fluminense \u00e9 uma regi\u00e3o que sofre com a escassez de iniciativas preventivas em sa\u00fade. Levar a\u00e7\u00f5es como essa para al\u00e9m dos muros da universidade n\u00e3o s\u00f3 melhora a qualidade de vida da popula\u00e7\u00e3o, mas tamb\u00e9m gera uma economicidade para o SUS, que hoje enfrenta uma sobrecarga de demandas. Quando atuamos na preven\u00e7\u00e3o, reduzimos os custos com tratamentos de doen\u00e7as evit\u00e1veis e, mais importante, salvamos vidas\u201d, ressaltou.<\/p>\n\n\n\n<p>A fala de Thiago refor\u00e7a o car\u00e1ter estrat\u00e9gico do projeto, que alia educa\u00e7\u00e3o em sa\u00fade, atendimento humanizado e impacto social, aliviando a press\u00e3o sobre o sistema p\u00fablico e garantindo acesso a servi\u00e7os essenciais para popula\u00e7\u00f5es vulner\u00e1veis.<\/p>\n\n\n\n<p><strong>Pr\u00f3ximos passos: da Universidade para a comunidade<\/strong><br><br>Com os 127 testes de ISTs realizados e devidamente orientados, al\u00e9m de centenas de outros atendimentos, o Movimento Sa\u00fade comprovou sua efic\u00e1cia como modelo de interven\u00e7\u00e3o comunit\u00e1ria. A proposta agora \u00e9 fortalecer parcerias com prefeituras, movimentos sociais e \u00f3rg\u00e3os de sa\u00fade para estender as a\u00e7\u00f5es a munic\u00edpios da Baixada, como Nova Igua\u00e7u, Duque de Caxias e S\u00e3o Jo\u00e3o de Meriti.<\/p>\n\n\n\n<p>\u201cQueremos transformar esse projeto em uma pol\u00edtica permanente, levando n\u00e3o s\u00f3 testes e consultas, mas tamb\u00e9m oficinas de preven\u00e7\u00e3o, rodas de conversa e capacita\u00e7\u00e3o de agentes comunit\u00e1rios,\u201d complementou Thiago Rosa.<\/p>\n\n\n\n<p><strong>UFRRJ como agente de transforma\u00e7\u00e3o social<\/strong><br><br>A iniciativa refor\u00e7a o compromisso da UFRRJ com a integra\u00e7\u00e3o entre universidade e sociedade, promovendo sa\u00fade de forma acess\u00edvel, gratuita e de qualidade. Para a Reitoria, a expans\u00e3o do Movimento Sa\u00fade representa um passo fundamental na consolida\u00e7\u00e3o da universidade como espa\u00e7o de inova\u00e7\u00e3o e impacto social positivo.<\/p>\n\n\n\n<p>Enquanto os organizadores trabalham nos detalhes da pr\u00f3xima edi\u00e7\u00e3o, uma coisa \u00e9 certa: a sa\u00fade p\u00fablica ganha quando a universidade ocupa seu papel de agente transformador.<\/p>\n\n\n\n<p><em><strong>Texto e fotos:<\/strong><\/em>&nbsp;<em>Jo\u00e3o Vitor Freitas<\/em>,&nbsp;<em>estudante de Jornalismo da UFRRJ<\/em>&nbsp;<em>em colabora\u00e7\u00e3o com o DEL\/Proext<\/em><\/p>\n","protected":false},"excerpt":{"rendered":"<p>O projeto Movimento Sa\u00fade, realizado em 19\/03, na Pra\u00e7a da Alegria da Universidade Federal Rural do Rio de Janeiro (UFRRJ), c\u00e2mpus Serop\u00e9dica, [&hellip;]<\/p>\n","protected":false},"author":6,"featured_media":939,"comment_status":"open","ping_status":"open","sticky":false,"template":"","format":"standard","meta":{"_acf_changed":false,"footnotes":""},"categories":[3],"tags":[],"class_list":["post-938","post","type-post","status-publish","format-standard","has-post-thumbnail","hentry","category-noticias"],"acf":[],"yoast_head":"<!-- This site is optimized with the Yoast SEO plugin v23.4 - https:\/\/yoast.com\/wordpress\/plugins\/seo\/ -->\n<title>Movimento Sa\u00fade: 127 testes de ISTs realizados e plano de expans\u00e3o para a Baixada Fluminense - Departamento de Esportes e Lazer<\/title>\n<meta name=\"robots\" content=\"index, follow, max-snippet:-1, max-image-preview:large, max-video-preview:-1\" \/>\n<link rel=\"canonical\" href=\"https:\/\/departamentos.ufrrj.br\/del\/2025\/09\/23\/movimento-saude-127-testes-de-ists-realizados-e-plano-de-expansao-para-a-baixada-fluminense\/\" \/>\n<meta property=\"og:locale\" content=\"pt_BR\" \/>\n<meta property=\"og:type\" content=\"article\" \/>\n<meta property=\"og:title\" content=\"Movimento Sa\u00fade: 127 testes de ISTs realizados e plano de expans\u00e3o para a Baixada Fluminense - Departamento de Esportes e Lazer\" \/>\n<meta property=\"og:description\" content=\"O projeto Movimento Sa\u00fade, realizado em 19\/03, na Pra\u00e7a da Alegria da Universidade Federal Rural do Rio de Janeiro (UFRRJ), c\u00e2mpus Serop\u00e9dica, [&hellip;]\" \/>\n<meta property=\"og:url\" content=\"https:\/\/departamentos.ufrrj.br\/del\/2025\/09\/23\/movimento-saude-127-testes-de-ists-realizados-e-plano-de-expansao-para-a-baixada-fluminense\/\" \/>\n<meta property=\"og:site_name\" content=\"Departamento de Esportes e Lazer\" \/>\n<meta property=\"article:published_time\" content=\"2025-09-23T23:31:38+00:00\" \/>\n<meta property=\"article:modified_time\" content=\"2025-09-23T23:31:40+00:00\" \/>\n<meta property=\"og:image\" content=\"https:\/\/departamentos.ufrrj.br\/del\/wp-content\/uploads\/sites\/5\/2025\/09\/image-50.png\" \/>\n\t<meta property=\"og:image:width\" content=\"1024\" \/>\n\t<meta property=\"og:image:height\" content=\"768\" \/>\n\t<meta property=\"og:image:type\" content=\"image\/png\" \/>\n<meta name=\"author\" content=\"Vin\u00edcius Gev\u00fa\" \/>\n<meta name=\"twitter:card\" content=\"summary_large_image\" \/>\n<meta name=\"twitter:label1\" content=\"Escrito por\" \/>\n\t<meta name=\"twitter:data1\" content=\"Vin\u00edcius Gev\u00fa\" \/>\n\t<meta name=\"twitter:label2\" content=\"Est. tempo de leitura\" \/>\n\t<meta name=\"twitter:data2\" content=\"4 minutos\" \/>\n<script type=\"application\/ld+json\" class=\"yoast-schema-graph\">{\"@context\":\"https:\/\/schema.org\",\"@graph\":[{\"@type\":\"Article\",\"@id\":\"https:\/\/departamentos.ufrrj.br\/del\/2025\/09\/23\/movimento-saude-127-testes-de-ists-realizados-e-plano-de-expansao-para-a-baixada-fluminense\/#article\",\"isPartOf\":{\"@id\":\"https:\/\/departamentos.ufrrj.br\/del\/2025\/09\/23\/movimento-saude-127-testes-de-ists-realizados-e-plano-de-expansao-para-a-baixada-fluminense\/\"},\"author\":{\"name\":\"Vin\u00edcius Gev\u00fa\",\"@id\":\"https:\/\/departamentos.ufrrj.br\/del\/#\/schema\/person\/415c97961f5e204055ca772fd633f5ff\"},\"headline\":\"Movimento Sa\u00fade: 127 testes de ISTs realizados e plano de expans\u00e3o para a Baixada Fluminense\",\"datePublished\":\"2025-09-23T23:31:38+00:00\",\"dateModified\":\"2025-09-23T23:31:40+00:00\",\"mainEntityOfPage\":{\"@id\":\"https:\/\/departamentos.ufrrj.br\/del\/2025\/09\/23\/movimento-saude-127-testes-de-ists-realizados-e-plano-de-expansao-para-a-baixada-fluminense\/\"},\"wordCount\":570,\"commentCount\":0,\"publisher\":{\"@id\":\"https:\/\/departamentos.ufrrj.br\/del\/#organization\"},\"image\":{\"@id\":\"https:\/\/departamentos.ufrrj.br\/del\/2025\/09\/23\/movimento-saude-127-testes-de-ists-realizados-e-plano-de-expansao-para-a-baixada-fluminense\/#primaryimage\"},\"thumbnailUrl\":\"https:\/\/departamentos.ufrrj.br\/del\/wp-content\/uploads\/sites\/5\/2025\/09\/image-50.png\",\"articleSection\":[\"Not\u00edcias\"],\"inLanguage\":\"pt-BR\",\"potentialAction\":[{\"@type\":\"CommentAction\",\"name\":\"Comment\",\"target\":[\"https:\/\/departamentos.ufrrj.br\/del\/2025\/09\/23\/movimento-saude-127-testes-de-ists-realizados-e-plano-de-expansao-para-a-baixada-fluminense\/#respond\"]}]},{\"@type\":\"WebPage\",\"@id\":\"https:\/\/departamentos.ufrrj.br\/del\/2025\/09\/23\/movimento-saude-127-testes-de-ists-realizados-e-plano-de-expansao-para-a-baixada-fluminense\/\",\"url\":\"https:\/\/departamentos.ufrrj.br\/del\/2025\/09\/23\/movimento-saude-127-testes-de-ists-realizados-e-plano-de-expansao-para-a-baixada-fluminense\/\",\"name\":\"Movimento Sa\u00fade: 127 testes de ISTs realizados e plano de expans\u00e3o para a Baixada Fluminense - Departamento de Esportes e Lazer\",\"isPartOf\":{\"@id\":\"https:\/\/departamentos.ufrrj.br\/del\/#website\"},\"primaryImageOfPage\":{\"@id\":\"https:\/\/departamentos.ufrrj.br\/del\/2025\/09\/23\/movimento-saude-127-testes-de-ists-realizados-e-plano-de-expansao-para-a-baixada-fluminense\/#primaryimage\"},\"image\":{\"@id\":\"https:\/\/departamentos.ufrrj.br\/del\/2025\/09\/23\/movimento-saude-127-testes-de-ists-realizados-e-plano-de-expansao-para-a-baixada-fluminense\/#primaryimage\"},\"thumbnailUrl\":\"https:\/\/departamentos.ufrrj.br\/del\/wp-content\/uploads\/sites\/5\/2025\/09\/image-50.png\",\"datePublished\":\"2025-09-23T23:31:38+00:00\",\"dateModified\":\"2025-09-23T23:31:40+00:00\",\"breadcrumb\":{\"@id\":\"https:\/\/departamentos.ufrrj.br\/del\/2025\/09\/23\/movimento-saude-127-testes-de-ists-realizados-e-plano-de-expansao-para-a-baixada-fluminense\/#breadcrumb\"},\"inLanguage\":\"pt-BR\",\"potentialAction\":[{\"@type\":\"ReadAction\",\"target\":[\"https:\/\/departamentos.ufrrj.br\/del\/2025\/09\/23\/movimento-saude-127-testes-de-ists-realizados-e-plano-de-expansao-para-a-baixada-fluminense\/\"]}]},{\"@type\":\"ImageObject\",\"inLanguage\":\"pt-BR\",\"@id\":\"https:\/\/departamentos.ufrrj.br\/del\/2025\/09\/23\/movimento-saude-127-testes-de-ists-realizados-e-plano-de-expansao-para-a-baixada-fluminense\/#primaryimage\",\"url\":\"https:\/\/departamentos.ufrrj.br\/del\/wp-content\/uploads\/sites\/5\/2025\/09\/image-50.png\",\"contentUrl\":\"https:\/\/departamentos.ufrrj.br\/del\/wp-content\/uploads\/sites\/5\/2025\/09\/image-50.png\",\"width\":1024,\"height\":768},{\"@type\":\"BreadcrumbList\",\"@id\":\"https:\/\/departamentos.ufrrj.br\/del\/2025\/09\/23\/movimento-saude-127-testes-de-ists-realizados-e-plano-de-expansao-para-a-baixada-fluminense\/#breadcrumb\",\"itemListElement\":[{\"@type\":\"ListItem\",\"position\":1,\"name\":\"In\u00edcio\",\"item\":\"https:\/\/departamentos.ufrrj.br\/del\/\"},{\"@type\":\"ListItem\",\"position\":2,\"name\":\"Movimento Sa\u00fade: 127 testes de ISTs realizados e plano de expans\u00e3o para a Baixada Fluminense\"}]},{\"@type\":\"WebSite\",\"@id\":\"https:\/\/departamentos.ufrrj.br\/del\/#website\",\"url\":\"https:\/\/departamentos.ufrrj.br\/del\/\",\"name\":\"Departamento Ci\u00eancias Econ\u00f4micas\",\"description\":\"\",\"publisher\":{\"@id\":\"https:\/\/departamentos.ufrrj.br\/del\/#organization\"},\"potentialAction\":[{\"@type\":\"SearchAction\",\"target\":{\"@type\":\"EntryPoint\",\"urlTemplate\":\"https:\/\/departamentos.ufrrj.br\/del\/?s={search_term_string}\"},\"query-input\":{\"@type\":\"PropertyValueSpecification\",\"valueRequired\":true,\"valueName\":\"search_term_string\"}}],\"inLanguage\":\"pt-BR\"},{\"@type\":\"Organization\",\"@id\":\"https:\/\/departamentos.ufrrj.br\/del\/#organization\",\"name\":\"Departamento Ci\u00eancias Econ\u00f4micas\",\"url\":\"https:\/\/departamentos.ufrrj.br\/del\/\",\"logo\":{\"@type\":\"ImageObject\",\"inLanguage\":\"pt-BR\",\"@id\":\"https:\/\/departamentos.ufrrj.br\/del\/#\/schema\/logo\/image\/\",\"url\":\"https:\/\/departamentos.ufrrj.br\/del\/wp-content\/uploads\/sites\/5\/2025\/03\/Design-sem-nome-4-150x150-1.jpg\",\"contentUrl\":\"https:\/\/departamentos.ufrrj.br\/del\/wp-content\/uploads\/sites\/5\/2025\/03\/Design-sem-nome-4-150x150-1.jpg\",\"width\":150,\"height\":150,\"caption\":\"Departamento Ci\u00eancias Econ\u00f4micas\"},\"image\":{\"@id\":\"https:\/\/departamentos.ufrrj.br\/del\/#\/schema\/logo\/image\/\"},\"sameAs\":[\"https:\/\/www.instagram.com\/del.ufrrj\/\"]},{\"@type\":\"Person\",\"@id\":\"https:\/\/departamentos.ufrrj.br\/del\/#\/schema\/person\/415c97961f5e204055ca772fd633f5ff\",\"name\":\"Vin\u00edcius Gev\u00fa\",\"image\":{\"@type\":\"ImageObject\",\"inLanguage\":\"pt-BR\",\"@id\":\"https:\/\/departamentos.ufrrj.br\/del\/#\/schema\/person\/image\/\",\"url\":\"https:\/\/secure.gravatar.com\/avatar\/6386fc479ea2bf720a23c246cb34dafe?s=96&d=mm&r=g\",\"contentUrl\":\"https:\/\/secure.gravatar.com\/avatar\/6386fc479ea2bf720a23c246cb34dafe?s=96&d=mm&r=g\",\"caption\":\"Vin\u00edcius Gev\u00fa\"},\"description\":\"GLPI 37594\",\"url\":\"https:\/\/departamentos.ufrrj.br\/del\/author\/viniciusgevu\/\"}]}<\/script>\n<!-- \/ Yoast SEO plugin. -->","yoast_head_json":{"title":"Movimento Sa\u00fade: 127 testes de ISTs realizados e plano de expans\u00e3o para a Baixada Fluminense - Departamento de Esportes e Lazer","robots":{"index":"index","follow":"follow","max-snippet":"max-snippet:-1","max-image-preview":"max-image-preview:large","max-video-preview":"max-video-preview:-1"},"canonical":"https:\/\/departamentos.ufrrj.br\/del\/2025\/09\/23\/movimento-saude-127-testes-de-ists-realizados-e-plano-de-expansao-para-a-baixada-fluminense\/","og_locale":"pt_BR","og_type":"article","og_title":"Movimento Sa\u00fade: 127 testes de ISTs realizados e plano de expans\u00e3o para a Baixada Fluminense - Departamento de Esportes e Lazer","og_description":"O projeto Movimento Sa\u00fade, realizado em 19\/03, na Pra\u00e7a da Alegria da Universidade Federal Rural do Rio de Janeiro (UFRRJ), c\u00e2mpus Serop\u00e9dica, [&hellip;]","og_url":"https:\/\/departamentos.ufrrj.br\/del\/2025\/09\/23\/movimento-saude-127-testes-de-ists-realizados-e-plano-de-expansao-para-a-baixada-fluminense\/","og_site_name":"Departamento de Esportes e Lazer","article_published_time":"2025-09-23T23:31:38+00:00","article_modified_time":"2025-09-23T23:31:40+00:00","og_image":[{"width":1024,"height":768,"url":"https:\/\/departamentos.ufrrj.br\/del\/wp-content\/uploads\/sites\/5\/2025\/09\/image-50.png","type":"image\/png"}],"author":"Vin\u00edcius Gev\u00fa","twitter_card":"summary_large_image","twitter_misc":{"Escrito por":"Vin\u00edcius Gev\u00fa","Est. tempo de leitura":"4 minutos"},"schema":{"@context":"https:\/\/schema.org","@graph":[{"@type":"Article","@id":"https:\/\/departamentos.ufrrj.br\/del\/2025\/09\/23\/movimento-saude-127-testes-de-ists-realizados-e-plano-de-expansao-para-a-baixada-fluminense\/#article","isPartOf":{"@id":"https:\/\/departamentos.ufrrj.br\/del\/2025\/09\/23\/movimento-saude-127-testes-de-ists-realizados-e-plano-de-expansao-para-a-baixada-fluminense\/"},"author":{"name":"Vin\u00edcius Gev\u00fa","@id":"https:\/\/departamentos.ufrrj.br\/del\/#\/schema\/person\/415c97961f5e204055ca772fd633f5ff"},"headline":"Movimento Sa\u00fade: 127 testes de ISTs realizados e plano de expans\u00e3o para a Baixada Fluminense","datePublished":"2025-09-23T23:31:38+00:00","dateModified":"2025-09-23T23:31:40+00:00","mainEntityOfPage":{"@id":"https:\/\/departamentos.ufrrj.br\/del\/2025\/09\/23\/movimento-saude-127-testes-de-ists-realizados-e-plano-de-expansao-para-a-baixada-fluminense\/"},"wordCount":570,"commentCount":0,"publisher":{"@id":"https:\/\/departamentos.ufrrj.br\/del\/#organization"},"image":{"@id":"https:\/\/departamentos.ufrrj.br\/del\/2025\/09\/23\/movimento-saude-127-testes-de-ists-realizados-e-plano-de-expansao-para-a-baixada-fluminense\/#primaryimage"},"thumbnailUrl":"https:\/\/departamentos.ufrrj.br\/del\/wp-content\/uploads\/sites\/5\/2025\/09\/image-50.png","articleSection":["Not\u00edcias"],"inLanguage":"pt-BR","potentialAction":[{"@type":"CommentAction","name":"Comment","target":["https:\/\/departamentos.ufrrj.br\/del\/2025\/09\/23\/movimento-saude-127-testes-de-ists-realizados-e-plano-de-expansao-para-a-baixada-fluminense\/#respond"]}]},{"@type":"WebPage","@id":"https:\/\/departamentos.ufrrj.br\/del\/2025\/09\/23\/movimento-saude-127-testes-de-ists-realizados-e-plano-de-expansao-para-a-baixada-fluminense\/","url":"https:\/\/departamentos.ufrrj.br\/del\/2025\/09\/23\/movimento-saude-127-testes-de-ists-realizados-e-plano-de-expansao-para-a-baixada-fluminense\/","name":"Movimento Sa\u00fade: 127 testes de ISTs realizados e plano de expans\u00e3o para a Baixada Fluminense - Departamento de Esportes e Lazer","isPartOf":{"@id":"https:\/\/departamentos.ufrrj.br\/del\/#website"},"primaryImageOfPage":{"@id":"https:\/\/departamentos.ufrrj.br\/del\/2025\/09\/23\/movimento-saude-127-testes-de-ists-realizados-e-plano-de-expansao-para-a-baixada-fluminense\/#primaryimage"},"image":{"@id":"https:\/\/departamentos.ufrrj.br\/del\/2025\/09\/23\/movimento-saude-127-testes-de-ists-realizados-e-plano-de-expansao-para-a-baixada-fluminense\/#primaryimage"},"thumbnailUrl":"https:\/\/departamentos.ufrrj.br\/del\/wp-content\/uploads\/sites\/5\/2025\/09\/image-50.png","datePublished":"2025-09-23T23:31:38+00:00","dateModified":"2025-09-23T23:31:40+00:00","breadcrumb":{"@id":"https:\/\/departamentos.ufrrj.br\/del\/2025\/09\/23\/movimento-saude-127-testes-de-ists-realizados-e-plano-de-expansao-para-a-baixada-fluminense\/#breadcrumb"},"inLanguage":"pt-BR","potentialAction":[{"@type":"ReadAction","target":["https:\/\/departamentos.ufrrj.br\/del\/2025\/09\/23\/movimento-saude-127-testes-de-ists-realizados-e-plano-de-expansao-para-a-baixada-fluminense\/"]}]},{"@type":"ImageObject","inLanguage":"pt-BR","@id":"https:\/\/departamentos.ufrrj.br\/del\/2025\/09\/23\/movimento-saude-127-testes-de-ists-realizados-e-plano-de-expansao-para-a-baixada-fluminense\/#primaryimage","url":"https:\/\/departamentos.ufrrj.br\/del\/wp-content\/uploads\/sites\/5\/2025\/09\/image-50.png","contentUrl":"https:\/\/departamentos.ufrrj.br\/del\/wp-content\/uploads\/sites\/5\/2025\/09\/image-50.png","width":1024,"height":768},{"@type":"BreadcrumbList","@id":"https:\/\/departamentos.ufrrj.br\/del\/2025\/09\/23\/movimento-saude-127-testes-de-ists-realizados-e-plano-de-expansao-para-a-baixada-fluminense\/#breadcrumb","itemListElement":[{"@type":"ListItem","position":1,"name":"In\u00edcio","item":"https:\/\/departamentos.ufrrj.br\/del\/"},{"@type":"ListItem","position":2,"name":"Movimento Sa\u00fade: 127 testes de ISTs realizados e plano de expans\u00e3o para a Baixada Fluminense"}]},{"@type":"WebSite","@id":"https:\/\/departamentos.ufrrj.br\/del\/#website","url":"https:\/\/departamentos.ufrrj.br\/del\/","name":"Departamento Ci\u00eancias Econ\u00f4micas","description":"","publisher":{"@id":"https:\/\/departamentos.ufrrj.br\/del\/#organization"},"potentialAction":[{"@type":"SearchAction","target":{"@type":"EntryPoint","urlTemplate":"https:\/\/departamentos.ufrrj.br\/del\/?s={search_term_string}"},"query-input":{"@type":"PropertyValueSpecification","valueRequired":true,"valueName":"search_term_string"}}],"inLanguage":"pt-BR"},{"@type":"Organization","@id":"https:\/\/departamentos.ufrrj.br\/del\/#organization","name":"Departamento Ci\u00eancias Econ\u00f4micas","url":"https:\/\/departamentos.ufrrj.br\/del\/","logo":{"@type":"ImageObject","inLanguage":"pt-BR","@id":"https:\/\/departamentos.ufrrj.br\/del\/#\/schema\/logo\/image\/","url":"https:\/\/departamentos.ufrrj.br\/del\/wp-content\/uploads\/sites\/5\/2025\/03\/Design-sem-nome-4-150x150-1.jpg","contentUrl":"https:\/\/departamentos.ufrrj.br\/del\/wp-content\/uploads\/sites\/5\/2025\/03\/Design-sem-nome-4-150x150-1.jpg","width":150,"height":150,"caption":"Departamento Ci\u00eancias Econ\u00f4micas"},"image":{"@id":"https:\/\/departamentos.ufrrj.br\/del\/#\/schema\/logo\/image\/"},"sameAs":["https:\/\/www.instagram.com\/del.ufrrj\/"]},{"@type":"Person","@id":"https:\/\/departamentos.ufrrj.br\/del\/#\/schema\/person\/415c97961f5e204055ca772fd633f5ff","name":"Vin\u00edcius Gev\u00fa","image":{"@type":"ImageObject","inLanguage":"pt-BR","@id":"https:\/\/departamentos.ufrrj.br\/del\/#\/schema\/person\/image\/","url":"https:\/\/secure.gravatar.com\/avatar\/6386fc479ea2bf720a23c246cb34dafe?s=96&d=mm&r=g","contentUrl":"https:\/\/secure.gravatar.com\/avatar\/6386fc479ea2bf720a23c246cb34dafe?s=96&d=mm&r=g","caption":"Vin\u00edcius Gev\u00fa"},"description":"GLPI 37594","url":"https:\/\/departamentos.ufrrj.br\/del\/author\/viniciusgevu\/"}]}},"_links":{"self":[{"href":"https:\/\/departamentos.ufrrj.br\/del\/wp-json\/wp\/v2\/posts\/938"}],"collection":[{"href":"https:\/\/departamentos.ufrrj.br\/del\/wp-json\/wp\/v2\/posts"}],"about":[{"href":"https:\/\/departamentos.ufrrj.br\/del\/wp-json\/wp\/v2\/types\/post"}],"author":[{"embeddable":true,"href":"https:\/\/departamentos.ufrrj.br\/del\/wp-json\/wp\/v2\/users\/6"}],"replies":[{"embeddable":true,"href":"https:\/\/departamentos.ufrrj.br\/del\/wp-json\/wp\/v2\/comments?post=938"}],"version-history":[{"count":1,"href":"https:\/\/departamentos.ufrrj.br\/del\/wp-json\/wp\/v2\/posts\/938\/revisions"}],"predecessor-version":[{"id":940,"href":"https:\/\/departamentos.ufrrj.br\/del\/wp-json\/wp\/v2\/posts\/938\/revisions\/940"}],"wp:featuredmedia":[{"embeddable":true,"href":"https:\/\/departamentos.ufrrj.br\/del\/wp-json\/wp\/v2\/media\/939"}],"wp:attachment":[{"href":"https:\/\/departamentos.ufrrj.br\/del\/wp-json\/wp\/v2\/media?parent=938"}],"wp:term":[{"taxonomy":"category","embeddable":true,"href":"https:\/\/departamentos.ufrrj.br\/del\/wp-json\/wp\/v2\/categories?post=938"},{"taxonomy":"post_tag","embeddable":true,"href":"https:\/\/departamentos.ufrrj.br\/del\/wp-json\/wp\/v2\/tags?post=938"}],"curies":[{"name":"wp","href":"https:\/\/api.w.org\/{rel}","templated":true}]}}