{"id":941,"date":"2025-09-23T20:38:21","date_gmt":"2025-09-23T23:38:21","guid":{"rendered":"https:\/\/departamentos.ufrrj.br\/del\/?p=941"},"modified":"2025-10-20T15:43:30","modified_gmt":"2025-10-20T18:43:30","slug":"projeto-previt-da-ufrrj-democratiza-acesso-ao-esporte-e-transforma-vidas","status":"publish","type":"post","link":"https:\/\/departamentos.ufrrj.br\/del\/2025\/09\/23\/projeto-previt-da-ufrrj-democratiza-acesso-ao-esporte-e-transforma-vidas\/","title":{"rendered":"Projeto Previt da UFRRJ democratiza acesso ao esporte e transforma vidas"},"content":{"rendered":"\n<hr class=\"wp-block-separator has-alpha-channel-opacity\"\/>\n\n\n\n<p><\/p>\n\n\n\n<div class=\"wp-block-columns is-layout-flex wp-container-core-columns-is-layout-2 wp-block-columns-is-layout-flex\">\n<div class=\"wp-block-column is-layout-flow wp-block-column-is-layout-flow\" style=\"flex-basis:100%\">\n<div class=\"wp-block-columns is-layout-flex wp-container-core-columns-is-layout-1 wp-block-columns-is-layout-flex\">\n<div class=\"wp-block-column is-layout-flow wp-block-column-is-layout-flow\"><div class=\"taxonomy-category wp-block-post-terms\"><a href=\"https:\/\/departamentos.ufrrj.br\/del\/category\/noticias\/\" rel=\"tag\">Not\u00edcias<\/a><span class=\"wp-block-post-terms__separator\">, <\/span><a href=\"https:\/\/departamentos.ufrrj.br\/del\/category\/previt\/\" rel=\"tag\">PREVIT<\/a><\/div><\/div>\n\n\n\n<div class=\"wp-block-column is-layout-flow wp-block-column-is-layout-flow\"><\/div>\n<\/div>\n<\/div>\n<\/div>\n\n\n\n<p><\/p>\n\n\n\n<hr class=\"wp-block-separator has-alpha-channel-opacity\"\/>\n\n\n\n<p><\/p>\n\n\n\n<p><em>Conhe\u00e7a o programa que une forma\u00e7\u00e3o acad\u00eamica e transforma\u00e7\u00e3o social, levando cidadania e sa\u00fade para dentro e fora dos muros da universidade.<\/em><\/p>\n\n\n\n<figure class=\"wp-block-image size-full\"><img loading=\"lazy\" decoding=\"async\" width=\"1024\" height=\"683\" src=\"https:\/\/departamentos.ufrrj.br\/del\/wp-content\/uploads\/sites\/5\/2025\/09\/image-51.png\" alt=\"\" class=\"wp-image-942\" srcset=\"https:\/\/departamentos.ufrrj.br\/del\/wp-content\/uploads\/sites\/5\/2025\/09\/image-51.png 1024w, https:\/\/departamentos.ufrrj.br\/del\/wp-content\/uploads\/sites\/5\/2025\/09\/image-51-300x200.png 300w, https:\/\/departamentos.ufrrj.br\/del\/wp-content\/uploads\/sites\/5\/2025\/09\/image-51-768x512.png 768w, https:\/\/departamentos.ufrrj.br\/del\/wp-content\/uploads\/sites\/5\/2025\/09\/image-51-105x70.png 105w\" sizes=\"(max-width: 1024px) 100vw, 1024px\" \/><figcaption class=\"wp-element-caption\">Aula de t\u00eanis do projeto Previt, realizada em uma quadra na UFRRJ. No centro da imagem, uma participante de costas veste a camiseta branca do programa. Ao fundo, o instrutor e outros alunos est\u00e3o em atividade na quadra, que tem um muro com grafites ao redor.&nbsp;<em>Foto: Jo\u00e3o Freitas\/CCS<\/em><\/figcaption><\/figure>\n\n\n\n<p>O&nbsp;<strong>Programa Esporte para a Vida Toda (Previt)<\/strong>, uma iniciativa do Departamento de Educa\u00e7\u00e3o F\u00edsica e Desportos (DEFD) da Universidade Federal Rural do Rio de Janeiro (UFRRJ), est\u00e1 se consolidando como um pilar fundamental na promo\u00e7\u00e3o da cidadania e na melhoria da qualidade de vida em 75 n\u00facleos espalhados pelo estado do Rio de Janeiro. Com o objetivo de fomentar a pr\u00e1tica democr\u00e1tica de esporte, cultura e lazer, o programa fortalece la\u00e7os sociais e promove a sa\u00fade em espa\u00e7os acess\u00edveis, especialmente para popula\u00e7\u00f5es em vulnerabilidade social e econ\u00f4mica.<\/p>\n\n\n\n<p>O Previt opera por meio de dois projetos distintos, o&nbsp;<strong>\u201cEsporte Sem Parar II\u201d<\/strong>&nbsp;e o&nbsp;<strong>\u201cPreparando o Futuro\u201d<\/strong>, que juntos oferecem uma vasta gama de modalidades esportivas. Entre as op\u00e7\u00f5es est\u00e3o Futebol, Futsal, V\u00f4lei, Gin\u00e1stica e Treinamento Funcional, Gin\u00e1stica Art\u00edstica, Atividades Aqu\u00e1ticas, Dan\u00e7as, Lutas, T\u00eanis, Atletismo, Basquete e Handebol, atendendo a diversos interesses e faixas et\u00e1rias.<\/p>\n\n\n\n<p>No n\u00facleo da UFRRJ, em Serop\u00e9dica, a modalidade de T\u00eanis tem se destacado, n\u00e3o apenas pela crescente procura, mas tamb\u00e9m pelos resultados de seus participantes. Um exemplo not\u00e1vel \u00e9 o de J\u00faliah Estrela, estudante do curso de Engenharia de Alimentos, que, juntamente com sua dupla, Pedro Gabriel Silva, discente de Educa\u00e7\u00e3o F\u00edsica, conquistou o segundo lugar na modalidade mista de T\u00eanis da Ta\u00e7a Ruralina, um dos principais eventos esportivos da universidade.<\/p>\n\n\n\n<div class=\"wp-block-columns is-layout-flex wp-container-core-columns-is-layout-3 wp-block-columns-is-layout-flex\">\n<div class=\"wp-block-column is-layout-flow wp-block-column-is-layout-flow\">\n<figure class=\"wp-block-image size-full\"><img loading=\"lazy\" decoding=\"async\" width=\"1024\" height=\"683\" src=\"https:\/\/departamentos.ufrrj.br\/del\/wp-content\/uploads\/sites\/5\/2025\/09\/image-52.png\" alt=\"\" class=\"wp-image-943\" srcset=\"https:\/\/departamentos.ufrrj.br\/del\/wp-content\/uploads\/sites\/5\/2025\/09\/image-52.png 1024w, https:\/\/departamentos.ufrrj.br\/del\/wp-content\/uploads\/sites\/5\/2025\/09\/image-52-300x200.png 300w, https:\/\/departamentos.ufrrj.br\/del\/wp-content\/uploads\/sites\/5\/2025\/09\/image-52-768x512.png 768w, https:\/\/departamentos.ufrrj.br\/del\/wp-content\/uploads\/sites\/5\/2025\/09\/image-52-105x70.png 105w\" sizes=\"(max-width: 1024px) 100vw, 1024px\" \/><figcaption class=\"wp-element-caption\">J\u00faliah Estrela, aluna de Engenharia de Alimentos \u2013 Foto: Jo\u00e3o Freitas\/CCS.<\/figcaption><\/figure>\n<\/div>\n\n\n\n<div class=\"wp-block-column is-layout-flow wp-block-column-is-layout-flow\">\n<figure class=\"wp-block-image size-full\"><img loading=\"lazy\" decoding=\"async\" width=\"1024\" height=\"683\" src=\"https:\/\/departamentos.ufrrj.br\/del\/wp-content\/uploads\/sites\/5\/2025\/09\/image-53.png\" alt=\"\" class=\"wp-image-944\" srcset=\"https:\/\/departamentos.ufrrj.br\/del\/wp-content\/uploads\/sites\/5\/2025\/09\/image-53.png 1024w, https:\/\/departamentos.ufrrj.br\/del\/wp-content\/uploads\/sites\/5\/2025\/09\/image-53-300x200.png 300w, https:\/\/departamentos.ufrrj.br\/del\/wp-content\/uploads\/sites\/5\/2025\/09\/image-53-768x512.png 768w, https:\/\/departamentos.ufrrj.br\/del\/wp-content\/uploads\/sites\/5\/2025\/09\/image-53-105x70.png 105w\" sizes=\"(max-width: 1024px) 100vw, 1024px\" \/><figcaption class=\"wp-element-caption\">J\u00faliah durante a aula de t\u00eanis do Previt \u2013 Foto: Jo\u00e3o Freitas\/CCS.<\/figcaption><\/figure>\n<\/div>\n<\/div>\n\n\n\n<p>A trajet\u00f3ria de J\u00faliah no esporte \u00e9 um testemunho do impacto do Previt. \u201cEu s\u00f3 comecei a jogar t\u00eanis por causa do Previt. Quando eu vi que tinha t\u00eanis no projeto, me inscrevi e comecei a jogar\u201d, relata a vice-campe\u00e3, que nunca havia praticado a modalidade at\u00e9 o ano passado. A estudante atribui parte de seu sucesso ao parceiro de quadra, Pedro Gabriel, que, segundo ela, \u201cfoi crucial para o meu desenvolvimento dentro do esporte\u201d, incentivando-a constantemente.<\/p>\n\n\n\n<p>Ao saber da competi\u00e7\u00e3o na Ta\u00e7a Ruralina, J\u00faliah intensificou sua dedica\u00e7\u00e3o. \u201cEu treinava duas vezes na semana, faltando um m\u00eas para o campeonato passei a jogar de ter\u00e7a a sexta no Previt\u201d, conta, demonstrando o foco e a oportunidade de aprimoramento que o projeto oferece.<br><br>Em Serop\u00e9dica, o Programa Esporte para a Vida Toda (Previt) da UFRRJ est\u00e1 quebrando barreiras e redefinindo o acesso ao t\u00eanis, um esporte historicamente associado a altos custos e \u00e0 elite. A iniciativa oferece \u00e0 popula\u00e7\u00e3o local a rara oportunidade de praticar a modalidade gratuitamente, promovendo a inclus\u00e3o em um cen\u00e1rio esportivo geralmente restrito. Nas palavras da professora do DEFD\/UFRRJ, Eliza Prodel, \u201co Previt \u00e9 um excelente instrumento de democratiza\u00e7\u00e3o do esporte, sobretudo do T\u00eanis, que no Brasil \u00e9 um esporte caro e que dentro do Previt na UFRRJ a popula\u00e7\u00e3o tem a oportunidade de participar do projeto\u201d. Assim, o programa n\u00e3o apenas ensina forehands e backhands, mas tamb\u00e9m fomenta a equidade social e o acesso ao lazer e \u00e0 qualidade de vida na Baixada Fluminense.<\/p>\n\n\n\n<figure class=\"wp-block-image size-full\"><img loading=\"lazy\" decoding=\"async\" width=\"768\" height=\"512\" src=\"https:\/\/departamentos.ufrrj.br\/del\/wp-content\/uploads\/sites\/5\/2025\/09\/image-54.png\" alt=\"\" class=\"wp-image-945\" srcset=\"https:\/\/departamentos.ufrrj.br\/del\/wp-content\/uploads\/sites\/5\/2025\/09\/image-54.png 768w, https:\/\/departamentos.ufrrj.br\/del\/wp-content\/uploads\/sites\/5\/2025\/09\/image-54-300x200.png 300w, https:\/\/departamentos.ufrrj.br\/del\/wp-content\/uploads\/sites\/5\/2025\/09\/image-54-105x70.png 105w\" sizes=\"(max-width: 768px) 100vw, 768px\" \/><figcaption class=\"wp-element-caption\">Aula de t\u00eanis na UFRRJ do Programa Esporte para a Vida Toda, ministrada pelo Professor-Instrutor Wanderlei Pacheco \u2013&nbsp;<em>Foto: Jo\u00e3o Freitas\/CCS<\/em><\/figcaption><\/figure>\n\n\n\n<p>Para al\u00e9m do desenvolvimento dos atletas amadores, o Previt desempenha um papel crucial na forma\u00e7\u00e3o dos futuros profissionais de Educa\u00e7\u00e3o F\u00edsica. Segundo Wanderlei Pacheco, Professor-Instrutor de T\u00eanis no projeto, a iniciativa funciona como um laborat\u00f3rio pr\u00e1tico para os estudantes da \u00e1rea. \u201cO Previt funciona muito bem por conseguir auxiliar tanto a popula\u00e7\u00e3o que tem interesse em praticar o esporte quanto para os alunos de Educa\u00e7\u00e3o F\u00edsica\u201d ele complementa que o programa atua como \u201cinstrumento para os alunos aprenderem as t\u00e9cnicas de ensino e se sentem valorizados dentro do projeto\u201d.<\/p>\n\n\n\n<div class=\"wp-block-columns is-layout-flex wp-container-core-columns-is-layout-4 wp-block-columns-is-layout-flex\">\n<div class=\"wp-block-column is-layout-flow wp-block-column-is-layout-flow\">\n<figure class=\"wp-block-image size-full\"><img loading=\"lazy\" decoding=\"async\" width=\"768\" height=\"512\" src=\"https:\/\/departamentos.ufrrj.br\/del\/wp-content\/uploads\/sites\/5\/2025\/09\/image-55.png\" alt=\"\" class=\"wp-image-946\" srcset=\"https:\/\/departamentos.ufrrj.br\/del\/wp-content\/uploads\/sites\/5\/2025\/09\/image-55.png 768w, https:\/\/departamentos.ufrrj.br\/del\/wp-content\/uploads\/sites\/5\/2025\/09\/image-55-300x200.png 300w, https:\/\/departamentos.ufrrj.br\/del\/wp-content\/uploads\/sites\/5\/2025\/09\/image-55-105x70.png 105w\" sizes=\"(max-width: 768px) 100vw, 768px\" \/><figcaption class=\"wp-element-caption\">Wanderlei Pacheco, professor-instrutor de t\u00eanis, orientando a aluna J\u00faliah Estrela \u2013<em>&nbsp;Foto: Jo\u00e3o Freitas\/CCS.<\/em><\/figcaption><\/figure>\n<\/div>\n\n\n\n<div class=\"wp-block-column is-layout-flow wp-block-column-is-layout-flow\">\n<figure class=\"wp-block-image size-full\"><img loading=\"lazy\" decoding=\"async\" width=\"768\" height=\"512\" src=\"https:\/\/departamentos.ufrrj.br\/del\/wp-content\/uploads\/sites\/5\/2025\/09\/image-56.png\" alt=\"\" class=\"wp-image-947\" srcset=\"https:\/\/departamentos.ufrrj.br\/del\/wp-content\/uploads\/sites\/5\/2025\/09\/image-56.png 768w, https:\/\/departamentos.ufrrj.br\/del\/wp-content\/uploads\/sites\/5\/2025\/09\/image-56-300x200.png 300w, https:\/\/departamentos.ufrrj.br\/del\/wp-content\/uploads\/sites\/5\/2025\/09\/image-56-105x70.png 105w\" sizes=\"(max-width: 768px) 100vw, 768px\" \/><figcaption class=\"wp-element-caption\">Professor Wanderlei Pacheco orientando os alunos durante a atividade de t\u00eanis.&nbsp;<em>Foto: Jo\u00e3o Freitas\/CCS.<\/em><\/figcaption><\/figure>\n<\/div>\n<\/div>\n\n\n\n<p>O coordenador geral do Programa e chefe do DEFD\/UFRRJ, Anderson Silveira, ressalta que o Previt materializa a filosofia da universidade. \u201cO projeto representa a ess\u00eancia da miss\u00e3o universit\u00e1ria, ao articular de forma indissoci\u00e1vel o Ensino, a Pesquisa e a Extens\u00e3o. \u00c9 imensamente gratificante ver o impacto real do programa\u201d, afirma. Para ele, a prova desse sucesso est\u00e1 em casos como o da aluna J\u00faliah Estrela. \u201cA trajet\u00f3ria dela, que nunca teve contato anterior com o t\u00eanis e hoje ganha destaque em um torneio, nos mostra que todo o esfor\u00e7o vale a pena. E assim como ela, temos outros destaques surgindo, o que demonstra a for\u00e7a do nosso trabalho\u201d, complementa Silveira.<br><br>Dessa forma, o Projeto Esporte para a Vida Toda transcende a simples pr\u00e1tica esportiva, consolidando-se como uma ferramenta de transforma\u00e7\u00f5es duradouras na comunidade. Ao democratizar o acesso a diferentes modalidades esportivas, a iniciativa n\u00e3o s\u00f3 proporciona lazer e bem-estar, mas tamb\u00e9m contribui ativamente para a melhoria da qualidade de vida. A expectativa \u00e9 que o legado do Previt, exemplificado pela jornada de J\u00faliah Estrela, continue a se expandir, promovendo mudan\u00e7as positivas e sustent\u00e1veis para todos os atendidos.<\/p>\n\n\n\n<p><strong><em>Imagem e texto:&nbsp;<\/em><\/strong>Jo\u00e3o Vitor Carvalho de Freitas, jornalista e bolsista de Comunica\u00e7\u00e3o da Prograd\/CCS<\/p>\n","protected":false},"excerpt":{"rendered":"<p>Conhe\u00e7a o programa que une forma\u00e7\u00e3o acad\u00eamica e transforma\u00e7\u00e3o social, levando cidadania e sa\u00fade para dentro e fora dos muros da universidade. [&hellip;]<\/p>\n","protected":false},"author":6,"featured_media":946,"comment_status":"open","ping_status":"open","sticky":false,"template":"","format":"standard","meta":{"_acf_changed":false,"footnotes":""},"categories":[3,12],"tags":[],"class_list":["post-941","post","type-post","status-publish","format-standard","has-post-thumbnail","hentry","category-noticias","category-previt"],"acf":[],"yoast_head":"<!-- This site is optimized with the Yoast SEO plugin v23.4 - https:\/\/yoast.com\/wordpress\/plugins\/seo\/ -->\n<title>Projeto Previt da UFRRJ democratiza acesso ao esporte e transforma vidas - Departamento de Esportes e Lazer<\/title>\n<meta name=\"robots\" content=\"index, follow, max-snippet:-1, max-image-preview:large, max-video-preview:-1\" \/>\n<link rel=\"canonical\" href=\"https:\/\/departamentos.ufrrj.br\/del\/2025\/09\/23\/projeto-previt-da-ufrrj-democratiza-acesso-ao-esporte-e-transforma-vidas\/\" \/>\n<meta property=\"og:locale\" content=\"pt_BR\" \/>\n<meta property=\"og:type\" content=\"article\" \/>\n<meta property=\"og:title\" content=\"Projeto Previt da UFRRJ democratiza acesso ao esporte e transforma vidas - Departamento de Esportes e Lazer\" \/>\n<meta property=\"og:description\" content=\"Conhe\u00e7a o programa que une forma\u00e7\u00e3o acad\u00eamica e transforma\u00e7\u00e3o social, levando cidadania e sa\u00fade para dentro e fora dos muros da universidade. [&hellip;]\" \/>\n<meta property=\"og:url\" content=\"https:\/\/departamentos.ufrrj.br\/del\/2025\/09\/23\/projeto-previt-da-ufrrj-democratiza-acesso-ao-esporte-e-transforma-vidas\/\" \/>\n<meta property=\"og:site_name\" content=\"Departamento de Esportes e Lazer\" \/>\n<meta property=\"article:published_time\" content=\"2025-09-23T23:38:21+00:00\" \/>\n<meta property=\"article:modified_time\" content=\"2025-10-20T18:43:30+00:00\" \/>\n<meta property=\"og:image\" content=\"https:\/\/departamentos.ufrrj.br\/del\/wp-content\/uploads\/sites\/5\/2025\/09\/image-55.png\" \/>\n\t<meta property=\"og:image:width\" content=\"768\" \/>\n\t<meta property=\"og:image:height\" content=\"512\" \/>\n\t<meta property=\"og:image:type\" content=\"image\/png\" \/>\n<meta name=\"author\" content=\"Vin\u00edcius Gev\u00fa\" \/>\n<meta name=\"twitter:card\" content=\"summary_large_image\" \/>\n<meta name=\"twitter:label1\" content=\"Escrito por\" \/>\n\t<meta name=\"twitter:data1\" content=\"Vin\u00edcius Gev\u00fa\" \/>\n\t<meta name=\"twitter:label2\" content=\"Est. tempo de leitura\" \/>\n\t<meta name=\"twitter:data2\" content=\"7 minutos\" \/>\n<script type=\"application\/ld+json\" class=\"yoast-schema-graph\">{\"@context\":\"https:\/\/schema.org\",\"@graph\":[{\"@type\":\"Article\",\"@id\":\"https:\/\/departamentos.ufrrj.br\/del\/2025\/09\/23\/projeto-previt-da-ufrrj-democratiza-acesso-ao-esporte-e-transforma-vidas\/#article\",\"isPartOf\":{\"@id\":\"https:\/\/departamentos.ufrrj.br\/del\/2025\/09\/23\/projeto-previt-da-ufrrj-democratiza-acesso-ao-esporte-e-transforma-vidas\/\"},\"author\":{\"name\":\"Vin\u00edcius Gev\u00fa\",\"@id\":\"https:\/\/departamentos.ufrrj.br\/del\/#\/schema\/person\/415c97961f5e204055ca772fd633f5ff\"},\"headline\":\"Projeto Previt da UFRRJ democratiza acesso ao esporte e transforma vidas\",\"datePublished\":\"2025-09-23T23:38:21+00:00\",\"dateModified\":\"2025-10-20T18:43:30+00:00\",\"mainEntityOfPage\":{\"@id\":\"https:\/\/departamentos.ufrrj.br\/del\/2025\/09\/23\/projeto-previt-da-ufrrj-democratiza-acesso-ao-esporte-e-transforma-vidas\/\"},\"wordCount\":1016,\"commentCount\":0,\"publisher\":{\"@id\":\"https:\/\/departamentos.ufrrj.br\/del\/#organization\"},\"image\":{\"@id\":\"https:\/\/departamentos.ufrrj.br\/del\/2025\/09\/23\/projeto-previt-da-ufrrj-democratiza-acesso-ao-esporte-e-transforma-vidas\/#primaryimage\"},\"thumbnailUrl\":\"https:\/\/departamentos.ufrrj.br\/del\/wp-content\/uploads\/sites\/5\/2025\/09\/image-55.png\",\"articleSection\":[\"Not\u00edcias\",\"PREVIT\"],\"inLanguage\":\"pt-BR\",\"potentialAction\":[{\"@type\":\"CommentAction\",\"name\":\"Comment\",\"target\":[\"https:\/\/departamentos.ufrrj.br\/del\/2025\/09\/23\/projeto-previt-da-ufrrj-democratiza-acesso-ao-esporte-e-transforma-vidas\/#respond\"]}]},{\"@type\":\"WebPage\",\"@id\":\"https:\/\/departamentos.ufrrj.br\/del\/2025\/09\/23\/projeto-previt-da-ufrrj-democratiza-acesso-ao-esporte-e-transforma-vidas\/\",\"url\":\"https:\/\/departamentos.ufrrj.br\/del\/2025\/09\/23\/projeto-previt-da-ufrrj-democratiza-acesso-ao-esporte-e-transforma-vidas\/\",\"name\":\"Projeto Previt da UFRRJ democratiza acesso ao esporte e transforma vidas - Departamento de Esportes e Lazer\",\"isPartOf\":{\"@id\":\"https:\/\/departamentos.ufrrj.br\/del\/#website\"},\"primaryImageOfPage\":{\"@id\":\"https:\/\/departamentos.ufrrj.br\/del\/2025\/09\/23\/projeto-previt-da-ufrrj-democratiza-acesso-ao-esporte-e-transforma-vidas\/#primaryimage\"},\"image\":{\"@id\":\"https:\/\/departamentos.ufrrj.br\/del\/2025\/09\/23\/projeto-previt-da-ufrrj-democratiza-acesso-ao-esporte-e-transforma-vidas\/#primaryimage\"},\"thumbnailUrl\":\"https:\/\/departamentos.ufrrj.br\/del\/wp-content\/uploads\/sites\/5\/2025\/09\/image-55.png\",\"datePublished\":\"2025-09-23T23:38:21+00:00\",\"dateModified\":\"2025-10-20T18:43:30+00:00\",\"breadcrumb\":{\"@id\":\"https:\/\/departamentos.ufrrj.br\/del\/2025\/09\/23\/projeto-previt-da-ufrrj-democratiza-acesso-ao-esporte-e-transforma-vidas\/#breadcrumb\"},\"inLanguage\":\"pt-BR\",\"potentialAction\":[{\"@type\":\"ReadAction\",\"target\":[\"https:\/\/departamentos.ufrrj.br\/del\/2025\/09\/23\/projeto-previt-da-ufrrj-democratiza-acesso-ao-esporte-e-transforma-vidas\/\"]}]},{\"@type\":\"ImageObject\",\"inLanguage\":\"pt-BR\",\"@id\":\"https:\/\/departamentos.ufrrj.br\/del\/2025\/09\/23\/projeto-previt-da-ufrrj-democratiza-acesso-ao-esporte-e-transforma-vidas\/#primaryimage\",\"url\":\"https:\/\/departamentos.ufrrj.br\/del\/wp-content\/uploads\/sites\/5\/2025\/09\/image-55.png\",\"contentUrl\":\"https:\/\/departamentos.ufrrj.br\/del\/wp-content\/uploads\/sites\/5\/2025\/09\/image-55.png\",\"width\":768,\"height\":512},{\"@type\":\"BreadcrumbList\",\"@id\":\"https:\/\/departamentos.ufrrj.br\/del\/2025\/09\/23\/projeto-previt-da-ufrrj-democratiza-acesso-ao-esporte-e-transforma-vidas\/#breadcrumb\",\"itemListElement\":[{\"@type\":\"ListItem\",\"position\":1,\"name\":\"In\u00edcio\",\"item\":\"https:\/\/departamentos.ufrrj.br\/del\/\"},{\"@type\":\"ListItem\",\"position\":2,\"name\":\"Projeto Previt da UFRRJ democratiza acesso ao esporte e transforma vidas\"}]},{\"@type\":\"WebSite\",\"@id\":\"https:\/\/departamentos.ufrrj.br\/del\/#website\",\"url\":\"https:\/\/departamentos.ufrrj.br\/del\/\",\"name\":\"Departamento Ci\u00eancias Econ\u00f4micas\",\"description\":\"\",\"publisher\":{\"@id\":\"https:\/\/departamentos.ufrrj.br\/del\/#organization\"},\"potentialAction\":[{\"@type\":\"SearchAction\",\"target\":{\"@type\":\"EntryPoint\",\"urlTemplate\":\"https:\/\/departamentos.ufrrj.br\/del\/?s={search_term_string}\"},\"query-input\":{\"@type\":\"PropertyValueSpecification\",\"valueRequired\":true,\"valueName\":\"search_term_string\"}}],\"inLanguage\":\"pt-BR\"},{\"@type\":\"Organization\",\"@id\":\"https:\/\/departamentos.ufrrj.br\/del\/#organization\",\"name\":\"Departamento Ci\u00eancias Econ\u00f4micas\",\"url\":\"https:\/\/departamentos.ufrrj.br\/del\/\",\"logo\":{\"@type\":\"ImageObject\",\"inLanguage\":\"pt-BR\",\"@id\":\"https:\/\/departamentos.ufrrj.br\/del\/#\/schema\/logo\/image\/\",\"url\":\"https:\/\/departamentos.ufrrj.br\/del\/wp-content\/uploads\/sites\/5\/2025\/03\/Design-sem-nome-4-150x150-1.jpg\",\"contentUrl\":\"https:\/\/departamentos.ufrrj.br\/del\/wp-content\/uploads\/sites\/5\/2025\/03\/Design-sem-nome-4-150x150-1.jpg\",\"width\":150,\"height\":150,\"caption\":\"Departamento Ci\u00eancias Econ\u00f4micas\"},\"image\":{\"@id\":\"https:\/\/departamentos.ufrrj.br\/del\/#\/schema\/logo\/image\/\"},\"sameAs\":[\"https:\/\/www.instagram.com\/del.ufrrj\/\"]},{\"@type\":\"Person\",\"@id\":\"https:\/\/departamentos.ufrrj.br\/del\/#\/schema\/person\/415c97961f5e204055ca772fd633f5ff\",\"name\":\"Vin\u00edcius Gev\u00fa\",\"image\":{\"@type\":\"ImageObject\",\"inLanguage\":\"pt-BR\",\"@id\":\"https:\/\/departamentos.ufrrj.br\/del\/#\/schema\/person\/image\/\",\"url\":\"https:\/\/secure.gravatar.com\/avatar\/6386fc479ea2bf720a23c246cb34dafe?s=96&d=mm&r=g\",\"contentUrl\":\"https:\/\/secure.gravatar.com\/avatar\/6386fc479ea2bf720a23c246cb34dafe?s=96&d=mm&r=g\",\"caption\":\"Vin\u00edcius Gev\u00fa\"},\"description\":\"GLPI 37594\",\"url\":\"https:\/\/departamentos.ufrrj.br\/del\/author\/viniciusgevu\/\"}]}<\/script>\n<!-- \/ Yoast SEO plugin. -->","yoast_head_json":{"title":"Projeto Previt da UFRRJ democratiza acesso ao esporte e transforma vidas - Departamento de Esportes e Lazer","robots":{"index":"index","follow":"follow","max-snippet":"max-snippet:-1","max-image-preview":"max-image-preview:large","max-video-preview":"max-video-preview:-1"},"canonical":"https:\/\/departamentos.ufrrj.br\/del\/2025\/09\/23\/projeto-previt-da-ufrrj-democratiza-acesso-ao-esporte-e-transforma-vidas\/","og_locale":"pt_BR","og_type":"article","og_title":"Projeto Previt da UFRRJ democratiza acesso ao esporte e transforma vidas - Departamento de Esportes e Lazer","og_description":"Conhe\u00e7a o programa que une forma\u00e7\u00e3o acad\u00eamica e transforma\u00e7\u00e3o social, levando cidadania e sa\u00fade para dentro e fora dos muros da universidade. [&hellip;]","og_url":"https:\/\/departamentos.ufrrj.br\/del\/2025\/09\/23\/projeto-previt-da-ufrrj-democratiza-acesso-ao-esporte-e-transforma-vidas\/","og_site_name":"Departamento de Esportes e Lazer","article_published_time":"2025-09-23T23:38:21+00:00","article_modified_time":"2025-10-20T18:43:30+00:00","og_image":[{"width":768,"height":512,"url":"https:\/\/departamentos.ufrrj.br\/del\/wp-content\/uploads\/sites\/5\/2025\/09\/image-55.png","type":"image\/png"}],"author":"Vin\u00edcius Gev\u00fa","twitter_card":"summary_large_image","twitter_misc":{"Escrito por":"Vin\u00edcius Gev\u00fa","Est. tempo de leitura":"7 minutos"},"schema":{"@context":"https:\/\/schema.org","@graph":[{"@type":"Article","@id":"https:\/\/departamentos.ufrrj.br\/del\/2025\/09\/23\/projeto-previt-da-ufrrj-democratiza-acesso-ao-esporte-e-transforma-vidas\/#article","isPartOf":{"@id":"https:\/\/departamentos.ufrrj.br\/del\/2025\/09\/23\/projeto-previt-da-ufrrj-democratiza-acesso-ao-esporte-e-transforma-vidas\/"},"author":{"name":"Vin\u00edcius Gev\u00fa","@id":"https:\/\/departamentos.ufrrj.br\/del\/#\/schema\/person\/415c97961f5e204055ca772fd633f5ff"},"headline":"Projeto Previt da UFRRJ democratiza acesso ao esporte e transforma vidas","datePublished":"2025-09-23T23:38:21+00:00","dateModified":"2025-10-20T18:43:30+00:00","mainEntityOfPage":{"@id":"https:\/\/departamentos.ufrrj.br\/del\/2025\/09\/23\/projeto-previt-da-ufrrj-democratiza-acesso-ao-esporte-e-transforma-vidas\/"},"wordCount":1016,"commentCount":0,"publisher":{"@id":"https:\/\/departamentos.ufrrj.br\/del\/#organization"},"image":{"@id":"https:\/\/departamentos.ufrrj.br\/del\/2025\/09\/23\/projeto-previt-da-ufrrj-democratiza-acesso-ao-esporte-e-transforma-vidas\/#primaryimage"},"thumbnailUrl":"https:\/\/departamentos.ufrrj.br\/del\/wp-content\/uploads\/sites\/5\/2025\/09\/image-55.png","articleSection":["Not\u00edcias","PREVIT"],"inLanguage":"pt-BR","potentialAction":[{"@type":"CommentAction","name":"Comment","target":["https:\/\/departamentos.ufrrj.br\/del\/2025\/09\/23\/projeto-previt-da-ufrrj-democratiza-acesso-ao-esporte-e-transforma-vidas\/#respond"]}]},{"@type":"WebPage","@id":"https:\/\/departamentos.ufrrj.br\/del\/2025\/09\/23\/projeto-previt-da-ufrrj-democratiza-acesso-ao-esporte-e-transforma-vidas\/","url":"https:\/\/departamentos.ufrrj.br\/del\/2025\/09\/23\/projeto-previt-da-ufrrj-democratiza-acesso-ao-esporte-e-transforma-vidas\/","name":"Projeto Previt da UFRRJ democratiza acesso ao esporte e transforma vidas - Departamento de Esportes e Lazer","isPartOf":{"@id":"https:\/\/departamentos.ufrrj.br\/del\/#website"},"primaryImageOfPage":{"@id":"https:\/\/departamentos.ufrrj.br\/del\/2025\/09\/23\/projeto-previt-da-ufrrj-democratiza-acesso-ao-esporte-e-transforma-vidas\/#primaryimage"},"image":{"@id":"https:\/\/departamentos.ufrrj.br\/del\/2025\/09\/23\/projeto-previt-da-ufrrj-democratiza-acesso-ao-esporte-e-transforma-vidas\/#primaryimage"},"thumbnailUrl":"https:\/\/departamentos.ufrrj.br\/del\/wp-content\/uploads\/sites\/5\/2025\/09\/image-55.png","datePublished":"2025-09-23T23:38:21+00:00","dateModified":"2025-10-20T18:43:30+00:00","breadcrumb":{"@id":"https:\/\/departamentos.ufrrj.br\/del\/2025\/09\/23\/projeto-previt-da-ufrrj-democratiza-acesso-ao-esporte-e-transforma-vidas\/#breadcrumb"},"inLanguage":"pt-BR","potentialAction":[{"@type":"ReadAction","target":["https:\/\/departamentos.ufrrj.br\/del\/2025\/09\/23\/projeto-previt-da-ufrrj-democratiza-acesso-ao-esporte-e-transforma-vidas\/"]}]},{"@type":"ImageObject","inLanguage":"pt-BR","@id":"https:\/\/departamentos.ufrrj.br\/del\/2025\/09\/23\/projeto-previt-da-ufrrj-democratiza-acesso-ao-esporte-e-transforma-vidas\/#primaryimage","url":"https:\/\/departamentos.ufrrj.br\/del\/wp-content\/uploads\/sites\/5\/2025\/09\/image-55.png","contentUrl":"https:\/\/departamentos.ufrrj.br\/del\/wp-content\/uploads\/sites\/5\/2025\/09\/image-55.png","width":768,"height":512},{"@type":"BreadcrumbList","@id":"https:\/\/departamentos.ufrrj.br\/del\/2025\/09\/23\/projeto-previt-da-ufrrj-democratiza-acesso-ao-esporte-e-transforma-vidas\/#breadcrumb","itemListElement":[{"@type":"ListItem","position":1,"name":"In\u00edcio","item":"https:\/\/departamentos.ufrrj.br\/del\/"},{"@type":"ListItem","position":2,"name":"Projeto Previt da UFRRJ democratiza acesso ao esporte e transforma vidas"}]},{"@type":"WebSite","@id":"https:\/\/departamentos.ufrrj.br\/del\/#website","url":"https:\/\/departamentos.ufrrj.br\/del\/","name":"Departamento Ci\u00eancias Econ\u00f4micas","description":"","publisher":{"@id":"https:\/\/departamentos.ufrrj.br\/del\/#organization"},"potentialAction":[{"@type":"SearchAction","target":{"@type":"EntryPoint","urlTemplate":"https:\/\/departamentos.ufrrj.br\/del\/?s={search_term_string}"},"query-input":{"@type":"PropertyValueSpecification","valueRequired":true,"valueName":"search_term_string"}}],"inLanguage":"pt-BR"},{"@type":"Organization","@id":"https:\/\/departamentos.ufrrj.br\/del\/#organization","name":"Departamento Ci\u00eancias Econ\u00f4micas","url":"https:\/\/departamentos.ufrrj.br\/del\/","logo":{"@type":"ImageObject","inLanguage":"pt-BR","@id":"https:\/\/departamentos.ufrrj.br\/del\/#\/schema\/logo\/image\/","url":"https:\/\/departamentos.ufrrj.br\/del\/wp-content\/uploads\/sites\/5\/2025\/03\/Design-sem-nome-4-150x150-1.jpg","contentUrl":"https:\/\/departamentos.ufrrj.br\/del\/wp-content\/uploads\/sites\/5\/2025\/03\/Design-sem-nome-4-150x150-1.jpg","width":150,"height":150,"caption":"Departamento Ci\u00eancias Econ\u00f4micas"},"image":{"@id":"https:\/\/departamentos.ufrrj.br\/del\/#\/schema\/logo\/image\/"},"sameAs":["https:\/\/www.instagram.com\/del.ufrrj\/"]},{"@type":"Person","@id":"https:\/\/departamentos.ufrrj.br\/del\/#\/schema\/person\/415c97961f5e204055ca772fd633f5ff","name":"Vin\u00edcius Gev\u00fa","image":{"@type":"ImageObject","inLanguage":"pt-BR","@id":"https:\/\/departamentos.ufrrj.br\/del\/#\/schema\/person\/image\/","url":"https:\/\/secure.gravatar.com\/avatar\/6386fc479ea2bf720a23c246cb34dafe?s=96&d=mm&r=g","contentUrl":"https:\/\/secure.gravatar.com\/avatar\/6386fc479ea2bf720a23c246cb34dafe?s=96&d=mm&r=g","caption":"Vin\u00edcius Gev\u00fa"},"description":"GLPI 37594","url":"https:\/\/departamentos.ufrrj.br\/del\/author\/viniciusgevu\/"}]}},"_links":{"self":[{"href":"https:\/\/departamentos.ufrrj.br\/del\/wp-json\/wp\/v2\/posts\/941"}],"collection":[{"href":"https:\/\/departamentos.ufrrj.br\/del\/wp-json\/wp\/v2\/posts"}],"about":[{"href":"https:\/\/departamentos.ufrrj.br\/del\/wp-json\/wp\/v2\/types\/post"}],"author":[{"embeddable":true,"href":"https:\/\/departamentos.ufrrj.br\/del\/wp-json\/wp\/v2\/users\/6"}],"replies":[{"embeddable":true,"href":"https:\/\/departamentos.ufrrj.br\/del\/wp-json\/wp\/v2\/comments?post=941"}],"version-history":[{"count":3,"href":"https:\/\/departamentos.ufrrj.br\/del\/wp-json\/wp\/v2\/posts\/941\/revisions"}],"predecessor-version":[{"id":1028,"href":"https:\/\/departamentos.ufrrj.br\/del\/wp-json\/wp\/v2\/posts\/941\/revisions\/1028"}],"wp:featuredmedia":[{"embeddable":true,"href":"https:\/\/departamentos.ufrrj.br\/del\/wp-json\/wp\/v2\/media\/946"}],"wp:attachment":[{"href":"https:\/\/departamentos.ufrrj.br\/del\/wp-json\/wp\/v2\/media?parent=941"}],"wp:term":[{"taxonomy":"category","embeddable":true,"href":"https:\/\/departamentos.ufrrj.br\/del\/wp-json\/wp\/v2\/categories?post=941"},{"taxonomy":"post_tag","embeddable":true,"href":"https:\/\/departamentos.ufrrj.br\/del\/wp-json\/wp\/v2\/tags?post=941"}],"curies":[{"name":"wp","href":"https:\/\/api.w.org\/{rel}","templated":true}]}}