{"id":950,"date":"2025-09-30T09:59:06","date_gmt":"2025-09-30T12:59:06","guid":{"rendered":"https:\/\/departamentos.ufrrj.br\/del\/?p=950"},"modified":"2025-10-20T15:50:01","modified_gmt":"2025-10-20T18:50:01","slug":"setembro-amarelo-corpo-em-movimento-e-aliado-da-saude-mental-na-prevencao-ao-suicidio","status":"publish","type":"post","link":"https:\/\/departamentos.ufrrj.br\/del\/2025\/09\/30\/setembro-amarelo-corpo-em-movimento-e-aliado-da-saude-mental-na-prevencao-ao-suicidio\/","title":{"rendered":"Setembro Amarelo: Corpo em Movimento \u00e9 Aliado da Sa\u00fade Mental na Preven\u00e7\u00e3o ao Suic\u00eddio"},"content":{"rendered":"\n<hr class=\"wp-block-separator has-alpha-channel-opacity\"\/>\n\n\n\n<p><\/p>\n\n\n\n<div class=\"wp-block-columns is-layout-flex wp-container-core-columns-is-layout-2 wp-block-columns-is-layout-flex\">\n<div class=\"wp-block-column is-layout-flow wp-block-column-is-layout-flow\" style=\"flex-basis:100%\">\n<div class=\"wp-block-columns is-layout-flex wp-container-core-columns-is-layout-1 wp-block-columns-is-layout-flex\">\n<div class=\"wp-block-column is-layout-flow wp-block-column-is-layout-flow\"><div class=\"taxonomy-category wp-block-post-terms\"><a href=\"https:\/\/departamentos.ufrrj.br\/del\/category\/noticias\/\" rel=\"tag\">Not\u00edcias<\/a><span class=\"wp-block-post-terms__separator\">, <\/span><a href=\"https:\/\/departamentos.ufrrj.br\/del\/category\/previt\/\" rel=\"tag\">PREVIT<\/a><span class=\"wp-block-post-terms__separator\">, <\/span><a href=\"https:\/\/departamentos.ufrrj.br\/del\/category\/taca-ruralina\/\" rel=\"tag\">Ta\u00e7a Ruralina<\/a><\/div><\/div>\n\n\n\n<div class=\"wp-block-column is-layout-flow wp-block-column-is-layout-flow\"><\/div>\n<\/div>\n<\/div>\n<\/div>\n\n\n\n<p><\/p>\n\n\n\n<hr class=\"wp-block-separator has-alpha-channel-opacity\"\/>\n\n\n\n<p><\/p>\n\n\n\n<p><em>Diante de um cen\u00e1rio em que o Brasil registra um aumento nos \u00edndices de suic\u00eddio, a campanha do Setembro Amarelo refor\u00e7a a urg\u00eancia do di\u00e1logo e do cuidado com a sa\u00fade mental. Nesse contexto, a pr\u00e1tica regular de atividades f\u00edsicas surge como uma poderosa ferramenta de preven\u00e7\u00e3o, promovendo o equil\u00edbrio emocional e o bem-estar. O Departamento de Esporte e Lazer destaca a import\u00e2ncia de aliar o corpo ativo a uma mente saud\u00e1vel e apresenta iniciativas que fortalecem essa conex\u00e3o.<\/em><\/p>\n\n\n<div class=\"wp-block-image\">\n<figure class=\"aligncenter size-large\"><img loading=\"lazy\" decoding=\"async\" width=\"768\" height=\"1024\" src=\"https:\/\/departamentos.ufrrj.br\/del\/wp-content\/uploads\/sites\/5\/2025\/09\/image-57-768x1024.png\" alt=\"\" class=\"wp-image-952\" style=\"aspect-ratio:4\/3;object-fit:cover\" srcset=\"https:\/\/departamentos.ufrrj.br\/del\/wp-content\/uploads\/sites\/5\/2025\/09\/image-57-768x1024.png 768w, https:\/\/departamentos.ufrrj.br\/del\/wp-content\/uploads\/sites\/5\/2025\/09\/image-57-225x300.png 225w, https:\/\/departamentos.ufrrj.br\/del\/wp-content\/uploads\/sites\/5\/2025\/09\/image-57-53x70.png 53w, https:\/\/departamentos.ufrrj.br\/del\/wp-content\/uploads\/sites\/5\/2025\/09\/image-57.png 960w\" sizes=\"(max-width: 768px) 100vw, 768px\" \/><figcaption class=\"wp-element-caption\">Time de v\u00f4lei competindo na ta\u00e7a ruralina<\/figcaption><\/figure><\/div>\n\n\n<p class=\"has-black-color has-text-color has-link-color wp-elements-66e50878837212fd4b28e6703a220907\">O suic\u00eddio \u00e9 uma realidade alarmante no Brasil. Dados do Anu\u00e1rio Brasileiro de Seguran\u00e7a P\u00fablica e boletins epidemiol\u00f3gicos do Minist\u00e9rio da Sa\u00fade acendem um alerta sobre a necessidade de a\u00e7\u00f5es efetivas de preven\u00e7\u00e3o. A campanha Setembro Amarelo \u00e9 um convite \u00e0 sociedade para quebrar o tabu, oferecendo escuta, empatia e, acima de tudo, caminhos para o cuidado com a sa\u00fade emocional.<\/p>\n\n\n\n<p class=\"has-black-color has-text-color has-link-color wp-elements-eac55858aa76e9c34eada9c7655c3306\">A ci\u00eancia comprova: a atividade f\u00edsica \u00e9 um dos mais eficazes antidepressivos e ansiol\u00edticos naturais. Durante o exerc\u00edcio, o c\u00e9rebro intensifica a produ\u00e7\u00e3o de neurotransmissores essenciais para a sensa\u00e7\u00e3o de bem-estar. A endorfina, por exemplo, atua como uma esp\u00e9cie de analg\u00e9sico natural, aliviando o estresse e a ansiedade. A serotonina, por sua vez, regula o humor, o sono e o apetite, enquanto a dopamina est\u00e1 diretamente ligada \u00e0 motiva\u00e7\u00e3o e ao prazer. A ocitocina, conhecida como o &#8220;horm\u00f4nio do amor&#8221;, \u00e9 estimulada em atividades coletivas, fortalecendo os la\u00e7os sociais.<\/p>\n\n\n\n<p class=\"has-black-color has-text-color has-link-color wp-elements-e7a46a52b81fc7a21261e2152b89e935\">Esportes como basquete, v\u00f4lei, t\u00eanis e atletismo, assim como pr\u00e1ticas mais acess\u00edveis como caminhada, corrida e dan\u00e7a, s\u00e3o excelentes catalisadores dessas respostas neuroqu\u00edmicas positivas. Al\u00e9m dos benef\u00edcios individuais, as atividades em grupo s\u00e3o fundamentais para a cria\u00e7\u00e3o de novas conex\u00f5es sociais, combatendo o sentimento de isolamento, um dos principais fatores de risco para o desenvolvimento de idea\u00e7\u00f5es suicidas. A pr\u00e1tica esportiva fortalece a autoestima, melhora o equil\u00edbrio emocional e proporciona um senso de pertencimento.<\/p>\n\n\n\n<div class=\"wp-block-columns is-layout-flex wp-container-core-columns-is-layout-3 wp-block-columns-is-layout-flex\">\n<div class=\"wp-block-column is-layout-flow wp-block-column-is-layout-flow\">\n<figure class=\"wp-block-image size-large\"><img loading=\"lazy\" decoding=\"async\" width=\"768\" height=\"1024\" src=\"https:\/\/departamentos.ufrrj.br\/del\/wp-content\/uploads\/sites\/5\/2025\/09\/image-60-768x1024.png\" alt=\"\" class=\"wp-image-958\" style=\"aspect-ratio:4\/3;object-fit:cover\" srcset=\"https:\/\/departamentos.ufrrj.br\/del\/wp-content\/uploads\/sites\/5\/2025\/09\/image-60-768x1024.png 768w, https:\/\/departamentos.ufrrj.br\/del\/wp-content\/uploads\/sites\/5\/2025\/09\/image-60-225x300.png 225w, https:\/\/departamentos.ufrrj.br\/del\/wp-content\/uploads\/sites\/5\/2025\/09\/image-60-53x70.png 53w, https:\/\/departamentos.ufrrj.br\/del\/wp-content\/uploads\/sites\/5\/2025\/09\/image-60.png 960w\" sizes=\"(max-width: 768px) 100vw, 768px\" \/><figcaption class=\"wp-element-caption\">Time da atl\u00e9tica AEFUR competindo na ta\u00e7a ruralina na modalidade do handebol<\/figcaption><\/figure>\n<\/div>\n\n\n\n<div class=\"wp-block-column is-layout-flow wp-block-column-is-layout-flow\">\n<figure class=\"wp-block-image size-full is-resized\"><img loading=\"lazy\" decoding=\"async\" width=\"644\" height=\"593\" src=\"https:\/\/departamentos.ufrrj.br\/del\/wp-content\/uploads\/sites\/5\/2025\/09\/image-63.png\" alt=\"\" class=\"wp-image-973\" style=\"width:286px;height:auto\" srcset=\"https:\/\/departamentos.ufrrj.br\/del\/wp-content\/uploads\/sites\/5\/2025\/09\/image-63.png 644w, https:\/\/departamentos.ufrrj.br\/del\/wp-content\/uploads\/sites\/5\/2025\/09\/image-63-300x276.png 300w, https:\/\/departamentos.ufrrj.br\/del\/wp-content\/uploads\/sites\/5\/2025\/09\/image-63-76x70.png 76w\" sizes=\"(max-width: 644px) 100vw, 644px\" \/><figcaption class=\"wp-element-caption\">Time da atl\u00e9tica invocada recebendo a premia\u00e7\u00e3o da modalidade do handebol na ta\u00e7a ruralina<\/figcaption><\/figure>\n<\/div>\n<\/div>\n\n\n\n<h3 class=\"wp-block-heading has-black-color has-text-color has-link-color wp-elements-cdf7e3f423d9474951a803322db3e66e\"><strong>PREVIT: Esporte como Ferramenta de Inclus\u00e3o e Cuidado<\/strong><\/h3>\n\n\n\n<p class=\"has-black-color has-text-color has-link-color wp-elements-59c3bfcba1da54ef3294d46f13139674\">O Departamento de Esporte e Lazer, em parceria com a Universidade Federal Rural do Rio de Janeiro (UFRRJ), desenvolve o PREVIT (Programa Esporte para Toda Vida), uma iniciativa que democratiza o acesso \u00e0 pr\u00e1tica esportiva em diversas localidades, incluindo o pr\u00f3prio campus da universidade. O PREVIT oferece uma variadade de modalidades, atendendo crian\u00e7as, jovens, adultos e idosos.<\/p>\n\n\n<div class=\"wp-block-image\">\n<figure class=\"aligncenter size-large\"><img loading=\"lazy\" decoding=\"async\" width=\"1024\" height=\"682\" src=\"https:\/\/departamentos.ufrrj.br\/del\/wp-content\/uploads\/sites\/5\/2025\/09\/image-58-1024x682.png\" alt=\"\" class=\"wp-image-953\" srcset=\"https:\/\/departamentos.ufrrj.br\/del\/wp-content\/uploads\/sites\/5\/2025\/09\/image-58-1024x682.png 1024w, https:\/\/departamentos.ufrrj.br\/del\/wp-content\/uploads\/sites\/5\/2025\/09\/image-58-300x200.png 300w, https:\/\/departamentos.ufrrj.br\/del\/wp-content\/uploads\/sites\/5\/2025\/09\/image-58-768x512.png 768w, https:\/\/departamentos.ufrrj.br\/del\/wp-content\/uploads\/sites\/5\/2025\/09\/image-58-105x70.png 105w, https:\/\/departamentos.ufrrj.br\/del\/wp-content\/uploads\/sites\/5\/2025\/09\/image-58.png 1280w\" sizes=\"(max-width: 1024px) 100vw, 1024px\" \/><figcaption class=\"wp-element-caption\">Alunos do PREVIT competindo na modalidade de duplas do torneio PREVIT<\/figcaption><\/figure><\/div>\n\n\n<p><\/p>\n\n\n\n<p class=\"has-black-color has-text-color has-link-color wp-elements-23a4b1878d1f9ff69011f357e038968d\">O programa n\u00e3o se limita a promover a sa\u00fade f\u00edsica; ele \u00e9 um espa\u00e7o de conviv\u00eancia, aprendizado e fortalecimento comunit\u00e1rio. Ao incentivar a pr\u00e1tica esportiva, o PREVIT contribui diretamente para a promo\u00e7\u00e3o da sa\u00fade mental e se torna um importante agente na preven\u00e7\u00e3o ao suic\u00eddio, oferecendo um ambiente seguro e acolhedor para o desenvolvimento integral de seus participantes.<\/p>\n\n\n\n<p class=\"has-black-color has-text-color has-link-color wp-elements-74e4370194c2f2382a7f48550a7ab9cd\">Neste Setembro Amarelo, o Departamento de Esporte e Lazer refor\u00e7a o convite: movimente-se. Cuide do seu corpo e da sua mente com o mesmo carinho. A vida \u00e9 o nosso bem mais precioso, e a preven\u00e7\u00e3o come\u00e7a com pequenos gestos di\u00e1rios de autocuidado. Se precisar de ajuda, n\u00e3o hesite em procurar. Falar \u00e9 a melhor solu\u00e7\u00e3o.<\/p>\n\n\n\n<p class=\"has-black-color has-text-color has-link-color wp-elements-6adc47a0a2a51baf84a48d54dbea18fa\"><strong>Centro de Valoriza\u00e7\u00e3o da Vida (CVV): <\/strong>Ligue 188 (liga\u00e7\u00e3o gratuita e sigilosa, dispon\u00edvel 24 horas por dia) ou acesse www.cvv.org.br.<\/p>\n\n\n\n<p><strong><em>Texto: <\/em><\/strong><em>Bruna Larrubia, bolsista graduando do PREVIT, DEL\/PROEXT<\/em><em><br><\/em><strong><em>Foto: <\/em><\/strong><em>Marcelle Jourdan, bolsista graduando do PREVIT, DEL\/PROEXT<\/em><em><br><\/em><strong><em>Edi\u00e7\u00e3o: <\/em><\/strong><em>Jo\u00e3o Vitor Freitas, jornalista<\/em><\/p>\n","protected":false},"excerpt":{"rendered":"<p>Diante de um cen\u00e1rio em que o Brasil registra um aumento nos \u00edndices de suic\u00eddio, a campanha do Setembro Amarelo refor\u00e7a a [&hellip;]<\/p>\n","protected":false},"author":6,"featured_media":952,"comment_status":"open","ping_status":"open","sticky":false,"template":"","format":"standard","meta":{"_acf_changed":false,"footnotes":""},"categories":[3,12,14],"tags":[],"class_list":["post-950","post","type-post","status-publish","format-standard","has-post-thumbnail","hentry","category-noticias","category-previt","category-taca-ruralina"],"acf":[],"yoast_head":"<!-- This site is optimized with the Yoast SEO plugin v23.4 - https:\/\/yoast.com\/wordpress\/plugins\/seo\/ -->\n<title>Setembro Amarelo: Corpo em Movimento \u00e9 Aliado da Sa\u00fade Mental na Preven\u00e7\u00e3o ao Suic\u00eddio - Departamento de Esportes e Lazer<\/title>\n<meta name=\"robots\" content=\"index, follow, max-snippet:-1, max-image-preview:large, max-video-preview:-1\" \/>\n<link rel=\"canonical\" href=\"https:\/\/departamentos.ufrrj.br\/del\/2025\/09\/30\/setembro-amarelo-corpo-em-movimento-e-aliado-da-saude-mental-na-prevencao-ao-suicidio\/\" \/>\n<meta property=\"og:locale\" content=\"pt_BR\" \/>\n<meta property=\"og:type\" content=\"article\" \/>\n<meta property=\"og:title\" content=\"Setembro Amarelo: Corpo em Movimento \u00e9 Aliado da Sa\u00fade Mental na Preven\u00e7\u00e3o ao Suic\u00eddio - Departamento de Esportes e Lazer\" \/>\n<meta property=\"og:description\" content=\"Diante de um cen\u00e1rio em que o Brasil registra um aumento nos \u00edndices de suic\u00eddio, a campanha do Setembro Amarelo refor\u00e7a a [&hellip;]\" \/>\n<meta property=\"og:url\" content=\"https:\/\/departamentos.ufrrj.br\/del\/2025\/09\/30\/setembro-amarelo-corpo-em-movimento-e-aliado-da-saude-mental-na-prevencao-ao-suicidio\/\" \/>\n<meta property=\"og:site_name\" content=\"Departamento de Esportes e Lazer\" \/>\n<meta property=\"article:published_time\" content=\"2025-09-30T12:59:06+00:00\" \/>\n<meta property=\"article:modified_time\" content=\"2025-10-20T18:50:01+00:00\" \/>\n<meta property=\"og:image\" content=\"https:\/\/departamentos.ufrrj.br\/del\/wp-content\/uploads\/sites\/5\/2025\/09\/image-57.png\" \/>\n\t<meta property=\"og:image:width\" content=\"960\" \/>\n\t<meta property=\"og:image:height\" content=\"1280\" \/>\n\t<meta property=\"og:image:type\" content=\"image\/png\" \/>\n<meta name=\"author\" content=\"Vin\u00edcius Gev\u00fa\" \/>\n<meta name=\"twitter:card\" content=\"summary_large_image\" \/>\n<meta name=\"twitter:label1\" content=\"Escrito por\" \/>\n\t<meta name=\"twitter:data1\" content=\"Vin\u00edcius Gev\u00fa\" \/>\n\t<meta name=\"twitter:label2\" content=\"Est. tempo de leitura\" \/>\n\t<meta name=\"twitter:data2\" content=\"5 minutos\" \/>\n<script type=\"application\/ld+json\" class=\"yoast-schema-graph\">{\"@context\":\"https:\/\/schema.org\",\"@graph\":[{\"@type\":\"Article\",\"@id\":\"https:\/\/departamentos.ufrrj.br\/del\/2025\/09\/30\/setembro-amarelo-corpo-em-movimento-e-aliado-da-saude-mental-na-prevencao-ao-suicidio\/#article\",\"isPartOf\":{\"@id\":\"https:\/\/departamentos.ufrrj.br\/del\/2025\/09\/30\/setembro-amarelo-corpo-em-movimento-e-aliado-da-saude-mental-na-prevencao-ao-suicidio\/\"},\"author\":{\"name\":\"Vin\u00edcius Gev\u00fa\",\"@id\":\"https:\/\/departamentos.ufrrj.br\/del\/#\/schema\/person\/415c97961f5e204055ca772fd633f5ff\"},\"headline\":\"Setembro Amarelo: Corpo em Movimento \u00e9 Aliado da Sa\u00fade Mental na Preven\u00e7\u00e3o ao Suic\u00eddio\",\"datePublished\":\"2025-09-30T12:59:06+00:00\",\"dateModified\":\"2025-10-20T18:50:01+00:00\",\"mainEntityOfPage\":{\"@id\":\"https:\/\/departamentos.ufrrj.br\/del\/2025\/09\/30\/setembro-amarelo-corpo-em-movimento-e-aliado-da-saude-mental-na-prevencao-ao-suicidio\/\"},\"wordCount\":659,\"commentCount\":0,\"publisher\":{\"@id\":\"https:\/\/departamentos.ufrrj.br\/del\/#organization\"},\"image\":{\"@id\":\"https:\/\/departamentos.ufrrj.br\/del\/2025\/09\/30\/setembro-amarelo-corpo-em-movimento-e-aliado-da-saude-mental-na-prevencao-ao-suicidio\/#primaryimage\"},\"thumbnailUrl\":\"https:\/\/departamentos.ufrrj.br\/del\/wp-content\/uploads\/sites\/5\/2025\/09\/image-57.png\",\"articleSection\":[\"Not\u00edcias\",\"PREVIT\",\"Ta\u00e7a Ruralina\"],\"inLanguage\":\"pt-BR\",\"potentialAction\":[{\"@type\":\"CommentAction\",\"name\":\"Comment\",\"target\":[\"https:\/\/departamentos.ufrrj.br\/del\/2025\/09\/30\/setembro-amarelo-corpo-em-movimento-e-aliado-da-saude-mental-na-prevencao-ao-suicidio\/#respond\"]}]},{\"@type\":\"WebPage\",\"@id\":\"https:\/\/departamentos.ufrrj.br\/del\/2025\/09\/30\/setembro-amarelo-corpo-em-movimento-e-aliado-da-saude-mental-na-prevencao-ao-suicidio\/\",\"url\":\"https:\/\/departamentos.ufrrj.br\/del\/2025\/09\/30\/setembro-amarelo-corpo-em-movimento-e-aliado-da-saude-mental-na-prevencao-ao-suicidio\/\",\"name\":\"Setembro Amarelo: Corpo em Movimento \u00e9 Aliado da Sa\u00fade Mental na Preven\u00e7\u00e3o ao Suic\u00eddio - Departamento de Esportes e Lazer\",\"isPartOf\":{\"@id\":\"https:\/\/departamentos.ufrrj.br\/del\/#website\"},\"primaryImageOfPage\":{\"@id\":\"https:\/\/departamentos.ufrrj.br\/del\/2025\/09\/30\/setembro-amarelo-corpo-em-movimento-e-aliado-da-saude-mental-na-prevencao-ao-suicidio\/#primaryimage\"},\"image\":{\"@id\":\"https:\/\/departamentos.ufrrj.br\/del\/2025\/09\/30\/setembro-amarelo-corpo-em-movimento-e-aliado-da-saude-mental-na-prevencao-ao-suicidio\/#primaryimage\"},\"thumbnailUrl\":\"https:\/\/departamentos.ufrrj.br\/del\/wp-content\/uploads\/sites\/5\/2025\/09\/image-57.png\",\"datePublished\":\"2025-09-30T12:59:06+00:00\",\"dateModified\":\"2025-10-20T18:50:01+00:00\",\"breadcrumb\":{\"@id\":\"https:\/\/departamentos.ufrrj.br\/del\/2025\/09\/30\/setembro-amarelo-corpo-em-movimento-e-aliado-da-saude-mental-na-prevencao-ao-suicidio\/#breadcrumb\"},\"inLanguage\":\"pt-BR\",\"potentialAction\":[{\"@type\":\"ReadAction\",\"target\":[\"https:\/\/departamentos.ufrrj.br\/del\/2025\/09\/30\/setembro-amarelo-corpo-em-movimento-e-aliado-da-saude-mental-na-prevencao-ao-suicidio\/\"]}]},{\"@type\":\"ImageObject\",\"inLanguage\":\"pt-BR\",\"@id\":\"https:\/\/departamentos.ufrrj.br\/del\/2025\/09\/30\/setembro-amarelo-corpo-em-movimento-e-aliado-da-saude-mental-na-prevencao-ao-suicidio\/#primaryimage\",\"url\":\"https:\/\/departamentos.ufrrj.br\/del\/wp-content\/uploads\/sites\/5\/2025\/09\/image-57.png\",\"contentUrl\":\"https:\/\/departamentos.ufrrj.br\/del\/wp-content\/uploads\/sites\/5\/2025\/09\/image-57.png\",\"width\":960,\"height\":1280},{\"@type\":\"BreadcrumbList\",\"@id\":\"https:\/\/departamentos.ufrrj.br\/del\/2025\/09\/30\/setembro-amarelo-corpo-em-movimento-e-aliado-da-saude-mental-na-prevencao-ao-suicidio\/#breadcrumb\",\"itemListElement\":[{\"@type\":\"ListItem\",\"position\":1,\"name\":\"In\u00edcio\",\"item\":\"https:\/\/departamentos.ufrrj.br\/del\/\"},{\"@type\":\"ListItem\",\"position\":2,\"name\":\"Setembro Amarelo: Corpo em Movimento \u00e9 Aliado da Sa\u00fade Mental na Preven\u00e7\u00e3o ao Suic\u00eddio\"}]},{\"@type\":\"WebSite\",\"@id\":\"https:\/\/departamentos.ufrrj.br\/del\/#website\",\"url\":\"https:\/\/departamentos.ufrrj.br\/del\/\",\"name\":\"Departamento Ci\u00eancias Econ\u00f4micas\",\"description\":\"\",\"publisher\":{\"@id\":\"https:\/\/departamentos.ufrrj.br\/del\/#organization\"},\"potentialAction\":[{\"@type\":\"SearchAction\",\"target\":{\"@type\":\"EntryPoint\",\"urlTemplate\":\"https:\/\/departamentos.ufrrj.br\/del\/?s={search_term_string}\"},\"query-input\":{\"@type\":\"PropertyValueSpecification\",\"valueRequired\":true,\"valueName\":\"search_term_string\"}}],\"inLanguage\":\"pt-BR\"},{\"@type\":\"Organization\",\"@id\":\"https:\/\/departamentos.ufrrj.br\/del\/#organization\",\"name\":\"Departamento Ci\u00eancias Econ\u00f4micas\",\"url\":\"https:\/\/departamentos.ufrrj.br\/del\/\",\"logo\":{\"@type\":\"ImageObject\",\"inLanguage\":\"pt-BR\",\"@id\":\"https:\/\/departamentos.ufrrj.br\/del\/#\/schema\/logo\/image\/\",\"url\":\"https:\/\/departamentos.ufrrj.br\/del\/wp-content\/uploads\/sites\/5\/2025\/03\/Design-sem-nome-4-150x150-1.jpg\",\"contentUrl\":\"https:\/\/departamentos.ufrrj.br\/del\/wp-content\/uploads\/sites\/5\/2025\/03\/Design-sem-nome-4-150x150-1.jpg\",\"width\":150,\"height\":150,\"caption\":\"Departamento Ci\u00eancias Econ\u00f4micas\"},\"image\":{\"@id\":\"https:\/\/departamentos.ufrrj.br\/del\/#\/schema\/logo\/image\/\"},\"sameAs\":[\"https:\/\/www.instagram.com\/del.ufrrj\/\"]},{\"@type\":\"Person\",\"@id\":\"https:\/\/departamentos.ufrrj.br\/del\/#\/schema\/person\/415c97961f5e204055ca772fd633f5ff\",\"name\":\"Vin\u00edcius Gev\u00fa\",\"image\":{\"@type\":\"ImageObject\",\"inLanguage\":\"pt-BR\",\"@id\":\"https:\/\/departamentos.ufrrj.br\/del\/#\/schema\/person\/image\/\",\"url\":\"https:\/\/secure.gravatar.com\/avatar\/6386fc479ea2bf720a23c246cb34dafe?s=96&d=mm&r=g\",\"contentUrl\":\"https:\/\/secure.gravatar.com\/avatar\/6386fc479ea2bf720a23c246cb34dafe?s=96&d=mm&r=g\",\"caption\":\"Vin\u00edcius Gev\u00fa\"},\"description\":\"GLPI 37594\",\"url\":\"https:\/\/departamentos.ufrrj.br\/del\/author\/viniciusgevu\/\"}]}<\/script>\n<!-- \/ Yoast SEO plugin. -->","yoast_head_json":{"title":"Setembro Amarelo: Corpo em Movimento \u00e9 Aliado da Sa\u00fade Mental na Preven\u00e7\u00e3o ao Suic\u00eddio - Departamento de Esportes e Lazer","robots":{"index":"index","follow":"follow","max-snippet":"max-snippet:-1","max-image-preview":"max-image-preview:large","max-video-preview":"max-video-preview:-1"},"canonical":"https:\/\/departamentos.ufrrj.br\/del\/2025\/09\/30\/setembro-amarelo-corpo-em-movimento-e-aliado-da-saude-mental-na-prevencao-ao-suicidio\/","og_locale":"pt_BR","og_type":"article","og_title":"Setembro Amarelo: Corpo em Movimento \u00e9 Aliado da Sa\u00fade Mental na Preven\u00e7\u00e3o ao Suic\u00eddio - Departamento de Esportes e Lazer","og_description":"Diante de um cen\u00e1rio em que o Brasil registra um aumento nos \u00edndices de suic\u00eddio, a campanha do Setembro Amarelo refor\u00e7a a [&hellip;]","og_url":"https:\/\/departamentos.ufrrj.br\/del\/2025\/09\/30\/setembro-amarelo-corpo-em-movimento-e-aliado-da-saude-mental-na-prevencao-ao-suicidio\/","og_site_name":"Departamento de Esportes e Lazer","article_published_time":"2025-09-30T12:59:06+00:00","article_modified_time":"2025-10-20T18:50:01+00:00","og_image":[{"width":960,"height":1280,"url":"https:\/\/departamentos.ufrrj.br\/del\/wp-content\/uploads\/sites\/5\/2025\/09\/image-57.png","type":"image\/png"}],"author":"Vin\u00edcius Gev\u00fa","twitter_card":"summary_large_image","twitter_misc":{"Escrito por":"Vin\u00edcius Gev\u00fa","Est. tempo de leitura":"5 minutos"},"schema":{"@context":"https:\/\/schema.org","@graph":[{"@type":"Article","@id":"https:\/\/departamentos.ufrrj.br\/del\/2025\/09\/30\/setembro-amarelo-corpo-em-movimento-e-aliado-da-saude-mental-na-prevencao-ao-suicidio\/#article","isPartOf":{"@id":"https:\/\/departamentos.ufrrj.br\/del\/2025\/09\/30\/setembro-amarelo-corpo-em-movimento-e-aliado-da-saude-mental-na-prevencao-ao-suicidio\/"},"author":{"name":"Vin\u00edcius Gev\u00fa","@id":"https:\/\/departamentos.ufrrj.br\/del\/#\/schema\/person\/415c97961f5e204055ca772fd633f5ff"},"headline":"Setembro Amarelo: Corpo em Movimento \u00e9 Aliado da Sa\u00fade Mental na Preven\u00e7\u00e3o ao Suic\u00eddio","datePublished":"2025-09-30T12:59:06+00:00","dateModified":"2025-10-20T18:50:01+00:00","mainEntityOfPage":{"@id":"https:\/\/departamentos.ufrrj.br\/del\/2025\/09\/30\/setembro-amarelo-corpo-em-movimento-e-aliado-da-saude-mental-na-prevencao-ao-suicidio\/"},"wordCount":659,"commentCount":0,"publisher":{"@id":"https:\/\/departamentos.ufrrj.br\/del\/#organization"},"image":{"@id":"https:\/\/departamentos.ufrrj.br\/del\/2025\/09\/30\/setembro-amarelo-corpo-em-movimento-e-aliado-da-saude-mental-na-prevencao-ao-suicidio\/#primaryimage"},"thumbnailUrl":"https:\/\/departamentos.ufrrj.br\/del\/wp-content\/uploads\/sites\/5\/2025\/09\/image-57.png","articleSection":["Not\u00edcias","PREVIT","Ta\u00e7a Ruralina"],"inLanguage":"pt-BR","potentialAction":[{"@type":"CommentAction","name":"Comment","target":["https:\/\/departamentos.ufrrj.br\/del\/2025\/09\/30\/setembro-amarelo-corpo-em-movimento-e-aliado-da-saude-mental-na-prevencao-ao-suicidio\/#respond"]}]},{"@type":"WebPage","@id":"https:\/\/departamentos.ufrrj.br\/del\/2025\/09\/30\/setembro-amarelo-corpo-em-movimento-e-aliado-da-saude-mental-na-prevencao-ao-suicidio\/","url":"https:\/\/departamentos.ufrrj.br\/del\/2025\/09\/30\/setembro-amarelo-corpo-em-movimento-e-aliado-da-saude-mental-na-prevencao-ao-suicidio\/","name":"Setembro Amarelo: Corpo em Movimento \u00e9 Aliado da Sa\u00fade Mental na Preven\u00e7\u00e3o ao Suic\u00eddio - Departamento de Esportes e Lazer","isPartOf":{"@id":"https:\/\/departamentos.ufrrj.br\/del\/#website"},"primaryImageOfPage":{"@id":"https:\/\/departamentos.ufrrj.br\/del\/2025\/09\/30\/setembro-amarelo-corpo-em-movimento-e-aliado-da-saude-mental-na-prevencao-ao-suicidio\/#primaryimage"},"image":{"@id":"https:\/\/departamentos.ufrrj.br\/del\/2025\/09\/30\/setembro-amarelo-corpo-em-movimento-e-aliado-da-saude-mental-na-prevencao-ao-suicidio\/#primaryimage"},"thumbnailUrl":"https:\/\/departamentos.ufrrj.br\/del\/wp-content\/uploads\/sites\/5\/2025\/09\/image-57.png","datePublished":"2025-09-30T12:59:06+00:00","dateModified":"2025-10-20T18:50:01+00:00","breadcrumb":{"@id":"https:\/\/departamentos.ufrrj.br\/del\/2025\/09\/30\/setembro-amarelo-corpo-em-movimento-e-aliado-da-saude-mental-na-prevencao-ao-suicidio\/#breadcrumb"},"inLanguage":"pt-BR","potentialAction":[{"@type":"ReadAction","target":["https:\/\/departamentos.ufrrj.br\/del\/2025\/09\/30\/setembro-amarelo-corpo-em-movimento-e-aliado-da-saude-mental-na-prevencao-ao-suicidio\/"]}]},{"@type":"ImageObject","inLanguage":"pt-BR","@id":"https:\/\/departamentos.ufrrj.br\/del\/2025\/09\/30\/setembro-amarelo-corpo-em-movimento-e-aliado-da-saude-mental-na-prevencao-ao-suicidio\/#primaryimage","url":"https:\/\/departamentos.ufrrj.br\/del\/wp-content\/uploads\/sites\/5\/2025\/09\/image-57.png","contentUrl":"https:\/\/departamentos.ufrrj.br\/del\/wp-content\/uploads\/sites\/5\/2025\/09\/image-57.png","width":960,"height":1280},{"@type":"BreadcrumbList","@id":"https:\/\/departamentos.ufrrj.br\/del\/2025\/09\/30\/setembro-amarelo-corpo-em-movimento-e-aliado-da-saude-mental-na-prevencao-ao-suicidio\/#breadcrumb","itemListElement":[{"@type":"ListItem","position":1,"name":"In\u00edcio","item":"https:\/\/departamentos.ufrrj.br\/del\/"},{"@type":"ListItem","position":2,"name":"Setembro Amarelo: Corpo em Movimento \u00e9 Aliado da Sa\u00fade Mental na Preven\u00e7\u00e3o ao Suic\u00eddio"}]},{"@type":"WebSite","@id":"https:\/\/departamentos.ufrrj.br\/del\/#website","url":"https:\/\/departamentos.ufrrj.br\/del\/","name":"Departamento Ci\u00eancias Econ\u00f4micas","description":"","publisher":{"@id":"https:\/\/departamentos.ufrrj.br\/del\/#organization"},"potentialAction":[{"@type":"SearchAction","target":{"@type":"EntryPoint","urlTemplate":"https:\/\/departamentos.ufrrj.br\/del\/?s={search_term_string}"},"query-input":{"@type":"PropertyValueSpecification","valueRequired":true,"valueName":"search_term_string"}}],"inLanguage":"pt-BR"},{"@type":"Organization","@id":"https:\/\/departamentos.ufrrj.br\/del\/#organization","name":"Departamento Ci\u00eancias Econ\u00f4micas","url":"https:\/\/departamentos.ufrrj.br\/del\/","logo":{"@type":"ImageObject","inLanguage":"pt-BR","@id":"https:\/\/departamentos.ufrrj.br\/del\/#\/schema\/logo\/image\/","url":"https:\/\/departamentos.ufrrj.br\/del\/wp-content\/uploads\/sites\/5\/2025\/03\/Design-sem-nome-4-150x150-1.jpg","contentUrl":"https:\/\/departamentos.ufrrj.br\/del\/wp-content\/uploads\/sites\/5\/2025\/03\/Design-sem-nome-4-150x150-1.jpg","width":150,"height":150,"caption":"Departamento Ci\u00eancias Econ\u00f4micas"},"image":{"@id":"https:\/\/departamentos.ufrrj.br\/del\/#\/schema\/logo\/image\/"},"sameAs":["https:\/\/www.instagram.com\/del.ufrrj\/"]},{"@type":"Person","@id":"https:\/\/departamentos.ufrrj.br\/del\/#\/schema\/person\/415c97961f5e204055ca772fd633f5ff","name":"Vin\u00edcius Gev\u00fa","image":{"@type":"ImageObject","inLanguage":"pt-BR","@id":"https:\/\/departamentos.ufrrj.br\/del\/#\/schema\/person\/image\/","url":"https:\/\/secure.gravatar.com\/avatar\/6386fc479ea2bf720a23c246cb34dafe?s=96&d=mm&r=g","contentUrl":"https:\/\/secure.gravatar.com\/avatar\/6386fc479ea2bf720a23c246cb34dafe?s=96&d=mm&r=g","caption":"Vin\u00edcius Gev\u00fa"},"description":"GLPI 37594","url":"https:\/\/departamentos.ufrrj.br\/del\/author\/viniciusgevu\/"}]}},"_links":{"self":[{"href":"https:\/\/departamentos.ufrrj.br\/del\/wp-json\/wp\/v2\/posts\/950"}],"collection":[{"href":"https:\/\/departamentos.ufrrj.br\/del\/wp-json\/wp\/v2\/posts"}],"about":[{"href":"https:\/\/departamentos.ufrrj.br\/del\/wp-json\/wp\/v2\/types\/post"}],"author":[{"embeddable":true,"href":"https:\/\/departamentos.ufrrj.br\/del\/wp-json\/wp\/v2\/users\/6"}],"replies":[{"embeddable":true,"href":"https:\/\/departamentos.ufrrj.br\/del\/wp-json\/wp\/v2\/comments?post=950"}],"version-history":[{"count":25,"href":"https:\/\/departamentos.ufrrj.br\/del\/wp-json\/wp\/v2\/posts\/950\/revisions"}],"predecessor-version":[{"id":1032,"href":"https:\/\/departamentos.ufrrj.br\/del\/wp-json\/wp\/v2\/posts\/950\/revisions\/1032"}],"wp:featuredmedia":[{"embeddable":true,"href":"https:\/\/departamentos.ufrrj.br\/del\/wp-json\/wp\/v2\/media\/952"}],"wp:attachment":[{"href":"https:\/\/departamentos.ufrrj.br\/del\/wp-json\/wp\/v2\/media?parent=950"}],"wp:term":[{"taxonomy":"category","embeddable":true,"href":"https:\/\/departamentos.ufrrj.br\/del\/wp-json\/wp\/v2\/categories?post=950"},{"taxonomy":"post_tag","embeddable":true,"href":"https:\/\/departamentos.ufrrj.br\/del\/wp-json\/wp\/v2\/tags?post=950"}],"curies":[{"name":"wp","href":"https:\/\/api.w.org\/{rel}","templated":true}]}}