{"id":988,"date":"2025-10-18T21:25:02","date_gmt":"2025-10-19T00:25:02","guid":{"rendered":"https:\/\/departamentos.ufrrj.br\/del\/?p=988"},"modified":"2025-10-18T22:21:22","modified_gmt":"2025-10-19T01:21:22","slug":"os-5-quilometros-que-curam-como-a-corrida-do-servidor-ressignifica-a-jornada-de-uma-professora-na-ufrrj","status":"publish","type":"post","link":"https:\/\/departamentos.ufrrj.br\/del\/2025\/10\/18\/os-5-quilometros-que-curam-como-a-corrida-do-servidor-ressignifica-a-jornada-de-uma-professora-na-ufrrj\/","title":{"rendered":"Os 5 quil\u00f4metros que curam: como a Corrida do Servidor ressignifica a jornada de uma professora na UFRRJ"},"content":{"rendered":"\n<hr class=\"wp-block-separator has-alpha-channel-opacity\"\/>\n\n\n\n<p> <\/p>\n\n\n<div class=\"taxonomy-category wp-block-post-terms\"><a href=\"https:\/\/departamentos.ufrrj.br\/del\/category\/corrida-do-servidor\/\" rel=\"tag\">Corrida do servidor<\/a><span class=\"wp-block-post-terms__separator\">, <\/span><a href=\"https:\/\/departamentos.ufrrj.br\/del\/category\/noticias\/\" rel=\"tag\">Not\u00edcias<\/a><\/div>\n\n\n<p> <\/p>\n\n\n\n<hr class=\"wp-block-separator has-alpha-channel-opacity\"\/>\n\n\n\n<p><\/p>\n\n\n\n<p>Para a maioria dos inscritos, a Corrida do Servidor da UFRRJ do pr\u00f3ximo dia 23 de outubro representa um desafio f\u00edsico, um momento de confraterniza\u00e7\u00e3o. Para a professora Thais Gallo, no entanto, a linha de chegada desenha no horizonte de sua jornada um significado muito mais profundo: \u00e9 a reconquista do corpo, a supera\u00e7\u00e3o de um trauma e o ponto final em um doloroso cap\u00edtulo de sua vida. Cada um dos cinco mil metros do percurso ser\u00e1 um passo para longe da les\u00e3o que a silenciou e para perto da atleta que ela redescobriu em si.<\/p>\n\n\n\n<figure class=\"wp-block-image size-full\"><img loading=\"lazy\" decoding=\"async\" width=\"1024\" height=\"576\" src=\"https:\/\/departamentos.ufrrj.br\/del\/wp-content\/uploads\/sites\/5\/2025\/10\/image.png\" alt=\"\" class=\"wp-image-989\" srcset=\"https:\/\/departamentos.ufrrj.br\/del\/wp-content\/uploads\/sites\/5\/2025\/10\/image.png 1024w, https:\/\/departamentos.ufrrj.br\/del\/wp-content\/uploads\/sites\/5\/2025\/10\/image-300x169.png 300w, https:\/\/departamentos.ufrrj.br\/del\/wp-content\/uploads\/sites\/5\/2025\/10\/image-768x432.png 768w, https:\/\/departamentos.ufrrj.br\/del\/wp-content\/uploads\/sites\/5\/2025\/10\/image-124x70.png 124w\" sizes=\"(max-width: 1024px) 100vw, 1024px\" \/><figcaption class=\"wp-element-caption\">A coordenadora da CODIN, professora Thais Alves Gallo Andrade.&nbsp;<em><strong>Foto:<\/strong>&nbsp;Fernanda Barbosa, jornalista e coordenadora da CCS\/UFRRJ.<\/em><\/figcaption><\/figure>\n\n\n\n<p>Gestora da Coordenadoria de Desenvolvimento Institucional (CODIN) e docente do Departamento de Ci\u00eancias do Meio Ambiente, Thais nem sempre foi uma corredora. Sua rela\u00e7\u00e3o com o esporte nasceu de uma necessidade cl\u00ednica em 2017, quando um diagn\u00f3stico de disfun\u00e7\u00e3o de insulina a levou a uma recomenda\u00e7\u00e3o m\u00e9dica taxativa: muscula\u00e7\u00e3o. A conex\u00e3o, por\u00e9m, n\u00e3o foi imediata. \u201cEu n\u00e3o gostava de fazer muscula\u00e7\u00e3o\u201d, confessa. Com uma sinceridade que humaniza, ela recorda: \u201cN\u00e3o tive a atividade f\u00edsica como rotina na inf\u00e2ncia, n\u00e3o sabia pular\u201d.<\/p>\n\n\n\n<p>Mas a busca por sa\u00fade a impeliu a n\u00e3o desistir. Foi na explora\u00e7\u00e3o de seus pr\u00f3prios limites que ela encontrou uma paix\u00e3o improv\u00e1vel: o triatlo. Entre a nata\u00e7\u00e3o, sua modalidade preferida, o ciclismo e a corrida, Thais forjou uma nova identidade. Manteve-se firme mesmo durante a pandemia, adaptando-se a treinos online. Com o fim do distanciamento social, um sonho audacioso tomou forma: completar a Maratona do Rio de Janeiro.<\/p>\n\n\n\n<div class=\"wp-block-columns is-layout-flex wp-container-core-columns-is-layout-1 wp-block-columns-is-layout-flex\">\n<div class=\"wp-block-column is-layout-flow wp-block-column-is-layout-flow\">\n<figure class=\"wp-block-image size-full\"><img loading=\"lazy\" decoding=\"async\" width=\"768\" height=\"1024\" src=\"https:\/\/departamentos.ufrrj.br\/del\/wp-content\/uploads\/sites\/5\/2025\/10\/image-1.png\" alt=\"\" class=\"wp-image-990\" srcset=\"https:\/\/departamentos.ufrrj.br\/del\/wp-content\/uploads\/sites\/5\/2025\/10\/image-1.png 768w, https:\/\/departamentos.ufrrj.br\/del\/wp-content\/uploads\/sites\/5\/2025\/10\/image-1-225x300.png 225w, https:\/\/departamentos.ufrrj.br\/del\/wp-content\/uploads\/sites\/5\/2025\/10\/image-1-53x70.png 53w\" sizes=\"(max-width: 768px) 100vw, 768px\" \/><figcaption class=\"wp-element-caption\">Professora Thais Gallo durante o treino de recupera\u00e7\u00e3o.&nbsp;<em><strong>Foto:<\/strong>&nbsp;DEL\/UFRRJ.<\/em><\/figcaption><\/figure>\n<\/div>\n\n\n\n<div class=\"wp-block-column is-layout-flow wp-block-column-is-layout-flow\">\n<figure class=\"wp-block-image size-full\"><img decoding=\"async\" src=\"https:\/\/departamentos.ufrrj.br\/del\/wp-content\/uploads\/sites\/5\/2025\/10\/image-2.png\" alt=\"\" class=\"wp-image-991\"\/><figcaption class=\"wp-element-caption\">Execu\u00e7\u00e3o da atividade f\u00edsica.&nbsp;<em><strong>Foto:<\/strong>&nbsp;DEL\/UFRRJ.<\/em><\/figcaption><\/figure>\n<\/div>\n<\/div>\n\n\n\n<p>oi na busca por este sonho que a jornada tomou um rumo tr\u00e1gico. Uma les\u00e3o severa durante a prepara\u00e7\u00e3o a parou de forma abrupta e violenta. O diagn\u00f3stico era assustador: rompimento do tend\u00e3o do bra\u00e7o e um deslocamento do ombro esquerdo para a frente da clav\u00edcula. \u201cFiquei meses sem mexer o bra\u00e7o, foi um momento muito doloroso\u201d, relata. A dor f\u00edsica, contudo, foi superada por uma ferida mais profunda. O epis\u00f3dio, segundo ela, \u201ccriou um trauma pela corrida\u201d. Por tr\u00eas longos anos, a ideia de cal\u00e7ar os t\u00eanis e sentir o asfalto sob os p\u00e9s esteve associada ao medo.<\/p>\n\n\n\n<p>Quando o an\u00fancio da Corrida do Servidor chegou, a primeira rea\u00e7\u00e3o foi um \u201cgrande receio\u201d. O desejo de participar esbarrava na mem\u00f3ria da dor.<\/p>\n\n\n\n<div class=\"wp-block-columns is-layout-flex wp-container-core-columns-is-layout-2 wp-block-columns-is-layout-flex\">\n<div class=\"wp-block-column is-layout-flow wp-block-column-is-layout-flow\">\n<figure class=\"wp-block-image size-full\"><img loading=\"lazy\" decoding=\"async\" width=\"606\" height=\"785\" src=\"https:\/\/departamentos.ufrrj.br\/del\/wp-content\/uploads\/sites\/5\/2025\/10\/image-3.png\" alt=\"\" class=\"wp-image-992\" srcset=\"https:\/\/departamentos.ufrrj.br\/del\/wp-content\/uploads\/sites\/5\/2025\/10\/image-3.png 606w, https:\/\/departamentos.ufrrj.br\/del\/wp-content\/uploads\/sites\/5\/2025\/10\/image-3-232x300.png 232w, https:\/\/departamentos.ufrrj.br\/del\/wp-content\/uploads\/sites\/5\/2025\/10\/image-3-54x70.png 54w\" sizes=\"(max-width: 606px) 100vw, 606px\" \/><figcaption class=\"wp-element-caption\"><em><strong>Foto:<\/strong>&nbsp;Jo\u00e3o Vitor Freitas, jornalista e bolsista de Comunica\u00e7\u00e3o da CCS<\/em>.<\/figcaption><\/figure>\n<\/div>\n\n\n\n<div class=\"wp-block-column is-layout-flow wp-block-column-is-layout-flow\">\n<p>O que ela n\u00e3o esperava era que sua hist\u00f3ria chegaria, por acaso, aos ouvidos certos. Durante uma visita a uma obra no c\u00e2mpus, em uma conversa casual, Thais mencionou seu afastamento das pistas. Quem a ouvia era Jo\u00e3o Lemos, bolsista do Departamento de Esporte e Lazer (DEL), graduando de Educa\u00e7\u00e3o F\u00edsica e um dos coordenadores do evento. Aquele breve relato foi o suficiente. \u201cFiquei comovido pela hist\u00f3ria dela\u201d, conta Jo\u00e3o. \u201cAnotei o contato dela e fui pra casa pensando em como poderia ajud\u00e1-la a retomar a corrida. Ent\u00e3o surgiu a ideia de criar um projeto de 30 dias, envolvendo toda a equipe do DEL, com o objetivo de ajud\u00e1-la a voltar a correr\u201d.<\/p>\n<\/div>\n<\/div>\n\n\n\n<p>O convite, carregado de empatia e suporte t\u00e9cnico, emocionou a professora. Ela aceitou o desafio. Desde ent\u00e3o, uma alian\u00e7a entre ci\u00eancia do esporte e for\u00e7a de vontade foi selada. Sob a orienta\u00e7\u00e3o de Jo\u00e3o e da equipe do DEL, Thais iniciou um programa meticuloso de treinos de for\u00e7a e corrida. O maior obst\u00e1culo, no entanto, n\u00e3o estava nos m\u00fasculos, mas na mente. \u201cO grande desafio at\u00e9 agora tem sido devolver a confian\u00e7a e ajud\u00e1-la a superar o medo da les\u00e3o\u201d, observa Lemos, \u201cmostrando que com acompanhamento e paci\u00eancia \u00e9 poss\u00edvel recome\u00e7ar\u201d.<\/p>\n\n\n\n<div class=\"wp-block-columns is-layout-flex wp-container-core-columns-is-layout-3 wp-block-columns-is-layout-flex\">\n<div class=\"wp-block-column is-layout-flow wp-block-column-is-layout-flow\">\n<p>A iniciativa transcende a hist\u00f3ria individual e reflete a miss\u00e3o do pr\u00f3prio Departamento. Thiago Rosa, diretor do DEL, contextualiza a import\u00e2ncia de a\u00e7\u00f5es como esta. \u201cO DEL vem trabalhando para desenvolver pr\u00e1ticas esportivas extensionistas que melhorem a vida da popula\u00e7\u00e3o ao redor da Universidade, mas tamb\u00e9m estamos trabalhando para manter a sa\u00fade e bem-estar dos nossos servidores\u201d, destaca. Para ele, o projeto com a professora Thais materializa o prop\u00f3sito maior do evento: \u201cEstimular a atividade f\u00edsica dos servidores da UFRRJ e a integra\u00e7\u00e3o entre os diferentes setores da universidade\u201d.<\/p>\n<\/div>\n\n\n\n<div class=\"wp-block-column is-layout-flow wp-block-column-is-layout-flow\">\n<figure class=\"wp-block-image size-full\"><img loading=\"lazy\" decoding=\"async\" width=\"800\" height=\"800\" src=\"https:\/\/departamentos.ufrrj.br\/del\/wp-content\/uploads\/sites\/5\/2025\/10\/image-4.png\" alt=\"\" class=\"wp-image-993\" srcset=\"https:\/\/departamentos.ufrrj.br\/del\/wp-content\/uploads\/sites\/5\/2025\/10\/image-4.png 800w, https:\/\/departamentos.ufrrj.br\/del\/wp-content\/uploads\/sites\/5\/2025\/10\/image-4-300x300.png 300w, https:\/\/departamentos.ufrrj.br\/del\/wp-content\/uploads\/sites\/5\/2025\/10\/image-4-150x150.png 150w, https:\/\/departamentos.ufrrj.br\/del\/wp-content\/uploads\/sites\/5\/2025\/10\/image-4-768x768.png 768w, https:\/\/departamentos.ufrrj.br\/del\/wp-content\/uploads\/sites\/5\/2025\/10\/image-4-200x200.png 200w, https:\/\/departamentos.ufrrj.br\/del\/wp-content\/uploads\/sites\/5\/2025\/10\/image-4-70x70.png 70w\" sizes=\"(max-width: 800px) 100vw, 800px\" \/><figcaption class=\"wp-element-caption\"><strong><em>F<\/em><\/strong><em><strong>oto:<\/strong>&nbsp;DEL\/UFRRJ<\/em>.<\/figcaption><\/figure>\n<\/div>\n<\/div>\n\n\n\n<p>No dia 23 de outubro, quando Thais Gallo cruzar a linha de largada, ela n\u00e3o estar\u00e1 apenas iniciando uma prova de 5km. Estar\u00e1 dando a largada para um novo cap\u00edtulo, carregando consigo a for\u00e7a de uma equipe que acreditou em seu retorno e provando que, \u00e0s vezes, a maior vit\u00f3ria n\u00e3o est\u00e1 em vencer a corrida, mas em ter a coragem de come\u00e7ar.<\/p>\n\n\n\n<p><br><br><em><strong>&nbsp;Texto:<\/strong>&nbsp;Jo\u00e3o Vitor Freitas, jornalista e bolsista de Comunica\u00e7\u00e3o da CCS<\/em>.<\/p>\n","protected":false},"excerpt":{"rendered":"<p>Para a maioria dos inscritos, a Corrida do Servidor da UFRRJ do pr\u00f3ximo dia 23 de outubro representa um desafio f\u00edsico, um [&hellip;]<\/p>\n","protected":false},"author":6,"featured_media":991,"comment_status":"open","ping_status":"open","sticky":false,"template":"","format":"standard","meta":{"_acf_changed":false,"footnotes":""},"categories":[11,3],"tags":[9],"class_list":["post-988","post","type-post","status-publish","format-standard","has-post-thumbnail","hentry","category-corrida-do-servidor","category-noticias","tag-corrida-do-servidor"],"acf":[],"yoast_head":"<!-- This site is optimized with the Yoast SEO plugin v23.4 - https:\/\/yoast.com\/wordpress\/plugins\/seo\/ -->\n<title>Os 5 quil\u00f4metros que curam: como a Corrida do Servidor ressignifica a jornada de uma professora na UFRRJ - Departamento de Esportes e Lazer<\/title>\n<meta name=\"robots\" content=\"index, follow, max-snippet:-1, max-image-preview:large, max-video-preview:-1\" \/>\n<link rel=\"canonical\" href=\"https:\/\/departamentos.ufrrj.br\/del\/2025\/10\/18\/os-5-quilometros-que-curam-como-a-corrida-do-servidor-ressignifica-a-jornada-de-uma-professora-na-ufrrj\/\" \/>\n<meta property=\"og:locale\" content=\"pt_BR\" \/>\n<meta property=\"og:type\" content=\"article\" \/>\n<meta property=\"og:title\" content=\"Os 5 quil\u00f4metros que curam: como a Corrida do Servidor ressignifica a jornada de uma professora na UFRRJ - Departamento de Esportes e Lazer\" \/>\n<meta property=\"og:description\" content=\"Para a maioria dos inscritos, a Corrida do Servidor da UFRRJ do pr\u00f3ximo dia 23 de outubro representa um desafio f\u00edsico, um [&hellip;]\" \/>\n<meta property=\"og:url\" content=\"https:\/\/departamentos.ufrrj.br\/del\/2025\/10\/18\/os-5-quilometros-que-curam-como-a-corrida-do-servidor-ressignifica-a-jornada-de-uma-professora-na-ufrrj\/\" \/>\n<meta property=\"og:site_name\" content=\"Departamento de Esportes e Lazer\" \/>\n<meta property=\"article:published_time\" content=\"2025-10-19T00:25:02+00:00\" \/>\n<meta property=\"article:modified_time\" content=\"2025-10-19T01:21:22+00:00\" \/>\n<meta property=\"og:image\" content=\"https:\/\/departamentos.ufrrj.br\/del\/wp-content\/uploads\/sites\/5\/2025\/10\/image-2-e1760833426597.png\" \/>\n\t<meta property=\"og:image:width\" content=\"576\" \/>\n\t<meta property=\"og:image:height\" content=\"436\" \/>\n\t<meta property=\"og:image:type\" content=\"image\/png\" \/>\n<meta name=\"author\" content=\"Vin\u00edcius Gev\u00fa\" \/>\n<meta name=\"twitter:card\" content=\"summary_large_image\" \/>\n<meta name=\"twitter:label1\" content=\"Escrito por\" \/>\n\t<meta name=\"twitter:data1\" content=\"Vin\u00edcius Gev\u00fa\" \/>\n\t<meta name=\"twitter:label2\" content=\"Est. tempo de leitura\" \/>\n\t<meta name=\"twitter:data2\" content=\"6 minutos\" \/>\n<script type=\"application\/ld+json\" class=\"yoast-schema-graph\">{\"@context\":\"https:\/\/schema.org\",\"@graph\":[{\"@type\":\"Article\",\"@id\":\"https:\/\/departamentos.ufrrj.br\/del\/2025\/10\/18\/os-5-quilometros-que-curam-como-a-corrida-do-servidor-ressignifica-a-jornada-de-uma-professora-na-ufrrj\/#article\",\"isPartOf\":{\"@id\":\"https:\/\/departamentos.ufrrj.br\/del\/2025\/10\/18\/os-5-quilometros-que-curam-como-a-corrida-do-servidor-ressignifica-a-jornada-de-uma-professora-na-ufrrj\/\"},\"author\":{\"name\":\"Vin\u00edcius Gev\u00fa\",\"@id\":\"https:\/\/departamentos.ufrrj.br\/del\/#\/schema\/person\/415c97961f5e204055ca772fd633f5ff\"},\"headline\":\"Os 5 quil\u00f4metros que curam: como a Corrida do Servidor ressignifica a jornada de uma professora na UFRRJ\",\"datePublished\":\"2025-10-19T00:25:02+00:00\",\"dateModified\":\"2025-10-19T01:21:22+00:00\",\"mainEntityOfPage\":{\"@id\":\"https:\/\/departamentos.ufrrj.br\/del\/2025\/10\/18\/os-5-quilometros-que-curam-como-a-corrida-do-servidor-ressignifica-a-jornada-de-uma-professora-na-ufrrj\/\"},\"wordCount\":909,\"commentCount\":0,\"publisher\":{\"@id\":\"https:\/\/departamentos.ufrrj.br\/del\/#organization\"},\"image\":{\"@id\":\"https:\/\/departamentos.ufrrj.br\/del\/2025\/10\/18\/os-5-quilometros-que-curam-como-a-corrida-do-servidor-ressignifica-a-jornada-de-uma-professora-na-ufrrj\/#primaryimage\"},\"thumbnailUrl\":\"https:\/\/departamentos.ufrrj.br\/del\/wp-content\/uploads\/sites\/5\/2025\/10\/image-2-e1760833426597.png\",\"keywords\":[\"Corrida do Servidor\"],\"articleSection\":[\"Corrida do servidor\",\"Not\u00edcias\"],\"inLanguage\":\"pt-BR\",\"potentialAction\":[{\"@type\":\"CommentAction\",\"name\":\"Comment\",\"target\":[\"https:\/\/departamentos.ufrrj.br\/del\/2025\/10\/18\/os-5-quilometros-que-curam-como-a-corrida-do-servidor-ressignifica-a-jornada-de-uma-professora-na-ufrrj\/#respond\"]}]},{\"@type\":\"WebPage\",\"@id\":\"https:\/\/departamentos.ufrrj.br\/del\/2025\/10\/18\/os-5-quilometros-que-curam-como-a-corrida-do-servidor-ressignifica-a-jornada-de-uma-professora-na-ufrrj\/\",\"url\":\"https:\/\/departamentos.ufrrj.br\/del\/2025\/10\/18\/os-5-quilometros-que-curam-como-a-corrida-do-servidor-ressignifica-a-jornada-de-uma-professora-na-ufrrj\/\",\"name\":\"Os 5 quil\u00f4metros que curam: como a Corrida do Servidor ressignifica a jornada de uma professora na UFRRJ - Departamento de Esportes e Lazer\",\"isPartOf\":{\"@id\":\"https:\/\/departamentos.ufrrj.br\/del\/#website\"},\"primaryImageOfPage\":{\"@id\":\"https:\/\/departamentos.ufrrj.br\/del\/2025\/10\/18\/os-5-quilometros-que-curam-como-a-corrida-do-servidor-ressignifica-a-jornada-de-uma-professora-na-ufrrj\/#primaryimage\"},\"image\":{\"@id\":\"https:\/\/departamentos.ufrrj.br\/del\/2025\/10\/18\/os-5-quilometros-que-curam-como-a-corrida-do-servidor-ressignifica-a-jornada-de-uma-professora-na-ufrrj\/#primaryimage\"},\"thumbnailUrl\":\"https:\/\/departamentos.ufrrj.br\/del\/wp-content\/uploads\/sites\/5\/2025\/10\/image-2-e1760833426597.png\",\"datePublished\":\"2025-10-19T00:25:02+00:00\",\"dateModified\":\"2025-10-19T01:21:22+00:00\",\"breadcrumb\":{\"@id\":\"https:\/\/departamentos.ufrrj.br\/del\/2025\/10\/18\/os-5-quilometros-que-curam-como-a-corrida-do-servidor-ressignifica-a-jornada-de-uma-professora-na-ufrrj\/#breadcrumb\"},\"inLanguage\":\"pt-BR\",\"potentialAction\":[{\"@type\":\"ReadAction\",\"target\":[\"https:\/\/departamentos.ufrrj.br\/del\/2025\/10\/18\/os-5-quilometros-que-curam-como-a-corrida-do-servidor-ressignifica-a-jornada-de-uma-professora-na-ufrrj\/\"]}]},{\"@type\":\"ImageObject\",\"inLanguage\":\"pt-BR\",\"@id\":\"https:\/\/departamentos.ufrrj.br\/del\/2025\/10\/18\/os-5-quilometros-que-curam-como-a-corrida-do-servidor-ressignifica-a-jornada-de-uma-professora-na-ufrrj\/#primaryimage\",\"url\":\"https:\/\/departamentos.ufrrj.br\/del\/wp-content\/uploads\/sites\/5\/2025\/10\/image-2-e1760833426597.png\",\"contentUrl\":\"https:\/\/departamentos.ufrrj.br\/del\/wp-content\/uploads\/sites\/5\/2025\/10\/image-2-e1760833426597.png\",\"width\":576,\"height\":436},{\"@type\":\"BreadcrumbList\",\"@id\":\"https:\/\/departamentos.ufrrj.br\/del\/2025\/10\/18\/os-5-quilometros-que-curam-como-a-corrida-do-servidor-ressignifica-a-jornada-de-uma-professora-na-ufrrj\/#breadcrumb\",\"itemListElement\":[{\"@type\":\"ListItem\",\"position\":1,\"name\":\"In\u00edcio\",\"item\":\"https:\/\/departamentos.ufrrj.br\/del\/\"},{\"@type\":\"ListItem\",\"position\":2,\"name\":\"Os 5 quil\u00f4metros que curam: como a Corrida do Servidor ressignifica a jornada de uma professora na UFRRJ\"}]},{\"@type\":\"WebSite\",\"@id\":\"https:\/\/departamentos.ufrrj.br\/del\/#website\",\"url\":\"https:\/\/departamentos.ufrrj.br\/del\/\",\"name\":\"Departamento Ci\u00eancias Econ\u00f4micas\",\"description\":\"\",\"publisher\":{\"@id\":\"https:\/\/departamentos.ufrrj.br\/del\/#organization\"},\"potentialAction\":[{\"@type\":\"SearchAction\",\"target\":{\"@type\":\"EntryPoint\",\"urlTemplate\":\"https:\/\/departamentos.ufrrj.br\/del\/?s={search_term_string}\"},\"query-input\":{\"@type\":\"PropertyValueSpecification\",\"valueRequired\":true,\"valueName\":\"search_term_string\"}}],\"inLanguage\":\"pt-BR\"},{\"@type\":\"Organization\",\"@id\":\"https:\/\/departamentos.ufrrj.br\/del\/#organization\",\"name\":\"Departamento Ci\u00eancias Econ\u00f4micas\",\"url\":\"https:\/\/departamentos.ufrrj.br\/del\/\",\"logo\":{\"@type\":\"ImageObject\",\"inLanguage\":\"pt-BR\",\"@id\":\"https:\/\/departamentos.ufrrj.br\/del\/#\/schema\/logo\/image\/\",\"url\":\"https:\/\/departamentos.ufrrj.br\/del\/wp-content\/uploads\/sites\/5\/2025\/03\/Design-sem-nome-4-150x150-1.jpg\",\"contentUrl\":\"https:\/\/departamentos.ufrrj.br\/del\/wp-content\/uploads\/sites\/5\/2025\/03\/Design-sem-nome-4-150x150-1.jpg\",\"width\":150,\"height\":150,\"caption\":\"Departamento Ci\u00eancias Econ\u00f4micas\"},\"image\":{\"@id\":\"https:\/\/departamentos.ufrrj.br\/del\/#\/schema\/logo\/image\/\"},\"sameAs\":[\"https:\/\/www.instagram.com\/del.ufrrj\/\"]},{\"@type\":\"Person\",\"@id\":\"https:\/\/departamentos.ufrrj.br\/del\/#\/schema\/person\/415c97961f5e204055ca772fd633f5ff\",\"name\":\"Vin\u00edcius Gev\u00fa\",\"image\":{\"@type\":\"ImageObject\",\"inLanguage\":\"pt-BR\",\"@id\":\"https:\/\/departamentos.ufrrj.br\/del\/#\/schema\/person\/image\/\",\"url\":\"https:\/\/secure.gravatar.com\/avatar\/6386fc479ea2bf720a23c246cb34dafe?s=96&d=mm&r=g\",\"contentUrl\":\"https:\/\/secure.gravatar.com\/avatar\/6386fc479ea2bf720a23c246cb34dafe?s=96&d=mm&r=g\",\"caption\":\"Vin\u00edcius Gev\u00fa\"},\"description\":\"GLPI 37594\",\"url\":\"https:\/\/departamentos.ufrrj.br\/del\/author\/viniciusgevu\/\"}]}<\/script>\n<!-- \/ Yoast SEO plugin. -->","yoast_head_json":{"title":"Os 5 quil\u00f4metros que curam: como a Corrida do Servidor ressignifica a jornada de uma professora na UFRRJ - Departamento de Esportes e Lazer","robots":{"index":"index","follow":"follow","max-snippet":"max-snippet:-1","max-image-preview":"max-image-preview:large","max-video-preview":"max-video-preview:-1"},"canonical":"https:\/\/departamentos.ufrrj.br\/del\/2025\/10\/18\/os-5-quilometros-que-curam-como-a-corrida-do-servidor-ressignifica-a-jornada-de-uma-professora-na-ufrrj\/","og_locale":"pt_BR","og_type":"article","og_title":"Os 5 quil\u00f4metros que curam: como a Corrida do Servidor ressignifica a jornada de uma professora na UFRRJ - Departamento de Esportes e Lazer","og_description":"Para a maioria dos inscritos, a Corrida do Servidor da UFRRJ do pr\u00f3ximo dia 23 de outubro representa um desafio f\u00edsico, um [&hellip;]","og_url":"https:\/\/departamentos.ufrrj.br\/del\/2025\/10\/18\/os-5-quilometros-que-curam-como-a-corrida-do-servidor-ressignifica-a-jornada-de-uma-professora-na-ufrrj\/","og_site_name":"Departamento de Esportes e Lazer","article_published_time":"2025-10-19T00:25:02+00:00","article_modified_time":"2025-10-19T01:21:22+00:00","og_image":[{"width":576,"height":436,"url":"https:\/\/departamentos.ufrrj.br\/del\/wp-content\/uploads\/sites\/5\/2025\/10\/image-2-e1760833426597.png","type":"image\/png"}],"author":"Vin\u00edcius Gev\u00fa","twitter_card":"summary_large_image","twitter_misc":{"Escrito por":"Vin\u00edcius Gev\u00fa","Est. tempo de leitura":"6 minutos"},"schema":{"@context":"https:\/\/schema.org","@graph":[{"@type":"Article","@id":"https:\/\/departamentos.ufrrj.br\/del\/2025\/10\/18\/os-5-quilometros-que-curam-como-a-corrida-do-servidor-ressignifica-a-jornada-de-uma-professora-na-ufrrj\/#article","isPartOf":{"@id":"https:\/\/departamentos.ufrrj.br\/del\/2025\/10\/18\/os-5-quilometros-que-curam-como-a-corrida-do-servidor-ressignifica-a-jornada-de-uma-professora-na-ufrrj\/"},"author":{"name":"Vin\u00edcius Gev\u00fa","@id":"https:\/\/departamentos.ufrrj.br\/del\/#\/schema\/person\/415c97961f5e204055ca772fd633f5ff"},"headline":"Os 5 quil\u00f4metros que curam: como a Corrida do Servidor ressignifica a jornada de uma professora na UFRRJ","datePublished":"2025-10-19T00:25:02+00:00","dateModified":"2025-10-19T01:21:22+00:00","mainEntityOfPage":{"@id":"https:\/\/departamentos.ufrrj.br\/del\/2025\/10\/18\/os-5-quilometros-que-curam-como-a-corrida-do-servidor-ressignifica-a-jornada-de-uma-professora-na-ufrrj\/"},"wordCount":909,"commentCount":0,"publisher":{"@id":"https:\/\/departamentos.ufrrj.br\/del\/#organization"},"image":{"@id":"https:\/\/departamentos.ufrrj.br\/del\/2025\/10\/18\/os-5-quilometros-que-curam-como-a-corrida-do-servidor-ressignifica-a-jornada-de-uma-professora-na-ufrrj\/#primaryimage"},"thumbnailUrl":"https:\/\/departamentos.ufrrj.br\/del\/wp-content\/uploads\/sites\/5\/2025\/10\/image-2-e1760833426597.png","keywords":["Corrida do Servidor"],"articleSection":["Corrida do servidor","Not\u00edcias"],"inLanguage":"pt-BR","potentialAction":[{"@type":"CommentAction","name":"Comment","target":["https:\/\/departamentos.ufrrj.br\/del\/2025\/10\/18\/os-5-quilometros-que-curam-como-a-corrida-do-servidor-ressignifica-a-jornada-de-uma-professora-na-ufrrj\/#respond"]}]},{"@type":"WebPage","@id":"https:\/\/departamentos.ufrrj.br\/del\/2025\/10\/18\/os-5-quilometros-que-curam-como-a-corrida-do-servidor-ressignifica-a-jornada-de-uma-professora-na-ufrrj\/","url":"https:\/\/departamentos.ufrrj.br\/del\/2025\/10\/18\/os-5-quilometros-que-curam-como-a-corrida-do-servidor-ressignifica-a-jornada-de-uma-professora-na-ufrrj\/","name":"Os 5 quil\u00f4metros que curam: como a Corrida do Servidor ressignifica a jornada de uma professora na UFRRJ - Departamento de Esportes e Lazer","isPartOf":{"@id":"https:\/\/departamentos.ufrrj.br\/del\/#website"},"primaryImageOfPage":{"@id":"https:\/\/departamentos.ufrrj.br\/del\/2025\/10\/18\/os-5-quilometros-que-curam-como-a-corrida-do-servidor-ressignifica-a-jornada-de-uma-professora-na-ufrrj\/#primaryimage"},"image":{"@id":"https:\/\/departamentos.ufrrj.br\/del\/2025\/10\/18\/os-5-quilometros-que-curam-como-a-corrida-do-servidor-ressignifica-a-jornada-de-uma-professora-na-ufrrj\/#primaryimage"},"thumbnailUrl":"https:\/\/departamentos.ufrrj.br\/del\/wp-content\/uploads\/sites\/5\/2025\/10\/image-2-e1760833426597.png","datePublished":"2025-10-19T00:25:02+00:00","dateModified":"2025-10-19T01:21:22+00:00","breadcrumb":{"@id":"https:\/\/departamentos.ufrrj.br\/del\/2025\/10\/18\/os-5-quilometros-que-curam-como-a-corrida-do-servidor-ressignifica-a-jornada-de-uma-professora-na-ufrrj\/#breadcrumb"},"inLanguage":"pt-BR","potentialAction":[{"@type":"ReadAction","target":["https:\/\/departamentos.ufrrj.br\/del\/2025\/10\/18\/os-5-quilometros-que-curam-como-a-corrida-do-servidor-ressignifica-a-jornada-de-uma-professora-na-ufrrj\/"]}]},{"@type":"ImageObject","inLanguage":"pt-BR","@id":"https:\/\/departamentos.ufrrj.br\/del\/2025\/10\/18\/os-5-quilometros-que-curam-como-a-corrida-do-servidor-ressignifica-a-jornada-de-uma-professora-na-ufrrj\/#primaryimage","url":"https:\/\/departamentos.ufrrj.br\/del\/wp-content\/uploads\/sites\/5\/2025\/10\/image-2-e1760833426597.png","contentUrl":"https:\/\/departamentos.ufrrj.br\/del\/wp-content\/uploads\/sites\/5\/2025\/10\/image-2-e1760833426597.png","width":576,"height":436},{"@type":"BreadcrumbList","@id":"https:\/\/departamentos.ufrrj.br\/del\/2025\/10\/18\/os-5-quilometros-que-curam-como-a-corrida-do-servidor-ressignifica-a-jornada-de-uma-professora-na-ufrrj\/#breadcrumb","itemListElement":[{"@type":"ListItem","position":1,"name":"In\u00edcio","item":"https:\/\/departamentos.ufrrj.br\/del\/"},{"@type":"ListItem","position":2,"name":"Os 5 quil\u00f4metros que curam: como a Corrida do Servidor ressignifica a jornada de uma professora na UFRRJ"}]},{"@type":"WebSite","@id":"https:\/\/departamentos.ufrrj.br\/del\/#website","url":"https:\/\/departamentos.ufrrj.br\/del\/","name":"Departamento Ci\u00eancias Econ\u00f4micas","description":"","publisher":{"@id":"https:\/\/departamentos.ufrrj.br\/del\/#organization"},"potentialAction":[{"@type":"SearchAction","target":{"@type":"EntryPoint","urlTemplate":"https:\/\/departamentos.ufrrj.br\/del\/?s={search_term_string}"},"query-input":{"@type":"PropertyValueSpecification","valueRequired":true,"valueName":"search_term_string"}}],"inLanguage":"pt-BR"},{"@type":"Organization","@id":"https:\/\/departamentos.ufrrj.br\/del\/#organization","name":"Departamento Ci\u00eancias Econ\u00f4micas","url":"https:\/\/departamentos.ufrrj.br\/del\/","logo":{"@type":"ImageObject","inLanguage":"pt-BR","@id":"https:\/\/departamentos.ufrrj.br\/del\/#\/schema\/logo\/image\/","url":"https:\/\/departamentos.ufrrj.br\/del\/wp-content\/uploads\/sites\/5\/2025\/03\/Design-sem-nome-4-150x150-1.jpg","contentUrl":"https:\/\/departamentos.ufrrj.br\/del\/wp-content\/uploads\/sites\/5\/2025\/03\/Design-sem-nome-4-150x150-1.jpg","width":150,"height":150,"caption":"Departamento Ci\u00eancias Econ\u00f4micas"},"image":{"@id":"https:\/\/departamentos.ufrrj.br\/del\/#\/schema\/logo\/image\/"},"sameAs":["https:\/\/www.instagram.com\/del.ufrrj\/"]},{"@type":"Person","@id":"https:\/\/departamentos.ufrrj.br\/del\/#\/schema\/person\/415c97961f5e204055ca772fd633f5ff","name":"Vin\u00edcius Gev\u00fa","image":{"@type":"ImageObject","inLanguage":"pt-BR","@id":"https:\/\/departamentos.ufrrj.br\/del\/#\/schema\/person\/image\/","url":"https:\/\/secure.gravatar.com\/avatar\/6386fc479ea2bf720a23c246cb34dafe?s=96&d=mm&r=g","contentUrl":"https:\/\/secure.gravatar.com\/avatar\/6386fc479ea2bf720a23c246cb34dafe?s=96&d=mm&r=g","caption":"Vin\u00edcius Gev\u00fa"},"description":"GLPI 37594","url":"https:\/\/departamentos.ufrrj.br\/del\/author\/viniciusgevu\/"}]}},"_links":{"self":[{"href":"https:\/\/departamentos.ufrrj.br\/del\/wp-json\/wp\/v2\/posts\/988"}],"collection":[{"href":"https:\/\/departamentos.ufrrj.br\/del\/wp-json\/wp\/v2\/posts"}],"about":[{"href":"https:\/\/departamentos.ufrrj.br\/del\/wp-json\/wp\/v2\/types\/post"}],"author":[{"embeddable":true,"href":"https:\/\/departamentos.ufrrj.br\/del\/wp-json\/wp\/v2\/users\/6"}],"replies":[{"embeddable":true,"href":"https:\/\/departamentos.ufrrj.br\/del\/wp-json\/wp\/v2\/comments?post=988"}],"version-history":[{"count":8,"href":"https:\/\/departamentos.ufrrj.br\/del\/wp-json\/wp\/v2\/posts\/988\/revisions"}],"predecessor-version":[{"id":1023,"href":"https:\/\/departamentos.ufrrj.br\/del\/wp-json\/wp\/v2\/posts\/988\/revisions\/1023"}],"wp:featuredmedia":[{"embeddable":true,"href":"https:\/\/departamentos.ufrrj.br\/del\/wp-json\/wp\/v2\/media\/991"}],"wp:attachment":[{"href":"https:\/\/departamentos.ufrrj.br\/del\/wp-json\/wp\/v2\/media?parent=988"}],"wp:term":[{"taxonomy":"category","embeddable":true,"href":"https:\/\/departamentos.ufrrj.br\/del\/wp-json\/wp\/v2\/categories?post=988"},{"taxonomy":"post_tag","embeddable":true,"href":"https:\/\/departamentos.ufrrj.br\/del\/wp-json\/wp\/v2\/tags?post=988"}],"curies":[{"name":"wp","href":"https:\/\/api.w.org\/{rel}","templated":true}]}}