{"id":364,"date":"2026-03-03T14:05:35","date_gmt":"2026-03-03T17:05:35","guid":{"rendered":"https:\/\/departamentos.ufrrj.br\/solos\/?p=364"},"modified":"2026-03-03T14:05:36","modified_gmt":"2026-03-03T17:05:36","slug":"prof-roberto-alvahydo","status":"publish","type":"post","link":"https:\/\/departamentos.ufrrj.br\/solos\/2026\/03\/03\/prof-roberto-alvahydo\/","title":{"rendered":"Prof. Roberto Alvahydo"},"content":{"rendered":"\n<p>Roberto Alvahydo, foi Engenheiro Agr\u00f4nomo. Professor Catedr\u00e1tico de Qu\u00edmica Anal\u00edtica da Escola Nacional de Agronomia, da Universidade Rural do Brasil, km 47, Campo Grande, Rio de Janeiro. Foi Chefe da Se\u00e7\u00e3o de Solos do Instituto de Pesquisa e Experimenta\u00e7\u00e3o Agropecu\u00e1rias Centro-Sul (IPEACS). Em 11 de agosto de 1970, o Conselho Universit\u00e1rio da Universidade Federal Rural do Rio de Janeiro (UFRRJ), CONSU, aprovou a indica\u00e7\u00e3o do Professor Roberto Alvahydo e de outros professores para promoverem a implanta\u00e7\u00e3o do Instituto de Matem\u00e1tica, F\u00edsica e Qu\u00edmica da UFRRJ. De 1972 a 1980, assumiu junto com os Professores Hor\u00e1cio Macedo e Jamil Correa Mour\u00e3o a dire\u00e7\u00e3o do antigo Instituto de Matem\u00e1tica, F\u00edsica e Qu\u00edmica da UFRRJ.<\/p>\n","protected":false},"excerpt":{"rendered":"<p>Roberto Alvahydo, foi Engenheiro Agr\u00f4nomo. Professor Catedr\u00e1tico de Qu\u00edmica Anal\u00edtica da Escola Nacional de Agronomia, da Universidade Rural do Brasil, km 47, [&hellip;]<\/p>\n","protected":false},"author":12,"featured_media":0,"comment_status":"open","ping_status":"open","sticky":false,"template":"","format":"standard","meta":{"_acf_changed":false,"footnotes":""},"categories":[13,3],"tags":[],"class_list":["post-364","post","type-post","status-publish","format-standard","hentry","category-homenageados-pelo-dsolos","category-noticias"],"acf":[],"yoast_head":"<!-- This site is optimized with the Yoast SEO plugin v23.4 - https:\/\/yoast.com\/wordpress\/plugins\/seo\/ -->\n<title>Prof. Roberto Alvahydo - Departamento de Solos<\/title>\n<meta name=\"robots\" content=\"index, follow, max-snippet:-1, max-image-preview:large, max-video-preview:-1\" \/>\n<link rel=\"canonical\" href=\"https:\/\/departamentos.ufrrj.br\/solos\/2026\/03\/03\/prof-roberto-alvahydo\/\" \/>\n<meta property=\"og:locale\" content=\"pt_BR\" \/>\n<meta property=\"og:type\" content=\"article\" \/>\n<meta property=\"og:title\" content=\"Prof. Roberto Alvahydo - Departamento de Solos\" \/>\n<meta property=\"og:description\" content=\"Roberto Alvahydo, foi Engenheiro Agr\u00f4nomo. Professor Catedr\u00e1tico de Qu\u00edmica Anal\u00edtica da Escola Nacional de Agronomia, da Universidade Rural do Brasil, km 47, [&hellip;]\" \/>\n<meta property=\"og:url\" content=\"https:\/\/departamentos.ufrrj.br\/solos\/2026\/03\/03\/prof-roberto-alvahydo\/\" \/>\n<meta property=\"og:site_name\" content=\"Departamento de Solos\" \/>\n<meta property=\"article:published_time\" content=\"2026-03-03T17:05:35+00:00\" \/>\n<meta property=\"article:modified_time\" content=\"2026-03-03T17:05:36+00:00\" \/>\n<meta name=\"author\" content=\"Nivaldo Schultz\" \/>\n<meta name=\"twitter:card\" content=\"summary_large_image\" \/>\n<meta name=\"twitter:label1\" content=\"Escrito por\" \/>\n\t<meta name=\"twitter:data1\" content=\"Nivaldo Schultz\" \/>\n\t<meta name=\"twitter:label2\" content=\"Est. tempo de leitura\" \/>\n\t<meta name=\"twitter:data2\" content=\"1 minuto\" \/>\n<script type=\"application\/ld+json\" class=\"yoast-schema-graph\">{\"@context\":\"https:\/\/schema.org\",\"@graph\":[{\"@type\":\"WebPage\",\"@id\":\"https:\/\/departamentos.ufrrj.br\/solos\/2026\/03\/03\/prof-roberto-alvahydo\/\",\"url\":\"https:\/\/departamentos.ufrrj.br\/solos\/2026\/03\/03\/prof-roberto-alvahydo\/\",\"name\":\"Prof. Roberto Alvahydo - Departamento de Solos\",\"isPartOf\":{\"@id\":\"https:\/\/departamentos.ufrrj.br\/solos\/#website\"},\"datePublished\":\"2026-03-03T17:05:35+00:00\",\"dateModified\":\"2026-03-03T17:05:36+00:00\",\"author\":{\"@id\":\"https:\/\/departamentos.ufrrj.br\/solos\/#\/schema\/person\/8162938a4b2f9f81503adf113b9b409f\"},\"breadcrumb\":{\"@id\":\"https:\/\/departamentos.ufrrj.br\/solos\/2026\/03\/03\/prof-roberto-alvahydo\/#breadcrumb\"},\"inLanguage\":\"pt-BR\",\"potentialAction\":[{\"@type\":\"ReadAction\",\"target\":[\"https:\/\/departamentos.ufrrj.br\/solos\/2026\/03\/03\/prof-roberto-alvahydo\/\"]}]},{\"@type\":\"BreadcrumbList\",\"@id\":\"https:\/\/departamentos.ufrrj.br\/solos\/2026\/03\/03\/prof-roberto-alvahydo\/#breadcrumb\",\"itemListElement\":[{\"@type\":\"ListItem\",\"position\":1,\"name\":\"In\u00edcio\",\"item\":\"https:\/\/departamentos.ufrrj.br\/solos\/\"},{\"@type\":\"ListItem\",\"position\":2,\"name\":\"Prof. Roberto Alvahydo\"}]},{\"@type\":\"WebSite\",\"@id\":\"https:\/\/departamentos.ufrrj.br\/solos\/#website\",\"url\":\"https:\/\/departamentos.ufrrj.br\/solos\/\",\"name\":\"Departamento Ci\u00eancias Administrativas\",\"description\":\"\",\"potentialAction\":[{\"@type\":\"SearchAction\",\"target\":{\"@type\":\"EntryPoint\",\"urlTemplate\":\"https:\/\/departamentos.ufrrj.br\/solos\/?s={search_term_string}\"},\"query-input\":{\"@type\":\"PropertyValueSpecification\",\"valueRequired\":true,\"valueName\":\"search_term_string\"}}],\"inLanguage\":\"pt-BR\"},{\"@type\":\"Person\",\"@id\":\"https:\/\/departamentos.ufrrj.br\/solos\/#\/schema\/person\/8162938a4b2f9f81503adf113b9b409f\",\"name\":\"Nivaldo Schultz\",\"image\":{\"@type\":\"ImageObject\",\"inLanguage\":\"pt-BR\",\"@id\":\"https:\/\/departamentos.ufrrj.br\/solos\/#\/schema\/person\/image\/\",\"url\":\"https:\/\/secure.gravatar.com\/avatar\/4bb50c54b2a52afd0c42d3289fd5e2a9?s=96&d=mm&r=g\",\"contentUrl\":\"https:\/\/secure.gravatar.com\/avatar\/4bb50c54b2a52afd0c42d3289fd5e2a9?s=96&d=mm&r=g\",\"caption\":\"Nivaldo Schultz\"},\"url\":\"https:\/\/departamentos.ufrrj.br\/solos\/author\/nivaldoschutz\/\"}]}<\/script>\n<!-- \/ Yoast SEO plugin. -->","yoast_head_json":{"title":"Prof. Roberto Alvahydo - Departamento de Solos","robots":{"index":"index","follow":"follow","max-snippet":"max-snippet:-1","max-image-preview":"max-image-preview:large","max-video-preview":"max-video-preview:-1"},"canonical":"https:\/\/departamentos.ufrrj.br\/solos\/2026\/03\/03\/prof-roberto-alvahydo\/","og_locale":"pt_BR","og_type":"article","og_title":"Prof. Roberto Alvahydo - Departamento de Solos","og_description":"Roberto Alvahydo, foi Engenheiro Agr\u00f4nomo. Professor Catedr\u00e1tico de Qu\u00edmica Anal\u00edtica da Escola Nacional de Agronomia, da Universidade Rural do Brasil, km 47, [&hellip;]","og_url":"https:\/\/departamentos.ufrrj.br\/solos\/2026\/03\/03\/prof-roberto-alvahydo\/","og_site_name":"Departamento de Solos","article_published_time":"2026-03-03T17:05:35+00:00","article_modified_time":"2026-03-03T17:05:36+00:00","author":"Nivaldo Schultz","twitter_card":"summary_large_image","twitter_misc":{"Escrito por":"Nivaldo Schultz","Est. tempo de leitura":"1 minuto"},"schema":{"@context":"https:\/\/schema.org","@graph":[{"@type":"WebPage","@id":"https:\/\/departamentos.ufrrj.br\/solos\/2026\/03\/03\/prof-roberto-alvahydo\/","url":"https:\/\/departamentos.ufrrj.br\/solos\/2026\/03\/03\/prof-roberto-alvahydo\/","name":"Prof. Roberto Alvahydo - Departamento de Solos","isPartOf":{"@id":"https:\/\/departamentos.ufrrj.br\/solos\/#website"},"datePublished":"2026-03-03T17:05:35+00:00","dateModified":"2026-03-03T17:05:36+00:00","author":{"@id":"https:\/\/departamentos.ufrrj.br\/solos\/#\/schema\/person\/8162938a4b2f9f81503adf113b9b409f"},"breadcrumb":{"@id":"https:\/\/departamentos.ufrrj.br\/solos\/2026\/03\/03\/prof-roberto-alvahydo\/#breadcrumb"},"inLanguage":"pt-BR","potentialAction":[{"@type":"ReadAction","target":["https:\/\/departamentos.ufrrj.br\/solos\/2026\/03\/03\/prof-roberto-alvahydo\/"]}]},{"@type":"BreadcrumbList","@id":"https:\/\/departamentos.ufrrj.br\/solos\/2026\/03\/03\/prof-roberto-alvahydo\/#breadcrumb","itemListElement":[{"@type":"ListItem","position":1,"name":"In\u00edcio","item":"https:\/\/departamentos.ufrrj.br\/solos\/"},{"@type":"ListItem","position":2,"name":"Prof. Roberto Alvahydo"}]},{"@type":"WebSite","@id":"https:\/\/departamentos.ufrrj.br\/solos\/#website","url":"https:\/\/departamentos.ufrrj.br\/solos\/","name":"Departamento Ci\u00eancias Administrativas","description":"","potentialAction":[{"@type":"SearchAction","target":{"@type":"EntryPoint","urlTemplate":"https:\/\/departamentos.ufrrj.br\/solos\/?s={search_term_string}"},"query-input":{"@type":"PropertyValueSpecification","valueRequired":true,"valueName":"search_term_string"}}],"inLanguage":"pt-BR"},{"@type":"Person","@id":"https:\/\/departamentos.ufrrj.br\/solos\/#\/schema\/person\/8162938a4b2f9f81503adf113b9b409f","name":"Nivaldo Schultz","image":{"@type":"ImageObject","inLanguage":"pt-BR","@id":"https:\/\/departamentos.ufrrj.br\/solos\/#\/schema\/person\/image\/","url":"https:\/\/secure.gravatar.com\/avatar\/4bb50c54b2a52afd0c42d3289fd5e2a9?s=96&d=mm&r=g","contentUrl":"https:\/\/secure.gravatar.com\/avatar\/4bb50c54b2a52afd0c42d3289fd5e2a9?s=96&d=mm&r=g","caption":"Nivaldo Schultz"},"url":"https:\/\/departamentos.ufrrj.br\/solos\/author\/nivaldoschutz\/"}]}},"_links":{"self":[{"href":"https:\/\/departamentos.ufrrj.br\/solos\/wp-json\/wp\/v2\/posts\/364"}],"collection":[{"href":"https:\/\/departamentos.ufrrj.br\/solos\/wp-json\/wp\/v2\/posts"}],"about":[{"href":"https:\/\/departamentos.ufrrj.br\/solos\/wp-json\/wp\/v2\/types\/post"}],"author":[{"embeddable":true,"href":"https:\/\/departamentos.ufrrj.br\/solos\/wp-json\/wp\/v2\/users\/12"}],"replies":[{"embeddable":true,"href":"https:\/\/departamentos.ufrrj.br\/solos\/wp-json\/wp\/v2\/comments?post=364"}],"version-history":[{"count":1,"href":"https:\/\/departamentos.ufrrj.br\/solos\/wp-json\/wp\/v2\/posts\/364\/revisions"}],"predecessor-version":[{"id":366,"href":"https:\/\/departamentos.ufrrj.br\/solos\/wp-json\/wp\/v2\/posts\/364\/revisions\/366"}],"wp:attachment":[{"href":"https:\/\/departamentos.ufrrj.br\/solos\/wp-json\/wp\/v2\/media?parent=364"}],"wp:term":[{"taxonomy":"category","embeddable":true,"href":"https:\/\/departamentos.ufrrj.br\/solos\/wp-json\/wp\/v2\/categories?post=364"},{"taxonomy":"post_tag","embeddable":true,"href":"https:\/\/departamentos.ufrrj.br\/solos\/wp-json\/wp\/v2\/tags?post=364"}],"curies":[{"name":"wp","href":"https:\/\/api.w.org\/{rel}","templated":true}]}}